{"id":9155,"date":"2009-11-26T00:00:00","date_gmt":"2006-11-06T00:00:00","guid":{"rendered":"https:\/\/intervius.com\/index.html\/?p=9155"},"modified":"2006-11-06T00:00:00","modified_gmt":"2006-11-06T00:00:00","slug":"Carmen_Porter9155","status":"publish","type":"post","link":"https:\/\/intervius.com\/index.html\/Carmen_Porter9155\/","title":{"rendered":"Carmen Porter"},"content":{"rendered":"<p>Pregunta.- muchas veces hemos escuchado la historia de como iker empezo en el periodismo y el misterio, pero y tu historia como ?<\/p>\n<p>Respuesta.- Antes de nada buenos d\u00edas y gracias por estas preguntas. \u00bfQu\u00e9 como empec\u00e9? Pues al principio como una adolescente m\u00e1s a la que llaman la atenci\u00f3n los temas de misterio. En aquella \u00e9poca viv\u00eda cerca de Torrevieja y hab\u00eda una casa abandona, all\u00ed iba junto a mis amigos para intentar tener una experiencia extra\u00f1a. La verdad es que nos daba mucho miedo porque estaba en medio de un pinar, deshabitada, desvencijada\u2026 adem\u00e1s se contaba la historia de un asesinato y de unos t\u00faneles secretos que si ca\u00edas ya nunca m\u00e1s ser\u00edas encontrado. Leyendas urbanas que con 12 \u00f3 13 a\u00f1os te ponen los pelos de punta. Despu\u00e9s ya me empec\u00e9 a interesar m\u00e1s en contar las cosas y decid\u00ed que quer\u00eda estudiar periodismo. Me fascinaba escribir y ponerme delante de una c\u00e1mara. Y de ah\u00ed a la Universidad. Ya en primero de carrera comenc\u00e9 a trabajar en la revista de Fernando Jim\u00e9nez del Oso y desde entonces siempre mi trayectoria ha estado ligada al misterio. <\/p>\n<p>P.- hola carme te felicito a ti y a iker por el programa,los veo por cuatro y los escucho por la cadena ser,Mi pregunta es si sabes algo de los supuestos ovnis que siguen a el presidente de estados unidos en muchas de sus presentaciones. desde ya muchas gracias y a seguir adelante saludos ANDRES DESDE MALAGA<\/p>\n<p>R.- Hola Andr\u00e9s. Pues no sab\u00eda nada pero me imagino que ser\u00e1n aviones esp\u00eda que tienen como misi\u00f3n proteger a Obama. Se est\u00e1 hablando mucho de que el presidente estadounidense va a revelar informaci\u00f3n ovni. Incluso he llegado a leer que en 2010 declarar\u00eda que los extraterrestres existen y que hay pruebas de ello y las mostrar\u00eda al mundo. Me imagino que simples leyendas urbanas. <\/p>\n<p>P.- Mi pregunta es la siguiente&#8230;: No te molesta que en cierto programa de la Sexta haga imitaciones tan desagradables de vosotros dos y de mi programa favorito Quarto Milenio ? ,porque a mi realmente me duele que os utilizen asi.<\/p>\n<p>R.- Alguien muy sabio me dijo que solo se imita lo que se ve, lo que tiene cierta relevancia en el panorama televisivo. <\/p>\n<p>P.- En los tiempos (de grandes hermanos y similares) que corren como conseguis manteneros en busca de la verdad y el misterio sin prejuicios ni auto-limitaciones ? Sabiendo que cuando algo es diferente y se desmarca de lo convencional ser\u00e1 automaticamente se\u00f1alado por un dedo acusador (criticas o falsedades) o en busca de polemica vende revistas !<\/p>\n<p>R.- La verdad es que nos sentimos muy privilegiados porque nos dejan hacer lo que nos gusta sin ponernos ning\u00fan tipo de traba. Siempre hemos cre\u00eddo que hay gente a la que le interesa lo que contamos, que no se conforma con las verdades oficiales y busca otras posibilidades. Y vosotros todas las semanas nos demostr\u00e1is que la b\u00fasqueda, los enigmas, la historia, la arqueolog\u00eda, la criminolog\u00eda\u2026 os interesan. Creo que programas como los que citas son grandes formatos televisivos que tienen muchos seguidores, son programas de entretenimiento que quien los crea sabe muy bien lo que hace y para quien lo hace. Nosotros pedimos a nuestro p\u00fablico un poco m\u00e1s, con los temas que tratamos exigimos que se paren a pensar en cosas que tal vez nunca se hab\u00edan planteado. Algunos gustaran mas y otros menos, pero de todos se aprender\u00e1 algo y creo que esa es nuestra misi\u00f3n. <\/p>\n<p>P.- \u00bfCuando ves las fotos donde se ven fantasmas o sombras, hasta que no sabes si es real o no, que piensas de lo que sale?<\/p>\n<p>R.- Las fotograf\u00edas es una de las secciones que m\u00e1s buenos momentos nos ha dado. No solo por la acogida que ha tenido sino porque verdaderamente es sorprendente lo que sale en ellas. Antes de que Guillermo Le\u00f3n las analice yo a muchas de ellas no le he encontrado una explicaci\u00f3n, otras en seguida se ve que son un fraude y la mayor\u00eda son fen\u00f3menos que posteriormente se pueden explicar. Pero de las 100.000 fotos m\u00e1s \u00f3 menos que hemos recibido en todas estas temporadas te puedo asegurar que un 5 por cierto no hemos podido o no hemos sabido explicar. Esto no quiere decir que sean fantasmas o espectros sino que fotogr\u00e1ficamente no hemos encontrado la soluci\u00f3n. <\/p>\n<p>P.- Ola Carmen tengo 15 a\u00f1os y ya he vivido experiencias como las que planteais en el programa y me gustar\u00eda saber si alguna vez o iker hab\u00e9is vivido una experiencia en vuestra casa&#8230; de fenomenos paranormales! Muchas gracias<\/p>\n<p>R.- Hola. Lo primero decirte que con 15 a\u00f1os crees haber vivido esos fen\u00f3menos pero cuando tengas m\u00e1s edad y m\u00e1s experiencia lo m\u00e1s seguro es que muchos de ellos los puedas explicar. En cuanto a lo que me preguntas sobre si hemos vivido fen\u00f3menos paranormales en nuestra casa te dir\u00e9 que no \u00a1ser\u00eda una locura que no nos dejaran ni descansar en nuestro domicilio! Adem\u00e1s por propia salud mental nuestra lo achacar\u00edamos a que han sido las ca\u00f1er\u00edas, la madera que cruje o el vecino de arriba que ha movido una silla. No nos ha pasado nunca nada en esta casa y espero que no nos pase\u00a1\u00a1\u00a1\u00a1 <\/p>\n<p>P.- Hola Carmen, os felcito por vuestro programa, mi pregunta es sobre que opinas del entrono ovni, \u00bfcual es tu teoria sobre ellos?( seres de otros planetas, vienen del futuro&#8230;.) gracias.<\/p>\n<p>R.- Hola\u00a1\u00a1\u00a1 Pues mira esto va por \u00e9pocas. En algunas ocasiones pienso que son todos objetos hechos por el ser humano y que las potencias mundiales utilizan para sus experimentos sin que el com\u00fan de los mortales sepa mucho de lo que sobrevuela sobre nuestras cabezas\u2026 y en otras ocasiones las noticias te hacen reflexionar y plantarte que no es tan descabellado que seres de otros mundos nos visiten. Algunos cient\u00edficos que hace pocos a\u00f1os negaban que pudiera haber agua en la luna, se han encontrado con que la hay y ya se plantean que tambi\u00e9n vida, aunque sea microsc\u00f3pica. Y de ah\u00ed a que encontremos otros planetas con condiciones similares al nuestro hay un paso. Quiero creer que no estamos solos en el Universo. <\/p>\n<p>P.- Buenas tardes, soy seguidor de &#8220;Cuarto Milenio&#8221; desde hace muy poquito, vi mi primer programa el d\u00eda del reportaje de &#8220;Exorcismo en Connecticut&#8221;, lamento no haber descubierto el programa antes, es muy bueno. Mi pregunta es si ha tenido constancia, personalmente o en su c\u00edrculo m\u00e1s cercano, de alg\u00fan hecho digno de menci\u00f3n en su programa. Gracias.<\/p>\n<p>R.- Hola David y bienvenido a la Nave del Misterio. Empezaste a vernos con un reportaje fuertecillo, hac\u00eda tiempo que yo no me encog\u00eda de miedo leyendo un libro y me pas\u00f3 con el caso real en el que se basa la pel\u00edcula de Exorcismo en Connecticut. En cuanto a lo que me preguntas diariamente nos llegan casos, algunos son dignos de seguir siendo investigados y otros se quedan en el tintero. En nuestro c\u00edrculo son muchos los amigos y conocidos que han vivido experiencias que no pueden explicar. Gente de todo tipo y condici\u00f3n. Por ejemplo la mujer de un doctor amigo nuestro que tambi\u00e9n es m\u00e9dico nos contaba que lo pasaba fatal en determinadas ocasiones porque ve\u00eda como escenas del pasado. Recordaba que al pasar con el coche por una localidad en la que nunca hab\u00eda estado comenz\u00f3 a ver a gente muerta. La dej\u00f3 tan traumatizada aquel hecho que comenz\u00f3 a investigar sobre el lugar y efectivamente en ese pueblo en concreto hab\u00eda habido una terrible matanza en la que se vivieron escenas como la que ella vislumbr\u00f3. Como esta hay muchas m\u00e1s historias algunas las podemos contar y otras quedan en la intimidad de una cena. <\/p>\n<p>P.- \u00bf como es trabajar, vivir, en definitiva compartir la vida con un hombre como iker, que se ve que es un alma inquieta y aventurera?<\/p>\n<p>R.- Pues toda una aventura porque cada d\u00eda es diferente y nunca sabemos con qu\u00e9 nos vamos a encontrar. Creo que soy muy afortunada al compartir mi vida y mi trabajo con Iker. La vida de los periodistas es muy ca\u00f3tica y si no estuvi\u00e9ramos juntos apenas nos ver\u00edamos. No todas las parejas aguantar\u00edan no tener horarios, trabajar los fines de semana, irse en vacaciones a otros pa\u00edses para seguir grabando reportajes para el programa\u2026 Mucha gente me dice que no sabe c\u00f3mo podemos estar 24 horas juntos, pero es muy f\u00e1cil cuando tienes las mismas inquietudes y pasi\u00f3n en lo que haces. Adem\u00e1s con Iker es muy f\u00e1cil trabajar y vivir, contagia la ilusi\u00f3n de todo el que est\u00e1 a su lado. Sigue teniendo la mirada limpia de los ni\u00f1os que se emocionan con cualquier cosa nueva para ellos. <\/p>\n<p>P.- \u00bf Hay algo que te jaya hecho poner los pelos de punta? si es si \u00bfcual fue? y \u00bfcomo reaccionaste?<\/p>\n<p>R.- Todos los d\u00edas las noticias. Pero en las \u00faltimas horas un caso horrible. De lo m\u00e1s extra\u00f1o, cruel e inhumano que jam\u00e1s he visto. Los medios de comunicaci\u00f3n no le han dado mucha importancia y no lo entiendo. Se trata de los Pishtacos de Per\u00fa, una banda de criminales que se dedicaba a secuestrar, decapitar y mutilar a sus v\u00edctimas para despu\u00e9s colgarlos en una especie de tr\u00edpodes, con varios velones de Iglesia debajo de lo que quedaba de cuerpo\u2026 con la intenci\u00f3n de obtener su grasa. Un ritual ancestral que llevaban d\u00e9cadas haciendo. Sacamantecas reales que comerciaban con grasa humana no se sabe con qu\u00e9 intenci\u00f3n. Estamos en contacto con la polic\u00eda de Per\u00fa para que pod\u00e1is ver toda esta investigaci\u00f3n dentro de muy poco en Cuarto Milenio. <\/p>\n<p>P.- \u00bfPor qu\u00e9 te atraen tanto los temas de misterio relacionados con la Iglesia?<\/p>\n<p>R.- Pues porque creo que hay muy poca gente que los trate de una manera period\u00edstica. Casi todos los libros y tratados que hay sobre fen\u00f3menos religiosos (im\u00e1genes que lloran sangre, estigmas, exorcismos, apariciones marianas\u2026) son tratados o bien desde el punto de vista del sacerdote o creyente o desde el punto de vista del ateo o esc\u00e9ptico. No hay t\u00e9rmino medio, no se dan los argumentos a favor y en contra de los casos. Creo que esa es mi labor, poner encima de la mesa todos los datos objetivos para que mis creencias no contaminen la informaci\u00f3n que estoy dando. <\/p>\n<p>P.- Buenas Carmen ante todo lo primero daros la enorabuena a Iker y a ti por lo bien que haceis cuarto milenio y milenio 3 mi pregunta es se sabe algo mas del craneo que se encontro que dijisteis en milenio 3 q no pertenecia a Hizler si no a una mujer?. Gracias espero que me contesteis mi pregunta Un abrazo para los dos y decidoros que fue un placer conoceros a los dos hace trs a\u00f1os en la feria del libro de madrid.<\/p>\n<p>R.- Muchas gracias por tus palabras\u2026.se echa de menos vuestra visita en Feria del Libro pero tal y como estamos de trabajo nos es muy dif\u00edcil escribir, aunque lo intentaremos porque la Feria era un punto de encuentro sensacional con vosotros. En cuanto a lo del cr\u00e1neo no se ha sabido nada m\u00e1s. Salta la noticia a nivel mundial y despu\u00e9s el silencio. Nosotros seguimos preguntando y atentos a cualquier informaci\u00f3n que pueda surgir porque como ya ha pasado en muchas ocasiones nos han mentido, la historia puede que no sea la que nos han contado sabiendo que ese cr\u00e1neo pertenece a una mujer. <\/p>\n<p>P.- Hola Carmen , me encanta vuestro programa. Mi pregunta es : Para cuando un capitulo de sue\u00f1os y significados y demas cosas relacionadas con ellos ? Un beso desde Sevilla<\/p>\n<p>R.- Hola\u00a1\u00a1\u00a1 Siempre tenemos muy presentes los sue\u00f1os pero es complicado tratarlos, porque aunque hay ciertos patrones fijos como so\u00f1ar que nos caemos, que volamos, que estamos desnudos delante de la gente etc.. Lo que rodea a esas situaciones es muy personal y variado en cada caso. Por eso los especialistas que llevamos al programa cuando hablamos de sue\u00f1os pueden dar las pautas m\u00e1s o menos generales para explicarlos pero las enso\u00f1aciones de cada persona son distintas y la situaci\u00f3n personal que est\u00e1n viviendo cuando las han tenido influye mucho en su interpretaci\u00f3n. <\/p>\n<p>P.- hola carmen , como seguidor de vuestros programas sobre todo de milenio 3 , tengo la sensacion que pareces ser el contrapunto mas esc\u00e9ptico del equipo ya que sueles intentar dar una explicaci\u00f3n racional a los temas planteados asi como que sueles mostrar una sensibilidad muy especial ante los temas que suelen tratar maltratos a la infancia o al mundo animal . \u00bf que hay de cierto en mis apreciaciones? enhorabuena por vuestra increible trayectoria<\/p>\n<p>R.- Hola Jos\u00e9. Creo que eres un buen analista. Es cierto. Intento buscar la l\u00f3gica donde a veces no la hay. Soy esc\u00e9ptica pero no negativista, no tengo una mente cerrada. Creo que hay cosas que suceden a las que hoy por hoy no podemos dar una explicaci\u00f3n y otras que dentro de algunos a\u00f1os podr\u00e1n ser explicadas cient\u00edficamente. De lo que s\u00ed que estoy segura es que los testigos no mienten. Despu\u00e9s de tener a centenares en los programas se que han vivido sucesos que para ellos se salen de toda l\u00f3gica pero tal vez eso no quiere decir que no puedan ser explicables. En cuanto al maltrato es cierto que tengo una sensibilidad especial. No lo concibo. Ya no entro en el maltrato a la mujer que me parece lo m\u00e1s deleznable\u2026 pero hacer da\u00f1o a un ni\u00f1o o a un animal tampoco lo concibo. Colaboramos con una asociaci\u00f3n que hace una gran labor con los perros y gatos ANAA. Los chicos y chicas que cuidan de los animales que se abandonan no dan abasto porque muchos indeseables dejan en la carretera o muelen a palos al perrito que antes hac\u00eda gracia en casa y ahora estorba. Yo para esa gente que hace da\u00f1o al amigo que fielmente te acompa\u00f1a, sale a recibirte el primero, te come a lametazos y se conforma solo con una caricia, que cuando estas malo no se mueve de tu lado\u2026 para esa gente que les hace da\u00f1o pido y reivindico penas de c\u00e1rcel. Porque es el mismo que luego abandonar\u00e1 al abuelo o dar\u00e1 un bofet\u00f3n a la mujer. Todas las asociaciones que quieran contar conmigo contra el maltrato me tendr\u00e1n siempre de su lado. <\/p>\n<p>P.- Hola carmen que tal. \u00bfComo te entro la curiosidad por este mundo, donde empezaste la primera vez a fijarte en este mundo?<\/p>\n<p>R.- Hola Alvarito lo he contado un poco en la primera pregunta. Pero me fije verdaderamente en este mundo cuando en casa de una amiga comenzaron a pasar una serie de sucesos que a\u00fan no he logrado explicar.<\/p>\n<p>P.- \u00bfCuando &#8220;descubristes&#8221; que te interesaba el periodismo de investigaci\u00f3n y m\u00e1s concretamente de misterio?, en tu libro LA IGLESIA Y SUS DEMONIOS cuando estas durante la sesi\u00f3n del exorcismo \u00bfcual fu\u00e9 verdaderamente tu impresi\u00f3n?, y tambi\u00e9n quisiera preguntarte, se que eres fiel defensonra de la SABANA SANTA DE TURIN, porque?, que has descubierto o sentido verdaderamente, es que no s\u00e9 porque me interesa el tema , por desgracia a\u00fan no he podido leer tu libro para ver tu opini\u00f3n, creo que eres una periodista seria y objetiva por tus opiniones y los pocos libros que he podido leer y por eso me interesa. Gr\u00e1cias, no s\u00e9 si he sabido explicarme bien, es la primera vez que lo hago y creo que se nota. Sigue as\u00ed fiel a tus ideas, aunque a veces no est\u00e9 de acuerdo contigo, pero sabes defenderlas.<\/p>\n<p>R.- Como os dec\u00eda antes siempre me ha gustado escribir y contar cosas y en mundo del misterio cuando entras te atrapa. En cuanto al exorcismo que narro en La Iglesia y sus Demonios, fue uno de los sucesos que m\u00e1s me impactaron. Sobre todo porque es muy dif\u00edcil acudir a un ritual de exorcismo realizado por un sacerdote de la Iglesia cat\u00f3lica que tenga el permiso para ello. Pero la escena que nos encontramos fue un poco la de la pel\u00edcula m\u00e1s m\u00edtica de terror El Exorcista. Era una iglesia a las afueras de Madrid. El exorcismo se iba a hacer en la cripta que hab\u00eda debajo. La escena que nos encontramos, una chica muy joven, tumbada sobre una colchoneta, con los ojos en blanco, el cuerpo retorcido y dando unos aullidos m\u00e1s propios de un animal que de una persona. La primera impresi\u00f3n terror, m\u00e1s tarde se fue convirtiendo en curiosidad y despu\u00e9s intent\u00e9 buscarle explicaciones. Cuando sali\u00f3 de ese trance despu\u00e9s de casi cuatro horas profiriendo todo tipo de insultos, ara\u00f1ando al cura, escupiendo a su madre\u2026 pude charlar con la chica tranquilamente y verdaderamente pienso que mentalmente no estaba del todo bien. Se conjugaban varios factores familia muy cat\u00f3lica, chica con problemas, compa\u00f1eros que hacen un ritual\u2026 pero lo cierto es que hay cosas de esa sesi\u00f3n que yo no puedo explicar como la xenoglosia ya que habl\u00f3 en perfecto lat\u00edn y el titanismo, seis hombres y su madre no pod\u00edan sostenerla. Sobre la Sabana Santa de Tur\u00edn no es que yo sea fiel defensora, es que se dicen muchas tonter\u00edas, algunas de ellas sin ning\u00fan sentido. Creo que hay m\u00e1s datos a favor de que se trate de una tela del Siglo I en la que se envolvi\u00f3 a un crucificado que hab\u00eda sufrido una terrible tortura que los datos que hay en contra. Los principales laboratorios que hicieron las pruebas del Carbono 14 y que dataron la S\u00edndone como de \u00e9poca medieval al poco tiempo se desdijeron, las pruebas hab\u00edan sido err\u00f3neas. Pero todo el mundo se qued\u00f3 con que la Sabana era del siglo XIII o XIV. Yo la he tenido a pocos metros y no iba influida por ninguna creencia, es m\u00e1s iba a ver una reliquia como el que va a ver el cr\u00e1neo de San Bartolo, pero te aseguro que se me removi\u00f3 todo por dentro. Desde el sof\u00e1 de la ignorancia es muy f\u00e1cil dictaminar lo que es o no fraude, yo por lo menos hice el esfuerzo de viajar hasta Tur\u00edn y verla. Te has explicado perfectamente\u00a1\u00a1\u00a1\u00a1\u00a1\u00a1 Espero haberte respondido\u00a1\u00a1\u00a1\u00a1\u00a1 <\/p>\n<p>P.- Carmen, un saludo desde Donosti, dime por favor, \u00bfque sientes al entrar en sitios denominados malditos o que comentan que sucedieron cosas horribles all\u00ed?\u00bf tienes miedo, curiosidad?. gracias de antemano y por hacer qe las noches del domingo sean diferentes<\/p>\n<p>R.- Hola. Pues he decirte que me puede m\u00e1s la curiosidad que el miedo. Hay veces que por supuesto que he sentido inquietud en algunos lugares, como Ochate, o en la casa de las caras de Belmez cuando me qued\u00e9 a solas con Mar\u00eda G\u00f3mez C\u00e1mara. Pero supero ese miedo sabiendo que tengo que centrarme en mi trabajo que es grabar todo lo que pueda, investigar hasta donde me dejan y obtener el mayor n\u00famero de pruebas para que la informaci\u00f3n os llegue. <\/p>\n<p>P.- Hola Carmen, enhorabuena por los programas, tanto milenio 3 como cuarto milenio, nunca me los pierdo,soy un fiel seguidor.Queria preguntarte una cosa, de todas las experiencias que has vivido a nivel profesiona \u00bfcual ha sido la que mas te ha marcado y porque? \u00bfha habido algun caso o algun lugar que te haya dejado una huella incluso a nivel personal que no puedes olvidar? Gracias y un saludo.<\/p>\n<p>R.- Ha habido muchas. Tal vez una de las que m\u00e1s me han marcado ha sido el caso de Belmez de la Moraleda. Mar\u00eda G\u00f3mez C\u00e1mara la due\u00f1a de la casa de las caras me revel\u00f3 cosas muy intimas de su vida, de sus desgracias, de su pasado\u2026 fue una experiencia muy intensa. La Sabana Santa me cambi\u00f3 la forma de ver algunas reliquias. La Isla de Pascua me pareci\u00f3 m\u00e1gica. Per\u00fa tiene tal concentraci\u00f3n de enigmas por metro cuadrado que es imposible no quedarte enganchado a ese pa\u00eds. Rennes le Chateau, Pompeya, la Iglesia de las animas de Roma, los Pozzi de Venecia\u2026 han sido tantos y tan variados que me siento muy afortunada de haber tenido tantas vivencias. Soy consciente de que la mayor\u00eda de la gente no tiene la oportunidad de acudir a todos estos lugares y por ello nuestros reportajes, nuestras vivencias son una forma de hacerles llegar las historias maravillosas que nos rodean. Todos han dejado una huella en m\u00ed. <\/p>\n<p>P.- En primer lugar enhorabuena por los programas; sois un equipo fant\u00e1stico y bord\u00e1is el trabajo que hac\u00e9is. Soy estudiante de imagen, y como llevas la secci\u00f3n de fotograf\u00edas de los espectadores te quer\u00eda comentar un asunto que estamos estudiando&#8230; Las pel\u00edculas y los sensores fotogr\u00e1ficos en ocasiones son capaces de captar radiaciones, como las infrarrojas, que no percibimos a simple vista; \u00bfpuede ser que las fotograf\u00edas misteriosas capten un tipo de energ\u00eda desconocida para nuestros ojos, y que sin embargo nos rodee d\u00eda a d\u00eda? Un saludo muy fuerte! Jes\u00fas<\/p>\n<p>R.- Hola Jes\u00fas. Pues es muy interesante lo que planteas. Creo que en ocasiones si puede ser que la c\u00e1mara capte lo que no ven nuestros ojos. Dicen que los perros y los gatos tambi\u00e9n ven cosas invisibles para nuestra retina. <\/p>\n<p>P.- Hola! Somos una pareja de Tenerife,y no nos perdemos casi ningun programa,lo solemos ver casi siempre! Y nuestra pregunta es.. \u00bf Por qu\u00e9 no investigais un poco mas en nuestra isla&#8230;? Hay muchas leyendas en diferentes municipios de aqui&#8230; Muchas gracias y saludos a Iker! Y que siga el programa asi de bien. ES LO MEJOR DE CUATRO!!! Besos y abrazos ( Dayra e Iv\u00e1n )<\/p>\n<p>R.- Hola Dayra e Ivan\u2026 Tenerife es la isla en la que m\u00e1s reportajes hemos hecho. Tenemos all\u00ed a nuestro buen amigo Jos\u00e9 Gregorio Gonz\u00e1lez que nos ayuda mucho en las investigaciones. Es un miembro m\u00e1s del equipo y adem\u00e1s el sol, la buena gente y las playas siempre apetecen por eso los reporteros van muy a menudo a la isla\u00a1\u00a1\u00a1\u00a1\u00a1 <\/p>\n","protected":false},"excerpt":{"rendered":"<p>La mano derecha de Iker Jim\u00e9nez, Carmen Porter, copiloto de la Nave del Misterio, va a contestar a todas vuestras preguntas el pr\u00f3ximo jueves 26 de noviembre, a las 12h00, en directo en la web. \u00a1Env\u00edale ya todas tus dudas y preguntas! Ella os responder\u00e1 a todos los misterios que plante\u00e9is.<\/p>\n","protected":false},"author":1,"featured_media":0,"comment_status":"open","ping_status":"open","sticky":false,"template":"","format":"standard","meta":{"footnotes":""},"categories":[],"tags":[],"class_list":["post-9155","post","type-post","status-publish","format-standard","hentry"],"_links":{"self":[{"href":"https:\/\/intervius.com\/index.html\/wp-json\/wp\/v2\/posts\/9155","targetHints":{"allow":["GET"]}}],"collection":[{"href":"https:\/\/intervius.com\/index.html\/wp-json\/wp\/v2\/posts"}],"about":[{"href":"https:\/\/intervius.com\/index.html\/wp-json\/wp\/v2\/types\/post"}],"author":[{"embeddable":true,"href":"https:\/\/intervius.com\/index.html\/wp-json\/wp\/v2\/users\/1"}],"replies":[{"embeddable":true,"href":"https:\/\/intervius.com\/index.html\/wp-json\/wp\/v2\/comments?post=9155"}],"version-history":[{"count":0,"href":"https:\/\/intervius.com\/index.html\/wp-json\/wp\/v2\/posts\/9155\/revisions"}],"wp:attachment":[{"href":"https:\/\/intervius.com\/index.html\/wp-json\/wp\/v2\/media?parent=9155"}],"wp:term":[{"taxonomy":"category","embeddable":true,"href":"https:\/\/intervius.com\/index.html\/wp-json\/wp\/v2\/categories?post=9155"},{"taxonomy":"post_tag","embeddable":true,"href":"https:\/\/intervius.com\/index.html\/wp-json\/wp\/v2\/tags?post=9155"}],"curies":[{"name":"wp","href":"https:\/\/api.w.org\/{rel}","templated":true}]}}