{"id":9153,"date":"2011-09-26T00:00:00","date_gmt":"2006-11-06T00:00:00","guid":{"rendered":"https:\/\/intervius.com\/index.html\/?p=9153"},"modified":"2006-11-06T00:00:00","modified_gmt":"2006-11-06T00:00:00","slug":"Juan_Mora9153","status":"publish","type":"post","link":"https:\/\/intervius.com\/index.html\/Juan_Mora9153\/","title":{"rendered":"Juan Mora"},"content":{"rendered":"<p>Pregunta.- Me he quedado un poco alucinado con el r\u00e9cord de Makau. Eest\u00e1 claro que Grebe ya tiene heredero. \u00bfCu\u00e1l crees que es el l\u00edmite de los maratonianos? \u00bfLlegar\u00e1n a bajar de las m\u00edticas dos horas?<\/p>\n<p>Respuesta.- Para bajar de las dos horas hay que correr a 2:51 el kil\u00f3metro y ahora lo est\u00e1n haciendo cerca de los 2:56. Hace alg\u00fan tiempo nos parec\u00eda imposible correr a menos de 3:00 y ahora eso lo hacen cientos. Los l\u00edmites en la marat\u00f3n a\u00fan parecen lejanos. A menos de 2.51 corren holgadamente las carreras de media marat\u00f3n y todo es cuesti\u00f3n de alargar la resistencia, no la velocidad. S\u00ed, creo que veremos bajar de dos horas.<\/p>\n<p>P.- Al final, Freire no pudo ganar un nuevo Mundial. Tenemos relevo para cuando se retire el c\u00e1ntabro?<\/p>\n<p>R.- Encontrar alguien de la calidad de Freire va a ser dif\u00edcil, pero que tendremos ciclistas con condiciones para ganar el Mundial, seguro, siempre, eso s\u00ed, que el t\u00edtulo no se decisa al sprint, como esperamos que suceda en Ponferrada.<\/p>\n<p>P.- Ya tenemos a Rudy en el Madrid. Y de momento parece que todo sigue igual, el Baskonia nos tumb\u00f3 sin problemas. \u00bfCree que la situaci\u00f3n cambiar\u00e1 A este paso cambiar\u00e1 cuando Rudy se vuelva a la NBA.<\/p>\n<p>R.- Pues s\u00ed, fue un poquito decepci\u00f3n que el Madrid perdiera con relativa facilidad. A\u00fan est\u00e1 por conjuntarse, cierto, pero el Baskonia, tambi\u00e9n. Y con respecto a Rudy, no esperemos de \u00e9l una alta regularidad. En el mismo Europeo lo hemos visto.<\/p>\n<p>P.- \u00bfConseguir\u00e1 Alonso el subcampeonato, tal y como el pretende? \u00bfQui\u00e9n cree que es su principal rival para lograrlo, Button o Webber?<\/p>\n<p>R.- En ello est\u00e1. Al menos es lo que nos est\u00e1 vendiendo. Mejor, as\u00ed tomamos inter\u00e9s por un puesto, el segundo, que hasta ahora poco nos hab\u00eda interesado en la F\u00f3rmula 1. Y ah\u00ed va a estar la cosa, entre los tres que mencionas. Yo creo, y deseo, que al final ser\u00e1 para Alonso, aunque Ferrari no tiene necesidad de apretar, porque el segundo puesto por el Mundial de constructores tambi\u00e9n lo tiene dif\u00edcil, sobre todo porque con Massa no va a ning\u00fan lado.<\/p>\n<p>P.- no entiendo que se televise waterpolo femenino , baloncesto femenino , balonmano femenino , deportes que con todos mis respetos siguen 4 y no se de superliga femenina de futbol que seguro veria mas gente<\/p>\n<p>R.- Te doy toda la raz\u00f3n. El f\u00fatbol femenino viene de una marginaci\u00f3n absoluta y lo paga ahora, porque todos los contratos con deportes menos visto est\u00e1n ya hechos. Pero se trata de un deporte emergente y estoy convencido de que en muy poco tiempo estar\u00e1 entre los m\u00e1s vistos de los minoritarios.<\/p>\n<p>P.- Vettel est\u00e1 destrozando lso r\u00e9cords de Alonso y Hamilton \u00bfEstamos ante un nuevo piloto dominante?<\/p>\n<p>R.- Eso depender\u00e1 de la pr\u00f3xima evoluci\u00f3n de los Red Bull y de las otras escuder\u00edas. La influencia de los coches es tan enorme, que lo pilotos ocupan un papel, si no secundario, s\u00ed menor. Cre\u00e7\u00edamos que Alonso iba a dominar una \u00e9poca, y no ha sido as\u00ed. Temimos que Hamilton le oscureciera y tampoco ha sido as\u00ed, Button lleg\u00f3 a ganar un Mundial, Webber era un telonero y casi gana, Vettel era un imberbe y resulta que ahora es el no va m\u00e1s&#8230; Influyen demasiados factores ajenos a los pilotos en la F\u00f3rmula 1. \u00bfD\u00f3nde est\u00e1n los Honda que arrasaban? \u00bfY la hegemon\u00eda de los Ferrari? \u00bfQui\u00e9n apostaba por los Red Bull hace unos a\u00f1os, cuando Alonso rechaz\u00f3 su oferta?<\/p>\n<p>P.- Buenas Sr. Mora. A parte de la salida de Pamplona y los rumores de la visita a Canarias. \u00bfSe sabe algo sobre el recorrido de La Vuelta 2012? \u00bfCu\u00e1les cree pueden ser las citas clave de la edici\u00f3n 2012?<\/p>\n<p>R.- No s\u00e9 m\u00e1s que usted, pero lo de Canarias parece muy dif\u00edcil para el pr\u00f3ximo a\u00f1o, al margen de las dificultades que presenta llevar la carrera tan lejos al final de la Vuelta, hay un contrato al que Madrid tendr\u00eda que renunciar. Y poco m\u00e1s le puedo decir. Se oye algo de una crono a la Bola del Mundo, pero tampoco est\u00e1 claro que sea para el a\u00f1o que viene. Cerradas debe de haber muchas cosas, pero la Vuelta, l\u00f3gicamente, no las dir\u00e1 hasta su presentaci\u00f3n.<\/p>\n<p>P.- \u00bfQui\u00e9n tuvo raz\u00f3n ayer, Alguersuari o Fernando?<\/p>\n<p>R.- Pues un poquito uno, y un poquito otro. En ese caso no veo una verdad absoluta. Alonso puede tener razones para quejarse, pero Alguersuari estim\u00f3 que no fue para tanto. Cuando las cosas no salen bien, todo el mundo se pone nervioso. L\u00f3gico. No hay que alarmarse.<\/p>\n<p>P.- crees que la popularidad cada vez mayor en el mundo del volley playa es buena o mala para el volley cancha ?<\/p>\n<p>R.- Al voley cl\u00e1sico no le hace ninguna gracia, pero hay que reconocer que le ayuda. En promoci\u00f3n (nuestra \u00fanica medalla ol\u00edmpica en voley es en playa) y en que hay m\u00e1s movimientos de jugadores.<\/p>\n<p>P.- Hola. Que le parece que Pocius escriba con la siniestra y tire con la diestra?? Puede ser esa una de las claves en su escaso % en el tiro de larga distancia?? Saludos.<\/p>\n<p>R.- Hay muchos casos de jugadores que utilizan una mano para la vida diaria y la otra para el deporte. Mismamente, creo que Nadal sin ir m\u00e1s lejos y no se pueda decir que le vaya mal. Toreros zurdos tambi\u00e9n los hay y matan con la derecha. Es una cuesti\u00f3n de h\u00e1bitos que se cogen desde muy tempranas edades. Lo de Pocius ni tiene que ser bueno ni malo. Es as\u00ed. Habr\u00e1 d\u00edas que meta un mont\u00f3n de triples, seguro.<\/p>\n<p>P.- ayer lei los presupuestos del balonmano frances y el noveno de su liga tenia mas presupuesto que nuestro tercero , aunque luego les ganemos me parece un dato preocupante ya que no es solo la bundesliga la que nos supera economicamente .<\/p>\n<p>R.- No es de extra\u00f1ar, porque en nuestro balonmano la mayor fuente de financiaci\u00f3n (hablo en general) es el dinero de las administraciones, y este va a menos. V\u00e9ase el caso del Ciudad Real, que ha tenido que irse de la ciudad. Que les sigamos ganando quiz\u00e1 sea cuesti\u00f3n de tiempo, porque de mantenerse la situaci\u00f3n, lo normal es que nuestros jugadores se acaben marchando a otros clubes que les paguen mejor. Esto ser\u00eda culpa de los clubes, que han estado viviendo de la sopa boba sin preocuparse de buscar ingresos propios. En esto, el Ciudad Real ha sido un ejemplo al haber sido capaz de sacarse un mill\u00f3n de euros de la manga (Atl\u00e9tico de Madrid).<\/p>\n<p>P.- me sorprende que los 2 mundiales mas seguidos a nivel planetario tras el de futol que son rugby y atletismo pasen desapercibidos en espa\u00f1a \u00bf es que solo nos interesa en lo que somos buenos ?<\/p>\n<p>R.- Pues s\u00ed, esa es la realidad, y tampoco nos tiene que parecer mal. El aficionado en general se asoma all\u00ed donde podemos ganar. Si no le atrae mucho un deporte y encima perdermos, pues ya me dir\u00e1s&#8230;<\/p>\n<p>P.- Buenos d\u00edas, Juan. \u00bfA qu\u00e9 equipo ves favorito al t\u00edtulo ACB? \u00bfPodr\u00edas explicar por qu\u00e9? \u00bfQu\u00e9 posibilidades otorgas a los equipos espa\u00f1oles en la Euroliga? Muchas gracias.<\/p>\n<p>R.- Si te digo Barcelona, Madrid y Baskonia, me hago famoso. Como quieres que me moje, all\u00e1 va: al Madrid. Por varias razones: una simplemente estad\u00edstica (alguna vez le tiene que tocar); otra tambi\u00e9n estad\u00edstica (el entrenador que debuta no suele hacerlo mal el primer a\u00f1o); y otra deportiva: el proyecto cada vez es mejor y alg\u00fan a\u00f1o acabar\u00e1 acertando. Respecto a la Euroliga, perm\u00edteme que me reserve, porque hay equipos que se han reforzado mucho y hay que esperar a ver c\u00f3mo evolucionan.<\/p>\n<p>P.- \u00bfPor qu\u00e9 Fernando Alonso no se fue a Red Bull? \u00bfY qu\u00e9 tiene que hacer Ferrari para tener un coche competitivo para 2012?<\/p>\n<p>R.- Supongo que por entonces la considerar\u00eda, como todos, una escuder\u00eda menor. Si lo supiera, tendr\u00eda mi futuro solucionado de por vida.<\/p>\n<p>P.- \u00bfQu\u00e9 te est\u00e1 pareciendo el Mundial de rugby? \u00bfA qui\u00e9n ves como el principal candidato para ganarlo? Y por \u00faltimo \u00bfJugador y selecci\u00f3n revelaci\u00f3n? Gracias!!<\/p>\n<p>R.- Pues por ahora todo transcurre seg\u00fan lo previsto. En la primera fase es dificil que los equipos buenos se dejen sorprender. Creo que la cosa estar\u00e1 entre Sud\u00e1frica y Nueva Zelanda.<\/p>\n<p>P.- Pedazo temporada la de Carlos Checa. Si se confirma su t\u00edtulo, y todo apunta a que si, \u00bfcrees que tendr\u00eda un sitio en Ducati junto a Rossi la pr\u00f3xima temporada?<\/p>\n<p>R.- Es dif\u00edcil que un piloto pr\u00f3ximo a cumplir los 39 a\u00f1os regrese a la m\u00e1xima categor\u00eda de las motos. En superbikes va a conseguir un t\u00edtulo fant\u00e1stico, todos nos alegramos, pero de ah\u00ed a volver adem\u00e1s junto a Rossi&#8230; No le veo, la verdad.<\/p>\n","protected":false},"excerpt":{"rendered":"<p>Porque el deporte va m\u00e1s all\u00e1 del f\u00fatbol, Juan Mora, subdirector del diario AS, ha charlado con los internautas sobre las diversas disciplinas deportivas al margen del f\u00fatbol.<\/p>\n","protected":false},"author":1,"featured_media":0,"comment_status":"open","ping_status":"open","sticky":false,"template":"","format":"standard","meta":{"footnotes":""},"categories":[],"tags":[],"class_list":["post-9153","post","type-post","status-publish","format-standard","hentry"],"_links":{"self":[{"href":"https:\/\/intervius.com\/index.html\/wp-json\/wp\/v2\/posts\/9153","targetHints":{"allow":["GET"]}}],"collection":[{"href":"https:\/\/intervius.com\/index.html\/wp-json\/wp\/v2\/posts"}],"about":[{"href":"https:\/\/intervius.com\/index.html\/wp-json\/wp\/v2\/types\/post"}],"author":[{"embeddable":true,"href":"https:\/\/intervius.com\/index.html\/wp-json\/wp\/v2\/users\/1"}],"replies":[{"embeddable":true,"href":"https:\/\/intervius.com\/index.html\/wp-json\/wp\/v2\/comments?post=9153"}],"version-history":[{"count":0,"href":"https:\/\/intervius.com\/index.html\/wp-json\/wp\/v2\/posts\/9153\/revisions"}],"wp:attachment":[{"href":"https:\/\/intervius.com\/index.html\/wp-json\/wp\/v2\/media?parent=9153"}],"wp:term":[{"taxonomy":"category","embeddable":true,"href":"https:\/\/intervius.com\/index.html\/wp-json\/wp\/v2\/categories?post=9153"},{"taxonomy":"post_tag","embeddable":true,"href":"https:\/\/intervius.com\/index.html\/wp-json\/wp\/v2\/tags?post=9153"}],"curies":[{"name":"wp","href":"https:\/\/api.w.org\/{rel}","templated":true}]}}