{"id":9149,"date":"2009-11-19T00:00:00","date_gmt":"2006-11-06T00:00:00","guid":{"rendered":"https:\/\/intervius.com\/index.html\/?p=9149"},"modified":"2006-11-06T00:00:00","modified_gmt":"2006-11-06T00:00:00","slug":"Javier_G-_Matallanas9149","status":"publish","type":"post","link":"https:\/\/intervius.com\/index.html\/Javier_G-_Matallanas9149\/","title":{"rendered":"Javier G. Matallanas"},"content":{"rendered":"<p>Pregunta.- Bienvenido Matallanas. Uno m\u00e1s del Atleti:-) \u00bfQue pasar\u00e1 en A coru\u00f1a? \u00bfjugar\u00e1 Forl\u00e1n despu\u00e9s del viaje a Uruguay? <\/p>\n<p>Respuesta.- Probablemente Quique no le ponga de titular porque llega muy justo de tiempo. Pero ser\u00e1 Forl\u00e1n el que decide porque para el entrenador del Atl\u00e9tico es un fijo.<\/p>\n<p>P.- \u00bfQu\u00e9 te parece I\u00f1ako como cronista del Atl\u00e9ti?<\/p>\n<p>R.- Muy bien. <\/p>\n<p>P.- Hola Mata. \u00bfTiene Kiko el curso de secretario t\u00e9cnico(si es que hace falta alg\u00fan curso)? \u00bfLe hace ilusi\u00f3n tirar por ah\u00ed(en el Atl\u00e9ti,claro)? Yo creo q podr\u00eda ser v\u00e1lido.\u00bfT\u00fa como lo ves?<\/p>\n<p>R.- No tiene el curso. Hace unos a\u00f1os ni se planteaba la posibilidad, pero estuvo a punto de apuntarse para el curso de jugadores de elite que se acaba de celebrar. Creo que al final lo har\u00e1. Kiko ser\u00eda un magn\u00edfico entrenador. <\/p>\n<p>P.- Mata, t\u00fa q eres amigo suyo, \u00bfle har\u00eda ilusi\u00f3n a Toni volver a la secretar\u00eda t\u00e9cnica del Atl\u00e9tico de Madrid? <\/p>\n<p>R.- Toni est\u00e1 muy a gusto como director deportivo del Getafe. Angel Torres apost\u00f3 por \u00e9l y le deja trabajar. No obstante, Toni es atl\u00e9tico y el Atl\u00e9tico siempre ser\u00e1 su casa. Y pienso que mejor le ir\u00eda al Atl\u00e9tico con Toni Mu\u00f1oz de Director Deportivo. <\/p>\n<p>P.- Primero, mi enhora buena por el puesto. Y sin rodeos: \u00bfcrees que la salida de Gil-Cerezo del Calder\u00f3n solucionar\u00eda los problemas de autoestima cr\u00f3nicos que hay en este club? a mi modo de ver ese es el gran lastre. Muchas gracias!<\/p>\n<p>R.- Gracias crack!!! El principal problema que tienen Gil Mar\u00edn y Cerezo es que han perdido la capacidad de ilusionar a los atl\u00e9ticos. Creo que una apertura del accionariado a la masa social y a inversores fuertes ser\u00eda una buena soluci\u00f3n para reactivar la autoestima de los colchoneros, porque el Atl\u00e9tico ha pasado de ser un grande a ser un hist\u00f3rico.<\/p>\n<p>P.- Hola, viendo este inicio del Atl\u00e9tico de Madrid me recuerda bastante a aquel equipo que perdi\u00f3 la categor\u00eda de forma inesperada, hace relativamente poco tiempo,\u00bfCrees que saldr\u00e1 de esta situaci\u00f3n?Saludos<\/p>\n<p>R.- La cosa ha empezado mal. Abel lo intent\u00f3, pero no le renovaron con convencimiento y al final lo pag\u00f3. Quique est\u00e1 convencido de sacar el equipo adelante y creo que est\u00e1 sobradamente preparado. En privado habla con un entusiasmo de la plantilla que contagia.<\/p>\n<p>P.- Bon dia!Le sigo desde el confidencial.Que me dices de los jugadores que tiene atados Rossel para el Bar\u00e7a??Gracias.<\/p>\n<p>R.- Sandro fue uno de los art\u00edfices del resurgir del Barcelona. Maneja muy bien el mercado y seguro que ofrece buenas contrataciones. Pero su principal baza debe ser la continuidad de Guardiola. Cesc y Robinho son apuestas suyas, pero sabe que Pep se ha ganado elegir sus futbolistas. Por cierto, siempre le gust\u00f3 Fernando Torres y ya le intent\u00f3 fichar&#8230;<\/p>\n<p>P.- Javier, cu\u00e1l ser\u00e1 el once tipo titular en el Mundial?<\/p>\n<p>R.- Queda mucho y puede haber bajas formas, lesiones, pero todo apunta a este: Casillas; Sergio Ramos, Piqu\u00e9, Albiol, Capdevila; Busquets, Xabi Alonso, Xavi, Iniesta, Villa y Torres. Este creo que puede ser, pero atentos a Arbeloa por Ramos, dependiendo de estado de forma, o Puyol por Albiol, y a Cesc y Silva que siempre tienen sitio en este equipazo. Del Bosque tiene un papeleta dif\u00edcil tanto para la lista de los 23 como para hacer el once. \u00a1Eso es bueno!<\/p>\n<p>P.- \u00bfNo cree que Cerezo podr\u00eda haberse callado despu\u00e9s de la vergonzosa sanci\u00f3n de 150 euros? Encima le parece lo correcto. \u00a1Qu\u00e9 barato sale comportarse como un se\u00f1or!<\/p>\n<p>R.- Cerezo defiendo los intereses de su equipo. Yo discrepo con \u00e9l, pero le respeto.<\/p>\n<p>P.- Matallanas!! que tal todo! Siempre he admirado tu trayectoria y ahora tengo la oportunidad de preguntarte: \u00bfCu\u00e1les crees que son las claves de la liga en esta \u00faltima recta final del primer tramo de temporada?<\/p>\n<p>R.- Todo lo marcar\u00e1 el gran cl\u00e1sico del Camp Nou del 29N. Medir\u00e1n fuerzas Bar\u00e7a y Madrid y a partir de ah\u00ed se ver\u00e1 la medida del equipo de Florentino. Si el Sevilla aguanta, puede romper la liga bipolar. Un abrazo amigo y gracias por seguirme!!!<\/p>\n<p>P.- Que tal, Matallanas. Oye, una curiosidad, me extra\u00f1a que con todo esto de la crisis no se oiga que tal o cual equipo est\u00e1n al borde de la ruina, cuando est\u00e1 pasando en todos los dem\u00e1s ambitos. \u00bfcrees que hay algun primera en verdaderas dificultades?<\/p>\n<p>R.- Bastantes. Tienen las mismas dificultades que otras empresas sino m\u00e1s. Pero no transcienden sus problemas econ\u00f3micos hasta verano cuando toca pagar a los jugadores para no descender. <\/p>\n<p>P.- Hola Mata \u00bfpara t\u00ed ser\u00eda un fracaso que tanto el Madrid como el Bar\u00e7a si no ganan nada ser\u00eda un fracaso para ambos? \u00bfy para qui\u00e9n ser\u00eda m\u00e1s fracaso a\u00fan?<\/p>\n<p>R.- Ser\u00eda un fracaso para los dos en igual medida. Aunque estoy convencido que los dos equipos ganar\u00e1n t\u00edtulos esta temporada.<\/p>\n<p>P.- Hola Mata \u00bfme podr\u00edas explicar que hay de cierto que el Atl\u00e9tico ha contratado a unos psic\u00f3logos y por qu\u00e9? \u00bfEsto no ser\u00eda m\u00e1s faena del entrenador?<\/p>\n<p>R.- Me consta que Quique no est\u00e1 por la labor, si aceptar\u00eda psic\u00f3logos individuales. Veremos que pasa.<\/p>\n<p>P.- Hola Mata!! me alegro por tu fichaje por AS y mucha suerte en tu nueva etapa!! Me ha parecido de autentico periodista como has tratado el tema del Atletico de Madrid tanto en la radio como en la prensa escrita en tus antiguos puestos de trabajo. Mi pregunta es: \u00bfVas a seguir denunciando la situacion en la que estamos sumergidos desde hace ya mas de 20 a\u00f1os? Se hecha en falta periodismo deportivo serio y no que nos vendan humo Muchas gracias!!<\/p>\n<p>R.- Muchas gracias por tu apoyo!!! Voy a seguir trabajando igual, con independencia y libertad, porque en As hay libertad.<\/p>\n<p>P.- Hola Mata \u00bft\u00fa crees quee puede haber bajas en el Madrid este invierno?<\/p>\n<p>R.- S\u00ed. Van Nistelrooy puede pedir cambiar de aires como ya hemos publicado. Y a lo mejor hay refuerzos, pero eso no est\u00e1 decidido a\u00fan.<\/p>\n<p>P.- Mata tres preguntas:1)\u00bfQue opinas de Jurado y Cleber?.2)\u00bfQue opinas de Asenjo,mejor o peor que De Egea?.3)Borja es bueno pero&#8230;\u00bfno crees que el que puede ser una autentica figura es KOKE?.Gracias. <\/p>\n<p>R.- Jurado es un gran jugador y Cleber puede rendir. Asenjo es un gran portero y De Gea, tambi\u00e9n. Borja ser\u00e1 el delantero del Atl\u00e9tico si sigue su gran progresi\u00f3n y Koke tambi\u00e9n es buen\u00edsimo. Me consta que Quique va a estar muy pendiente con la cantera.<\/p>\n<p>P.- Siempre Has sido nuestro periodista favorito y leemos siempre tu blog de MaTa-dor.\u00bfSabes si el Atletico tiene previsto fichar en invierno alg\u00fan lateral izquierdo? hace falta,\u00bfqu\u00e9 tal en tu nuevo puesto?, esperamos que disfrutes de \u00e9l, nuestra propuesta es Vich\u00ed del Arsenal, \u00bfque te parece?. <\/p>\n<p>R.- Gracias por seguir mi blog!!!! En el As me han recibido muy bien. Creo que el Atl\u00e9tico puede reforzarse en tres puestos y est\u00e1n negociando con laterales. No obstante, Antonio L\u00f3pez va a volver a su nivel y Quique sacar\u00e1 de nuevo el mejor rendimiento a Pern\u00eda. Clichy ser\u00eda un gran refuerzo y Zirkhov, pero creo que no hay mucha pasta. <\/p>\n<p>P.- \u00bfPodr\u00eda hablar de un &#8220;olvidado&#8221; de esta liga como es el D\u00e9por? De Lotina, Filipe, Aranzub\u00eda, Lassad&#8230;<\/p>\n<p>R.- El Depor est\u00e1 haciendo una campa\u00f1a espectacular. Ha vuelto la ilusi\u00f3n del Superdepor. Lotina es un gran entrenador y s\u00f3lo le reprocho que no d\u00e9 m\u00e1s cancha a Valer\u00f3n, uno de los mejores futbolistas del mundo.<\/p>\n<p>P.- Hola!\u00bfves con posibilidades al Madrid de llevarse la Champions?<\/p>\n<p>R.- Por supuesto. Le veo m\u00e1s posibilidades de ganar la D\u00e9cima que la Liga, aunque plantar\u00e1 cara al Bar\u00e7a.<\/p>\n<p>P.- Javier, \u00bf Crees que en el Atl\u00e9tico han hecho bien al ceder a Diego Costa ? yo desde el Celta le veo al chico que tiene m\u00e1s calidad casi que cualquiera de la plantilla atl\u00e9tica.<\/p>\n<p>R.- Es muy bueno, pero le va a venir bien la cesi\u00f3n porque en Pucela se forman y progresan hist\u00f3ricamente muy bien los cedidos. La camiseta del Atleti pesa mucho y hay que llegar hecho para que el Calder\u00f3n no se te ca\u00edga encima como les paso a tantos jugadores en la \u00faltima d\u00e9cada.<\/p>\n<p>P.- Hola Javier G.Matallanas.\u00bfen realidad crees que Espa\u00f1a es favorita al Mundial,o puede llevarselo,con selecciones tan bien formadas c\u00f3mo Brasil o la Inglaterra de Capello?<\/p>\n<p>R.- Ayer dijo Villa que s\u00ed somos realistas Espa\u00f1a es favorita y estoy de acuerdo con el Guaje. Ganar la Eurocopa ha hecho que nuestros jugadores sepan el camino del triunfo. Hemos aprendido a competir y a ganar y, sin demagogia, podemos llegar muy lejos en el Mundial porque somos la mejor selecci\u00f3n del mundo.<\/p>\n<p>P.- \u00bfCrees que existe Ronaldo-dependencia?<\/p>\n<p>R.- Cristiano Ronaldo es uno de los tres mejores del mundo y cualquier equipo le echa de menos. El Madrid le necesita con urgencia. <\/p>\n<p>P.- Hola,me gustar\u00eda preguntarle su opini\u00f3n sobre un temaque puede resultar un poco repetitivo, pero que a mi no deja de asombrarme.En cualquier pa\u00eds venerar\u00edan a Ra\u00fal por todo lo que ha hecho. Yo creo que en una lista de 23 jugadores para el mundial,Ra\u00fal deber\u00eda estar por delante de G\u00fciza,ser\u00eda un buen premio para acabar su carrera, \u00bfusted que piensa?<\/p>\n<p>R.- Creo que el tiempo de Ra\u00fal en la Selecci\u00f3n termin\u00f3. Ahora mismo, y con todos los respetos a Ra\u00fal y su impresionante y admirable trayectoria, Torres, Villa, G\u00fciza, Negredo y Llorente cuentan con m\u00e1s opciones de ir al Mundial que el capit\u00e1n del Madrid, que lleva tres a\u00f1os sin ir a una convocatoria. A mi me gustar\u00eda que Ra\u00fal volviera al Atl\u00e9tico a cumplir el sue\u00f1o de su infancia de jugar con la el\u00e1stica colchonera en el Vicente Calder\u00f3n. Creo que completar\u00eda su extraordinaria carrera en el equipo de sus amores del que nunca ha renegado por m\u00e1s que sea un s\u00edmbolo del madridismo.<\/p>\n<p>P.- Sinceramente, \u00bfcrees que Quique acabar\u00e1 la temporada como entrenador del Atleti?<\/p>\n<p>R.- S\u00ed! Mal s\u00edntoma ser\u00eda que no lo hiciera. Y va a ganar la Copa.<\/p>\n<p>P.- Buenas!En tu opini\u00f3n,\u00bfqui\u00e9n es mejor jugador, Iniesta o Kak\u00e1?<\/p>\n<p>R.- Kak\u00e1 es un crack mundial y Andr\u00e9s Iniesta, tambi\u00e9n. Es cierto que el manchego tiene menos glamour que el brasile\u00f1o pero los dos est\u00e1n ya en el mismo escal\u00f3n. Iniesta debe seguir el consejo de Luis y hacer de 10 a 12 goles por temporada.<\/p>\n<p>P.- Saludos. \u00a1Te echaremos mucho de menos en El Tirachinas! Me alegra que a pesar de tu supercontrato sigas cuidando esa peque\u00f1a maravilla que es tu blog. Solo quiero transmitirte el apoyo de quienes hemos disfrutado escuch\u00e1ndote muchos a\u00f1os y ahota te echamos de menos. Siempre quedar\u00e1 los audios del Grupo Risa imit\u00e1ndote cuando cantabas canciones del Le\u00f1o \ud83d\ude09 Javi<\/p>\n<p>R.- Yo tambi\u00e9n echo mucho de menos a mis compa\u00f1eros y a los oyentes. Pero inicio una nueva aventura muy ilusionante. Gracias por tus palabras de cari\u00f1o!!! Y no dejo de cantar a Rosendo y a Le\u00f1o. No lo puedo evitar!!!<\/p>\n<p>P.- Grande Matador! Es un placer tenerte a t\u00ed y a I\u00f1ako para hablar de nuestro atleti, para m\u00ed dos de los mejores periodistas deportivos de Espa\u00f1a. Ahora al l\u00edo: Tenemos claras carencias tanto en el centro del campo como en los laterales, y los centrales est\u00e1n dejando mucho que desear (problema que a mi parecer es culpa de los laterales tambien, ya que los centrales van a tapar su sitio dejando libre el medio). \u00bfNo crees que ser\u00eda mejor subir a alg\u00fan chaval de la cantera, como Cantero o a Sergio Rodriguez, que tener a Anto\u00f1ito y a Perea en los carriles? Vamos, que digo yo&#8230; y ya de paso, tenemos a un tal Borja que ha sido bota de oro del mundial sub 17&#8230; antes que poner a Singol&#8230; algo har\u00e1 el chaval, \u00bfno?<\/p>\n<p>R.- El Atl\u00e9tico debe tirar de su cantera. El trabajo de Amorrortu ya est\u00e1 dando sus frutos. Hist\u00f3ricamente ha ganado t\u00edtulos con canteranos y grandes jugadores. Borja triunfar\u00e1 y m\u00e1s chavales que hay que juegan de maravilla. Pero no se les puede poner por obligaci\u00f3n o para desviar la atenci\u00f3n.<\/p>\n<p>P.- \u00bfQu\u00e9 te parece Amorrortu de Director Deportivo?Con la cantera lo est\u00e1 haciendo bien&#8230;y si queremos dar oportunidades a la cantera ser\u00eda ideal\u00bfno crees?.Bueno quizas sea una idea demasiado coherente para los Gil y Cerezo \u00bfno?<\/p>\n<p>R.- Lo escrib\u00ed el otro d\u00eda en el peri\u00f3dico. Creo que ser\u00eda un buen director deportivo porque maneja muy bien el mercado. Y ha hecho un gran trabajo como director de cantera que debe completar.<\/p>\n<p>P.- Hola. \u00bfes el Real Madrid el mejor equipo del mundo?<\/p>\n<p>R.- S\u00ed, su historial lo demuestra, pero no se puede vivir del pasado y lo debe demostrar en cada partido.<\/p>\n<p>P.- \u00bfSe acomodar\u00e1 Forl\u00e1n a su nuevo contrato y dejar\u00e1 de dar el 100% en los partidos? un saludo javi.<\/p>\n<p>R.- \u00bfSe acomodar\u00e1 Forl\u00e1n a su nuevo contrato y dejar\u00e1 de dar el 100% en los partidos? un saludo javi.<\/p>\n<p>P.- \u00bfNn crees que Luis Aragones es lo que necesitamos?.Ya,ya s\u00e9 que no se habla con Gil pero es una pena \u00bfno? Porque est\u00e1 libre&#8230;<\/p>\n<p>R.- Se decidieron por Quique y es una buena apuesta. Luis Aragon\u00e9s lo har\u00eda bien en el Atl\u00e9tico y en cualquier equipo del mundo porque es un grande y est\u00e1 enorme. Yo, f\u00edjate, le veo en el banquillo del Real Madrid.<\/p>\n<p>P.- Que te parece que Navas, ahora que llega el mundial, diga que ya se siente preparado? Que pasa con los jugadores o jugador al que le robe la plaza? <\/p>\n<p>R.- Al Mundial tienen que ir los mejores y Navas a d\u00eda de hoy es de los mejores. Del Bosque tendr\u00e1 que elegir en mayo a 23 y hay 30 que pueden ir. Pero es una buena noticia que Navas haya superado su problema.<\/p>\n<p>P.- Hola Javier. Como atl\u00e9tico te pregunto \u00bfpiensas qu\u00e9 otro paso por segunda acelerar\u00eda el proceso de descomposici\u00f3n total del Atletico? y otra sin f\u00fatbol de por medio, \u00bfqu\u00e9 m\u00fasica te gusta? Un saludo crack.<\/p>\n<p>R.- Espero y deseo que el Atl\u00e9tico no vuelva a bajar nunca. Viv\u00ed los dos a\u00f1os en el infierno haciendo sus cr\u00f3nicas por toda Espa\u00f1a y fue dur\u00edsimo. Me gusta mucho la m\u00fasica espa\u00f1ola, especialmente rock urbano y cantautores: Rosendo (toc\u00f3 en mi boda), Extremoduro, Serrat y Sabina (les vi en la Bombonera!!!)&#8230; Calamaro, tambi\u00e9n me mola, Fito y muchos m\u00e1s disfrut\u00e9 el otro d\u00eda con mi amigo Dani en su concierto de El Canto del Loco. Y aunque nunca me ve\u00eda en un concierto de Bustamante, al conocerle y ser mi compa\u00f1ero en Los Desperdicios, le he ido a ver y la verdad es que me gust\u00f3. Mi grupo extranjero preferido es los Pixies.<\/p>\n<p>P.- Mata, sin milongas, \u00bfva a fichar a alguien el Atl\u00e9ti en diciembre, y sabes los nombres?<\/p>\n<p>R.- Va a fichar a dos o tres jugadores. Pero los nombres a\u00fan no han transcendido. Y tienen un medio firmado para la pr\u00f3xima temporada. Es bueno y joven.<\/p>\n<p>P.- \u00bfQu\u00e9 le parece esta propuesta de formato para la Copa del Rey? Partido \u00fanico. El equipo inferior debe escoger un campo de primera o segunda divisi\u00f3n (neutral) bien por nombre, aforo y prestigio o aficionados a fin a sus colores. El campe\u00f3n de Copa clasifica para champions.<\/p>\n<p>R.- Partido \u00fanico, sin duda, en el campo del modesto y el campe\u00f3n a la Champions. <\/p>\n<p>P.- Matallanas, adem\u00e1s de trabajar en As, \u00bfte oiremos ahora tambi\u00e9n en la Ser? \u00bfy en alguna otra radio? un saludo<\/p>\n<p>R.- De momento estoy centrado en el gran proyecto que tiene el As y de vez en cuando me invitan a Punto Pelota, el program\u00f3n de Pedreroll. La radio me gusta mucho, han sido cinco a\u00f1os muy intensos los \u00faltimos, y no descarto sonar en alg\u00fan sitio.<\/p>\n<p>P.- \u00bfDeber\u00eda vender el Atl\u00e9tico a Ag\u00fcero en el mercado de invierno y aprovechar la oportunidad que se le presenta?<\/p>\n<p>R.- Creo que no ser\u00eda un drama si se vende por m\u00e1s de 40 millones de euros, siempre que ese dinero se invierta en jugadores buenos y baratos, como hace el Sevilla. El Kun es un grande, pero da la impresi\u00f3n de estar de paso en el Atl\u00e9tico.<\/p>\n","protected":false},"excerpt":{"rendered":"<p>Javier G. Matallanas, adjunto a la direcci\u00f3n de AS, ha charlado con los lectores sobre la actualidad deportiva, con especial atenci\u00f3n a lo que acontece en el Atl\u00e9tico de Madrid.<\/p>\n","protected":false},"author":1,"featured_media":0,"comment_status":"open","ping_status":"open","sticky":false,"template":"","format":"standard","meta":{"footnotes":""},"categories":[],"tags":[],"class_list":["post-9149","post","type-post","status-publish","format-standard","hentry"],"_links":{"self":[{"href":"https:\/\/intervius.com\/index.html\/wp-json\/wp\/v2\/posts\/9149","targetHints":{"allow":["GET"]}}],"collection":[{"href":"https:\/\/intervius.com\/index.html\/wp-json\/wp\/v2\/posts"}],"about":[{"href":"https:\/\/intervius.com\/index.html\/wp-json\/wp\/v2\/types\/post"}],"author":[{"embeddable":true,"href":"https:\/\/intervius.com\/index.html\/wp-json\/wp\/v2\/users\/1"}],"replies":[{"embeddable":true,"href":"https:\/\/intervius.com\/index.html\/wp-json\/wp\/v2\/comments?post=9149"}],"version-history":[{"count":0,"href":"https:\/\/intervius.com\/index.html\/wp-json\/wp\/v2\/posts\/9149\/revisions"}],"wp:attachment":[{"href":"https:\/\/intervius.com\/index.html\/wp-json\/wp\/v2\/media?parent=9149"}],"wp:term":[{"taxonomy":"category","embeddable":true,"href":"https:\/\/intervius.com\/index.html\/wp-json\/wp\/v2\/categories?post=9149"},{"taxonomy":"post_tag","embeddable":true,"href":"https:\/\/intervius.com\/index.html\/wp-json\/wp\/v2\/tags?post=9149"}],"curies":[{"name":"wp","href":"https:\/\/api.w.org\/{rel}","templated":true}]}}