{"id":9137,"date":"2009-11-18T00:00:00","date_gmt":"2006-11-06T00:00:00","guid":{"rendered":"https:\/\/intervius.com\/index.html\/?p=9137"},"modified":"2006-11-06T00:00:00","modified_gmt":"2006-11-06T00:00:00","slug":"Jose_Ovejero9137","status":"publish","type":"post","link":"https:\/\/intervius.com\/index.html\/Jose_Ovejero9137\/","title":{"rendered":"Jos\u00e9 Ovejero"},"content":{"rendered":"<p>Pregunta.- Sr. Ovejero: le\u00edda su novela, por la que le felicito de forma entusiasta, me gustar\u00eda preguntarle qu\u00e9 ficci\u00f3n basada en un hecho quiso incluir y se arrepinti\u00f3 de ello, qu\u00e9 episodio le supuso una renuncia dif\u00edcil. Muchas gracias.<\/p>\n<p>Respuesta.- Pues la verdad es que no he renunciado a nada, que yo recuerde. Unicamente dej\u00e9 fuera de la novela una parte de la escena de la quema de libros porque tem\u00ed hacerla demasiado larga. Pero me hubiese gustado mucho quemar Los episodios nacionales de Gald\u00f3s, y Guerra y Paz de Tolstoi, por razones que me llevar\u00edan mucho tiempo explicarlas aqu\u00ed. Pero lo que voy a hacer es incluirlas en el blog de La comedia salvaje. Saludos<\/p>\n<p>P.- Buenos d\u00edas, Jos\u00e9, y felicidades por la novela, deber\u00eda leerla todo el mundo para tener presente de qu\u00e9 hablamos cuando hablamos de guerra. A veces siento que el nivel de crueldad y esperpento que hay en ella es insoportable, pero a la vez me cuadra perfectamente, lo puedo imaginar as\u00ed. \u00bfPuedo saber de qu\u00e9 fuentes has bebido? Gracias. Un beso.<\/p>\n<p>R.- Muchas gracias. S\u00ed, hay en la novela una crueldad esperp\u00e9ntica no muy alejada de la realidad. Me he basado en una bibliograf\u00eda bastante amplia que incluyo en mi p\u00e1gina web: www.ovejero.info Y por supuesto, como es una novela y no un ensayo hist\u00f3rico, tambi\u00e9n me he basado en la imaginaci\u00f3n.<\/p>\n<p>P.- \u00bfY para cuando una novela de amor? Un beso desde la tierra de la casa de la pradera<\/p>\n<p>R.- Vaya, a m\u00ed me parece que La comedia salvaje es lo m\u00e1s cercano a una historia de amor que he escrito, aunque el contexto sea un poco brutal y el amor no siempre correspondido. Pero a m\u00ed me enternece la relaci\u00f3n entre Benjam\u00edn y Julia. Un abrazo hasta la casa de la pradera.<\/p>\n<p>P.- \u00bfDe d\u00f3nde vino la idea de escribir un libro en que la misi\u00f3n del protagonista es detener la guerra civil?<\/p>\n<p>R.- Hola, Fabiana; la verdad es que no lo s\u00e9. De hecho, no suelo empezar mis libros con una historia, sino con escenas independientes en las que voy formando a los personajes; y cuando llevaba escritas toda una serie de escenas, poco a poco se me fue ocurriendo el hilo argumental. \u00bfpor qu\u00e9 \u00e9se y no otros? No sabr\u00eda decirte.<\/p>\n<p>P.- \u00bfPara cu\u00e1ndo m\u00e1s poes\u00eda? Ha pasado mucho tiempo desde El Estado de la Naci\u00f3n. Se te echa de menos en esos menesteres.<\/p>\n<p>R.- Muchas gracias; me viene muy bien que alguien me eche de menos como poeta porque la poes\u00eda es un g\u00e9nero en el que me siento muy inseguro. A principios del a\u00f1o que viene Bruguera reeditar\u00e1 Biograf\u00eda del explorador, pero por ahora no tengo otros proyectos po\u00e9ticos.<\/p>\n<p>P.- Al igual que usted, vivo en Bruselas. Literariamente hablando, \u00bfqu\u00e9 le parece la ciudad y especialmente el barrio de Matong\u00e9, que usted conoce bien?<\/p>\n<p>R.- Hola, Jorge: Bruselas me parece una ciudad muy interesante desde un punto de vista literario por su desorden, porque aqu\u00ed convive gente de todas las raza y de todos los pa\u00edses, porque no siempre sabes si te encuentras en una gran capital europea o en la de un pa\u00eds del tercer mundo&#8230; Por eso ambient\u00e9 mi novela Las vidas ajenas aqu\u00ed. Saludos<\/p>\n<p>P.- Siempre recuerdo cuando mi abuela, a quien Franco no le caia nada bien, me confes\u00f3 una vez que la guerra civil &#8220;se ve\u00eda venir&#8221;. No s\u00f3lo Franco fue el culpable. \u00bfQu\u00e9 peinsas t\u00fa de ello?<\/p>\n<p>R.- Por supuesto que no s\u00f3lo Franco fue el culpable, pero esta es una afirmaci\u00f3n que hay siempre que matizar, porque muchos la utilizan para quitarle responsabilidad, es decir, como si las culpas de los dem\u00e1s redujesen la suya, y las culpas, y las responsabilidades, se suman, no se restan. Y desde luego Franco fue uno de los principales responsables, no tanto de la sublevaci\u00f3n, como de continuar la guerra cuando el golpe fracas\u00f3 y qued\u00f3 claro que se iba a verter mucha sangre, y tambi\u00e9n de la represi\u00f3n al finalizar la guerra. Saludos<\/p>\n<p>P.- Sr Ovejero, \u00bfes la Guerra Civil un g\u00e9nero literario?<\/p>\n<p>R.- Siempre ha habido una literatura b\u00e9lica -sobre la Guerra Civil, sobre Vietnam, sobre la Segunda Guerra Mundial&#8230; Pero la guerra civil se ha convertido en un g\u00e9nero muy pujante en los \u00faltimos a\u00f1os, supongo que porque como tras la guerra hubo muchos a\u00f1os de dictadura no se pudo decir inmediatemante mucho de lo que se habr\u00eda querido decir. Y quiz\u00e1 lo que faltaba particularmente, y por eso me puse con esta novela, era una s\u00e1tira de todos los discursos \u00e9picos con los que se adorna la guerra. Porque discursos ideol\u00f3gicos, discursos en los que se humaniza la estupidez feros de la guerra, s\u00ed ha habido ya bastantes. Y yo decid\u00ed probar si pod\u00eda uno re\u00edrse de algo tan sacrosanto y tan solemne como la guerra civil espa\u00f1ola<\/p>\n<p>P.- Hola Jos\u00e9, cuando pensaste en escribir &#8220;La comedia salvaje&#8221; no tuviste miedo de la Guerra Civil Espa\u00f1ola? Quiero decir, no critico la elecci\u00f3n del contexto, tan solo pienso en tu valent\u00eda al tomar tal decision. Supongo que sabes que en Espa\u00f1a existe un general hartazgo de la Guerra Civil espa\u00f1ola y que, de primeras, esta novela no puede atraer mucho a los j\u00f3venes, cansados con tanto cine. &#8220;Cuanta, cuanta guerra&#8221; (Rodoreda dixit)<\/p>\n<p>R.- S\u00ed, sobre todo porque yo mismo ten\u00eda cierto hartazgo de la Guerra Civil como tema literario; pero uno no siempre elige lo que escribe; empec\u00e9 a obsesionarme con escribir una s\u00e1tira irrespetuosa y me puse a ello. POr lo general, habr\u00e1 sobre todo en los j\u00f3venes esa reacci\u00f3n de buff, otra vez la guerra civil. Pero curiosa, y felizmente, son los m\u00e1s j\u00f3venes los que mejor han reaccionado a la novela, me dicen que se han re\u00eddo mucho&#8230; quiz\u00e1 porque no tienen ese respeto excesivo hacia la leyenda sagrada de la Guerra Civil.<\/p>\n<p>P.- \u00bfPrev\u00e9 usted una pr\u00f3xima guerra civil ora en B\u00e9lgica ora en Espa\u00f1a?<\/p>\n<p>R.- Pues no, afortunadamente no la preveo. <\/p>\n<p>P.- \u00bfY m\u00e1s relatos? \u00bfPara cu\u00e1ndo habr\u00e1 m\u00e1s relatos? Es muy dif\u00edcil leer los dispersos.<\/p>\n<p>R.- Gracias por tu inter\u00e9s; mis relatos se pueden encontrar en el libro Qu\u00e9 raros son los hombres -se encuentra en bolsillo\u00b4-, y en 2010 se reeditar\u00e1 Mujeres que viajan solas. En cuanto a nuevos relatos, hab\u00eda empezado un libro que interrump\u00ed para escribir La comedia salvaje. Quiz\u00e1 lo retome ahora. Ah, se me olvidaba, tambi\u00e9n se encuentra un libro de relatos reciente, El sapo es un pr\u00edncipe, y viceversa, que es una versi\u00f3n algo perversa de cuentos cl\u00e1sicos o que podr\u00edan serlo.<\/p>\n<p>P.- Hola Jos\u00e9. Gracias por explicar tan bien lo que es el &#8220;fernweh&#8221;. Tengo 28 a\u00f1os y llevo los diez \u00faltimos saltando de pa\u00eds en pa\u00eds. En mi &#8220;pen\u00faltima&#8221; despedida, para exponer lo que me lleva a marchar cada vez, repart\u00ed fotocopias de tus &#8220;razones del viajero&#8221; que abren &#8220;China para Hipocondr\u00edacos&#8221;. A mis amigos les encantaron esas p\u00e1ginas y se convencieron de mi &#8220;necesidad&#8221; de partir. Este libro tuyo tiene ya unos diez a\u00f1os, \u00bfsigues sientiendo lo mismo? Y si es as\u00ed, \u00bfqu\u00e9 papel juega vivir en Bruselas?<\/p>\n<p>R.- S\u00ed, es una necesidad que no desparece, pero vivir en Bruselas, curiosamente, me est\u00e1 provocando en los \u00faltimos tiempos una a\u00f1oranza del hogar -heimweh- que desconoc\u00eda. Digo curiosamente porque no creo que el hogar exista ya para m\u00ed. Saludos desde la distancia.<\/p>\n<p>P.- \u00bfPuede la memoria de la guerra inventarse desde la ficci\u00f3n? \u00bfQu\u00e9 sentido tiene fabular la realidad cuando hay un mill\u00f3n de muertos de por medio?<\/p>\n<p>R.- Creo que la ficci\u00f3n no debe intentar suplantar a la Historia. No podemos decir que escribimos para contar lo que sucedi\u00f3 cuando nos lo estamos inventando. En la ficci\u00f3n relacionada con la memoria hist\u00f3rica no siempre se resuelve esa paradoja, y a menudo tiene uno la impresi\u00f3n de que el escritor no quer\u00eda hablar del pasado sino pronunciarse ideol\u00f3gicamente sobre el presente. Por eso en La comedia salvaje he dejado muy claro que es literatura, una novela, inventada&#8230; pero no puedo dejar de pensar que es como un espejo deformante: lo que ves no es la realidad, pero reconocemos la realidad en esa imagen excesiva&#8230; e incluso a lo mejor descubrimos rasgos que antes nos hab\u00edan pasado desapercibidos. Ahora bien, no creo que los muertos deban ponerse como contrapeso a la literatura. La ficci\u00f3n es una manera de acercarse a las tragedias. Y tambi\u00e9n la comedia cumple ese cometido.<\/p>\n<p>P.- Buenas tardes, \u00bfqu\u00e9 le ha aportado Bruselas a su literatura?<\/p>\n<p>R.- No lo s\u00e9; vivir fuera de Espa\u00f1a me ha aportado una distancia que quiz\u00e1 era necesaria para escribir un esperpento sobre la guerra, poder re\u00edrme -la comedia suele partir de una tragedia pero poniendo por medio distancia geogr\u00e1fica o temporal-; y, aunque no es el caso en La comedia salvaje, ha hecho que buena parte de mi obra tenga como tel\u00f3n de fondo diferentes pa\u00edses.<\/p>\n<p>P.- \u00bfAlg\u00fan autor joven espa\u00f1ol recomendable? Y no me refiero a Mallo, Manuel Vilas&#8230; he dicho joven&#8230;<\/p>\n<p>R.- Pregunta dif\u00edcil para m\u00ed, porque por vivir fuera de Espa\u00f1a, y supongo que tambi\u00e9n por mis intereses, leo m\u00e1s literatura extranjera que espa\u00f1ola. Entre los j\u00f3venes que he le\u00eddo \u00faltimamente y me han gustado est\u00e1n Mercedes Cebri\u00e1n, Elvira Navarro, Oscar Aibar \u00bfes joven Aibar?&#8230; y no s\u00e9 mucho m\u00e1s, pero tampoco me fijo demasiado en la edad de los escritores; me interesa mucho m\u00e1s la edad de su literatura.<\/p>\n<p>P.- \u00bfC\u00f3mo calificar\u00eda su estilo literario? \u00bfO no cree que pueda ser catalogado dentro de ninguna corriente? <\/p>\n<p>R.- No creo tener un estilo literario que abarque buena parte de mi obra, ni quiero. Procuro buscar el estilo que corresponde a cada historia que estoy contando. Ahora bien, supongo que un cr\u00edtico o alguien que siga mi trabajo a lo mejor puede entresacar elementos comunes. Pero lo que s\u00ed est\u00e1 claro es que, dejando de lado mi gusto por el humor negro, el estilo de La comedia salvaje se aleja bastante de lo que hab\u00eda hecho hasta ahora. Y no consigo identificar ninguna corriente en la que encajo&#8230; pero esas cosas se ven mejor desde fuera.<\/p>\n<p>P.- \u00bfCu\u00e1l es tu rutina a la hora de escribir? \u00bfPrefieres hacerlo en alguna hora del d\u00eda en concreto? \u00bfEn qu\u00e9 condiciones? Gracias, un saludo. <\/p>\n<p>R.- Escribo casi todos los d\u00edas, salvo que est\u00e9 de viaje; por la ma\u00f1ana y, si no estoy perezoso, tambi\u00e9n por la tarde. Las condiciones dependen de d\u00f3nde me encuentre. VAya, no sabr\u00eda decirte mucho m\u00e1s. Escribo, como puedo y cuando puedo, es todo.<\/p>\n<p>P.- \u00bfi pudiera retroceder en el tiempo, \u00bfqu\u00e9 episodio de la guerra, p\u00fablico o privado, le hubiera gustado contemplar?<\/p>\n<p>R.- Nunca he querido retroceder en el tiempo. El pasado suele ser un lugar m\u00e1s inh\u00f3spito que el presente, aunque a veces no nos lo parezca as\u00ed. Y desde luego no me gustar\u00eda retroceder hasta la guerra civil. Saludos<\/p>\n<p>P.- Mi estimado Jos\u00e9: No he tenido la oportunidad de leer esta novela, pero s\u00ed libros anteriores. A diferencia de algunos de tus cuentos, tus personajes (incluido t\u00fa en China) parecen encaminarse siempre hacia un viaje que es al mismo tiempo f\u00edsico e interno. \u00bfConsideras necesarios ambos o s\u00f3lo es tu forma de hacer part\u00edcipe al lector? Un saludo y un abrazo desde Monterrey, M\u00e9xico, a ver cu\u00e1ndo te vemos por ac\u00e1. <\/p>\n<p>R.- Hola, Pedro; cu\u00e1ntos a\u00f1os. Pues resulta que este libro tambi\u00e9n es la historia de un viaje, no un viaje de placer, desde luego, sino el de un individuo que recorre un pa\u00eds enloquecido. Creo que hacer que mis personajes se desplacen es una manera de llevarlos a situaciones en las que se sienten inseguros; es en esos momentos de inseguridad en los que me gusta sorprenderlos. Y desde luego el pobre Benjam\u00edn tiene todo el tiempo la sensaci\u00f3n de no saber qu\u00e9 terreno pisa. Ojal\u00e1 pueda volver pronto a Monterrey. Un abrazo<\/p>\n<p>P.- Hola, Jos\u00e9. De todas las ficciones que se han escrito sobre la Guerra Civil, \u00bfcu\u00e1les son tus preferidas y por qu\u00e9? Enhorabuena por tu novela, me ha parecido fant\u00e1stica. <\/p>\n<p>R.- Me han gustado particularmente La Higuera, de Pinilla, Capital de la Gloria, de Z\u00fa\u00f1iga, tambi\u00e9n un libro cuyo t\u00edtulo acabo de olvidar&#8230; de Oscar Esquivias, se trata de una trilog\u00eda de la que s\u00f3lo he le\u00eddo el primero -leer\u00e9 los otros dos-, y que es el \u00fanico libro sobre la guerra civil en el que encuentro cierta proximidad a lo que yo he hecho. Curiosamente no me gust\u00f3 Los girasoles ciegos, que tuvo un \u00e9xito inmenso, y est\u00e1 muy bien escrito, pero que repite esas im\u00e1genes t\u00f3picas del cura malcado, de los fascistas malos, remalos&#8230; \u00bfhay que repetir una y otra vez esa visi\u00f3n simplista para que no sospechen que somos del otro bando o que tenemos un enfoque revisionista? Saludos<\/p>\n<p>P.- Hola Jos\u00e9, \u00bfcuesta mantenerse fiel a s\u00ed mismo y nadar contras todas las corrientes, incluso la nacionalista? Una profe desde la periferia nacionalista<\/p>\n<p>R.- Digamos que s\u00ed, que cuesta, pero a ratos es muy divertido. El nacionalismo es un buen tema para la s\u00e1tira porque suele ser tremendamente solemne, los discursos tienen una untusoidad religiosa y son involuntariamente rid\u00edculos. Por supuesto no hablo s\u00f3lo de los &#8220;nacionalismos perif\u00e9ricos&#8221;, sino de todos; un nacionalismo que responde a que un grupo de personas en un territorio consideran que sus intereses no est\u00e1n suficientemente representados por el Estado central me parece perfectamente digno; pero el nacionalismo que habla de pueblos, razas, car\u00e1cter nacional, tradici\u00f3n com\u00fan&#8230; me suele dar risa; y a menudo da lugar a escenas ins\u00f3litas como que un pol\u00edtico vaya a postrarse ante la tumba de alguna estatua&#8230; En fin, en La comedia salvaje lo he pasado bien reproduciendo frases literales de los te\u00f3ricos nacionalistas que, puestas una detr\u00e1s de otra, resultan, cuando menos, rid\u00edculas.<\/p>\n<p>P.- \u00bfQu\u00e9 autores actuales del panorama internacional te merecen m\u00e1s respeto?<\/p>\n<p>R.- Ahora mismo los dos autores que m\u00e1s me interesan son dos estadounidenses: Don DeLillo y Philip Roth. Saludos<\/p>\n<p>P.- \u00bfQu\u00e9 mensaje ha querido transmitir en su nuevo libro? <\/p>\n<p>R.- Yo creo que el mensaje no debe estar en el libro sino en la cabeza del lector. Yo propongo una serie de escenas que creo que deben hacer pensar o sentir al lector, me gusta confrontarlo con sus emociones y con sus prejuicios; en esta novela, concretamente, me interesaba jugar con la ideolog\u00eda del lector -y con la m\u00eda-. \u00bfsoy capaz de re\u00edrme s\u00f3lo del otro o tambi\u00e9n de m\u00ed mismo? \u00bfEstoy dispuesto a poner en tela de juicio mi comprensi\u00f3n de la historia, a examinar las simplificaciones que todos utilizamos para juzgar el pasado? Me interesa preguntar, no dar lecciones. Saludos<\/p>\n<p>P.- Quiz\u00e1 es una pregunta complicada, pero&#8230; \u00bfQu\u00e9 libro de la historia de la literatura le gustar\u00eda haber escrito? Gracias!<\/p>\n<p>R.- Lo complicado en realidad es elegir, porque hay muchos: Desgracia, de Coetzee; Don Quijote de la Mancha; Escuela de Mandarines; Underworld, de Don DeLillo; Matadero 5&#8230; Pero tendr\u00e9 que seguir escribiendo los m\u00edos.<\/p>\n<p>P.- Ya que antes nos has dicho algunos autores j\u00f3venes espa\u00f1oles que sigues, \u00bfqu\u00e9 otros nombres nos podr\u00edas dar (en esta ocasi\u00f3n, de cualquier edad)?<\/p>\n<p>R.- Pues precisamente acabo de leer a Vilas, al que mencionabas antes, cuya obra no conoc\u00eda; Aire nuestro me ha parecido muy bueno; se me ocurren, as\u00ed, a bote pronto, otros como Fernando Royuela, Emilio Gavilanes -El r\u00edo-&#8230; y si tuviese m\u00e1s tiempo se me ocurrir\u00edan muchos m\u00e1s.<\/p>\n<p>P.- \u00bfNovela o relato corto?<\/p>\n<p>R.- Los dos, no hay raz\u00f3n para descartar ninguno de los dos g\u00e9neros. Al principio escrib\u00eda muchos m\u00e1s relatos, ahora estoy m\u00e1s centrado en la novela, pero volver\u00e9 seguro al relato corto.<\/p>\n<p>P.- \u00bfEn qu\u00e9 lugar entra el humor en una historia sobre la guerra civil? Un saludo y enhorabuena por su \u00e9xito<\/p>\n<p>R.- El humor es parte fundamental de La comedia salvaje; un humor de espejo deformante, a veces cruel, a veces tierno. A pesar del adjetivo &#8220;salvaje&#8221;, la novela es realmente una comedia, quiz\u00e1 no de partirse de risa, pero s\u00ed de sonre\u00edr con frecuencia&#8230; a veces ante escenas de las que no nos gustar\u00eda re\u00edrnos.<\/p>\n<p>P.- \u00bfImaginas alguno de tus libros llevado al cine? <\/p>\n<p>R.- Como hago, creo, una literatura muy visual, no me resulta dif\u00edcil imaginarme mis libros como pel\u00edculas&#8230;, pero alto, eso es una trampa: cuando lo pienso bien, me doy cuenta de que hay cosas -el ritmo, la forma de expresi\u00f3n del narrador, las im\u00e1genes incompletas que deben terminarse en la cabeza del lector (el cine tiende a mostrarlo todo) y muchas otras cosas que no es f\u00e1cil pasar al cine. No estoy de acuerdo con quien dice que una buena novela es aquella que no puede convertirse en pel\u00edcula, pero s\u00ed creo que lo escrito aporta Dicho esto, hay dos guiones escritos a partir de novelas m\u00edas. Quiz\u00e1 las veamos alg\u00fan d\u00eda en la pantalla.<\/p>\n<p>P.- \u00bfVolver\u00e1 a Espa\u00f1a? \u00bfO una vez que se ha salido fuera es dif\u00edcil volver?<\/p>\n<p>R.- Voy mucho a Espa\u00f1a, pero no me planteo ir a vivir all\u00ed de manera permanente. Ni siquiera podr\u00eda hablar de una vuelta, porque salvo los primeros a\u00f1os despu\u00e9s de marcharme, he regresado con frecuencia. Adem\u00e1s, viviendo en el extranjero, me ahorro asistir en primera fila a parte de nuestra actualidad pol\u00edtica. Prefiero seguirla desde lejos.<\/p>\n","protected":false},"excerpt":{"rendered":"<p>En la nueva novela del madrile\u00f1o Jos\u00e9 Ovejero, la misi\u00f3n del protagonista es ni m\u00e1s ni menos que detener la Guerra Civil. A lo largo de la particular aventura del personaje se encontrar\u00e1 con seres estramb\u00f3ticos y apariciones delirantes que le har\u00e1n pensar que se ha vuelto loco. M\u00e1s que un libro sobre la Guerra Civil, se trata de un libro sobre todas las guerras. Jos\u00e9 Ovejero, autor de La comedia salvaje, ha charlado con los lectores sobre su nueva novela y el resto de su obra.<br \/>\nCr\u00edtica del libro en BABELIA<br \/>\nPrimer cap\u00edtulo de La comedia salvaje<br \/>\nLEE AQU\u00cd OTROS ENCUENTROS DEL CICLO BABELIA:<br \/>\nLuis Landero<br \/>\nA. Vi\u00f1as y F. Hern\u00e1ndez &#8211; Yuri Herrera<br \/>\nFernando Iwasaki &#8211; Luis Mateo D\u00edez<br \/>\nBel\u00e9n Gopegui &#8211; Juan Goytisolo<br \/>\nRafael Gumucio &#8211; Domingo Villar<br \/>\nAlicia Gim\u00e9nez Bartlett &#8211; Fogwill<\/p>\n","protected":false},"author":1,"featured_media":0,"comment_status":"open","ping_status":"open","sticky":false,"template":"","format":"standard","meta":{"footnotes":""},"categories":[],"tags":[],"class_list":["post-9137","post","type-post","status-publish","format-standard","hentry"],"_links":{"self":[{"href":"https:\/\/intervius.com\/index.html\/wp-json\/wp\/v2\/posts\/9137","targetHints":{"allow":["GET"]}}],"collection":[{"href":"https:\/\/intervius.com\/index.html\/wp-json\/wp\/v2\/posts"}],"about":[{"href":"https:\/\/intervius.com\/index.html\/wp-json\/wp\/v2\/types\/post"}],"author":[{"embeddable":true,"href":"https:\/\/intervius.com\/index.html\/wp-json\/wp\/v2\/users\/1"}],"replies":[{"embeddable":true,"href":"https:\/\/intervius.com\/index.html\/wp-json\/wp\/v2\/comments?post=9137"}],"version-history":[{"count":0,"href":"https:\/\/intervius.com\/index.html\/wp-json\/wp\/v2\/posts\/9137\/revisions"}],"wp:attachment":[{"href":"https:\/\/intervius.com\/index.html\/wp-json\/wp\/v2\/media?parent=9137"}],"wp:term":[{"taxonomy":"category","embeddable":true,"href":"https:\/\/intervius.com\/index.html\/wp-json\/wp\/v2\/categories?post=9137"},{"taxonomy":"post_tag","embeddable":true,"href":"https:\/\/intervius.com\/index.html\/wp-json\/wp\/v2\/tags?post=9137"}],"curies":[{"name":"wp","href":"https:\/\/api.w.org\/{rel}","templated":true}]}}