{"id":9121,"date":"2009-11-17T00:00:00","date_gmt":"2006-11-06T00:00:00","guid":{"rendered":"https:\/\/intervius.com\/index.html\/?p=9121"},"modified":"2006-11-06T00:00:00","modified_gmt":"2006-11-06T00:00:00","slug":"Inako_Diaz_Guerra9121","status":"publish","type":"post","link":"https:\/\/intervius.com\/index.html\/Inako_Diaz_Guerra9121\/","title":{"rendered":"I\u00f1ako D\u00edaz Guerra"},"content":{"rendered":"<p>Pregunta.- Hola I\u00f1ako, compa\u00f1ero, qu\u00e9 mal vienen estos parones de Liga. \u00bfQu\u00e9 atleti crees que nos vamos a encontrar contra el Depor?<\/p>\n<p>Respuesta.- Bueno, a m\u00ed no me vienen tan mal porque es cuando me puedo coger vacaciones, pero s\u00ed, son un pe\u00f1azo y cortan totalmente el ritmo. Sin embargo, al Atleti creo que le deber\u00eda haber venido bien, porque Quique se ha quedado con suficientes futbolistas en Madrid como para aprovechar el tiempo y meterles m\u00e1s sus sistemas, sobre todo, el defensivo. Pese a las derrotas con Athletic y Madrid, al equipo se le estaba viendo mejor y lo suyo es que contra el Depor siga dicha mejor\u00eda. M\u00e1s vale<\/p>\n<p>P.- Si se confirma, somos la hostia I\u00f1ako&#8230; el chori dominguez es uno de esos grandes jugadores que han estado tanto tiempo en Rusia por la pasta. Es muy bueno, pero como llegar\u00eda libre, la pasta que pedir\u00e1 ser\u00e1 curiosa. Vamos, que habr\u00e1 que pagarle un pastizal a un jugador que vendr\u00e1 con 28 a\u00f1os a firmar su \u00faltimo gran contrato profesional. \u00bfSolucionar\u00e1 las carencias del atleti? Rot\u00fandamente no. Eso s\u00ed, cada vez que el Kun o Forl\u00e1n vayan al banquillo por Dominguez, se liar\u00e1 parda. Y no nos enga\u00f1emos, ser\u00e1 buena culpa de la prensa, que pondr\u00e1 en tela de juicio la suplencia de cualquiera de los dos.Ya que no tenemos un duro, \u00bfpor qu\u00e9 no nos ahorramos ese dinero para la temporada que viene o para alguna cesi\u00f3n de garant\u00edas que pueda enmendar el enorme descosido del equipo en medio campo y en los laterales? <\/p>\n<p>R.- Bueno, hay muchos casos de fichajes ya maduritos que han resultado muy rentables: Schuster, Pantic, Forl\u00e1n, Simao&#8230; As\u00ed que el tema de la edad no me parece tan grave. Lo de la posici\u00f3n s\u00ed es un poco incomprensible. Est\u00e1 bien aprovechar las oportunidades que da el mercado y es obvio que Sinama no da la talla, pero con Kun y Forl\u00e1n no tiene mucho sentido gastar en otro punta salvo que ya se est\u00e9 preparando la salida de uno de los dos en junio. Es similar al caso Asenjo. Pueden ser buenos fichajes, pero no necesarios. Y mientras seguimos con los peores laterales de Primera. No se entiende muy bien<\/p>\n<p>P.- Buenos dias colchonero. Estas son mis preguntas de hoy. Que te parece el equipo de psicologos que ha traido Quique para la plantilla?. Crees que influir\u00e1n en el rendimiento de la plantilla?. Y mi otra pregunta es, que te pareci\u00f3 que en el centenario de la seleccion y por primera vez en un partido de la seleccion espa\u00f1ola jugado en el Calderon no haya sido ni tan siquiera convocado un jugador del Atleti?. Habias caido en ese dato?. Por lo menos fu\u00e9 Maxi Rodriguez el unico que tuvo una representaci\u00f3n del Atleti en el partido, no?.<\/p>\n<p>R.- Bueno, supongo que todo ayuda, aunque esta organizaci\u00f3n me da un rollo secta extra\u00f1o que asusta un poco. No s\u00e9, suenan m\u00e1s a autoayuda que a psicolog\u00eda y yo no creo mucho en esas cosas. Veremos. Pero, vamos, es obvio que media plantilla del Atleti est\u00e1 de los nervios as\u00ed que por intentarlo no se pierde nada. En cuanto a lo de la Selecci\u00f3n, ya es habitual. Tambi\u00e9n ganamos la Eurocopa sin ning\u00fan atl\u00e9tico en el equipos. Pero mientras est\u00e9 Torres nos sentiremos representados. Hay m\u00e1s sentimiento de pertenencia al Atleti en Torres que al Madrid, por ejemplo, en Albiol o Xabi. En cualquier caso, esta Espa\u00f1a es del Bar\u00e7a<\/p>\n<p>P.- Muy buenas titan, Maxi titular en Argentina?, pero si ese chico esta acabadito, no crees que seria posible venderle y traer a alguien joven?, a quien traerias?, crees en su recuperacion?. Por otro lado el lunes 30 de Noviembre, a las 19:00 en la junta municipal de Usera sera la ceremonia de entrega a los campeones de las distintas categor\u00edas. Ahi nos haran entrega como campeones al Glorioso Union Birra, porque no te pasas y te tomas unas birras?.<\/p>\n<p>R.- Esta convocatoria de Argentina ha sido un poco peculiar, con todo jugadores que est\u00e1n en Europa, si no me equivoc\u00f3. As\u00ed que faltaban muchis habituales y jugaron otros como Maxi que ni siquiera fueron convocados para los partidos, esos s\u00ed vitales y significativos, de Per\u00fa y Uruguay. No creo que Maxi sea un fijo para el Mundial. Yo no creo que nunca vuelva a ser el que fue, aunque es un futbolista \u00fatil. EN cualquier caso, lo ideal ser\u00eda venderle y reinvertir. pero acaba contrato, as\u00ed que a partir de enero puede firmar con otro club para irse gratis en junio. El Atleti anda d\u00e1ndole vueltas a renovarle para no perderle por nada, pero si \u00e9l intuye que le van a firmar ahora para venderle en junio, supongo que no firmar\u00e1. Una situaci\u00f3n complicada y mal gestionada. Hab\u00eda que haberle vendido en verano, ahora la fuerza la tiene \u00e9l<\/p>\n<p>P.- Hola I\u00f1ako!! No te parece una tomadura de pelo de tu amigo Pitarch, que se hable del mercado de invierno y los posibles fichajes sean el Chori Dominguez y Fran Merida. Son buenos jugadores y vendr\u00edan casi gratis, pero si estamos tiesos porque no gastamos lo poco que haya en un central y un lateral??? Esos dos son buenos pero vendr\u00edan a chupar banquillo, porque su puesto est\u00e1 bien cubierto.<\/p>\n<p>R.- Bueno, son casos distintos por edad y posici\u00f3n. Dom\u00ednguez tiene 28 y a Kun y Forl\u00e1n por delante. M\u00e9rida es un poyecto interesant\u00edsimo y podr\u00eda, por ejemplo, ocupar el puesto en la banda contraria a Simao, que no tiene due\u00f1o fijo, o entrar en algunos momentos en el medio si Quique se atreve a probar con un \u00fanico pivote. Yo lo de Fran M\u00e9rida si lo veo.<\/p>\n<p>P.- Hola I\u00f1ako. Por fortuna, viendo jugar a Espa\u00f1a, uno puede ser feliz viendo ganar a su equipo, adem\u00e1s de ver buen f\u00fatbol. Supongo que eso es lo que viven casi siempre los aficionados del Barcelona, no como nosotros, tristes atl\u00e9ticos que ni ganamos , ni jugamos, ni siquiera peleamos como la dura Argentina. \u00bf no sientes , como yo , verg\u00fcenza al no ver ni uno s\u00f3lo de nuestros jugadores con nivel para estar en la mejor Roja de la Historia ? Fiel reflejo de la realidad de nuestro equipo, \u00bf no crees ? Saludos y gracias. <\/p>\n<p>R.- No tenemos nada de que avergonzarnos, s\u00f3lo faltaba. Que se averg\u00fcencen los dirigentes que han hecho este equipo. Yo lo que siento es hast\u00edo<\/p>\n<p>P.- Hola crack!!&#8230;.Mi hermano y yo somos del Atleti y mi padre del Madrid, y mi hermano siempre me dice que no haga caso a mi padre que nosotros somos un grande. No se lo discuto ni mucho menos pero en mi vida todavia no he celebrado un titulo del Atleti como dios manda( tengo 19 a\u00f1os) y tengo ya ganitas, crees que tenemos posibilidades tanto en Copa como en Europa League ( si nos clasificamos ) gracias crack!<\/p>\n<p>R.- Son dos competiciones ganables, cosa que no son la Champions y la Liga. Pero para pelearlas de verdad es fundamental que antes se enderece el rumbo en le Liga, porque si no la cabeza va a estar en otra parte. Siempre digo que con Kun (y Forl\u00e1n cuando vuelva) en el campo, el Atleti puede ganar a cualquiera a doble partido. Aunque, claro, con Perea y Antonio L\u00f3pez puede perder con cualquiera tambi\u00e9n. En cualquier caso, yo si fuera t\u00fa, lo que celebrar\u00eda noche tras noche es tener 19 a\u00f1os. <\/p>\n<p>P.- I\u00f1ako,sin necesidad de respuesta, a mi me gustaba mucho el blog en su formaci\u00f3n original, y eso que no soy colchonero. un poquito del atleti, una pizca de antimadridismo bien expuesta, m\u00fasica, cine, algo de literatura y f\u00fatbol. Nunca he leido los comentarios, porque son demasiados, pero imagino el estilo con lo que pusiste la \u00faltima vez. En fin, que espero que lo retomes con fuerza y asiduamente, porque era una buena manera de entretenerse y de leer algo de periodismo divertido, bueno y desenfadado<\/p>\n<p>R.- S\u00ed, tengo esa intenci\u00f3n, aunque estas vacaciones han vuelto a hacerme incumplir mis prop\u00f3sitos de escribir con una frecuencia establecida. En cuanto a los comentarios, lo que pas\u00f3 es que lo que era una parte del tema, la cr\u00edtica merecida a la gesti\u00f3n del club, acab\u00f3 comi\u00e9ndose a casi todos los dem\u00e1s temas y eso no me gust\u00f3. Pero yo tambi\u00e9n tuve buena parte de culpa en el par\u00f3n, porque soy muy disperso y me cuesta hacer algo si no me apetece o con una frecuencia fija. Intentar\u00e9 lograrlo esta vez<\/p>\n<p>P.- Hola I\u00f1ako&#8230;que va a pasar en A Coru\u00f1a&#8230;? \u00bfGanaremos? \u00bfjugara r garcia o cleber?<\/p>\n<p>R.- Es un partido dif\u00edcil de pronosticar porque los parones siempre provocan que en las jornadas posteriores pasen cosas extra\u00f1as. No tengo un favorito, la verdad. En cuanto a lo otro, creo sinceramente que Cl\u00e9ber se ha ganado por juego el ser titular por delante de Ra\u00fal. Pese a su error en el gol de Kak\u00e1, fue de los mejores en el derbi. Si Quique piensa lo mismo o no, es pronto para saberlo<\/p>\n<p>P.- \u00bfC\u00f3mo se explican las decadencias r\u00e1pidas de determinados jugadores? Me refiero a casos como el de Antonio L\u00f3pez. Cierto, nunca fu\u00e9 un megacrack, pero hace relativamente poco tiempo era titular de la selecci\u00f3n, y una figura respetada. Tampoco da la sensaci\u00f3n de ser un caso &#8220;similar al de Ronaldinho&#8221;. \u00bfQu\u00e9 opinas? La verdad es que no s\u00f3lo aplica a Antonio L\u00f3pez, tambi\u00e9n podr\u00eda ser el caso de Pern\u00eda, Perea, Luis Garc\u00eda&#8230;<\/p>\n<p>R.- Yo lo veo al rev\u00e9s. Creo que en estos casos que nombras no ha sido una decadencia r\u00e1pida sino un encumbramiento prematuro. Casi cualquier futbolista profesional ha tenido un a\u00f1o bueno, pero hay que distinguir cuando es un accidente y cuando su nivel real. Como todos, aficionados y periodistas, estamos deseando crear \u00eddolos, a menudo asumimos que \u00e9se va a ser su nivel real y constante y luego pasa lo que pasa. El caso de Luis Garc\u00eda es diferente, como el de Maxi. Muy pocos futbolistas vuelven a su m\u00e1ximo nivel tras una operaci\u00f3n de rodilla, mucho menos los que ten\u00edan en la velocidad una de sus armas principales.<\/p>\n<p>P.- Buenas macho.Una pregunta un poco rara, c\u00f3mo es, f\u00edsicamente la redacci\u00f3n del AS? Como redactor jefe del Atleti tienes despacho? O est\u00e1s en plan en un pool\/staff y muy poca pe\u00f1a tiene despacho? (tu pantalla dar\u00e1 a una pared,por lo menos, no?). Es en plan el Baltimore Sun? Qui\u00e9n ser\u00eda Gus? Gracias, troner. Un abrazo <\/p>\n<p>R.- Es un espacio abierto con las t\u00edpicas mesas que son un espacio largo com\u00fan en medio con los ordenadores saliendo a a los lados, en cada lado mirando para un lado. S\u00f3lo tienen despacho el director y el director adjunto y mesa propia separada los subdirectores. A m\u00ed me gusta as\u00ed, el rollo es mucho mejor y curro todo el d\u00eda a lado de mis amigos. Y s\u00ed, mi pantalla da a la pared.<\/p>\n<p>P.- Hola I\u00f1ako&#8230;como ves de posible fichar en diciembre a Fran Merida, Salvio y Fanni&#8230; a mi me parece que serian buenas incorporaciones pero no tenog mucha fe en que fichen algo decente&#8230;danos algo de luz&#8230;y siempre Atleti !<\/p>\n<p>R.- Lo de Fran M\u00e9rida no tendr\u00edas mucho sentido ahora. Lo suyo ser\u00eda firmarle el msmo 1 de enero, que ya puede, y esperar a que venga gratis en junio en vez de pagar ahora. No es un refuerzo vital para esta temporada. Lo de Salvio no lo veo, es muy caro para enero. Y un lateral vendr\u00e1, creo yo, seguro. <\/p>\n<p>P.- Buenas I\u00f1ako. Me gustar\u00eda saber cu\u00e1l ha sido el mejor l\u00edbero (bajo tu punto de vista) qe a tenido el atleti??saludos!<\/p>\n<p>R.- Desde que yo tengo uso de raz\u00f3n, el Atleti ha jugado con defensa de cuatro, con dos centrales, sin libero. PEro como l\u00edder de la defensa y amo de las ayudas al compa\u00f1ero, el mejor ha sido Soloz\u00e1bal. Le iban cambiando la pareja y siempre parec\u00eda que el de su lado, fuera L\u00f3pez, Santi o cualquiera, era buen\u00edsimo. El tema es que el bueno era \u00e9l<\/p>\n<p>P.- Hola I\u00f1ako, a lo mejor es un poco pronto para esta afirmaci\u00f3n, pero creo que por primera vez en 4 a\u00f1os el Atleti empieza a estar trabajado t\u00e1cticamente y los jugadores se colocan mejor en el campo.Aguirre solo motivador, Abel solo de casa y a Quique le tengo fe.Ahora solo falta que se atreva con Dom\u00ednguez. Saludos.<\/p>\n<p>R.- Coincido con tu idea. T\u00e1cticamente, Quique es el mejor entrenador que tiene el Atleti desde hace mucho<\/p>\n<p>P.- Buenas I\u00f1ako. Una preguntita nada mas explicame el tema de Nacho Camacho, \u00bfporque no cuenta para ningun t\u00e9cnico? \u00bfque es lo que se oye de temas extradeportivos? salvo al equipo con su coraje hace 2 a\u00f1os y ahora no cuenta para nadie. Un saludo<\/p>\n<p>R.- Sigo pensando que con Camacho se cre\u00f3 un mito exagerado. La gente estaba tan necesitada de \u00eddolos que le elev\u00f3 a los altares con 4 o 5 partidos. Siempre pasa cuando sube un chico de la cantera,tendemos a precipitarnos. Camacho es un buen proyecto, que no termina de arrancar. Pero no es Torres. Necesita tiempo y minutos. Una cesi\u00f3n ser\u00eda lo mejor para que sepamos si de verdad es para el Atleti o es Gabi <\/p>\n<p>P.- I\u00f1ako&#8230; montamos un circo y nos crecen los enanos&#8230; ahora lo que faltaba, Gripe A en el equipo&#8230; \u00bfCrees que vamos a salir del bache? Porque no hacen m\u00e1s que ponernos la zancadilla<\/p>\n<p>R.- Vamos, \u00bfalguien ten\u00eda alguna duda de cu\u00e1l ser\u00eda el primer equipo de Primera en pillar la Gripe A? Pero, en cualquier caso, es una an\u00e9cdota mientras no afecte a media plantilla en d\u00eda de partido. Si hasta el EStu est\u00e1 saliendo del hoyo&#8230;<\/p>\n<p>P.- He visto el mundial juvenil y creo que,a pesar de que algunos como Isco,Sarabia parecen mas brillantes,KOKE est\u00e1 mas hecho y es mejor jugador que ellos.Me parece un nuevo Senna o Busquets\u00bfno crees que deber\u00eda jugar en lugar de Assunsao?<\/p>\n<p>R.- A esto me refer\u00eda en la pregunta de CAmacho. S\u00ed, Koke tiene toda la pinta de ir a ser el mediocentro titular del Atleti a medio plazo, a m\u00ed tambi\u00e9n me parece un proyecto de enorme futbolista. Pero \u00a1no!. No tiene sentido que un ni\u00f1o de 17 a\u00f1os sea a partir de ma\u00f1ana titular por delante de Assun\u00e7ao. Hasta Torres, \u00a1\u00a1\u00a1Torres!!!, fue suplente de Correa y Diego Alonso. As\u00ed que demos a las cosas su tiempo si no queremos quemarlas<\/p>\n<p>P.- Hello I\u00f1ako!un par de cuestiones&#8230;1-V\u00edctor Vald\u00e9s,ese portero tan criticado&#8230;\u00bfno te parece uno de los personajes m\u00e1s infravalorados del f\u00fatbol? 2-\u00bfpor qu\u00e9 los medios criticaron tanto a Ibra antes de verle con el Bar\u00e7a?\u00bfy por qu\u00e9 demonios un tipo con sus posibilidades todavia no ha llegado a su punto maximo? 3-Maxi,\u00bfde que juega?\u00bfo a qu\u00e9 juega?,o m\u00e1s bien \u00bfa que se dedica?<\/p>\n<p>R.- 1. S\u00ed, es que por su actitud resulta antip\u00e1tico, pero es un gran portero. No al nivel de Casillas, pero s\u00ed al de Reina. 2. Pues supongo que en Barcelona se le critic\u00f3 porque, al fin y al cabo, ech\u00f3 a un mito como Etoo y en Madrid porque a algo hab\u00eda que aferrarse para pensar que el Bar\u00e7a iba a empeorar y fue a lo de Ibrahimovic no har\u00e1 los goles de Etoo. Pero, vamos, yo no ten\u00eda ninguna duda de \u00e9l y ya lo escrib\u00ed. Es uno de los 5 mejores delanteros del mundo y yo s\u00ed creo que explota todas sus cualidades. En Italia ha sido pichichi y l\u00edder de un Inter campe\u00f3n y aqu\u00ed no lleva mal camino. Lo que sucede es que jugando con Suecia al final le falta algo de foco internacional. Eso y que tiene cierta tendencia a desaparecer en partidos grandes. 3. Es un llegador y nada m\u00e1s<\/p>\n<p>P.- Hola I\u00f1ako. C\u00f3mo son los vuelos de regreso despues de un partido? Habl\u00e1is jugadores y prensa? Hay buen rollito?<\/p>\n<p>R.- Yo ahora ya no viajo con el equipo, van Picu, Jorge o Cas\u00e1\u00f1ez. Pero las cosas no han cambiado respecto a cuando s\u00ed iba. Depende mucho del resultado y de las relaciones personales que se van creando entre jugadores y periodistas concretos. Si han ganado, est\u00e1n maj\u00edsimos. Si no, se ponen el iPod y pasan a tu lado sin mirar. Es l\u00f3gico.<\/p>\n","protected":false},"excerpt":{"rendered":"<p>El redactor del Diario AS I\u00f1ako D\u00edaz-Guerra analiza cada semana la situaci\u00f3n del Atl\u00e9tico de Madrid. El periodista ha charlado con los lectores sobre la situaci\u00f3n deportiva que atraviesa Atl\u00e9tico de Madrid as\u00ed como del resto de novedades que afectan al club colchonero, tanto en la Liga como en Europa.<\/p>\n<p>ARCHIVO DE ENTREVISTAS:<\/p>\n<p>href=&#8221;http:\/\/www.as.com\/edigitales\/entrevista\/Inako-Diaz-Guerra-5926&#8243;>10 de noviembre &#8211; 6 de noviembre &#8211; 3 de noviembre &#8211; 27 de octubre &#8211; 20 de octubre &#8211; 13 de octubre &#8211; 06 de octubre &#8211; 29 de septiembre &#8211; 22 de septiembre &#8211; 15 de septiembre &#8211; 08 de septiembre &#8211; 01 de septiembre &#8211; 25 de agosto &#8211; 18 de agosto &#8211; 11 de agosto &#8211; 27 de julio &#8211; 21 de julio &#8211; 14 de julio &#8211; 07 de julio &#8211; 30 de junio &#8211; 23 de junio &#8211; 16 de junio &#8211; 09 de junio &#8211; 02 de junio -26 de mayo -19 de mayo &#8211; 12 de mayo &#8211; 05 de mayo &#8211; 28 de abril &#8211; 21 de abril &#8211; 14 de abril &#8211; 07 de abril &#8211; 24 de marzo &#8211; 17 de marzo &#8211; 10 de marzo &#8211; 3 de marzo &#8211; 24 de febrero &#8211; 10 de febrero &#8211; 17 de febrero &#8211; 13 3 de enero &#8211; 2 3 de diciembre &#8211; 2 de diciembre &#8211; 25 de noviembre &#8211; 4 de noviembre &#8211; 18 de noviembre &#8211; 4 de noviembre &#8211; 11 de noviembre &#8211; 4 de noviembre &#8211; 24 de octubre &#8211; 7 de octubre &#8211; 30 de septiembre &#8211; 23 de septiembre &#8211; 16 de septiembre <\/p>\n","protected":false},"author":1,"featured_media":0,"comment_status":"open","ping_status":"open","sticky":false,"template":"","format":"standard","meta":{"footnotes":""},"categories":[],"tags":[],"class_list":["post-9121","post","type-post","status-publish","format-standard","hentry"],"_links":{"self":[{"href":"https:\/\/intervius.com\/index.html\/wp-json\/wp\/v2\/posts\/9121","targetHints":{"allow":["GET"]}}],"collection":[{"href":"https:\/\/intervius.com\/index.html\/wp-json\/wp\/v2\/posts"}],"about":[{"href":"https:\/\/intervius.com\/index.html\/wp-json\/wp\/v2\/types\/post"}],"author":[{"embeddable":true,"href":"https:\/\/intervius.com\/index.html\/wp-json\/wp\/v2\/users\/1"}],"replies":[{"embeddable":true,"href":"https:\/\/intervius.com\/index.html\/wp-json\/wp\/v2\/comments?post=9121"}],"version-history":[{"count":0,"href":"https:\/\/intervius.com\/index.html\/wp-json\/wp\/v2\/posts\/9121\/revisions"}],"wp:attachment":[{"href":"https:\/\/intervius.com\/index.html\/wp-json\/wp\/v2\/media?parent=9121"}],"wp:term":[{"taxonomy":"category","embeddable":true,"href":"https:\/\/intervius.com\/index.html\/wp-json\/wp\/v2\/categories?post=9121"},{"taxonomy":"post_tag","embeddable":true,"href":"https:\/\/intervius.com\/index.html\/wp-json\/wp\/v2\/tags?post=9121"}],"curies":[{"name":"wp","href":"https:\/\/api.w.org\/{rel}","templated":true}]}}