{"id":910,"date":"2006-11-29T00:00:00","date_gmt":"2006-11-06T00:00:00","guid":{"rendered":"https:\/\/intervius.com\/index.html\/?p=910"},"modified":"2006-11-06T00:00:00","modified_gmt":"2006-11-06T00:00:00","slug":"Arturo_Canalda910","status":"publish","type":"post","link":"https:\/\/intervius.com\/index.html\/Arturo_Canalda910\/","title":{"rendered":"Arturo Canalda"},"content":{"rendered":"<p>Pregunta.- \u00bfQu\u00e9 derechos debe tener todo menor?<\/p>\n<p>Respuesta.- Hola Nuria. Los derechos de los menores est\u00e1n contemplados en la Convenci\u00f3n de los Derechos del Ni\u00f1o. Adem\u00e1s de en otras normas nacionales e internacionales. Hacen referencia al derdcho a la Educaci\u00f3n, a la Salud, a una especial protecci\u00f3n por el hecho de ser ni\u00f1os, etc. <\/p>\n<p>P.- \u00bfPor qu\u00e9 no se defiende a los menores de su madre o padre que se aprovechan para inducirle a decir cosas del otro que nunca han dicho ni hecho?<\/p>\n<p>R.- Hola Javier. La pregunta queme haces se refiere al denominado Sindrome de Alienaci\u00f3n Parental y desde la Instituci\u00f3n del Defensor del Menor trabajamos activamente para que esto no ocurra. Es precisamenteen las separaciones traum\u00e1ticas donde m\u00e1s se da esta circunstancia y ese es un eje fundamental de nuestra actuaci\u00f3n para los pr\u00f3ximos a\u00f1os<\/p>\n<p>P.- Desde hace 6 a\u00f1os mi hijo sufre acoso por parte de un ni\u00f1o de 12 a\u00f1os, (mi hijo tiene 11). Legalmente, \u00bfno se puede hacer nada?. \u00bfQui\u00e9n es el responsable de los da\u00f1os psicol\u00f3gicos, d\u00e9ficit de atenci\u00f3n, nerviosismo, miedo, etc&#8230; que padece mi hijo?. \u00bfD\u00f3nde puedo acudir para protegerlo fuera del \u00e1mbito domiciliario?. \u00bfC\u00f3mo lo protego cuando tiene que ir al instituto, a hacer recados, etc&#8230;?. \u00bfPor qu\u00e9 nos sentimos tan indefensos?. Gracias<\/p>\n<p>R.- Ya se est\u00e1n dando pasos importantes. La reforma de la Ley del Menor contempla como delito supuestos como el que describes. En todo caso es muy importante denunciarlo en el colegio e intentar establecer cauces de comunicaci\u00f3n que nos permitan saber qu\u00e9 est\u00e1 sucediendo. Nuestra Instituci\u00f3n es un lugar perfecto para que hechos como el que describes sean denunciados!<\/p>\n<p>P.- \u00bfTiene miedo de su nuevo cargo? \u00bfSe da cuenta de la enorme responsabilidad que tiene al frente? <\/p>\n<p>R.- No tengo miedo. Si acaso un sentimiento de profundo respeto y sobre todo de gran responsabilidad. Hay que trabajar mucho por los menores, por dar voz a quien no la tiene.<\/p>\n<p>P.- \u00bfQu\u00e9 hacer para combatir las bandas latinas de Madrid? \u00bfY los ni\u00f1os rumanos que roban impunemente en metro, terrazas, calles, etc? Si se les golpea, encima los problemas ser\u00edan para nosotros, las v\u00edctimas. <\/p>\n<p>R.- Bueno. este es un tema delicado. La reforma de la Ley del Menor ya contempla que la pertenencia a bandas organizadas se puede considerar como punible en multitud de casos. Siepre he dicho que las bandas latinas no meinspuran confianza y que hay que trabajar para que los menores no se integren en ellas y facilitar que los que quieran salir lo hagan sin problemas. Por lo que respecta a los menores rumanos, en la mayor\u00eda de los casos son menores de menos de 14 a\u00f1os que, inducidos por sus padres delinquen y son inimputables. Hay que trabajar en las medidas de protecci\u00f3n e incidir mucho en que los padres sean condenados como cooperadores necesarios o inductores de un delito.<\/p>\n<p>P.- A mis sobrinos el juez les ha dado su custodia al padre, quit\u00e1ndoselo a mi hermana. Su padre es miembro de una familia importante de abogados. Su padre no atiende a los problemas de salud, ni escolares adecuadamente- \u00bfd\u00f3nde debemos dirigirnos? -El juez de familia es parcial- \u00bfPodemos denunciarlo en otra instancia diferente? Vivimos en Valencia. Ni\u00f1os- 12-9-7- a\u00f1os<\/p>\n<p>R.- Gin\u00e9s. Tendr\u00eda que conocer el caso con mayor profundidad. A priori quiz\u00e1 ser\u00eda bueno que hablaras con el Defensor del Pueblo en la Comunidad Valenciana cuya sede est\u00e1 en Alicante. Ellos te podr\u00e1n orientar<\/p>\n<p>P.- Si alguna vez tuviera que enfrentarse a unas amenazas por parte de menores o le intentaran agredir, \u00bfqu\u00e9 har\u00eda? Soy maestro. Gracias.<\/p>\n<p>R.- David. Dif\u00edcil pregunta ! Supongo queintentar\u00eda hablar primero con los chicos y con sus padres. Si las amenazas son susceptibles de considerarse como un il\u00edcito penal lo denunciar\u00eda. <\/p>\n<p>P.- Quiz\u00e1s sea una ley aplaudida por la sociedad y, por supuesto, odiada por t\u00ed.\u00bfC\u00f3mo debes convencer la sociedad que tus ideas son m\u00e1s aceptables? <\/p>\n<p>R.- Carlita hija, no s\u00e9 por qu\u00e9 me dices que es una ley odiada por m\u00ed. No entiendo bien la pregunta. Mis ideas las he manifestado siempre con claridad y siempre he dicho que algunas penas no eran proporcionadas a los delitos. La reforma ha puesto algo de orden, aunque se ha quedado corta al no regular aspectos como el tramo de los menores de 14 a\u00f1os&#8230;en fin&#8230;<\/p>\n<p>P.- Con la ley del menor muchos quedan inmunes, \u00bfcu\u00e1ndo se castigar\u00e1 a los menores con penas m\u00e1s justas? No es justo que puedan hacer lo que quieren.<\/p>\n<p>R.- No estoy de acuerdo con tu planteamiento. La Ley del 2000 recoge el esp\u00edritu de la Convenci\u00f3n de los Derechos del Ni\u00f1o por cuanto los menores son sujetos de una especial protecci\u00f3n, Es cierto que las penas en los casos m\u00e1s graves pod\u00edan parecer escasas y por ello la ley se ha reformado agrav\u00e1ndolas en 2 a\u00f1os en los tramos de 16 a 18 a\u00f1os y en 1 a\u00f1o en el tramo de 14 a 16 a\u00f1os para los delitos m\u00e1s graves. En cuanto a los menores de 14 a\u00f1os quiz\u00e1 habr\u00eda que haber contemplado una reforma de las medidas de protecci\u00f3n de los mismos.<\/p>\n<p>P.- \u00bfCree que los servicios de Protecci\u00f3n a la Infancia est\u00e1n siendo eficaces en el tratamiento y prevenci\u00f3n de menores de 12-14 a\u00f1os que han cometido actos antisociales serios pero no son imputables por ley?<\/p>\n<p>R.- Creo que quiz\u00e1 se ha perdido una oportunidad en la reforma de modificar las medidas de protecci\u00f3n para este tramo de edades. Hay que trabajar m\u00e1s sobre ello.<\/p>\n<p>P.- \u00bfQu\u00e9 opina usted sobre esta nueva ley? \u00bfSe ve usted capacitado para hacer las funciones del defensor del menor, viniendo de sanidad? Gracias.<\/p>\n<p>R.- Ferdinan, la nueva Ley contempla aspectos que toda persona con sentido com\u00fan entiende. Ha endurecido las penas para los delitos m\u00e1s graves, ha reflejado el tema del acoso escolar, contempla el hecho de pertenecer a bandas organizadas, modifica la comparecencia del menor en el proceso, etc. No es la mejor de las reformas pero en principio ha mejorado la ley del 2000. En relaci\u00f3n a la capacitaci\u00f3n para ser Defensor del Menor entiendo que no s\u00f3lo hay que tener en cuenta que he pasado por Sanidad (que tambi\u00e9n es importante aunque no lo creas) sino que del 96 al 2001 estuve en el Ministerio de Educaci\u00f3n, en el 2001 pas\u00e9 por el Ministerio del Interior&#8230;Polic\u00eda Municipal de Madrid (agentes tutores te acuerdas&#8230;??) etc. Tengo seis churumbeles y algo sabr\u00e9. Pero sobre todo tengo gran capacidad de aprender no te quepa duda. <\/p>\n<p>P.- Vecinos de Lavapi\u00e9s estamos mandando un escrito al Defensor del Menor sobre la situaci\u00f3n de indefensi\u00f3n de grupos de menores extranjeros no acompa\u00f1ados que pasan en la calle d\u00eda y noche drogandose, explotados para vender drogas, y creando todo tipo de altercados, incurriendo en una larga lista de delitos. Las administraciones p\u00fablicas responsables tendr\u00e1n que encontrar soluciones a estos ni\u00f1os que abandonan sus familias y pa\u00eds para esto. \u00bfQu\u00e9 puede hacer el Defensor del Menor?<\/p>\n<p>R.- Mario. Este es un tema que me preocupa mucho. Ya estamos sobre \u00e9l. Vamos a hacer un seguimiento sobre las actuaciones que tanto la Delegaci\u00f3n del Gobierno como el Ayuntamiento y la Comunidad de Madrid hagan al respecto. <\/p>\n<p>P.- Piensa tomar alguna medida sobre la noticia comentada esta ma\u00f1ana el la SER, sobre las repatriaciones, como minimo IRREGULARES de menores en su Comunidad<\/p>\n<p>R.- Ya la he tomado. He hablado con la Consejer\u00eda de Familia y Asuntos Sociales y estoy pendiente de hablar con la Delegaci\u00f3n del Gobierno para ver si se cumple el protocolo que sobre este asunto se elabor\u00f3 con participaci\u00f3n de ambas administraciones, la polic\u00eda, fiscal\u00eda y la oficina del Defensor.<\/p>\n<p>P.- En estos tiempos en que los ni\u00f1os s\u00f3lo tienen derechos , los educadores han pasado a ser acosados por estos ni\u00f1os, \u00bf qu\u00e9 van a hacer para defendernos de estos monstruos que estamos criando ? Vemos que en el colegio ya no hay respeto, porque en casa no se imparte, y s\u00f3lo nos preocupamos de que aprueben y pasen el curso &#8221; como sea &#8220;. \u00bf No deber\u00edamos pensar que la mejor defensa del menor consiste en que aprendan los aut\u00e9nticos valores, desde el respeto hacia los dem\u00e1s ?<\/p>\n<p>R.- Hola Chusa. Este es un asunto que me preocupa mucho. Siempre he dicho que la educaci\u00f3n de los menores no es cosa exclusivamente de las escuelas. Los padres tenemos gran responsabilidad en ello y es en el entorno familiar donde debemos tranmitir a nuestros hijos esos valores fundamentales para la convivencia: generosidad, comprensi\u00f3n, respeto hacia los padres y profesores, sentido del compromiso y el esfuerzo. Ser personas en definitiva. Cuando los ni\u00f1os pierden las referencias pasa lo quepasa en las aulas. Los profesores deben sentirse apoyados por los padres y al mismo tiempo deben hacer valer su autoridad en las aulas, pero para ello debemos ayudarles los padres!<\/p>\n<p>P.- Soy padre de dos ni\u00f1os, casi tres, y me preocupa la permisividad con la que algunas instituciones hablan de las bandas latinas. Me ha gustado la forma en la que se ha estrenado en su cargo y creo que sus declaraciones han sido muy acertadas. A mi tampoco me hace gracia que ese tipo de bandas, compuestas en gran parte por menores, puedan campar a sus anchas y salir indemnes de sus actos delictivos. \u00bfNo cree usted que habr\u00eda que endurecer las medidas contra estas bandas? JUAQUIN<\/p>\n<p>R.- Hola &#8220;Juaquin&#8221;. Bueno, lo que manifiestas en tu pregunta ya lo he dicho en reiteradas ocasiones y encima hemos tenido la suerte de quela Reforma de la Ley del Menor lo ha recogido. Con las bandas hay que tener mucha prudencia. Debemos trabajar en analizar qu\u00e9 lleva a un menor a integrarse en estas bandas y buscarle alternativas. Es una l\u00ednea de trabajo iniciad entre la Delegaci\u00f3n del Gobierno, el Ayuntamiento de Madrid, la Oficina del Defensor del Menor y la Comunidad de Madrid. Un abrazo.<\/p>\n<p>P.- \u00bfVa a recoger y tramitar el Defensor del Menor de la CAM las denuncias de los padres de alumnos de centros p\u00fablicos que pidan la retirada de los simbolos religiosos de las aulas donde no imparta religi\u00f3n?<\/p>\n<p>R.- Querido Lucas. El defensor del Menor recoge y tramita TODAS las denuncias que impliquen un menoscabo de los derechos de los ni\u00f1os. La verdad es que no me consta que tengamos denuncias de este tipo en la oficina del Defensor del Menor. Si conozco casos de alg\u00fan centro p\u00fablico en los que a petici\u00f3n de los padres han retirado alg\u00fan simbolo.<\/p>\n<p>P.- Creo que le ha ca\u00eddo a Ud. una enorme responsabilidad encima, pero por otro lado particularmente opino que ser\u00e1 muy capaz de desempe\u00f1ar este cargo con gran solvencia. Tambi\u00e9n tiene una gran oportunidad para trabajar en algo tan bonito y susceptible de protecci\u00f3n como son los menores. \u00bfCree Ud. que tiene todas las herramientas necesarias para realizar su funci\u00f3n o echa de menos alguna? Gracias y mucha suerte. <\/p>\n<p>R.- Hola Paloma. Muchas gracias por tu comentario. Es cierto que es una gran responsabilidad y por ello me siento muy feliz. Creo que sepueden hacer muchas cosas por los menores y trabajaremos los pr\u00f3ximos a\u00f1os de forma comprometida y sin que nos tiemble el pulso. Tenemos las herramientas razonables ya que la ley nos habilita y faculta para exigir la colaboraci\u00f3n de todas las administraciones. <\/p>\n<p>P.- \u00bfConsideras que un ni\u00f1o est\u00e1 discriminado cuando sus padres le matriculan en un colegio concertado que separa a las ni\u00f1as de los ni\u00f1os, como el pol\u00e9mico Monte Tabor en Pozuelo de Alarc\u00f3n? \u00bfNo crees que los ni\u00f1os a estas edades son m\u00e1s vulnerables y hay que educarles en la igualdad, en el entendimiento entre g\u00e9neros para evitar en un futuro los problemas de convivencia de g\u00e9nero y algo m\u00e1s grave como el maltrato a la mujer?<\/p>\n<p>R.- Aqu\u00ed hay que ser muy objetivo. No hay discriminaci\u00f3n desde el punto de vista legal. Este asunto ha sido acreditado tanto por la Justicia Espa\u00f1ola como por sentencias de tribunales internacionales. Respecto si beneficia o no desde el punto de vista educativo a los menores, pues chica, hay distintas teor\u00edas avaladas por expertos en ambos sentidos. <\/p>\n<p>P.- \u00bfQu\u00e9 piensa de que un menor pueda cometer asesinatos y que los castigos sean menores?<\/p>\n<p>R.- Javi. Eso no es as\u00ed. La ley contempla penas muy duras para los menores que cometen asesinatos!<\/p>\n<p>P.- \u00bf Considera usted que tiene la necesaria capacidad para gestionar los conflictos y encajar las cr\u00edticas? A muchos nos parece que no, depu\u00e9s del conflicto que cre\u00f3 cuando lleg\u00f3 a la gerencia del Canal de Isabel II, desmantelando sin motivo alguno el programa de control de las colonias felinas puesto en marcha por Carlos Mayor Oreja, neg\u00e1ndose a dialogar con nadie durante meses y provocando caceroladas semanales de protesta ante las oficinas del canal que, cuatro a\u00f1os despu\u00e9s, todav\u00eda continuan<\/p>\n<p>R.- Estimada Gloria. Mi capacidad para gestionar los conflictos y encajar cr\u00edticas est\u00e1 probada. Te recuerdo que dos personas de ese grupo terminaron ante los tribunales precisamente por amenazas a una de mis hijas. Amenazas de muerte y que se prob\u00f3 que fue as\u00ed. Parece mentira que sigas por esa l\u00ednea. Ser\u00eda bueno que los internautas supiesen que gente de ese grupo se dedic\u00f3 durante meses a amenazar a menores y que mi mujer tuvo que ir acompa\u00f1ada de escolta y mis hijas con protecci\u00f3n al colegio. Buena capacidad de di\u00e1logo desde luego. Un saludo<\/p>\n<p>P.- \u00bfQu\u00e9 lleva a un menor a entrar en el mundo del crimen? <\/p>\n<p>R.- Carlita. Las causas son m\u00faltiples y casi nunca \u00fanicas. Es dif\u00edcil contestar, pero hay un denominador com\u00fan y es la falta de referencias. No s\u00e9&#8230;<\/p>\n<p>P.- Aunque no soy de su comunidad, como padre aprovecho la oportunidad de preguntarle como experto en la materia. \u00bfQu\u00e9 se podr\u00eda hacercon dibujos como los de CHI-CHAN (o algo asi) que no fomentan ning\u00fan valor positivo, sino todo o contrario y son emitidos en horario infantil? <\/p>\n<p>R.- Una de nuestras l\u00edneas de trabajo va a ser precisamente esa. Vamos a ser inflexibles con las cadenas de televisi\u00f3n y la emisi\u00f3n de programas inadecuados para los menores. Curiosamente en relaci\u00f3na la serie de Shin Chan a la que te refieres en su d\u00eda conseguimos que se retirara del horario infantil en Telemadrid. Ahora me consta que Antena 3 la emite y no veas lo que me cuesta que mis hijos no la vean ! Es que adem\u00e1s les gusta ! <\/p>\n<p>P.- A mi hijo de 13 a\u00f1os le han ofrecido speed en la ikastola sus propios compa\u00f1eros. La direcci\u00f3n est\u00e1 informada, pero a\u00fan no se han tomado medidas. \u00bf Qu\u00e9 podemos hacer ?. El presunto &#8221; camello &#8221; ha sido sorprendido en el patio fumando un porro, pero no ha pasado nada..<\/p>\n<p>R.- En Madrid se puso en marcha un programa de vigilancia policial en los entornos escolares que ha funcionado muy bien. El patio de un colegio nunca deber\u00eda ser un lugar donde se fume drogra y entiendo que los responsables de la Consejer\u00eda de educaci\u00f3n deber\u00edan tomar cartas en el asunto.<\/p>\n<p>P.- Seguira usted como su predecesor luchando contra el SAP y defendiendo la custodia compartida?<\/p>\n<p>R.- Hola Carlos. Creo que nuestra misi\u00f3n es asegurar que los derechos de los ni\u00f1os nunca se vean conculcados por la separaci\u00f3n traum\u00e1tica de los padres. Tenemos que evitar a toda costa que los ni\u00f1os sufran.<\/p>\n<p>P.- Como ve, ninguna de las preguntas muestra la m\u00e1s m\u00ednima preocupaci\u00f3n por los m\u00f3viles y los videojuegos que eran los temas que, al parecer, s\u00f3lo importaban al anterior Defensor del Menor. \u00bfCu\u00e1les son los principales retos, las principales cuestiones que usted ve que hay que arreglar YA y que hasta ahora han estado abandonadas?<\/p>\n<p>R.- Antonio. Tienes toda raz\u00f3n y es un tema que no s\u00f3lo preocupaba a Pedro Nu\u00f1ez Morgades. A mi me preocupa y mucho. Ya ver\u00e1s en las pr\u00f3ximas semanas como hacemos cosas muy importantes al respecto. Internet es una herramienta muy \u00fatil y al mismo tiempo muy peligrosa para los menores. Temas como la pronograf\u00eda infantil, los chtas, los contenidos inadecuados de violencia, etc son l\u00edneas de trabajo que vamos a desarrollar muy activamente.<\/p>\n<p>P.- Acabo de leer que un colegio p\u00fablico en Zaragoza anula los actos de Navidad en favor del laicismo. Ni siquiera han permitido que lo pudieran llevar a cabo los propios padres y madres de los alumnos. \u00bf Esta es la libertad que tenemos en nuestros colegios y es este un ejemplo de una educaci\u00f3n integradora y solidaria con todo tipo de creencias ?. Este colegio s\u00ed celebra Halloween. Lo \u00faltimo es que quiz\u00e1s este a\u00f1o tampoco vengan Los Reyes Magos&#8230;<\/p>\n<p>R.- A mi la Navidad siempre me ha hecho mucha ilusi\u00f3n. No entiendo muy bien qu\u00e9 razones han podido llevar a un colegio a considerar que la navidad es algo prescindible. \u00bf Hay que abolir la navidad por el hecho de que estemos en un estado aconfesional ? Yo creo sinceramente que no. No hay que confundir integraci\u00f3n con anulaci\u00f3n de algo tan arraigado en ESPA\u00d1A y en el mundo como es la Navidad. El que no quiera celebrarla est\u00e1 en su derecho. Yo pienso celebrar la navidad como siempre y a mis hijos procurar\u00e9 que nadie les quite esa ilusi\u00f3n.<\/p>\n<p>P.- \u00bfEs partidario de fomentar la presencia de los padres el los Consejos Escolares de los CEIP e IES para prevenir los problemas de convivencia en los centros educativos?<\/p>\n<p>R.- La participaci\u00f3n de los padres en fundamental en todo el entorno educativo. Muchos de los problemas que hoy afectan a los ni\u00f1os es precisamente por esa falta de implicaci\u00f3n qye tenemos los padres y que muchas veces es causa de lo dif\u00edcil que resulta la compatibilizaci\u00f3n de la vida laboral y familiar<\/p>\n<p>P.- \u00bfTramitar\u00eda una denuncia contra la CAM por atentado al derecho a la educaci\u00f3n por el abandono de la ense\u00f1anza p\u00fablica? En este sentido:\u00bfSer\u00eda denunciable que se concediese conciertos o se cediese terreno p\u00fablico donde no se han construido centros p\u00fablicos?<\/p>\n<p>R.- Lucas, no entiendo muy bien qu\u00e9 tiene que ver la cesi\u00f3n de terrenos con los derechos de los menores. Me parece que el derecho a la educaci\u00f3n es algo que est\u00e1 garantizado.<\/p>\n","protected":false},"excerpt":{"rendered":"<p>Arturo Canalda, el nuevo Defensor del Menor, ha charlado con los lectores sobre la nueva ley aprobada por el Congreso de los Diputados que endurece los castigos a los menores y delincuentes. Adem\u00e1s de iniciarse un nuevo periodo en lo jur\u00eddico Canalda llega al cargo despu\u00e9s de que su antecesor, Pedro N\u00fa\u00f1ez Morgades, consiguiese un consenso total entre todas las instituciones pol\u00edticas.<br \/>\nFOTO: DAVID CORRAL<\/p>\n","protected":false},"author":1,"featured_media":0,"comment_status":"open","ping_status":"open","sticky":false,"template":"","format":"standard","meta":{"footnotes":""},"categories":[],"tags":[],"class_list":["post-910","post","type-post","status-publish","format-standard","hentry"],"_links":{"self":[{"href":"https:\/\/intervius.com\/index.html\/wp-json\/wp\/v2\/posts\/910","targetHints":{"allow":["GET"]}}],"collection":[{"href":"https:\/\/intervius.com\/index.html\/wp-json\/wp\/v2\/posts"}],"about":[{"href":"https:\/\/intervius.com\/index.html\/wp-json\/wp\/v2\/types\/post"}],"author":[{"embeddable":true,"href":"https:\/\/intervius.com\/index.html\/wp-json\/wp\/v2\/users\/1"}],"replies":[{"embeddable":true,"href":"https:\/\/intervius.com\/index.html\/wp-json\/wp\/v2\/comments?post=910"}],"version-history":[{"count":0,"href":"https:\/\/intervius.com\/index.html\/wp-json\/wp\/v2\/posts\/910\/revisions"}],"wp:attachment":[{"href":"https:\/\/intervius.com\/index.html\/wp-json\/wp\/v2\/media?parent=910"}],"wp:term":[{"taxonomy":"category","embeddable":true,"href":"https:\/\/intervius.com\/index.html\/wp-json\/wp\/v2\/categories?post=910"},{"taxonomy":"post_tag","embeddable":true,"href":"https:\/\/intervius.com\/index.html\/wp-json\/wp\/v2\/tags?post=910"}],"curies":[{"name":"wp","href":"https:\/\/api.w.org\/{rel}","templated":true}]}}