{"id":9089,"date":"2009-11-12T00:00:00","date_gmt":"2006-11-06T00:00:00","guid":{"rendered":"https:\/\/intervius.com\/index.html\/?p=9089"},"modified":"2006-11-06T00:00:00","modified_gmt":"2006-11-06T00:00:00","slug":"Carlos_Boyero9089","status":"publish","type":"post","link":"https:\/\/intervius.com\/index.html\/Carlos_Boyero9089\/","title":{"rendered":"Carlos Boyero"},"content":{"rendered":"<p>Pregunta.- Hola Carlos! si esto fuese &#8220;La decision de Sophie&#8221; \u00bfa qui\u00e9n salvabas, a Guti o a Pellegrini? que te parece la peli &#8220;el lado oscuro del corazon&#8221;? \u00bfno es inquietante, aunque abuse de pseudolirismo?<\/p>\n<p>Respuesta.- Nunca me he propuesto salvar a nadie. Si acaso, y con poco acierto, a m\u00ed mismo. Guti siempre me ha parecido un cantama\u00f1anas con talento. Pellegrini me ha merecido respeto, un profesional. Pero algo tiene que ocurrir en el Madrid. No me gusta &#8220;El lado oscuro del coraz\u00f3n&#8221;. <\/p>\n<p>P.- \u00bfQu\u00e9 hac\u00eda usted mientras ca\u00eda el muro de Berl\u00edn? &#8220;Goodbye, Lenin&#8221;, &#8220;La vida de los otros&#8221;, \u00bfalguna otra pel\u00edcula sobre la Alemania de aquellos a\u00f1os para celebrar la efem\u00e9rides?<\/p>\n<p>R.- La noche que lo derribaron definitivamente, en febrero del 90, yo estaba subido en \u00e9l, fumado, plet\u00f3rico. Era muy bonito respirar aquella historia. Y se te helaba la sangre pensando en la gente que se hab\u00edan cargado cuando intentaban saltarlo. <\/p>\n<p>P.- \u00bfCu\u00e1l es la pel\u00edcula con la banda sonora m\u00e1s horrible que conoces? Para m\u00ed, El expreso de medianoche; tiene cojones que Giorgio Moroder se llevara un \u00f3scar por semejante adefesio. Un saludo<\/p>\n<p>R.- Hay muchas. Las que subrayan o ahogan las im\u00e1genes. Moroder me parece un m\u00fasico mediocre, facil\u00f3n, reiterativo. Y las pel\u00edculas tuvieron a su servicio a alguien comparable a Bethoven. Se llamaba Bernard Herman. Mancini tambi\u00e9n ha sido inmenso. Y John Williams. Y Miklos Rozsa.<\/p>\n<p>P.- El otro d\u00eda me compr\u00e9 en DVD la serie Juncal y cu\u00e1l no ser\u00eda mi sorpresa al comprobar que entre los extras aparece una tertulia sobre los toros en el arte en la que un joven Carlos Boyero participaba junto a Fernando S\u00e1nchez Darg\u00f3 y Federico Jim\u00e9nez Losantos. \u00bfC\u00f3mo fue la experiencia de lidiar con semejantes morlacos? Creo que hizo una faena bastante limpia pese a todo. Ya de paso \u00bfque opina de la serie de Jaime de Armi\u00f1\u00e1n? Gracias Carlos.<\/p>\n<p>R.- Tanto Drag\u00f3 como Losantos son dos personas muy agradables en el t\u00fa a t\u00fa. Al menos, conmigo. Lo que m\u00e1s me gustaba de Juncal es lo que a usted. O sea: la interpretaci\u00f3n de Paco Rabal, una persona de la que tengo recuerdos fant\u00e1sticos. <\/p>\n<p>P.- buenas crack. conociendo tu ex aficcion por las &#8220;cartas&#8221; y tu buen gusto por las series&#8230; \u00bfcon qui\u00e9n te sentarias a jugar una timba en la gran &#8220;pelicula&#8221; televisiva de Los Soprano?&#8230;Yo no dejaria fuera a Silvio, q siempre te puede hacer alguna imitacion de al pacino pa amenizar la noche&#8230; sigue asi!!<\/p>\n<p>R.- Con ninguno de Los Soprano. Lo m\u00e1s probable es que tuvieran que enterrarme al final. A Los Soprano s\u00f3lo me gusta verlos en la tele. <\/p>\n<p>P.- Sr. Boyero, compartimos admiraci\u00f3n y agradecimiento incondicional por el Sr. Savater, faro del pensamiento en este pa\u00eds. Para mi hay otro referente al que rindo admiraci\u00f3n de igual manera y no s\u00e9 si usted lo comparte, el Sr. Antonio Escohotado, \u00bfHa le\u00eddo su \u00faltimo libro Los enemigos del comercio? Yo como el Sr. Savater, ando impaciente a que aparezca el segundo volumen. Que le sonr\u00eda la vida.<\/p>\n<p>R.- Escohotado representa al pensamiento libre. Es tan culto como transgresor. Y las drogas no han logrado que pierda la cabeza. Debe de ser muy fuerte. <\/p>\n<p>P.- Hola Carlos, tengo un amigo que lee tambi\u00e9n tu chat, que siempre me dice que me parezco a ti, no f\u00edsicamente, sino en tus respuestas a veces hirientes. \u00bfMe lo tomo como un cumplido?<\/p>\n<p>R.- \u00daltimamente, me caigo bastante bien a m\u00ed mismo. No siempre ha sido as\u00ed. T\u00f3meselo como un cumplido. <\/p>\n<p>P.- Hola Carlos. El hallazgo de una pel\u00edcula in\u00e9dita de Chaplin, \u00bfte hace so\u00f1ar con otros tesoros cinematogr\u00e1ficos que pueden estar perdidos? \u00bfUna pel\u00edcula de Ford, de Billy Wilder&#8230; ?<\/p>\n<p>R.- Tengo demasiado respeto por el concepto &#8220;tesoro&#8221;. Imagino que el corto de Chaplin, sobre todo, es una curiosidad. Soy mit\u00f3mano, pero no tanto. Ford rod\u00f3 bastantes pel\u00edculas mudas. Quiero pensar que aunque fueran rudimentarias, dej\u00f3 algo en ellas de su maravillosa personalidad. <\/p>\n<p>P.- Hace unos d\u00edas me pasaron una especie de encuesta\/juego en una red de internet, facebook, y la hice. Preguntaba, en el caso de que se hiciese una pel\u00edcula con mi vida, qui\u00e9n me gustar\u00eda que fuese: director, actor principal, mi se\u00f1ora, mi mejor amigo y el villano. Mi respuesta fue: Billy Wilder, Jack Lemmon, Kate Winslet, Clint Eastwood y Heath Ledger. \u00bfC\u00f3mo ser\u00eda la tuya?<\/p>\n<p>R.- Mi vida no tiene inter\u00e9s p\u00fablico. Me importa exclusivamente a m\u00ed. Hacer una pel\u00edcula sobre ella ser\u00eda una p\u00e9rdida de tiempo. Pero celebro que tenga un concepto tan apasionante de la suya. <\/p>\n<p>P.- Pues parece que el gran Enric Gonzalez se nos marcha a Jerusal\u00e9n y deja de hacer columnas y su interesant\u00edsimo chat. \u00bfNo le da pena?<\/p>\n<p>R.- M\u00e1s que pena. Tambi\u00e9n pasmo. E indignaci\u00f3n. Enric es un lujo, escriba de lo que escriba. Es la narraci\u00f3n, la argumentaci\u00f3n, la iron\u00eda, la lucidez, el coraje, la cultura, el estilo, la elegancia, la complejidad, la sutileza, una voz propia. Y, adem\u00e1s, le tengo mucho cari\u00f1o. Creo que vamos a ser muchos los que le echemos de menos. Su columna diaria era buena para el periodismo, para la inteligencia, para la vida. <\/p>\n<p>P.- Uno de los compositores m\u00e1s relevantes del \u00faltimo cuarto de siglo, Ryuichi Sakamoto, dijo ayer en este peri\u00f3dico que &#8220;Almod\u00f3var es m\u00e1s importante que el rey de Espa\u00f1a&#8221;. \u00bfAlgo que contestar?<\/p>\n<p>R.- Siento parecida fascinaci\u00f3n por ambos. No s\u00e9 qu\u00e9 har\u00eda Espa\u00f1a y el cine sin ellos. <\/p>\n<p>P.- \u00bfQu\u00e9 le molest\u00f3 m\u00e1s: Bos\u00e9 pidiendo al gobierno que mimara a los artistas o Almod\u00f3var didciendo que el crucifijo es un icono pop? <\/p>\n<p>R.- Tengo el d\u00eda espeso y no estoy para gilipolleces. <\/p>\n<p>P.- \u00bfNos librar\u00e1 Buenafuente del sopor de los Goyas? <\/p>\n<p>R.- Probablemente. A condici\u00f3n de que no le escriba ning\u00fan gracioso el gui\u00f3n. De que no incluya en su presentaci\u00f3n el obligado cap\u00edtulo de jeremiadas sobre el cine espa\u00f1ol. A m\u00ed me parece un humorista espl\u00e9ndido, con aut\u00e9ntica gracia. <\/p>\n<p>P.- Carlos, \u00bfcu\u00e1l ser\u00eda la mejor pregunta que te podr\u00edas hacer a ti mismo? Besos<\/p>\n<p>R.- Algo referente a las veces en las que he sido feliz. <\/p>\n<p>P.- Si usted le diera a las nuevas tecnolog\u00edas podr\u00eda disfrutar de unas fotitos de su amada Eva Mendes pillada mostrando pez\u00f3n en una premiere&#8230; \u00a1no te digo na y te lo digo to!<\/p>\n<p>R.- No me hacen falta las nuevas tecnolog\u00edas. Tengo una imaginaci\u00f3n notable. <\/p>\n<p>P.- Alberto Oliart, presidente de Televisi\u00f3n Espa\u00f1ola. \u00bfQu\u00e9 podemos esperar de un &#8220;militar&#8221; al frente de la televisi\u00f3n p\u00fablica?<\/p>\n<p>R.- Ese hombre me ha parecido siempre sensato. Yo creo que no tienen arreglo ni la televisi\u00f3n p\u00fablica ni las privadas. Si pudiera elegir, s\u00f3lo ver\u00eda la programaci\u00f3n de HBO. Y no toda. <\/p>\n<p>P.- Buenos d\u00edas, Sr Boyero, \u00bfme puede decir algunos de los garitos de marcha frecuentaba usted en los a\u00f1os 70 y 80? <\/p>\n<p>R.- Demasiados para mi memoria. Pero me pod\u00eda encontrar casi todas las noches en El sol de Mayo, La v\u00eda l\u00e1ctea, El sol de Jardines y el Amnesia. Siempre me he sentido muy a gusto en La f\u00e1brica de pan. Y hay muchos, que ni recuerdo, de lo pasado que andaba. Pero tambi\u00e9n me lo pasaba bien en soledad, en mi casa, a condici\u00f3n de que no faltara de nada. <\/p>\n<p>P.- \u00bfSe va a vacunar contra la gripe A? <\/p>\n<p>R.- No. Creo que la puedo palmar por mil razones. Como para preocuparme por una gripe. <\/p>\n<p>P.- \u00bfTiene usted intenci\u00f3n de casarse por la Iglesia en una bonita y hermosa ceremonia cat\u00f3lica? Espero que nos invite. Por cierto, \u00bfno estar\u00e1 excomulgado, no? Aborto, caca. <\/p>\n<p>R.- Nunca me he casado. Ni por el juzgado, ni por la Iglesia. Y no echo de menos esa experiencia. <\/p>\n<p>P.- Si la cara es el reflejo del alma, usted debe de estar muy jodido.<\/p>\n<p>R.- Vale, Einstein. <\/p>\n<p>P.- Tengo un amigo que le odia. Creo que no para de inventar bulos sobre su persona, pero la del otro d\u00eda me la cre\u00ed. Me dijo: &#8220;Ignacio, la hostia, he visto al tal Boyero en Alcorc\u00f3n con una botella de Jack Daniels en la mano, borracho, completamente desnudo, y cantando Yo soy de Alcorc\u00f3n, de Alcorc\u00f3n, de Alcorc\u00f3n&#8221;. \u00bfQu\u00e9 hay de cierto, se\u00f1or Boyero?<\/p>\n<p>R.- Entiendo que el s\u00edmil es l\u00edrico y halagador. Pero sospecho que la persona a la que vio su amigo, era su padre. <\/p>\n<p>P.- Mi marido me ha estado enga\u00f1ando a\u00f1os con putas, le he pillado porque se colg\u00f3 de una y fue dejando demasiadas pistas, tambi\u00e9n fuma porros y toma viagra o algo similar. Nuestra vida sexual era activa, y yo cre\u00eda que satisfactoria. Me pide perd\u00f3n y olvido. Yo alucino, s\u00e9 que jam\u00e1s le perdonar\u00e9, pero me da miedo acabar con \u00e9l, llevamos juntos 30 a\u00f1os y yo le quer\u00eda y supongo que le quiero . Los pocos que saben del tema no me aconsejan en ning\u00fan sentido. Digame algo, por favor.<\/p>\n<p>R.- Si los que saben del tema no se atreven a ofrecerle soluciones, imag\u00ednese yo. C\u00f3mo me gustan los consultorios sentimentales. <\/p>\n<p>P.- Buenas tardes, Sr. Boyero. Ayer tuve en mis manos la biograf\u00eda de Paul Newman que ha escrito Shawn Levy&#8230; dud\u00e9 y termin\u00e9 no compr\u00e1ndolo, ya que desconf\u00edo por norma de los tributos p\u00f3stumos, sobre todo los m\u00e1s inmediatos, y tem\u00ed que no estuviese a la altura de lo que merece una bestia como Newman. \u00bfEs de fiar el tal Levy? \u00bfLo ha le\u00eddo o sabe si merece la pena este libro?<\/p>\n<p>R.- No quiero saber m\u00e1s cosas de Newman que las que \u00e9l expresaba en una pantalla. Vuelva a ver &#8220;El buscavidas&#8221;. <\/p>\n<p>P.- \u00bfAlguna vez te has arrepentido de una cr\u00edtica demasiado dura?<\/p>\n<p>R.- No. No me planteo que sean blandas o duras, es lo que me sale, lo que responde a mi estado de \u00e1nimo respecto a lo que veo. Lo que s\u00ed me ha ocurrido es cambiar de opini\u00f3n respecto a determinadas pel\u00edculas. Los festivales se prestan a eso. <\/p>\n<p>P.- \u00bfEsto qu\u00e9 es, Salsa rosa? Yo creia que aqu\u00ed se ven\u00eda a hablar de cine, no de chorradas, pero claro, es m\u00e1s f\u00e1cil responder a tonter\u00edas que a preguntas de cine.<\/p>\n<p>R.- \u00bfY qui\u00e9n cojones le ha dicho a usted que aqu\u00ed se habla de cine? A lo peor, el pr\u00f3ximo d\u00eda dedico todo el chat a comentar el sexo de los \u00e1ngeles. <\/p>\n<p>P.- \u00bfse considera algo parecido a Risto mejide, pero en versi\u00f3n cine, por la calidad de sus respuestas?<\/p>\n<p>R.- \u00bfSe ha notado usted alg\u00fan parecido con Fofito? <\/p>\n<p>P.- \u00bfPorqu\u00e9 es usted tan borde con todo el mundo?<\/p>\n<p>R.- S\u00f3lo con los que se lo merecen. <\/p>\n<p>P.- \u00bfCUANTAS VECES HAS SIDO FELIZ?<\/p>\n<p>R.- Tantas como infeliz. Nos ocurre a los ciclot\u00edmicos. <\/p>\n","protected":false},"excerpt":{"rendered":"<p>Una semana m\u00e1s, Carlos Boyero, uno de los m\u00e1s populares e influyentes cr\u00edticos de cine y feroz columnista de televisi\u00f3n, de cine y de la vida en general, ha charlado con los lectores sobre todo lo imaginable. <\/p>\n<p>FOTO: BERNARDO P\u00c9REZ<br \/>\nARCHIVO DE ENTREVISTAS:<br \/>\n5 de noviembre<br \/>\n29 de octubre 22 de octubre<br \/>\n15 de octubre 8 de octubre<br \/>\n24 de septiembre<br \/>\n-3 de septiembre &#8211; 23 de julio<br \/>\n&#8211; 9 de julio &#8211; 2 de julio<br \/>\n25 de junio &#8211; 18 de junio<br \/>\n11 de junio &#8211; 4 de junio<br \/>\n21 de mayo 14 de mayo<br \/>\n7 de mayo &#8211; 30 de abril<br \/>\n23 de abril &#8211; 14 de abril<br \/>\n2 de abril &#8211; 26 de marzo<br \/>\n12 de marzo &#8211; 5 de marzo<br \/>\n26 de febrero &#8211; 12 de febrero<br \/>\n5 de febrero &#8211; 22 de enero<br \/>\n15 de enero &#8211; 18 de diciembre<br \/>\n11 de diciembre &#8211; 4 de diciembre<br \/>\n27 de noviembre &#8211; 20 de noviembre<br \/>\n13 de noviembre &#8211; 6 de noviembre<br \/>\n30 de octubre &#8211; 16 de octubre<br \/>\n9 de octubre &#8211; 25 de septiembre<br \/>\n18 de septiembre -04 de septiembre<br \/>\n28 de agosto &#8211; 17 de julio<br \/>\n10 de julio &#8211; 3 de julio<br \/>\n26 de junio &#8211; 19 de junio<br \/>\n12 de junio &#8211; 5 de junio<br \/>\n22 de mayo &#8211; 15 de mayo<br \/>\n8 de mayo &#8211; 24 de abril<br \/>\n17 de abril &#8211; 10 de abril<br \/>\n3 de abril &#8211; 13 de marzo<br \/>\n6 de marzo &#8211; 28 de febrero<br \/>\n14 de febrero &#8211; 08 de febrero<br \/>\n31 de enero &#8211; 24 de enero<br \/>\n17 de enero &#8211; 3 de enero<br \/>\n27 de diciembre &#8211; 20 de diciembre<br \/>\n13 de diciembre &#8211; 07 de diciembre<br \/>\n29 de noviembre &#8211; 22 de noviembre<br \/>\n15 de noviembre &#8211; 08 de noviembre<br \/>\n02 de noviembre -25 de octubre<\/p>\n<p>Carlos Boyero, en lalistaWIP.com<\/p>\n","protected":false},"author":1,"featured_media":0,"comment_status":"open","ping_status":"open","sticky":false,"template":"","format":"standard","meta":{"footnotes":""},"categories":[],"tags":[],"class_list":["post-9089","post","type-post","status-publish","format-standard","hentry"],"_links":{"self":[{"href":"https:\/\/intervius.com\/index.html\/wp-json\/wp\/v2\/posts\/9089","targetHints":{"allow":["GET"]}}],"collection":[{"href":"https:\/\/intervius.com\/index.html\/wp-json\/wp\/v2\/posts"}],"about":[{"href":"https:\/\/intervius.com\/index.html\/wp-json\/wp\/v2\/types\/post"}],"author":[{"embeddable":true,"href":"https:\/\/intervius.com\/index.html\/wp-json\/wp\/v2\/users\/1"}],"replies":[{"embeddable":true,"href":"https:\/\/intervius.com\/index.html\/wp-json\/wp\/v2\/comments?post=9089"}],"version-history":[{"count":0,"href":"https:\/\/intervius.com\/index.html\/wp-json\/wp\/v2\/posts\/9089\/revisions"}],"wp:attachment":[{"href":"https:\/\/intervius.com\/index.html\/wp-json\/wp\/v2\/media?parent=9089"}],"wp:term":[{"taxonomy":"category","embeddable":true,"href":"https:\/\/intervius.com\/index.html\/wp-json\/wp\/v2\/categories?post=9089"},{"taxonomy":"post_tag","embeddable":true,"href":"https:\/\/intervius.com\/index.html\/wp-json\/wp\/v2\/tags?post=9089"}],"curies":[{"name":"wp","href":"https:\/\/api.w.org\/{rel}","templated":true}]}}