{"id":9072,"date":"2011-09-05T00:00:00","date_gmt":"2006-11-06T00:00:00","guid":{"rendered":"https:\/\/intervius.com\/index.html\/?p=9072"},"modified":"2006-11-06T00:00:00","modified_gmt":"2006-11-06T00:00:00","slug":"Alfredo_Relano9072","status":"publish","type":"post","link":"https:\/\/intervius.com\/index.html\/Alfredo_Relano9072\/","title":{"rendered":"Alfredo Rela\u00f1o"},"content":{"rendered":"<p>Pregunta.- Quien es el mejor centrocampista fuera del barca?<\/p>\n<p>Respuesta.- De Espa\u00f1a, Xabi Alonso. (Considero a Silva jugador de algo m\u00e1s arriba, de tres cuartos de campo, no centrocampista). De por ah\u00ed fuera no veo ninguno a una altura muy destacada.<\/p>\n<p>P.- Hola, Sr. Rela\u00f1o. D\u00f3nde est\u00e1 el l\u00edmite de Messi? Para mi es sin duda el mejor futbolista desde Mardona de largo, \u00bfpero llega al nivel de este? Mi recuerdo de Maradona, a\u00fan que entonces no se televisaba tanto futbol, es que marcaba uchos menos goles y era m\u00e1s irregular., aunque quiz\u00e1 m\u00e1s espectacular. Sin valorar el t\u00f3pico de la selecci\u00f3n argentina, que uno rinde y el otro no.<\/p>\n<p>R.- Maradona era m\u00e1s est\u00e9tico en sus movimientos y ten\u00eda mejor pierna izquierda. La colocaba donde quer\u00eda. Pero Messi marca muchos, muchos m\u00e1s goles que Maradona. Tiene 24 y tiene un palmar\u00e9s tremendo ya. Cuando se retire habr\u00e1 que contar sus m\u00e9ritos y estar\u00e1, estoy seguro, bastante por encima de Maradona, aunque no llegue a tener el encanto de \u00e9ste. S\u00ed, le falta hacer m\u00e1s con Argentina, quiz\u00e1 ese llegue, pero es que los 500 o m\u00e1s partidos que juegue con el Bar\u00e7a ser\u00e1n otras tantas exhibiciones, le dar\u00e1n mucho escaparate al m\u00e1s alto nivel y dejar\u00e1 un recuerdo descomunal.<\/p>\n<p>P.- Alfredo, no s\u00e9 si viste ayer el Cartagena-Barcelona B. Lo de Rafinha es un esc\u00e1ndalo, pero es que adem\u00e1s debut\u00f3 (y deslumbr\u00f3) Grimaldo \u00a1con 15 a\u00f1os! Y Deulofeu sali\u00f3 en la segunda parte y es otro fen\u00f3meno. \u00bfPero qu\u00e9 les dan a esos chicos en La Mas\u00eda?<\/p>\n<p>R.- Buen ojo para detectarlos y buen ambiente de trabajo. Pero en estos dos casos, lo principal es lo que llevan ellos dentro.<\/p>\n<p>P.- Hola Sr.Relano. Es realmente necesario que Neymar fiche por el Madrid? No parce tener tantas ganas. Nos sentimos ninguneados y un poco enfadados por el poco aprecio que muestra hacia nuestro club.Porqu\u00e9 es una obligacion ficharle? Gracias por su opinion.<\/p>\n<p>R.- Florentino piensa que si alguien puede ser el pr\u00f3ximo Messi, \u00e9se es Neymar. De ah\u00ed que le haya puesto el ojo. En ese objetivo ha dejado de lado a Ag\u00fcero. A m\u00ed tambi\u00e9n me empieza a cansar el caso, entre otras cosas porque existe el precedente de Robinho. Pero entiendo que Neymar es jugador que hace cosas muy especiales y que si madura las podr\u00e1 seguir haciendo en Europa.<\/p>\n<p>P.- Hola Alfredo, veo a este Bar\u00e7a que se ha reforzado con Cesc, Thiago y Alexis y luego veo a Coentrao, Sahim y Altintop y creo que este a\u00f1o, o cambian mucho las cosas, o nos pintan la cara de nuevo.<\/p>\n<p>R.- Los dos se han reforzado bien. El Bar\u00e7a tiene m\u00e1s alternativas para los extremos (ahora son Villa y Pedro m\u00e1s Alexis, los suplentes antes eran peores) y en la media, con lo que hab\u00eda m\u00e1s Thiago y Cesc, ya es la perfecci\u00f3n. Pero el Madrid est\u00e1 bien hecho y los dos jugadores sin buena sustituci\u00f3n, Marcelo y Xabi Alonso, ya la tienen, con Coentrao y Sahin. (Espero que este se cure). Y el Bar\u00e7a quiz\u00e1 se haya quedado un poco corto por atr\u00e1s, ya veremos. Yo veo algo mejor al Bar\u00e7a, pero al Madrid le veo con m\u00e1s recursos, con Benzema espabilado y con un a\u00f1o de maduraci\u00f3n.<\/p>\n<p>P.- Buenos d\u00edas se\u00f1or Rela\u00f1o. \u00bfSe puede seguir entendiendo que Xabi Alonso y Busquets jueguen juntos? Cuando las cosas van mal, el primer cambio siempre es uno de los dos, como si Del Bosque reconociese que para pasar a jugar m\u00e1s ofensivo ha de retirarse a uno de los dos. Adem\u00e1s, cada uno de ellos juega s\u00f3lo en su equipo como pivote defensivo. \u00bfPor qu\u00e9 juntarlos? Muchas gracias<\/p>\n<p>R.- A m\u00ed tampoco me gusta, aunque hayamos ganado el Mundial as\u00ed. Me gusta lo de la segunda parte, cuando Espapa junt\u00f3 a Xavi, Cesc, Iniesta y Silva, cuatro avistas, con un delantero y un solo medio centro. Esa es la f\u00f3rmula que m\u00e1s me gusta, pero Del Bosque se resiste a ella. Le parece que al equipo le da m\u00e1s seguridad jugar con ellos dos. <\/p>\n<p>P.- Ese regate de iniesta al final del partido contra chile. Que delicia y que magico es don andres<\/p>\n<p>R.- Es colosal. Y con una singularidad: todav\u00eda est\u00e1 mejorando. Hace pensar que el mejor Iniesta a\u00fan est\u00e1 por llegar. Y cuando es necesario asume la responsabilidad m\u00e1xima. Pas\u00f3 en la final de la Copa del Mundo y pas\u00f3 el tro d\u00eda, cuando vio que Chile se nos llevaba por delante. Un fen\u00f3meno.<\/p>\n<p>P.- Buenos d\u00edas Don Alfredo. Ahora el nombre de Guardiola est\u00e1 asociado al entrenador pero, \u00bfqu\u00e9 recuerdos tiene del Guardiola jugador? Un saludo.<\/p>\n<p>R.- Estupendos. Jugador del corte de Xavi, con mucha seguridad en el toque r\u00e1pido, no perd\u00eda balones, aguantaba muy bien la posici\u00f3n, daba soltura, rapidez y seguridad al juego. Ten\u00eda tambi\u00e9n pase profundo. Muy sobrio y muy entusiasta. Aunque era muy corto en goles: catorce temporadas, catorce goles.<\/p>\n<p>P.- Buenos dias: Tiene la sensacion que gente como Reina, Torres o Albiol, estan en la seleccion por palmares pasado y no rendimiento actual? Creo que gente como Jordi Alba o Jose Enrique merecen una oportunidad, y usted?<\/p>\n<p>R.- Caso por caso. V\u00edctor Vald\u00e9s, desde luego, tendr\u00eda que estar por delante de Reina, aunque a \u00e9l no le veo mal como tercero. De Gea a\u00fan tiene que ganarse ese sitio. Torres fue al Mundial, a mi juicio, sin justificaci\u00f3n. Acababa de salir del quir\u00f3fano. Jug\u00f3 mal. Ah\u00ed hubo respeto a una trayectoria. Ahora me parece normal que Del Bsoque le espere, le haga ver que sigue siendo del grupo, como una forma de ayudarle a levantar, porque es potencialmente un jugador magn\u00f1ifico aunque todav\u00eda no haya vuelto a su nivel. Hay un puntito de injusticia con llorente y Soldado, claro, que est\u00e1n por detr\u00e1s. En cuanto a Albiol, hay pocos centrales, y menos a\u00fan sin Puyol y Piqu\u00e9. Hoy pro hoy es el siguiente, aunque cada vez lo tendr\u00e1 m\u00e1s dif\u00edcil si sigue de suplente con Espa\u00f1a. <\/p>\n<p>P.- \u00bfLe hubieras dado el principe de Asturias a Ra\u00fal, o por el contrario opinas que es una verguenza que incluso fuera nominado entre los 19?<\/p>\n<p>R.- Me ha gustado el premio a Gebreselassie y me ha gustado que Ra\u00fal estuviera no s\u00f3lo entre los 19, sino entre los cinco y hasta que haya sido finalista. Pero prefiero que lo haya ganado Gebreselassie.<\/p>\n<p>P.- Hola Alfredo,\u00bfqu\u00e9 opinas sobre las declaraciones de Carvalho?.\u00bfCrees qu\u00e9 Espa\u00f1a sin Piqu\u00e9 ni Puyol no tienen defensa?.Gracias Alfredo<\/p>\n<p>R.- No me ha gustado nada de lo que ha hecho Carvalho en este caso, desde marcharse a involucrar a Pepe. Creo qeu un jugador con su trayectoria tiene que pactar su fin en la Selecci\u00f3n, como se suele hacer, y no acabar en ese ebredo. Respecto a Espa\u00f1a, es verdad: esos dos centrales son extraoridnarios y lo que viene detr\u00e1s es bastante menos. Me gustar\u00eda que ma\u00f1ana Del Bosque tirar de Bot\u00eda y\/o Dom\u00ednguez. Es un buen d\u00eda para hacer un experimento con gaseosa.<\/p>\n<p>P.- Alfredo, despu\u00e9s de ver el partido contra chile creo Espa\u00f1a sin Xavi ni Iniesta fuese un buen equipo pero le faltar\u00eda ese plus para haber sido campe\u00f3n del Mundo. Saludos desde Santiago.<\/p>\n<p>R.- Claro. Ellos definen el juego, por encima del resto.<\/p>\n<p>P.- Alfredo, \u00bfno te da la sensaci\u00f3n de que esta temporada empieza igual que acab\u00f3 la anterior, es decir, un Madrid muy fuerte contra los d\u00e9biles (0-6 al Zaragoza), pero que no puede contra el Barcelona (derrota en la Supercopa)?<\/p>\n<p>R.- Yo creo que no empieza tan igual. El Madrid empieza mejor. En cuanto a lo de la Supercopa, es verdad, y eso que el Bar\u00e7a no estaba a punto y el Madrid s\u00ed. Va a ser otra vez un choque tremendo, pero en el mano a mano Messi pone m\u00e1s que Cristiano.<\/p>\n<p>P.- No le parece lamentable el comportamiento de la prensa haciendo exaltaci\u00f3n de una pelea entre camorristas bajo la bendici\u00f3n de la camarader\u00eda? A mi me pareci\u00f3 m\u00e1s bien una escena lamentable, m\u00e1s que una prueba de nada.<\/p>\n<p>R.- No es usted el primero que me lo dice. Nosotros le vimos una cara positiva: la reconstrucci\u00f3n del grupo. Fue llamativo. Y lamento que esa elecci\u00f3n haya heridos a algunos. Le pido disculpas, puesto que veo que es su caso. Pero se hab\u00eda hablado mucho de si la selecci\u00f3n estaba rota o no por los rifirrafes de los cl\u00e1sicos y en ese partido nos pareci\u00f3 noticioso.<\/p>\n<p>P.- Alfredo, leo cada d\u00eda tus art\u00edculos y me encanta tu objetividad. El otro d\u00eda volv\u00ed a ver los partidos de semifinales de la Champions entre Madrid y Barcelona. Me gusta volver a ver los partidos importantes un tiempo despu\u00e9s, se pueden analizar con mayor objetividad e imparcialidad. La verdad es que, a pesar de ser madridista, debo reconocer que el Madrid s\u00f3lo chut\u00f3 tres veces a puerta en toda la eliminatoria y en el partido de vuelta hizo 31 faltas, r\u00e9cord de la Champions. \u00bfSinceramente, crees que habr\u00eda sido justo para el futbol que un equipo con esos lamentables n\u00fameros pasara a la final de la Champions?<\/p>\n<p>R.- Yo no he hecho ese ejercicio. Quiz\u00e1 deba hacerlo. Tengo que decirle que me gusta m\u00e1s el Bar\u00e7a, que no me gust\u00f3 que el Madrid se encerarra en el primer partido y todo eso. Pero la expulsi\u00f3n de Pepe me pareci\u00f3 exagerada y el arbitraje del partido de vuelta lo vio un disparate. El Madrid, que ya lleva en s\u00ed un punto de agresividad, acab\u00f3 por desquiciarse.<\/p>\n<p>P.- \u00a1Saludos Don Alfredo! Hoy me gustar\u00eda recordar al mejor equipo que ha dado la Europa del Este, el Estrella Roja de finales de los 80, y en concreto los octavos de final de la Copa de Europa del 89: empat\u00f3 a uno en San Siro contra el todopoderoso Milan de Sacchi y en la vuelta ganaba 1-0 con el Milan jugando con nueve; pues bien, el \u00e1rbitro suspendi\u00f3 el partido por la niebla y la UEFA decidi\u00f3 volver a jugar el partido desde el principio otro d\u00eda, clasific\u00e1ndose al final los italianos por penaltis. En mi opini\u00f3n, un aut\u00e9ntico esc\u00e1ndalo que bien pudo haber supuesto que la leyenda del equipo italiano no fuera tal como la conocemos hoy. \u00bfRecuerda usted ese episodio, don Alfredo? \u00bfQu\u00e9 opina de aquel conjunto balc\u00e1nico?<\/p>\n<p>R.- S\u00ed lo recuerdo. En realidad no fue un esc\u00e1ndalo, sino un golpe de suerte para el Mil\u00e1n. Fue la fr\u00eda aplicaci\u00f3n del Reglamento, que prescrib\u00eda eso. Y s\u00ed, me gustaba aquel equipo, con un Psosinecki especial, y aquel Savicevic. Ganaron luego la Champions al Olympique de Marsella (que se hab\u00eda colado ah\u00ed con mucho tongo) y, ya sin Prosinecki, al Bar\u00e7a en Atenas. Un equipo estupendo.<\/p>\n<p>P.- Buenos d\u00edas Alfredo \u00bfEn que os basais en el AS para afirmar que el Real Madrid ha acortado distancias con el Bar\u00e7a? \u00bfCesc, Alexis y Tiago no refuerzan m\u00e1s que Altintop, Sahin y Coentrao en 2 equipos que estaban igualados? Gracias<\/p>\n<p>R.- Hay algo de maduraci\u00f3n en el Madrid que se nota. El a\u00f1o pasado todo era nuevo, ahora est\u00e1 todo m\u00e1s cuajado. Y los dos jugadores sin suplente, Marcelo y Xabi, ya lo tienen, si es que Sahin se cura, como espero. El Bar\u00e7a tiene m\u00e1s fondo, m\u00e1s repuestos, pero el Madrid ha podido subir un puntito. De todas formas, si le vale, yo veo favorito al Bar\u00e7a, porque van a ganar los dos a todo el mundo y en los cara a cara pesa hoy por hoy m\u00e1s Messi que Cristiano. Y cada vez m\u00e1s.<\/p>\n<p>P.- Buenos d\u00edas Alfredo, \u00bfc\u00f3mo cree que se resolver\u00e1 el futuro de los derechos de TV por parte de los equipos de la Liga BBVA?<\/p>\n<p>R.- Creo que las radios acabar\u00e1n pagando un derecho por la utlizaci\u00f3n del espacio f\u00edsico y por el servicio de l\u00edneas, y que por ah\u00ed se llegar\u00e1 a un acuerdo. No creo que nunca admitan la f\u00f3rmula de pagar por un derecho de transmisi\u00f3n en s\u00ed. Y no podr\u00e1n llegar a esa cantidad. No les da tanto de s\u00ed. Y pueden seguir haciendo los carruseles dignamente por la tele hasta que eso llegue.<\/p>\n<p>P.- Don Alfredo, usted siempre se ha mostrado como un amante del f\u00fatbol ofensivo y de calidad, y en cambio tambi\u00e9n ha dicho siempre que su entrenador favorito es Helenio Herrera. \u00bfPero no fue \u00e9l el inventor del &#8220;catenaccio&#8221;, o como m\u00ednimo uno de sus m\u00e1ximos impulsores? \u00bfC\u00f3mo se entienden esas dos posturas contrapuestas? Gracias y saludos.<\/p>\n<p>R.- Me gusta un estilo de f\u00fatbol, pero admiro el buen trabajo en todos los sentidos. Helenio Herrera hac\u00eda ganadores a sus equipos y aunque fue, no el inventor, pero s\u00ed el gran difusor del catenaccio y un personaje tan pol\u00e9mico, salvando \u00e9pocas, como Mourinho, le reconozco su eficacia y su entrega. Vi a aquel Inter suyo bastante y era de a\u00fapa. Helenio Herrera fue pionero en estudiar a los contrarios y detallarles a sus jugadores c\u00f3mo eran, uno por uno y t\u00e1cticamente. Buscaba los espcios que dejaba el rival. Y manejaba varias f\u00f3rmulas. Antes de ir al Inter, en el Bar\u00e7a, tuvo un equipo de ataque glorioso y permanente, dando circulaci\u00f3n en su delantera a ocho atacantes de a\u00fapa: Tejada, Kocsis, Kubala, Eulogio Mart\u00ednez, Evaristo, Luis Su\u00e1rez, Villaverde, Czibor&#8230; Manejaba la opini\u00f3n p\u00fablica, la directiva, a los jugadores. En el Inter hizo lo que hizo porque le pareci\u00f3 lo mejor, pero no fue siempre ese su sello. <\/p>\n<p>P.- Saludos don Alfredo, y gracias por estas charlas tan instructivas para los fans del f\u00fatbol. Me gustar\u00eda exponerle una teor\u00eda para ver si est\u00e1 usted de acuerdo conmigo: yo creo que el f\u00fatbol, tal como est\u00e1 planteado actualmente, est\u00e1 herido de muerte. En la gran mayor\u00eda de las ligas europeas (excepto quiz\u00e1s la alemana) tenemos s\u00f3lo a dos equipos con posibilidades de ganarlas, y si hablamos de Europa vemos como mucho a 4 \u00f3 5 equipos con posibilidades reales de hacer algo en la Champions (y estoy siendo generoso). \u00bfC\u00f3mo ve usted el futuro del deporte rey? \u00bfQu\u00e9 deber\u00eda cambiar para aumentar la competitividad? \u00bfO bien opina que ya est\u00e1 bien as\u00ed? Un saludo cordial.<\/p>\n<p>R.- Estamos ante un tiempop nuevo. Me hace pensar en hace un siglo, cuando surgi\u00f3 el profesionalismo y en cada ciudad o regi\u00f3n uno o dos equipos se comieron al resto. el Athletic al Arenas de Guecho, la Real al Real Uni\u00f3n, el Bar\u00e7a y el Espa\u00f1ol al Europa, entre otros (te hablo de clubes que estuvieron entre los diez creadores de la Primera Divisi\u00f3n). En Madrid se hundieron la Gimn\u00e1stica, el Racing, un Espa\u00f1ol de aqu\u00ed o el Nacional entre otros y qeudaron Madrid y Atl\u00e9tico. Desaparecieron laos campeonatos regionales, la Liga nacional se impuso. Ahora estamos ante un superprofesionalismo que quiz\u00e1 desemboque en un segundo corte de este tipo, con un salto definitivo de los dos o tres mejores a Europa. No digo que me guste, pero no s\u00e9 si se puede evitar. Lo \u00fanico que podemos hacer es estar atentos.<\/p>\n<p>P.- \u00bfPor qu\u00e9 se lleva a Torres a la Selecci\u00f3n?Si se trata de llevar a los mejores, Soldado a dia de hoy est\u00e1 por encima, y adem\u00e1s encaja mejor en un sistema dinamico y de movilidad como es la selecci\u00f3n&#8230;Deberiamos apostar m\u00e1s por ser justos y no quien dejar\u00eda de ir. Gracias crak<\/p>\n<p>R.- Le lleva por respeto a su trayectoria y para estimularle, en la esperanza de que recupere su nivel. Pero s\u00ed, hay un punto de injusticia con respecto a Soldado. Del Bosque es mucho de reconocer m\u00e9ritos y sostener ambientes.<\/p>\n<p>P.- Alfredo, el otro d\u00eda dijo Deschamps, entrenador del Marsella, que hay dos tipos de f\u00fatbol, el del Bar\u00e7a y el del resto, y que ni el Madrid ni el Oporto, a pesar de estar mejor f\u00edsicamente y de presionarle mucho arriba, pudieron derrotarle. Cuando el plan es defender, acabas perdiendo. Y cuando sales a atacar, terminas perdiendo tambi\u00e9n. \u00bfC\u00f3mo se puede ganar a este Bar\u00e7a?<\/p>\n<p>R.- Nadie lo sabe. Enfrent\u00e1ndose a \u00e9l cuando ocho titulares est\u00e9n afectados por una fuerte gripe. Y a\u00fan as\u00ed&#8230; <\/p>\n<p>P.- Hola Alfredo, no crees que CR y Messi se aprovechan de la distancia abismal que hay entre el Bar\u00e7a y el Madrid y el resto de equipos que salen rendidos ante ellos???<\/p>\n<p>R.- Les ayuda, claro, a marcar m\u00e1s goles. Pero parte de esa distancia la establecen ellos. Yo creo que les dan cada uno quince puntos m\u00e1s a su equipo.<\/p>\n<p>P.- Alfredo, \u00bfqu\u00e9 te pareci\u00f3 ayer el inicio del proyecto del Atl\u00e9tico de Madrid ganando la Supercopa al todopoderoso Bar\u00e7a en una pista con un llenazo hist\u00f3rico?<\/p>\n<p>R.- Me qued\u00e9 entusiasmado. El Atl\u00e9tico de balonmano forma parte de mi paisaje de infancia y adolescencia. Esta fusi\u00f3n con Ciudad Real ha sido una idea estupenda, para el Atletico y para el balonmano.<\/p>\n<p>P.- Seg\u00fan un art\u00edculo de John Carlin de ayer, el Madrid es Salieri y el Barcelona es Mozart, pese a que el ej\u00e9rcito del mal pueda arrebatarle coyunturalmente al Bar\u00e7a alg\u00fan t\u00edtulo (como el City al United, se dice como ejemplo). Pero, si ampliamos un poco la visi\u00f3n, \u00bfno es lo del Barcelona lo que es coyuntural? \u00bfO se ha puesto el contador a cero hace tres a\u00f1os?<\/p>\n<p>R.- La comparaci\u00f3n est\u00e1 bien, al Madrid le mueve algo negativo, o yo tengo la impresi\u00f3n, ante la facilidad natural del Bar\u00e7a, al que parece que todo le sale como sin querer, aunque no sea as\u00ed. Lo pasado es otra cosa. El Madrid tiene un pasado grandioso. Pero en este punto, esa imagen me parece acertada.<\/p>\n<p>P.- Alfredo, despu\u00e9s del sorteo de la Champions, no veo ning\u00fan equipo capaz de frenar a Bar\u00e7a y Madrid. El Milan y el Inter est\u00e1n fatal y el Chelsea y el Manchester United no tienen el potencial de otros a\u00f1os. El Bayern de Munich puede estar motivado por jugar la final en casa y tiene un buen equipo, pero lo veo un escal\u00f3n por debajo. El Manchester City es una inc\u00f3gnita, pero no lo veo levantando la Champions. Y el Oporto es un buen equipo, pero inferior al Bar\u00e7a, como demostr\u00f3 en M\u00f3naco. Ante este panorama, \u00bfla Champions volver\u00e1 a estar entre Bar\u00e7a y Madrid?<\/p>\n<p>R.- Yo creo lo mismo. Puede haber una mala tarde, alg\u00fan accidente, pero no veo equipo que les aparte. Lo normal es que se vuelvan a enfrentar.<\/p>\n<p>P.- Alfredo, un placer, si hubiese que elegir al 5\u00ba mejor jugador de la historia despu\u00e9s de los 4 grandes (Di St\u00e9fano, Pel\u00e9, Cruyff y Maradona), \u00bfno crees que ese deber\u00eda ser indiscutiblemente Puskas? Fue m\u00e1ximo goleador del siglo XX y ten\u00eda una zurda demoledora. \u00bfEs cierto que marc\u00f3 m\u00e1s goles que Pel\u00e9? Si no recuerdo mal, el brasile\u00f1o marc\u00f3 m\u00e1s de 1200 goles. Un saludo.<\/p>\n<p>R.- Yo no pongo a Cruyff ah\u00ed, sino en el siguiente escla\u00f3n. Y meter\u00eda ya a Messi en ese plano, sin muchas reservas, por lo que ha hecho hasta ahora. \u00a1Hay que pensar que s\u00f3lo tiene 24 a\u00f1os! Y Puskas, s\u00ed, fue tremendo. Es el \u00fanico jugador que ha hecho dos carerras distintas, cada una de nueve a\u00f1os, y que con cualquiera de las dos hubiera sido un grande. La primera con el Honved y Hungr\u00eda, la segunda con el Real Madrid. Respecto a los goles, eso sale de que la IFFHS no computaba m\u00e1s que los conseguidos en campoenatos nacionales, y muchos d elos de Pel\u00e9 son en campeonatos zonales, porque en Brasil se jugaba de esa manera, hasta decidir los que se enfrentaban al final. <\/p>\n<p>P.- Buenas Don Alfredo, se habla mucho estos d\u00edas de que la liga espa\u00f1ola es una liga a la escocesa, con dos gigantes que se lo comen todo (Bar\u00e7a y Madrid) y 18 comparsas (el resto de equipos). Me sorprende mucho que ahora se hable tanto de esto cuando siempre ha sido as\u00ed. De 1952 a 1969, Bar\u00e7a y Madrid se repartieron 16 ligas de las 18 disputadas en ese per\u00edodo. Y de 1985 a 1999, Bar\u00e7a y Madrid ganaron 14 ligas de 15 posibles. \u00bfPor qu\u00e9 se queja ahora tanto todo el mundo de que tenemos una liga escocesa si siempre ha sido as\u00ed? <\/p>\n<p>R.- Porque antes los dem\u00e1s qeudaban m\u00e1s cerca, apretaban hasta el final, no se iba el tercero a treinta puntos. Ahora est\u00e1n todos descartados desde noviembre pr\u00e1cticamente. Nunca fue as\u00ed.<\/p>\n<p>P.- Alfredo, el otro d\u00eda volv\u00ed a ver el 2-6 del Bar\u00e7a en el Bernab\u00e9u y cuando acab\u00f3 el partido el comportamiento de los jugadores del Madrid fue exquisito, saludando y felicitando a los jugadores del Bar\u00e7a y encajando la derrota con resignaci\u00f3n y deportividad. En cambio, en los \u00faltimos cl\u00e1sicos, los jugadores del Madrid, que son pr\u00e1cticamente los mismos que en aquel partido, no han sabido perder, haciendo feas entradas al final (la de Sergio Ramos a Messi en el 5-0 y la de Marcelo a Cesc en la Supercopa) y abandonando el terreno de juego sin quedarse a la entrega del trofeo al campe\u00f3n. \u00bfQu\u00e9 ha cambiado en el Madrid para que ahora pase esto? \u00bfEs Mourinho el culpable de que los jugadores del Madrid ahora act\u00faen as\u00ed?<\/p>\n<p>R.- El cambio para mal lo ha tra\u00eddo Mourinho, s\u00ed. <\/p>\n<p>P.- Buenas Alfredo, un placer. En la Liga de la Champions veremos equipos que son aut\u00e9nticos desconocidos y que creo que no tienen nivel para estar en esta competici\u00f3n, como el Bate Borisov, el Genk, el Dinamo de Zagreb, el Apoel Nicosia, el Trabzonspor y el Viktoria Plzen. En cambio, no est\u00e1n equipos hist\u00f3ricos y con mucho glamour como la Juventus, el Liverpool, el PSV Eindhoven o el Anderlecht. \u00bfNo crees que esto le resta nivel a la Champions? \u00bfNo crees que deber\u00eda haber alg\u00fan criterio para evitar que equipos de bajo nivel se metan en la Champions y garantizar que los equipos hist\u00f3ricos siempre est\u00e9n? <\/p>\n<p>R.- Buenas Alfredo, un placer. En la Liga de la Champions veremos equipos que son aut\u00e9nticos desconocidos y que creo que no tienen nivel para estar en esta competici\u00f3n, como el Bate Borisov, el Genk, el Dinamo de Zagreb, el Apoel Nicosia, el Trabzonspor y el Viktoria Plzen. En cambio, no est\u00e1n equipos hist\u00f3ricos y con mucho glamour como la Juventus, el Liverpool, el PSV Eindhoven o el Anderlecht. \u00bfNo crees que esto le resta nivel a la Champions? \u00bfNo crees que deber\u00eda haber alg\u00fan criterio para evitar que equipos de bajo nivel se metan en la Champions y garantizar que los equipos hist\u00f3ricos siempre est\u00e9n? <\/p>\n<p>P.- Alfredo, soy socio del Madrid desde que nac\u00ed y este no es mi Madrid. Un club que est\u00e1 en manos de Mourinho y sus secuaces (Rui Faria, Silvino Louro, Jorge Mendes, Eladio Param\u00e9s), a los que no les importa en absoluto destrozar la imagen del Madrid para conseguir sus objetivos y ampliar su curr\u00edculum personal de t\u00edtulos. \u00bfPor qu\u00e9 se rodea Florentino de estos personajes, en vez de rodearse de personas como Del Bosque, M\u00edchel, Valdano o Mart\u00edn V\u00e1zquez, que dan una imagen excelente del Madrid y respiran madridismo por los cuatro costados?<\/p>\n<p>R.- Yo creo que en busca de ganar al Bar\u00e7a se ha agarrado a esto. No le puede gustar tampoco, pero es tarde para que d\u00e9 marcha atr\u00e1s.<\/p>\n","protected":false},"excerpt":{"rendered":"<p>Alfredo Rela\u00f1o, Director de Diario As y una de las firmas m\u00e1s prestigiosas del periodismo deportivo espa\u00f1ol, ha charlado de la actualidad deportiva con los internautas. <\/p>\n","protected":false},"author":1,"featured_media":0,"comment_status":"open","ping_status":"open","sticky":false,"template":"","format":"standard","meta":{"footnotes":""},"categories":[],"tags":[],"class_list":["post-9072","post","type-post","status-publish","format-standard","hentry"],"_links":{"self":[{"href":"https:\/\/intervius.com\/index.html\/wp-json\/wp\/v2\/posts\/9072","targetHints":{"allow":["GET"]}}],"collection":[{"href":"https:\/\/intervius.com\/index.html\/wp-json\/wp\/v2\/posts"}],"about":[{"href":"https:\/\/intervius.com\/index.html\/wp-json\/wp\/v2\/types\/post"}],"author":[{"embeddable":true,"href":"https:\/\/intervius.com\/index.html\/wp-json\/wp\/v2\/users\/1"}],"replies":[{"embeddable":true,"href":"https:\/\/intervius.com\/index.html\/wp-json\/wp\/v2\/comments?post=9072"}],"version-history":[{"count":0,"href":"https:\/\/intervius.com\/index.html\/wp-json\/wp\/v2\/posts\/9072\/revisions"}],"wp:attachment":[{"href":"https:\/\/intervius.com\/index.html\/wp-json\/wp\/v2\/media?parent=9072"}],"wp:term":[{"taxonomy":"category","embeddable":true,"href":"https:\/\/intervius.com\/index.html\/wp-json\/wp\/v2\/categories?post=9072"},{"taxonomy":"post_tag","embeddable":true,"href":"https:\/\/intervius.com\/index.html\/wp-json\/wp\/v2\/tags?post=9072"}],"curies":[{"name":"wp","href":"https:\/\/api.w.org\/{rel}","templated":true}]}}