{"id":9071,"date":"2011-09-05T00:00:00","date_gmt":"2006-11-06T00:00:00","guid":{"rendered":"https:\/\/intervius.com\/index.html\/?p=9071"},"modified":"2006-11-06T00:00:00","modified_gmt":"2006-11-06T00:00:00","slug":"Juan_Mora9071","status":"publish","type":"post","link":"https:\/\/intervius.com\/index.html\/Juan_Mora9071\/","title":{"rendered":"Juan Mora"},"content":{"rendered":"<p>Pregunta.- Buenos d\u00edas, cual es en tu opini\u00f3n el punto d\u00e9bil de la selecci\u00f3n espa\u00f1ola de baloncesto. Es posible que a\u00fan no hay ning\u00fan jugador que asuma el rol de Carlos Jim\u00e9nez. Ya que tenemos grandes bases, excelentes tiradores y los mejores interiores.<\/p>\n<p>Respuesta.- Buenos d\u00edas mansin y buenos d\u00edas a todos. Jugando Calder\u00f3n como lo hizo ayer, y jugando y defendiendo Rudy como lo hizo ante Gran Breta\u00f1a, no tenemos puntos d\u00e9biles. Creo que hay que ir olvidando a Carlos Jim\u00e9nez y, adem\u00e1s, quitar\u00edamos a alguien del actual cinco titular para meterle a \u00e9l?<\/p>\n<p>P.- De qui\u00e9n es la culpa de que solo hayamos conseguido una medalla? De la mala preparaci\u00f3n o de la operaci\u00f3n galgo? tienen raz\u00f3n en Europa al decir que nuestros triunfos deportivos est\u00e1n directamente relacionados con el doping?<\/p>\n<p>R.- Hoy escribo que una de las causas del fracaso es la forma en la que Odriozola concede las becas, que premian la realizaci\u00f3n de las m\u00ednimas. Estas se convierten en objetivo prioritario de los atletas con menos posibilidades y el resultado es llevar un equipo muy amplio, pero sin apenas opciones no ya de medalla, sino de finalistas. Respecto a la segunda cuesti\u00f3n, yo dir\u00eda que el retroceso del atletismo en concreto tiene m\u00e1s que ver con la hegemon\u00eda africana que con los tiempos oscuros.<\/p>\n<p>P.- Marquez suma y sigue. Este chico es lo mejor que he visto sobre dos ruedas. Hazme caso, es el nuevo rossi. Y te apuesto un desayuno a que gana el mundial de moto2<\/p>\n<p>R.- Ser\u00eda la apuesta que m\u00e1s me gustar\u00eda perder, pero no la acepto, porque yo tambi\u00e9n apuesto por M\u00e1rquez. Y claro que te hago caso, ser\u00e1 el nuevo Rossi, pero ah\u00ed prefiero ir m\u00e1s despacio. Tambi\u00e9n lo dec\u00edamos de Lorenzo, pero se ha encontrado con que Stoner lleva una moto mejor y f\u00edjate c\u00f3mo anda sufriendo.<\/p>\n<p>P.- Vaya estreno del Atl\u00e9tico de balonmano!!! Esperabas algo as\u00ed? menudo ambientazo! Creo que esto le puede venir al balonmano muy muy bien!!<\/p>\n<p>R.- \u00a1Impresionante! S\u00f3lo el Atl\u00e9tico es capaz de estas cosas. Y claro que le va a venir bien al balonmano. Mejor incluso que lo de Urdangar\u00edn. El Atl\u00e9tico es capaz de mover masas y caer bien a media Espa\u00f1a.<\/p>\n<p>P.- Crees, como dice Turkoglu, que el campe\u00f3n del eurobasket saldr\u00e1 del grupo de Espa\u00f1a? <\/p>\n<p>R.- Lo dice Turkoglu y lo dice medio mundo, por no decir el mundo entero. Y voy m\u00e1s lejos, la gente que apuesta su dinero lo hace por Espa\u00f1a en concreto. No hay m\u00e1s que ver el golpe de autoridad que dio ayer. Cuando se pone seria no hay quien la pare.<\/p>\n<p>P.- est\u00e1 la vuelta sentenciada?<\/p>\n<p>R.- Tanto como para decir sentenciada no dir\u00eda yo. A Cobo se le vio fenomenal, pero ayer el Angliru marc\u00f3 las menores diferencias entre los diez primeros desde que se sube. Esto quiere decir que todo el mundo anda con las fuerzas muy parejas y muy justas tambi\u00e9n, por lo cual no hay que descartar a\u00fan sorpresas. Pero Cobo es verdad que lo tiene muy bien.<\/p>\n<p>P.- qu\u00e9 te pareci\u00f3 la maniobra de Zarco en 125 cc.? No drees que es para que le sancione su equipo Vaya profesionalidad&#8230;<\/p>\n<p>R.- Absurda y de las que merece la pena conservar en las videotecas. Ahora bien, tanto como para sancionarle&#8230; Ya bastante castigo lleva el chaval con su maniobra.<\/p>\n<p>P.- C\u00f3mo valoras la integraci\u00f3n de Ibaka?<\/p>\n<p>R.- Deportivamente, buena.<\/p>\n<p>P.- Crees que Marc Marquez debe subir a MotoGP el a\u00f1o que viene?<\/p>\n<p>R.- \u00daltimamente hay mucha prisa para que los pilotos suban muy r\u00e1pido de categor\u00eda y los resultados no han sido buenos en todos los casos. El mismo gran Rossi estuvo dos a\u00f1os en 250cc y le fue estupendamente. En el caso de M\u00e1rquez no ser\u00eda ning\u00fan desdoro seguir un a\u00f1o m\u00e1s donde est\u00e1, y m\u00e1s a\u00fan siendo tan joven, pero en cualquier caso nadie mejor que \u00e9l y su entorno para saber qu\u00e9 debe de hacer.<\/p>\n<p>P.- Vaya partidazo el de ayer de la selecci\u00f3n de baloncesto!!! \u00bfNo crees que la recuperaci\u00f3n de Calder\u00f3n es clave para que la selecci\u00f3n alcance su plenitud? Con todos mis respetos a Ricky&#8230;, le queda un largo trecho hasta llegar donde el base de Toronto<\/p>\n<p>R.- Coincido en la importancia de Calder\u00f3n para que el equipo funcione a pleno rendimiento. Le da el ritmo necesario al juego y el control del partido, lo cual hace que todos los jugadores se sientan c\u00f3modos en encuentros complicados como el que era ayer. \u00a1C\u00f3mo ser\u00eda que la Selecci\u00f3n comenz\u00f3 dominando sin los puntos de Pau! Y a Ricky, efectivamente, le queda todav\u00eda mucho camino para llevar \u00edntegramente el juego en partidos importantes.<\/p>\n<p>P.- Se puede decir que Wiggins dijo adi\u00f3s ayer a la Vuelta?<\/p>\n<p>R.- En absoluto, porque el terreno que queda de Vuelta no le resulta tan desfavorable como el del fin de semana. Yo creo que todav\u00eda atacar\u00e1. Otra cosa es que gane la Vuelta. Eso depender\u00e1 de las fuerzas que le hayan quedado a Cobo.<\/p>\n<p>P.- Qu\u00e9 porcentaje de opciones de ganar el mundial das a Lorenzo? y a Marc?<\/p>\n<p>R.- Como toca mojarse, all\u00e1 va: a M\u00e1rquez un 75% y a Lorenzo un 20%.<\/p>\n<p>P.- Tras la paliza de ayer a Lituania&#8230;. \u00bftenemos rival en este Eurobasket? \u00bfQui\u00e9nes son las principales amenazas?<\/p>\n<p>R.- La verdad es que no se ve rival. Lo era, sin duda, Lituania, pero despu\u00e9s de lo de ayer&#8230; La Selecci\u00f3n demuestra que depende de s\u00ed misma. Si juega en serio es capaz de ganar todos los partidos por 30 de diferencia; si no lo hace, por 10, y si hace tonter\u00edas, pues cuidado entonces.<\/p>\n<p>P.- \u00bfCu\u00e1l ser\u00eda su top-5 de los mejores ciclistas espa\u00f1oles de todos los tiempos?<\/p>\n<p>R.- Indurain, Contador, Bahamontes, Delgado y Freire.<\/p>\n<p>P.- \u00bfCrees que la de ayer fue la subida al Angliru con menor nivel de la Historia? Hasta ayer los ganadores eran los numeros 1 en la escalada mundial \u00bfcrees que los organizadores se arrepienten de haber puesto el coloso astur este a\u00f1o? Gracias.<\/p>\n<p>R.- Lo de cuantificar el nivel es relativo. Lo que s\u00ed vi es que fue la de menores diferencias entre los diez primeros, lo cual ciertamente es una evidencia de que faltaban escaladores puros, o los que hab\u00eda andaban ya muy justitos, pero en la Vuelta est\u00e1n los que est\u00e1n. Y en absoluto creo que los organizadores se hayan arrepentido de la etapa. Fue un \u00e9xito en todos los sentidos&#8230; menos en el de que se cayeran las motos de tv.<\/p>\n<p>P.- \u00a1Buenos d\u00edas, Juan! Afirmas constantemente que en Espa\u00f1a no hay Alpes, pero no es verdad que en Espa\u00f1a no haya monta\u00f1a: si a la etapa de La Farrapona le a\u00f1ades Cobertoria y Trobaniello, encadenas 4 especiales, Ancares por donde se subi\u00f3 el otro d\u00eda es similar a Galibier, y por otra es similar a Mortirolo, y en el Sur tambi\u00e9n hay grandes etapas, \u00bfpor qu\u00e9 esa insistencia en decir que no hay monata\u00f1a?<\/p>\n<p>R.- Que no tengamos Alpes, lo cual es un hecho constatable, no quiere decir que no tengamos monta\u00f1a, en absoluto. Y es m\u00e1s, recuerdo que en la geograf\u00eda que estudi\u00e9 se dec\u00eda que Espa\u00f1a era el pa\u00eds m\u00e1s monta\u00f1oso de Europa despu\u00e9s de Francia. Claro que aqu\u00ed se pueden hacer etapas de monta\u00f1a estupendas, ahora bien, eso de que Ancares es similar al Galibier y al Mortirolo es una opini\u00f3n que, perm\u00edteme, no comparto.<\/p>\n","protected":false},"excerpt":{"rendered":"<p>Porque el deporte va m\u00e1s all\u00e1 del f\u00fatbol, Juan Mora, subdirector del diario AS, ha charlado con los internautas sobre las diversas disciplinas deportivas al margen del f\u00fatbol.<\/p>\n","protected":false},"author":1,"featured_media":0,"comment_status":"open","ping_status":"open","sticky":false,"template":"","format":"standard","meta":{"footnotes":""},"categories":[],"tags":[],"class_list":["post-9071","post","type-post","status-publish","format-standard","hentry"],"_links":{"self":[{"href":"https:\/\/intervius.com\/index.html\/wp-json\/wp\/v2\/posts\/9071","targetHints":{"allow":["GET"]}}],"collection":[{"href":"https:\/\/intervius.com\/index.html\/wp-json\/wp\/v2\/posts"}],"about":[{"href":"https:\/\/intervius.com\/index.html\/wp-json\/wp\/v2\/types\/post"}],"author":[{"embeddable":true,"href":"https:\/\/intervius.com\/index.html\/wp-json\/wp\/v2\/users\/1"}],"replies":[{"embeddable":true,"href":"https:\/\/intervius.com\/index.html\/wp-json\/wp\/v2\/comments?post=9071"}],"version-history":[{"count":0,"href":"https:\/\/intervius.com\/index.html\/wp-json\/wp\/v2\/posts\/9071\/revisions"}],"wp:attachment":[{"href":"https:\/\/intervius.com\/index.html\/wp-json\/wp\/v2\/media?parent=9071"}],"wp:term":[{"taxonomy":"category","embeddable":true,"href":"https:\/\/intervius.com\/index.html\/wp-json\/wp\/v2\/categories?post=9071"},{"taxonomy":"post_tag","embeddable":true,"href":"https:\/\/intervius.com\/index.html\/wp-json\/wp\/v2\/tags?post=9071"}],"curies":[{"name":"wp","href":"https:\/\/api.w.org\/{rel}","templated":true}]}}