{"id":9056,"date":"2011-08-31T00:00:00","date_gmt":"2006-11-06T00:00:00","guid":{"rendered":"https:\/\/intervius.com\/index.html\/?p=9056"},"modified":"2006-11-06T00:00:00","modified_gmt":"2006-11-06T00:00:00","slug":"Inako_Diaz_Guerra9056","status":"publish","type":"post","link":"https:\/\/intervius.com\/index.html\/Inako_Diaz_Guerra9056\/","title":{"rendered":"I\u00f1ako D\u00edaz Guerra"},"content":{"rendered":"<p>Pregunta.- Grande I\u00f1ako, Manolete est\u00e1 que trina con la marcha de Forlan. \u00bfPero que pasa si no es titular?, ya vimos cuando le dejaron en el banquillo para darle descanso, sus mosqueos y adem\u00e1s el a\u00f1o pasado fue muy egoista, como profesional ser\u00e1 un 10, pero siempre a pensado mas en \u00e9l y su seleccion que en el Atleti. Y el pastizal que cobra sin ser titular&#8230;<\/p>\n<p>Respuesta.- En realidad, mi problema con la marcha de Forl\u00e1n es que ha sido demasiado tarde. Para el club y para \u00e9l. La \u00faltima temporada ya no ten\u00eda sentido. Desde un punto de vista estrictamente futbol\u00edstico y teniendo en cuenta que sigo pensando que la gran laguna de este Atleti es que s\u00f3lo Falcao tiene gol de verdad, Forl\u00e1n vendr\u00eda muy bien y eso de suplente habr\u00eda que verlo, porque tambi\u00e9n podr\u00eda partir de cualquiera de las bandas en el 4-3-3. Pero la relaci\u00f3n entre el club y \u00e9l estaba rota, despu\u00e9s de que llevasen mercadeando con \u00e9l dos meses y \u00e9l necesitaba un empuje nuevo. Lo que no puede ser es que lo hagas tan mal que cuando se va s\u00f3lo logres quitarte su sueldo y que el Inter pague los que le debes, ni un euro en traspaso. Cutre.<\/p>\n<p>P.- Buenas crack.un par de preguntas cmplicadillas y espero respuestas sinceras.1 No crees que la fiscalia anticorrucion deberia intervenir de oficio en mas de un club por todas las cosas raras que pasan en el futbol?2Porque la prensa ahora sacude sin parar a la LFP si antes del tema de las radios era bastante tibia en este tema, he llegado a escuchar que o se soluciona o se sacarian cosas de directivos, clubs etc. no se deberia hacer independientemente del conflicto con las radios.Un saludo y gracias<\/p>\n<p>R.- 1. Nadie se atreve a controlar el f\u00fatbol. Ya explotar\u00e1 como no se autorregule, que no parece. De todos modos, las comisiones y pagar de m\u00e1s etc etc no son ilegales. 2. Hay una sensaci\u00f3n de desagradecimiento por parte del f\u00fatbol, para el q las radios han sido b\u00e1sicas en su crecimiento. Ya hubo un golpe fuerte para los Carruseles cuando se pusieron los nuevos horarios y, justo tras eso, se les pide pagar y reaccionan. A m\u00ed me parece peregrino, los clubes llevan a\u00f1os gestionando de espanto y ahora pretenden sacar unas migajas de qui\u00e9n les ha ayudado. Est\u00e1 feo. Dicho esto, si alg\u00fan periodista ha callado cosas y las saca ahora como chantaje es un periodista lamentable. Por callarlas, primero, y por amenazar, despu\u00e9s<\/p>\n<p>P.- Consultorio! Pero no me culpes ni me psicoanalices como sueles hacer, solo aconsejame, ke tu eres perro viejo en el amor. Parece mentira pero soy yo el que quiere dar el paso a vivir juntos y ella tiene dudas, me dice a ratos que le parece muy bien y est\u00e1 ilusionada, a veces que no lo ve claro&#8230; me vuelve loco! y ya llevamos as\u00ed m\u00e1s de 1 a\u00f1o. A mi no me importa esperar pero el ahora s\u00ed, ahora no es el k me rebienta y hace ke me lo plantee. Si no tiene claro dar este paso es que no tiene realmente claro cosas mas importantes? o simplemente como dec\u00edan en friends &#8220;estamos en diferentes puntos&#8221;? Gracias por tu aporte. Un saludo.<\/p>\n<p>R.- &#8220;Perro viejo en el amor&#8221;. T\u00edo, me has matado Yo no relacionar\u00eda que no tenga claro vivir contigo con que no tenga claro estar contigo. Cada cual lleva sus ritmos y si la presionas y acaba cediendo sin estar convencida, luego va a ser peor. De todos modos, con lo bien que se vive solo&#8230;<\/p>\n<p>P.- I\u00f1ako si Ra\u00fal se merece el Pr\u00edncipe de Asturias sin ganar nada con la selecci\u00f3n y las mismas champions que Xavi, Iniesta y Puyol, que se merecen estos que s\u00ed lo han ganado TODO? El premio planeta? El Nobel? Me pareceria flipante que lo ganara Raul y sobretodo que no lo ganara Gebresselassie! un saludo crack.<\/p>\n<p>R.- Sinceramente, el Pir\u00edncipe de Asturias me parece una chorrada. Lo tiene Sito Pons y no lo tiene \u00c1ngel Nieto.<\/p>\n<p>P.- Hola I\u00f1ako, despu\u00e9s de cerrar a Lofton, \u00bfqu\u00e9 queda para completar la plantilla del Estu y qui\u00e9n suena?<\/p>\n<p>R.- Al final Lofton no pas\u00f3 el reconocimiento, as\u00ed que est\u00e1n buscando otro escolta<\/p>\n<p>P.- grande i\u00f1ako! 3 preguntas cortitas candidatos a descender? equipos para europa league?y boardwalk empire o breaking bad?un saludoooo fiera<\/p>\n<p>R.- 1. Racing, Levante, Zaragoza. 2. Atleti, Valencia, Villarreal y Sevilla. 3. No he visto Braking Bad, no puedo opinar<\/p>\n<p>P.- Buenas I\u00f1ako. \u00bfQu\u00e9 te ha parecido el juego en conjunto de la selecci\u00f3n espa\u00f1ola de basket? \u00bfA qui\u00e9n ves favorita para el t\u00edtulo, aparte de Espa\u00f1a? \u00bfY alguna selecci\u00f3n sorpresa?. Un saludo<\/p>\n<p>R.- Bien pero no apabullante. Sigo pensando que con Scariolo se juega con el freno de mano un poco echado. Lo que pasa es que el equipo es tan bueno que les sirve. La tendencia general es apostar por Lituania como segunda opci\u00f3n y no fiarse de Francia. Yo lo veo un poco distinto. A m\u00ed me convence Francia, me intriga Italia y no me gustar\u00eda cruzarme con Alemania<\/p>\n<p>P.- hola crack, quer\u00eda hacerte dos preguntas. la 1\u00aa, has visto alguna vez ilustres ignorantes, si es as\u00ed, que te parece? y la 2\u00aa crees que ricky por fin va a triunfar entre los grandes en el eurobasket y en la nba<\/p>\n<p>R.- 1. S\u00ed, a veces. El propio formato del programa obliga a que sea muy irregular, pero 4 o 5 veces de re\u00edrte a muerte tienes garantizados. 2. Ricky ha estado muy bien en la preparaci\u00f3n, parece que la presencia de Calder\u00f3n le da confianza, le quita el peso de saber que es \u00e9l o \u00e9l, como sucedi\u00f3 en el Mundial. Har\u00e1 un buen Europeo. Siempre he pensado que funcionar\u00e1 mejor en la NBA, con m\u00e1s libertad para el talento, que en esa aburrida jungla de pizarras llamada ACB<\/p>\n<p>P.- Hola I\u00f1ako. Con la plantilla que se ha configurado en el Atleti, \u00bfa qu\u00e9 aspiramos? \u00bfTe ilusiona? \u00bfQu\u00e9 alineaci\u00f3n pondr\u00edas y qu\u00e9 cambios si vamos perdiendol? <\/p>\n<p>R.- A ser terceros, y a pelar la Europa League y la Copa. He dicho a qu\u00e9 se aspira, no qu\u00e9 se va a lograr. Eso habr\u00e1 que verlo porque hay ciertos condicionantes fundamentales: la salud de Falcao, la cabeza de Diego, la adaptaci\u00f3n de Arda&#8230; Pero para c\u00f3mo pintaba el verano sin Kun, De Gea y Forl\u00e1n, ha quedado apa\u00f1adito. Mi once: Courtois; Silvio, Perea, Dom\u00ednguez, Filipe; Mario, Gabi, Diego; Reyes, Falcao y Arda. Desde el banquillos hay dos que pueden ser titulares si est\u00e1n bien: God\u00edn y Tiago (ahora mismo mucho mejor Gabi, veremos en dos meses). Tambi\u00e9n la progresi\u00f3n de Koke puede acabar empuj\u00e1ndole hacia arriba en la rotaci\u00f3n<\/p>\n<p>P.- como fue tu fantasy?! En vez de preguntarte favoritos y mvp, que jugador y equipo de la NFL tienes m\u00e1s ganas de ver \u00e9ste a\u00f1o?<\/p>\n<p>R.- La verdad es que fue un draft muy propicio, ya que todo el mundo se puso a coger QB como locos en la primera ronda y, eligiendo el 7, me lleg\u00f3 Arian Foster (2\u00ba en todos los r\u00e1nkings). En segunda ronda de una liga de 12, McCoy (7\u00ba en r\u00e1nkings), en 3\u00ba White (14\u00ba), en cuarta P Manning (27\u00ba) y as\u00ed sucesivamente. No veo c\u00f3mo, salvo lesi\u00f3n, no voy a ganar la Liga. Como siempre, quiero ver a mis Patriots y comparto el morbo general con los Eagles y su dream team. Pero luego me interesan mucho tres equipos j\u00f3venes con QB que pueden ser grandes y que este a\u00f1o por primera vez jugar\u00e1n con la presi\u00f3n de que se espere mucho de ellos: Bucs con Freeman, Rams con Bradford y Lions con Stafford<\/p>\n<p>P.- Hola I\u00f1ako, tengo un problema sentimiental. Estoy saliendo con una chica que est\u00e1 muy pero que muy buena se llama Diega Forlan, a mi me gusta mucho, pero ella no para de repetirme que est\u00e1 muy agusto conmigo pero que lo \u00fanico que le interesa es mi dinero. \u00bfQu\u00e9 debo hacer?, \u00bfsigo con ella o me busco a otra novia, que por lo menos me mienta y diga que me quiere, aunque sea un poco m\u00e1s fea?<\/p>\n<p>R.- Rel\u00e1jate y disfruta<\/p>\n<p>P.- Que hay crack,hay va la mia,si el Sr.Benitez hubiera sabido que iba contar con la actual plantilla atl\u00e9tica,\u00bfhubiera rechazado la oferta?Saludos.<\/p>\n<p>R.- Es posible. Para empezar, el problema no era tanto la plantilla como la forma de trabajar. Ben\u00edtez pretende poder sobre los fichajes y en el Atleti ficha Mendes. No, perd\u00f3n. Miguel \u00c1ngel. Tampoco, era Caminero. Eso, Caminero.<\/p>\n<p>P.- Hola&#8230; Pregunta &#8220;facilita&#8221; del Atleti&#8230; Cual ser\u00e1 el 11 titular???? Mis dudas&#8230; Perea antes que Godin \/ Mario y Arda fijos y luego &#8230; Gabi o Tiago \/ Salvio acompa\u00f1ando a Reyes y Falcao o pondr\u00e1 a Adr\u00edan ???? GRAAAACIAS<\/p>\n<p>R.- Por ahora, Perea antes que God\u00edn. Arda no va a jugar en la media sino en el ataque. Mi duda en la media es entre Gabi y Tiago con Mario y Diego fijos. A d\u00eda de hoy, Gabi. Arriba, el tercero es Arda<\/p>\n<p>P.- Hola I\u00f1ako! Crees que Serbia podr\u00e1 sorprender tambi\u00e9n este a\u00f1o en el euro basket?? Gracias grande!!<\/p>\n<p>R.- Ya se la espera y eso cambia c\u00f3mo se enfrentan a ti. La baja de Velickovic, fundamental en esa selecci\u00f3n, le hace da\u00f1o. Y otro jugador b\u00e1sico como Keselj llega tocado. No est\u00e1 entre mis grandes favoritas, pero luego siempre compiten bien.<\/p>\n<p>P.- 1. Esto de los fondos de inversiones de Mendes, \u00bfno te recuerda sospechosamente a Van Dorn? Aquello acab\u00f3 muy mal, y se supone que prensa y p\u00fablico (sobre todo, atl\u00e9ticos) deb\u00edamos estar ya avisados como para que se repita&#8230; 2. \u00bfNo te sientes un poco Nick Hornby (f\u00fatbol, chicas, cultura pop)? \u00bfNo te tienta ni un poco intentarlo con la ficci\u00f3n? <\/p>\n<p>R.- Lo que pasa es que esto se supone q est\u00e1 bajo cierto control. Es una obvia agencia de compraventa, quiz\u00e1s turbia pero aparentemente no ilegal. Pero si las usan, me gustar\u00eda que el club dijera porcentajes que pone cada uno para que luego quede claro qu\u00e9 dinero debe salir y cu\u00e1l no. 2. Ya me gustar\u00eda. Aunque yo soy m\u00e1s guapo. Mi gran problema con la ficci\u00f3n, aparte de la evidente duda de si tengo el talento necesario, es que necesita unas dosis de disciplina y tiempo de las que carezco. La idea siempre est\u00e1 ah\u00ed, pero no he arrancado a\u00fan.<\/p>\n<p>P.- hola i\u00f1ako cual deberia ser la posicion del at.madrid 3-4-3 o 4-3-3<\/p>\n<p>R.- Con esos laterales, 4-3-3<\/p>\n<p>P.- buenas makina!! i\u00f1ako \u00bfcrees que el atletico de madrid de balonmano notara este a\u00f1o el cambio de ciudad para esta temporada?<\/p>\n<p>R.- No lo creo, Vistalegre responder\u00e1<\/p>\n<p>P.- Hola I\u00f1ako!! Lo primero es que se echa mucho de menos tu blog!! \u00bfCrees qu\u00e9 al Atleti le falta algo? Es que veo solo Silvio de lateral derecho y cinco centrales, solo Diego de mediapunta (hubiera estado bien El\u00edas de recambio) y cinco pivotes, solo dos delanteros y parece que no se le va a dar una oportunidad a Borja. Creo que lo ideal es dos por puesto&#8230; Y por otro lado, \u00bfqu\u00e9 le ha pasado a Fran M\u00e9rida? \u00bfPor qu\u00e9 no cuentan con \u00e9l? Porque yo he visto regate, goles y sobretodo pases entre l\u00edneas muy buenos. Muchas gracias I\u00f1ako!! <\/p>\n<p>R.- El blog ha sido v\u00edctima colateral de la acumulaci\u00f3n de curro y de medios en los que escribo. Entre el basket y el Atleti m\u00e1s el Twitter y las charlas, tengo un serio problema de tiempo, de ganas y de ideas. Como no van a jugar con media punta, yo veo dos por puesto en todos lados menos en el delantero centro (Perea de lateral cumple). Para Manzano y gran parte de la afici\u00f3n, Adri\u00e1n es un delantero centro. Para m\u00ed, no. Es un segundo delantero que cuanta menos responsabilidad goleadora le cargues, mejor va a jugar. Veremos. Con M\u00e9rida pas\u00f3 una cosa muy atl\u00e9tica, lo mismo que sucede a menudo con los canteranos o, en menor medida, este a\u00f1o con Adri\u00e1n, llega un chico joven y espa\u00f1ol con evidentes cualidades pero a\u00fan en formaci\u00f3n y la gente se vuelve loca. Pero no se miran los antecedentes. M\u00e9rida no era ni habitual con Wenger y cuando jug\u00f3, bien sin m\u00e1s. No estaba a\u00fan para esto. Quiz\u00e1s acabe est\u00e1ndolo, pero las prisas de la grada en hacerle \u00eddolo ante la felicidad del club, que siempre agradece que la exigencia escasee, le han hecho mal y le han colocado en una mala situaci\u00f3n para explotar.<\/p>\n<p>P.- hola i\u00f1ako,no crees tu que diego es un ex futbolista,lleva dos temporadas arrastrandose por los terrenos de juego,no hubiera sido mejor haber ido a por borja valero,un saludo.<\/p>\n<p>R.- Primero, no creo que sea un exfutbolista. Conviene ver circunstancias (qu\u00e9 Juve encontr\u00f3, sobre todo) y tiene 26 a\u00f1os. Es un riesgo, s\u00ed, pero no uno disparatado. Segundo, eso de Borja Valero es como s\u00ed me dices que si en ves de mi casa de 80 metros no habr\u00eda sido mejor comprarme una mansi\u00f3n con piscina. Pues, hombre, s\u00ed, pero casi p\u00e1gamela t\u00fa.<\/p>\n<p>P.- Hola crack! El Atleti terminar\u00e1 tercero del campeonato y ganando alg\u00fan t\u00edtulo, \u00bfLo ves factible o estoy delirando?. 2\u00aa Viajo a Dubl\u00edn pr\u00f3ximamente, \u00bfconoces la ciudad?, \u00bfalgo que recomiendes hacer all\u00ed?. Un saludo.<\/p>\n<p>R.- Puede suceder, es el mejor escenario factible con este equipo. El peor, es s\u00e9ptimo y no gana nada. Ninguno de los dos me sorprender\u00eda sobremanera. No conozco Dubl\u00edn.<\/p>\n<p>P.- Grande I\u00f1ako! Donde has estado de vacaciones?? Eres de esos que tiene pueblo y se marcha alguna semanita homologada? Un saludo!<\/p>\n<p>R.- No tengo pueblo. Normalmente ahorro durante el a\u00f1o para hacerme un viaje grande y lejano de tres semanas. Este a\u00f1o estaba tieso y me he tenido que conformar con C\u00e1diz, que no est\u00e1 mal. Como no soy muy playero, bien pero me falta algo.<\/p>\n<p>P.- Hola crack, \u00bfsigues pensando que Tiago es m\u00e1s futbolista que Gabi cada d\u00eda de su vida o vas a tener que rectificar como con el de los ojos de loca o con el primer Assun\u00e7ao? Un saludo y me alegro de verdad que vuelvas a hacer las cr\u00f3nicas, se te echaba de menos.<\/p>\n<p>R.- Lo era m\u00e1s que el Gabi que yo conoc\u00ed. Pero est\u00e1 empezando a parecerme probable que no que este Gabi. Ojal\u00e1. Repasa, repasa, que siempre defend\u00ed a Assun\u00e7ao en aquel rid\u00edculo debate con Camacho<\/p>\n<p>P.- Hola I\u00f1aki, hay muchos equipos sin patrocinadores, algo que merma su econom\u00eda, y yo que soy publicista, me pregunto \u00bfquien va a pagar un dineral por publicitarse en una camiseta si luego los pedos de CR tienen m\u00e1s importancia medi\u00e1tica que el 80% de los equipos de la liga? Un saludo crack.<\/p>\n<p>R.- Nadie, por lo que se ve. Preguntas y te respondes, amigo<\/p>\n<p>P.- Buenas I\u00f1ako, \u00bfque te paece la pol\u00e9mica de la habitaci\u00f3n de hotel de Marc? PD Creo que realmente quien habl\u00f3 de desconch\u00f3n fuieste t\u00fa.<\/p>\n<p>R.- Una chorrada que han sido la propia FIBA yy la organizaci\u00f3n quienes han acabado llevando a m\u00e1s. Marc colg\u00f3 la foto con claro \u00e1nimo c\u00f3mico, yo la retuitee para echarnos unas risas. Luego en el peri\u00f3dico ya pusimos que el desconch\u00f3n era de adorno, pero que es verdad que las habitaciones no eran gran cosa y que Lituania, el anfitri\u00f3n, casualmente decidi\u00f3 no alojarse all\u00ed. Tampoco me parec\u00eda gran cosa, pero ayer a la FIBA le ofusc\u00f3 el asunto y acab\u00f3 criticando a Marc. Muy aburrida tiene que estar la gente de FIBA para preocuparse de semejante tonter\u00eda. <\/p>\n<p>P.- Hola, I\u00f1ako. Antes que nada gracias por darme a conocer a John Connolly. Ya he le\u00eddo algunos de sus libros de la seria de Charlie Parker y me encanta (&#8220;Todo lo que muere&#8221; es genial). Sobre el Atleti, con el mercado casi cerrado, especul\u00e1ndose sobre que Borja ir\u00e1 cedido a alg\u00fan segunda, \u00bfCrees que vamos a tener suficiente delantera con lo que hay?\u00bfCrees que en la media se ha corregido la falta de calidad y creaci\u00f3n de juego?\u00bfTe ilusiona este equipo?<\/p>\n<p>R.- Un placer, me encanta compartir gustos. Creo que falta un delantero con gol m\u00e1s. Todos los equipos de su nievl tienen dos jugadores de 15 o m\u00e1s goles por a\u00f1o menos el Atleti. LA afici\u00f3n y el club cree que si Falcao falta le suplir\u00e1 bien Adri\u00e1n. Yo no lo creo. Me equivoco a menudo, as\u00ed que ya veremos. En cualquier caso, Borja no ha vuelto a ser el mismo tras las lesiones, as\u00ed que mejor una cesi\u00f3n y darle tiempo y minutos. No era la soluci\u00f3n. La media ha mejorado mucho. En el puesto m\u00e1s defensivo, Mario tiene mucha m\u00e1s calidad, llegada y mejor salida de bal\u00f3n que sus predecesores. Gabi, Tiago y Koke son tres centrocampistas que saben jugar a esto. Y si Diego est\u00e1 centrado, la guinda<\/p>\n<p>P.- \u00bfQu\u00e9 te parece el estilo de toque y posesi\u00f3n que oferta Manzano este a\u00f1o en comparaci\u00f3n con el anterior?<\/p>\n<p>R.- Me parece una gozada. Ojal\u00e1 funcione. Puede hacerlo<\/p>\n<p>P.- Dos preguntas en una. \u00bfDespu\u00e9s de la cifra de 8,8 millones por El\u00edas no crees que definitivamente en Portugal se hinchan los precios de traspaso con alg\u00fan que otro contepto? \u00bfEntiendes que el Atleti, teniendo en n\u00f3mina a 2 porteros jovenes (aunque ahora este lesionado Asenjo), el portero titular sea otro portero joven que no es suyo en propiedad? me parece un error grave el formar para otros y descuidar los tuyos, no se que te parece. Un saludo<\/p>\n<p>R.- No me creo ninguna cifra de traspaso de Portugal, me da igual lo oficial que sea lo de la Comisi\u00f3n de Valores. Los precios son rid\u00edculos siempre. As\u00ed que o lo explican o para m\u00ed es un chiste. Lo del portero lo entiendo perfectamente. Visto lo victo, coincido con Manzano: Courtois es el mejor de largo ahora mismo. As\u00ed que habr\u00e1 que ponerlo. Esto no es un colegio, es un equipo profesional. Joel ha tenido la oportunidad, si Courtois le ha ganado la batalla tendr\u00e1 que esperar otra. Prefiero jugar este a\u00f1o con un portero de 8 y el que viene ya veremos qu\u00e9 pasa, a hacerlo con uno de 6 bajo la esperanza de que el a\u00f1o que viene sea de 8.<\/p>\n","protected":false},"excerpt":{"rendered":"<p>El jefe de la secci\u00f3n de Baloncesto del Diario AS I\u00f1ako D\u00edaz-Guerra ha analizado la actualidad del mundo del baloncesto con los internautas. El inminente inicio del Eurobasket de Lituania y todos los movimientos del mercado est\u00e1n a debate. Las novedades colchoneras y temas tan mundanos como el cine, la literatura o la m\u00fasica tambi\u00e9n tienen cabida.<\/p>\n","protected":false},"author":1,"featured_media":0,"comment_status":"open","ping_status":"open","sticky":false,"template":"","format":"standard","meta":{"footnotes":""},"categories":[],"tags":[],"class_list":["post-9056","post","type-post","status-publish","format-standard","hentry"],"_links":{"self":[{"href":"https:\/\/intervius.com\/index.html\/wp-json\/wp\/v2\/posts\/9056","targetHints":{"allow":["GET"]}}],"collection":[{"href":"https:\/\/intervius.com\/index.html\/wp-json\/wp\/v2\/posts"}],"about":[{"href":"https:\/\/intervius.com\/index.html\/wp-json\/wp\/v2\/types\/post"}],"author":[{"embeddable":true,"href":"https:\/\/intervius.com\/index.html\/wp-json\/wp\/v2\/users\/1"}],"replies":[{"embeddable":true,"href":"https:\/\/intervius.com\/index.html\/wp-json\/wp\/v2\/comments?post=9056"}],"version-history":[{"count":0,"href":"https:\/\/intervius.com\/index.html\/wp-json\/wp\/v2\/posts\/9056\/revisions"}],"wp:attachment":[{"href":"https:\/\/intervius.com\/index.html\/wp-json\/wp\/v2\/media?parent=9056"}],"wp:term":[{"taxonomy":"category","embeddable":true,"href":"https:\/\/intervius.com\/index.html\/wp-json\/wp\/v2\/categories?post=9056"},{"taxonomy":"post_tag","embeddable":true,"href":"https:\/\/intervius.com\/index.html\/wp-json\/wp\/v2\/tags?post=9056"}],"curies":[{"name":"wp","href":"https:\/\/api.w.org\/{rel}","templated":true}]}}