{"id":9054,"date":"2011-09-01T00:00:00","date_gmt":"2006-11-06T00:00:00","guid":{"rendered":"https:\/\/intervius.com\/index.html\/?p=9054"},"modified":"2006-11-06T00:00:00","modified_gmt":"2006-11-06T00:00:00","slug":"Marc_Marquez9054","status":"publish","type":"post","link":"https:\/\/intervius.com\/index.html\/Marc_Marquez9054\/","title":{"rendered":"Marc M\u00e1rquez"},"content":{"rendered":"<p>Pregunta.- \u00bfQue edad crees que es la m\u00e1s idonea para empezara a practicar el motociclismo?<\/p>\n<p>Respuesta.- Hola a todos. Yo creo que entre los 4 y los 8 a\u00f1os es la edad m\u00e1s apropiada. Pero tampoco quiere decir que se tenga que empezar tan pronto.<\/p>\n<p>P.- Marc eres un jug\u00f3n!! \u00bfDe verdad ves los carteles que te pone tu equipo en carrera a ese speed? Enhorabuena monstruo.<\/p>\n<p>R.- En la pizarra es dif\u00edcil ver todo lo que te ponen. Normalmente, cada vuelta miras solo una o dos l\u00edneas, depende de lo que te interese, porque ya tienes memorizado d\u00f3nde va cada informaci\u00f3n.<\/p>\n<p>P.- \u00bfMARC M\u00c1RQUEZ FIRMARA POR HONDA EN 2012?<\/p>\n<p>R.- No. De momento, estoy centrado en Moto2 al 100% y no quiero pensar en MotoGP porque a\u00fan est\u00e1 lejos. <\/p>\n<p>P.- con que piloto de moto gp te identificas mas?<\/p>\n<p>R.- Siempre me he identificado mucho con Dani porque era peque\u00f1o como \u00e9l; pero ahora ya mi estilo de pilotaje ha cambiado bastante.<\/p>\n<p>P.- Creo que eres demasido joven para tener tanta responsabilidad, aun sabiendo que este mundo te apasiona, te sientes presionado??<\/p>\n<p>R.- S\u00ed que soy muy joven y a\u00fan me quedan muchas cosas por aprender, pero ya desde muy peque\u00f1o siempre he tenido equipos muy buenos, y esto te exige mucha responsabilidad desde el principio porque son gente muy profesional.<\/p>\n<p>P.- \u00bfLe incomoda que las expectativas en la calle sean desmesuradas y que los medios le pongan tanta presi\u00f3n?<\/p>\n<p>R.- No me incomoda porque yo tengo una manera de pensar y es dif\u00edcil que me la cambien. Al final, el equipo y las personas de tu alrededor es a quien escuchas.<\/p>\n<p>P.- Marc crees que en el futuro repsol te tendr\u00eda que hacer hueco en su equipo de fabrica HRC junto a Stoner y Pedrosa, no serian muchos gallos en el mismo gallinero, que opinas<\/p>\n<p>R.- De momento no pienso en esto porque es mi primer a\u00f1o en Moto2 y creo que este paso a\u00fan est\u00e1 lejos, pero est\u00e1 claro que en un futuro entrar en un equipo como este ser\u00eda todo un sue\u00f1o.<\/p>\n<p>P.- \u00bfEs tan importante como parece la presencia de un Jefe, Compa\u00f1ero, Manager&#8230; como Emilio para motivarte o dirigirte?<\/p>\n<p>R.- Es muy importante que desde los 12 a\u00f1os he estado con \u00e9l y me ha ayudado mucho a mejorar dentro de la pista y a crecer fuera de ella. Tener un ex campe\u00f3n del mundo a tu lado siempre es un privilegio.<\/p>\n<p>P.- Marc, te parece dificil superar a Bradl o te est\u00e1 resultando normal? <\/p>\n<p>R.- Para Bradl es su segundo a\u00f1o en la categor\u00eda y como ha demostrado hasta ahora es un gran piloto que tiene las cosas claras. Para m\u00ed estar luchando con \u00e9l es m\u00e1s de lo que me esperaba. Intento aprender todo lo que puedo porque est\u00e1 siendo un rival muy duro.<\/p>\n<p>P.- \u00bfQu\u00e9 haces cuando no tienes carreras?<\/p>\n<p>R.- Normalmente estoy en casa con la familia; entreno tres o cuatro d\u00edas en el gimnasio \/ bicicleta; y cuando puedo voy a hacer supermotard o motocross. Estudio dos d\u00edas a la semana ingl\u00e9s e intento tambi\u00e9n relajarme lo que puedo.<\/p>\n<p>P.- Hola! Estas completamente seguro de que si te proponen subir de categor\u00eda lo rechazar\u00edas para estar un a\u00f1o mas en 125? Yo tambi\u00e9n creo que estar un a\u00f1o mas no hace da\u00f1o a nadie, se necesita tiempo para convencerte con la 125 aun mas, despu\u00e9s ya tendr\u00e1s mucho tiempo para subir a MotoGP. Pero todo el mundo no para de insistir, debes hacer lo que de verdad quiera. Un beso desde el Vendrell! \ud83d\ude09<\/p>\n<p>R.- Estando un a\u00f1o m\u00e1s en Moto2 seguro que coges m\u00e1s experiencia, ya que es una categor\u00eda muy dif\u00edcil y con las cosas muy igualadas.<\/p>\n<p>P.- Hola Marc! Alguna vez has temido por tu vida o por tu carrera profesional por culpa de alguna lesi\u00f3n u otras cosas? Recuerda que nunca est\u00e1s solo, y que para mi y muchos eres un h\u00e9roe, este finde otra victoria!:) <\/p>\n<p>R.- Si piensas esto, ya no vas r\u00e1pido en moto. Cuando tienes una lesi\u00f3n solo piensas en recuperarte para volver a subirte en la moto.<\/p>\n<p>P.- Marc quales s\u00f3n los ejercicios que haceis durante toda la temporada?<\/p>\n<p>R.- Hago mucha bicicleta; en general trabajo el cardio. Tambi\u00e9n hago algo de gimnasio, pero no mucho, porque muchas pesas no son buenas. Y lo voy combinando con piscina.<\/p>\n<p>P.- Quer\u00eda preguntarte,si,despu\u00e9s de todo este tiempo, el esfuerzo,el sacrificio que has echo,\u00bfCambiar\u00edas algo?\u00bfTe arrpeientes de algo?<\/p>\n<p>R.- Yo creo que ha valido la pena tanto sacrificio, porque con 18 a\u00f1os tener un t\u00edtulo mundial es todo un privilegio. S\u00ed que, a lo mejor, te pierdes cosas que hace un chaval de 18 a\u00f1os, pero est\u00e1s en el mundo que te gusta y te apasiona.<\/p>\n<p>P.- Hola Marc, felicidades por todos tus triunfos, mi pregunta es la siguiente: \u00bfNo crees que si hubieses sido m\u00e1s cauto en las primeras carreras ahora estar\u00edas lider del mundial?<\/p>\n<p>R.- Seguramente, s\u00ed. Pero a lo mejor si no hubiese sido tan ambicioso ahora no estar\u00eda ganando carreras. Al principio de a\u00f1o fue dif\u00edcil, ya que en una categor\u00eda nueva tienes que aprender muchas cosas y yo las aprend\u00ed a base de golpes, que es cuando se aprende m\u00e1s r\u00e1pido.<\/p>\n<p>P.- Cuales son tu mejor cualidad y tu peor difecto?<\/p>\n<p>R.- La mejor cualidad, a lo mejor, es que soy un piloto bastante completo, aunque est\u00e1 claro que a\u00fan quedan cosas por mejorar. El defecto es que a veces soy demasiado ambicioso.<\/p>\n<p>P.- Piensas que eres un chico prodigio de las motos?<\/p>\n<p>R.- Yo solo s\u00e9 que me divierto mucho en la moto y que hago lo que me gusta. Esto hace que las cosas salgan m\u00e1s f\u00e1cil. <\/p>\n<p>P.- Hola Marc! me gustaria que me respondieras esta pregunta: \u00bfque sensaciones sientes en el momento que estas corriendo en una carrera? Muchas gracias por responder y suerte para la pr\u00f2xima carrera!<\/p>\n<p>R.- Piensas en el momento en que est\u00e1s de la carrera y sobre todo te concentrar mucho en trazar e ir por el sitio. La concentraci\u00f3n es una de las cosas m\u00e1s importantes. Muchas gracias. <\/p>\n<p>P.- Escuchas alg\u00fan tipo de m\u00fasica para relajarte?<\/p>\n<p>R.- No soy mucho de m\u00fasica. Para relajarme hablo con los mec\u00e1nicos.<\/p>\n<p>P.- \u00bfCu\u00e1l circuito te gusta m\u00e1s?<\/p>\n<p>R.- Phillip Island.<\/p>\n<p>P.- \u00bfCrees que puede surgir alg\u00fan otro piloto que pueda &#8220;luchar&#8221; con vosotros por el mundial?<\/p>\n<p>R.- Los otros pilotos est\u00e1n bastante lejos, pero mientras tengan posibilidades siempre son peligrosos. <\/p>\n<p>P.- \u00bfCon qu\u00e9 piloto te llevas mejor dentro del paddock?<\/p>\n<p>R.- Con Tito Rabat. <\/p>\n<p>P.- hola marc,\u00bfcual a sido para ti tu mejor carrera en estos dos a\u00f1os?<\/p>\n<p>R.- La carrera que m\u00e1s gente recuerda es Portugal 2010, pero todas las carreras que ganas son especiales.<\/p>\n<p>P.- Como te ves dentro de 10 a\u00f1os? Afecta tu estado personal en tu trabajo?? (por ejemplo si estas de mal humor no hacer tan bien la carrera) Mucho animoo!!<\/p>\n<p>R.- Dentro de diez a\u00f1os mi sue\u00f1o ser\u00eda estar corriendo en moto. Siempre se intenta que lo que pasa fuera del circuito no influya en tus resultados. Y soy una persona que normalmente est\u00e1 alegre. <\/p>\n<p>P.- Prefieres ir a la playa o a la monta\u00f1a?<\/p>\n<p>R.- En verano playa y en invierno, monta\u00f1a.<\/p>\n","protected":false},"excerpt":{"rendered":"<p>El piloto espa\u00f1ol de Moto2 ha charlado con los lectores de EL PA\u00cdS.<\/p>\n","protected":false},"author":1,"featured_media":0,"comment_status":"open","ping_status":"open","sticky":false,"template":"","format":"standard","meta":{"footnotes":""},"categories":[],"tags":[],"class_list":["post-9054","post","type-post","status-publish","format-standard","hentry"],"_links":{"self":[{"href":"https:\/\/intervius.com\/index.html\/wp-json\/wp\/v2\/posts\/9054","targetHints":{"allow":["GET"]}}],"collection":[{"href":"https:\/\/intervius.com\/index.html\/wp-json\/wp\/v2\/posts"}],"about":[{"href":"https:\/\/intervius.com\/index.html\/wp-json\/wp\/v2\/types\/post"}],"author":[{"embeddable":true,"href":"https:\/\/intervius.com\/index.html\/wp-json\/wp\/v2\/users\/1"}],"replies":[{"embeddable":true,"href":"https:\/\/intervius.com\/index.html\/wp-json\/wp\/v2\/comments?post=9054"}],"version-history":[{"count":0,"href":"https:\/\/intervius.com\/index.html\/wp-json\/wp\/v2\/posts\/9054\/revisions"}],"wp:attachment":[{"href":"https:\/\/intervius.com\/index.html\/wp-json\/wp\/v2\/media?parent=9054"}],"wp:term":[{"taxonomy":"category","embeddable":true,"href":"https:\/\/intervius.com\/index.html\/wp-json\/wp\/v2\/categories?post=9054"},{"taxonomy":"post_tag","embeddable":true,"href":"https:\/\/intervius.com\/index.html\/wp-json\/wp\/v2\/tags?post=9054"}],"curies":[{"name":"wp","href":"https:\/\/api.w.org\/{rel}","templated":true}]}}