{"id":9042,"date":"2011-08-29T00:00:00","date_gmt":"2006-11-06T00:00:00","guid":{"rendered":"https:\/\/intervius.com\/index.html\/?p=9042"},"modified":"2006-11-06T00:00:00","modified_gmt":"2006-11-06T00:00:00","slug":"Alfredo_Relano9042","status":"publish","type":"post","link":"https:\/\/intervius.com\/index.html\/Alfredo_Relano9042\/","title":{"rendered":"Alfredo Rela\u00f1o"},"content":{"rendered":"<p>Pregunta.- Buenos d\u00edas, Alfredo Viendo la tendencia de ingresos en nuestra liga comparada con otras, no piensas que es el momento de plantear una reducci\u00f3n de equipos en primero y quiz\u00e1s segunda divisi\u00f3n? Me parece que ser\u00eda m\u00e1s interesante una liga de 16 o 18 equipos que se repartan la tarta y tengan plantillas competitivas en Europa y contra MAD y BCN. Un saludo<\/p>\n<p>Respuesta.- Empec\u00e9 a ir al f\u00fatbol con una Liga de 16, y estaba satisfecho. La tendencia ha sido ampliarla. A m\u00ed me parecer\u00edan mejor 18 que 20, pero m\u00e1s que nada por las apreturas de calendario. Nosotros jugamos copa a ida y vuelta y paramos en invierno, as\u00ed que hay poco sitio. Pero nuestro problema no creo que sea de ingresos, sino de gastos, en todo caso.<\/p>\n<p>P.- \u00bfQu\u00e9 te ha parecido el debut de los recien ascendidos? Betis y Granada dieron espectaculo y el Rayito saco 1 punto en La Catedral y pudieron ser 3<\/p>\n<p>R.- El Betis fue a m\u00e1s y el Granada a menos. El Granada necesitar\u00e1 algo m\u00e1s. El Rayo empez\u00f3 muy bien. Se ha queado corto de delantero centro, quiz\u00e1 le vendr\u00eda bien un central izquierdo m\u00e1s, pero su primer resultado es sobresaliente.<\/p>\n<p>P.- Alfredo, que le pasa realmente a Sahin??<\/p>\n<p>R.- El Madrid extiende una capa de misterio ah\u00ed que permite caulquier conjetura. Se le fich\u00f3 cur\u00e1ndose de la rodilla derecha, de una rotura de ligamento lateral. Se cur\u00f3 eso, pero quiz\u00e1 por miedo recarga en la otra rodilla, tuvo un esguince en ella y dos reca\u00eddas. Desde abril no juega. Ahora se habla de un mes de plazo m\u00e1s. Ya va a ser medio a\u00f1o sin jugar&#8230; Aprovecho para decir que los servicios m\u00e9dicos del Madrid son especialistas en que se les alarguen las lesiones.<\/p>\n<p>P.- Alfredo, \u00bfno te parece curioso que un hombre como Mourinho, que reclama tanta autoridad, se niegue a aceptar cualquier clase de autoridad que ponga l\u00edmites a sus excesos?<\/p>\n<p>R.- Los autoritarios son as\u00ed. La autoridad empieza y termina en ellos.<\/p>\n<p>P.- Se\u00f1or Rela\u00f1o, despu\u00e9s de ver las exhibiciones del Manchester City este principio de temporada, con los enormes fichajes que ha realizado (Dzeko, Kun Ag\u00fcero, Nasri, &#8230;) m\u00e1s lo que ya ten\u00eda (Silva, Tour\u00e9, &#8230;), \u00bfcree usted que puede ser una alternativa seria a Bar\u00e7a y Madrid para luchar por la Champions? Un cordial saludo.<\/p>\n<p>R.- Va a ser un equuipo de los de la \u00e9lite, desde luego. Pero me parece que el Madrid y el Bar\u00e7a seguir\u00e1n estando un codo por encima.<\/p>\n<p>P.- hola alfredo te sigo desde hace tiempo en estas tertulias y nunca pregunte nada..hoy voy a ello ya que mi equipo esta en la elite..el granada jugo muy mal pero los fichajes han llegao tarde y no se han acoplado todavia el a\u00f1o pasado tambien perdimes los 3 primeros partidos y mira ascendimos&#8230;lo ves con opciones de salvarse? graciass<\/p>\n<p>R.- S\u00ed, chasque\u00f3 un poco porque fue a menos, pero el equipo hay que hacerlo. Hay tiempo. Se trata de no equivocarse y de confiar en que haya tres al menos a los que vaya peor. Aunque la primera impresi\u00f3n fue mala, no me parece concluyente. El Levante empez\u00f3 muy mal el a\u00f1o pasado e hizo una segunda vuelta de Europa League.<\/p>\n<p>P.- Buenas d\u00edas Alfredo, \u00bfQu\u00e9 le pareci\u00f3 el debut del &#8220;Super&#8221; M\u00e1laga frente al Sevilla?<\/p>\n<p>R.- Decepcionante, lento. Hay paliativos: un gol nada m\u00e1s empezar, faltaba Baptista, hay muchos jugadores nuevos, todo est\u00e1 por volver a encajar. S\u00ed me pareci\u00f3 mal s\u00edntoma cierta lentitud de los centrales. Eso no s\u00e9 si va a tener arreglo y condicionar\u00e1 cosas.<\/p>\n<p>P.- Buenos dias\u00a1\u00a1 queria preguntarte como ves este a\u00f1o al atletico de madrid. si nos han vuelto a ilusionar con humo o realemente piensas que este a\u00f1o va dar un salto de calidad. tambien preguntarte como ves este a\u00f1o a los espa\u00f1oles en la premier ( torres, mata, silva&#8230;)crees que daran que hablar??<\/p>\n<p>R.- A m\u00ed me dej\u00f3 buena impresi\u00f3n el Atl\u00e9tico. Me pareci\u00f3 bien dise\u00f1ado, me gust\u00f3 todo lo nuevo, Reyes sigue muy bien&#8230; Falt\u00f3 Falcao y falt\u00f3 gol, pero estar\u00e1 pronto. Respecto a los espa\u00f1oles en la Champions, espero mucho de Mata y Silva. A Torres le veo atascado a\u00fan.<\/p>\n<p>P.- \u00bfque opina sobre las declaraciones de platini sobre messi y los arbitros asi como las de collina acerca de villar y las designaciones de arbitros por la UEFA?<\/p>\n<p>R.- Tengo la impresi\u00f3n de que Platini se lio un poco. Dijo aquello, me parece, para valorarse \u00e9l y para valorar a las generaciones anteriores, a las que \u00e9l pertenci\u00f3. Un poco de envidieja de exfutbolista ante un jugador superior. Luego, al ver la que se armaba, dijo que le parec\u00eda bienq ue le protegieran, con lo que se lio un poco m\u00e1s, porque dio p\u00e1bulo a las sospechas de favoritismo. En cuanto a Collina, forma parte del tinglado. Alguien nombra a los que nombran a los \u00e1rbitros, \u00bfno? <\/p>\n<p>P.- Buenas a todos y a Rela\u00f1o en especial. Mi pregunta es la siguiente: \u00bfQu\u00e9 equipos ves m\u00e1s fuertes para la &#8220;segunda&#8221; liga, es decir, para la liga que se juega del tercer puesto hacia abajo? \u00bfAlguno podr\u00e1 hacerle sombra a Madrid y Bar\u00e7a? Un saludo y suerte.<\/p>\n<p>R.- Nadie podr\u00e1 hacerles sombra. En cuanto a qui\u00e9n mande ah\u00ed, es muy pronto. Me gust\u00f3 el Sevilla, me gust\u00f3 la disposici\u00f3n del Valencia, que tuvo m\u00e9rito, me gust\u00f3 el Atl\u00e9tico, a la espera de Falcao, veremos al Villarreal. El M\u00e1laga va a mejorar. Tengo dudas con el Athletic. No participo (al menos por ahora) de esa fascinaci\u00f3n tan extendida por Bielsa. <\/p>\n<p>P.- Buenos d\u00edas Alfredo, \u00bfHay alg\u00fan avance en torno al tema de que las emisoras de radio puedan entrar a los estadios para retransmitir los partidos?. De no ser as\u00ed, \u00bfcrees que se llegar\u00e1 a un acuerdo en breve? Gracias y un saludo!<\/p>\n<p>R.- No creo que haya acuerdo. La LFP denunciar\u00e1 a las radios por narrar a trav\u00e9s de la imagene televisiva y ya veremos qu\u00e9 pasa.<\/p>\n<p>P.- Sabiendo (o no&#8230;) que toda la aficion del Atl\u00e9tico de Madrid esta pendiente del fichaje de Diego Ribas da Cunha, \u00bfComo es posible que ning\u00fan medio haya cubierto una entrevista con el jugador o incluso con su padre, aparte de esas breves declaraciones a la salida del Vicente Calder\u00f3n? Me parece inaudito que nadie haya conseguido unas declaraciones exclusivas para medio informativo alguno. Saludos.<\/p>\n<p>R.- \u00c9l no ha querido hablar. Aqu\u00ed lo hemos intentado, hemos insistido y seguro que lo habr\u00e1n hecho otros, pero debe de ser que \u00e9l piensa que cualquier declaraci\u00f3n puede complicar la cosa.<\/p>\n<p>P.- Hola Alfredo. Un placer poder preguntarte desde la lluviosa Irlanda. Con respecto a que la LFP quiera cobrar a las radio por los carruseles, no te parece muy similar a lo que hace la SGAE cobrando a todo el mundo por poner canciones? Crees que el gobierno tambien sacara una ley obligando a las radios a pagar? Un saludo. <\/p>\n<p>R.- No lo comparo tanto con la SGAE. Las radios pones m\u00fasica, sonido, que tiene un creador. En el f\u00fatbol no trasladan el hecho en s\u00ed, el partido, cuya imagen s\u00ed captura la televisi\u00f3n y por eso paga. Las radios hacen un relato personal en torno al partido, informan sobre \u00e9l. Y no creo que se haga una ley en ese sentido. Creo que ir\u00e1n a los tribunales y a ver qu\u00e9 pasa.<\/p>\n<p>P.- Hola, Don Alfredo \u00bfPor qu\u00e9 hay tanta superioridad de Bar\u00e7a y Madrid respecto a los dem\u00e1s? Ni en la gloriosa \u00e9poca de Del Bosque y los gal\u00e1cticos pasaba esto. Es que, si lo necesitan, van a sacar m\u00e1s de 100 puntos<\/p>\n<p>R.- Hay tanta superioridad por la globalizaci\u00f3n. Su mercado ya es global y si antes ten\u00edan un estadio cincuenta por ciento m\u00e1s grande que los dem\u00e1s, o el doble, o incluso el triple (hablo de los sesenta, por ejemplo), ahora su estadio es todo el planeta. El Valencia recauda en Valencia, donde est\u00e1 su hinchada, y apenas en el resto de Espa\u00f1a. El Madrid y el Bar\u00e7a recaudan en todo el planeta, en televisi\u00f3n, m\u00e1rketing, giras&#8230; Y eso va a ir a m\u00e1s.<\/p>\n<p>P.- Hola Alfredo le habla un madridista gallego que vive en Manila. Creo que los madridistas lo unico que podemos pedir es que Mou se modere, pues como entrenador no he visto otro igual. El orden, la presion, y la solidez de este equipo son admirables. Es cierto que el reto por delante es muy grande, pero con estabilidad y un Mou atento a lo que tiene que estar, que es el futbol, los titulos acabaran llegando. Ademas a este equipo aun le falta Sahin, que nos puede dar mucho justo donde nos hace falta, y Neymar que puede ser muy bueno. Alfredo como lo ve usted?<\/p>\n<p>R.- Yo estoy completamente de acuerdo con usted. No he visto un entrenador tan bueno desde Helenio Herrera. Pero es necesario que se modere. Pens\u00e9 que estaba en el camino, pero con lo del dedo en el ojo de Vilanova se me cay\u00f3 el alma a los p\u00eces.<\/p>\n<p>P.- hola alfredo , he leido comentarios tuyos diciendo que cristiano ronaldo esta cerca del nivel de messi , despues de ver la supercopa y ver como messi hizo ganar al bar\u00e7a que apenas estaba preparado y con bajas importantes contra un madrid muy preparado fisicamente y con todas sus estrellas , \u00bf sigues pensando lo mismo ? porque yo veo que messi es muchisimo mejor que cristiano , un saludo<\/p>\n<p>R.- Messi est\u00e1 ganando esa batalla, sacando m\u00e1s distancia poco a poco. Me parece que las posibilidades de Cristiano son enormes, pero en este \u00faltimo cara a cara ha salido vencedor Messi. De todas formas, no se puede olvidar que Cristiano fue el pichichi del campeonato, por delante de Messi. Creo que \u00e9ste estabelece m\u00e1s diferencia en los partidos grandes, en los que a Cristiano le bloquea una obsesi\u00f3n insana por quedar por encima de todos y acreditarse definitivamente como n\u00fameor uno. Cuando venza eso le ir\u00e1 mejor. Y est\u00e1 en camino, o hay un s\u00edntima: ayer no fue un partido grande, pero marc\u00f3 una tendencia casi nueva: fue m\u00e1s cooperador, menos ego\u00edsta.<\/p>\n<p>P.- Sr. Rela\u00f1o, \u00bfse imagina usted a entrenadores m\u00edticos del Madrid, como Miguel Mu\u00f1oz, Alfredo Di Stefano, Luis Molowny, Vujadin Boskov, Vicente del Bosque, Jos\u00e9 Antonio Camacho, Jorge Valdano, meti\u00e9ndole el dedo en el ojo al segundo entrenador del equipo rival?<\/p>\n<p>R.- No. Ni a Guardiola meti\u00e9ndole un deo por el ojo a Karanka. Se me hundi\u00f3 el suelo bajo los pies cuando lo vi.<\/p>\n<p>P.- Don Alfredo, \u00bfqu\u00e9 le pareci\u00f3 el gesto de Guardiola mandando callar a un sector de la afici\u00f3n barcelonista que estaba insultando al Madrid durante la celebraci\u00f3n de la Supercopa de Europa en M\u00f3naco? \u00bfSe imagina a Mourinho haciendo lo mismo?<\/p>\n<p>R.- Me pareci\u00f3 muy bien. Y ya que me lo pregunta, le dir\u00e9 que no, que no estoy seguro de que en ese caso Mourinho hubiera hecho lo mismo.<\/p>\n<p>P.- Buenos d\u00edas, para cuando ser\u00e1n suspendidos Ozil, Villa y Marcelo por las tarjetas rojas recibidas en el partido de vuelta de la supercopa? <\/p>\n<p>R.- S\u00f3lo para la Supercopa pr\u00f3xima que jueguen.<\/p>\n<p>P.- Alfredo, Mourinho no acudir\u00e1 al foro de entrenadores de la UEFA. \u00bfNo crees que este hecho no ayuda a lavar su imagen? \u00bfQu\u00e9 le cuesta ir y ofrecer una cara amable? \u00bfNo te da la impresi\u00f3n de que a este hombre le gusta vivir instalado permanentemente en la bronca?<\/p>\n<p>R.- Es un desd\u00e9n, desde luego. Yo le hubiera aconsejado ir. Pero se considera agraviado por la UEFA por la sanci\u00f3n, y en ese sentido es coherente que no vaya.<\/p>\n<p>P.- Alfredo, el Bar\u00e7a de Guardiola ha conquistado 12 t\u00edtulos de 15 posibles en 3 temporadas. \u00bfConoces alg\u00fan otro equipo que haya conseguido semejante haza\u00f1a? \u00bfY alg\u00fan otro entrenador que presente los n\u00fameros de Guardiola?<\/p>\n<p>R.- No, ni creo que se haya dado el caso. En t\u00edtulos de esa importancia, especialmente.<\/p>\n<p>P.- Sr. Rela\u00f1o, \u00bfpor qu\u00e9 la prensa de Madrid le da tanta cancha a un personaje como Eladio Param\u00e9s, portavoz de Mourinho? \u00bfNo le parece curioso que Mourinho sea portavoz del Real Madrid y no sea portavoz de s\u00ed mismo?<\/p>\n<p>R.- \u00c9l mismo se dirije a la prensa para hacer comunicaciones en nombre de Mourinho. En ese sentido tiene un inter\u00e9s. Luego se mont\u00f3 aquel foll\u00f3n por mala suerte. Canal + se mensaje\u00f3 con \u00e9l (con el que cre\u00edan que era \u00e9l) para pedir una entrevista con Mourinho, no para pedirle a \u00e9l una opini\u00f3n personal. Rersult\u00f3 que el tel\u00e9fono lo ten\u00eda un bromista y se arm\u00f3 la que se arm\u00f3.<\/p>\n<p>P.- Alfredo, del Mundial de Espa\u00f1a 82 recuerdo mucho a la selecci\u00f3n brasile\u00f1a. Creo que ten\u00eda un equipazo con Zico, S\u00f3crates, Cerezo, Falcao, Junior, Eder? \u00bfNo crees que es una de las mejores selecciones brasile\u00f1as de la historia pero que tuvo mala suerte al no ganar el Mundial?<\/p>\n<p>R.- S\u00ed, me gust\u00f3 much\u00edsimo. Les fallaron el nueve y el portero, ah\u00ed estuvieron un poco m\u00e1s flojos. Pero dejaron una estela de grandioso equipos. \u00a1Los laterales, Leandro y J\u00fanior, podr\u00edan jugar de 10 en cualquier equipo!<\/p>\n<p>P.- Hola Alfredo. Por que baja tanto el pist\u00f3n Cristiano en las grandes citas?.Puede cambiar tanto el rendimiento de un jugador solo por sus ansias de querer hacerlo bien?, o es que no es lo mismo encarar a la defensa del Zaragoza que a Dani Alves o Piqu\u00e9?<\/p>\n<p>R.- Yo creo que es por ansia de quedar por encima de todos, m\u00e1s que por incapacidad. Siempre lo he pensado as\u00ed.<\/p>\n<p>P.- Don Alfredo, usted siempre se ha manifestado contrario a las malas formas de Mourinho. \u00bfSe siente de alguna forma aludido por la carta del portugu\u00e9s, tildando de pseudomadridistas a todos aquellos que no comulgan con sus ideas y forma de actuar? Un saludo, maestro.<\/p>\n<p>R.- No lo he pensado. No s\u00e9 ni si me tiene en cuenta. Quiz\u00e1 se refiera a directivos o amigos de Florentino que est\u00e9n tambi\u00e9n asustados por sus cosas. <\/p>\n<p>P.- Don Alfredo, \u00bfhasta qu\u00e9 punto cree usted que es &#8220;fiable&#8221; el resultado de ayer del Madrid? Me refiero a que, con todo mi respeto por el conjunto ma\u00f1o, el Zaragoza pareci\u00f3 ayer un rival indigno de Primera Divisi\u00f3n. Saludos, maestro.<\/p>\n<p>R.- Es cierto qeu el Zaragoza ha vendido a Gabi y Ander Herrera, mientras el Madrid se ha reforzado. Y es cierto que le faltaban varios que podr\u00edan haber sido titulares, y al Madrid apenas alguno. Y es cierto que el equipo se tiene que rehacer, porque tiene novedades. Pero seis goles fuera de casa son muchos, y m\u00e1s en un partido en el que el portero vencido sale como h\u00e9roe.<\/p>\n<p>P.- Alfredo, soy socio madridista desde que nac\u00ed. He visto jugar a Gento, Amancio, Pirri, Del Bosque, Santillana, Juanito, Butrague\u00f1o, M\u00edchel. Me identificaba con ellos completamente porque eran espa\u00f1oles y sab\u00edan lo que significaba el Madrid. \u00bfPero ahora con qui\u00e9n me identifico? \u00bfCon Khedira? \u00bfCon Altintop? \u00bfCon Pepe? \u00bfCon Coentrao? Sinceramente, no me identifico para nada ni con los portugueses ni con los turcos.<\/p>\n<p>R.- El Madrid cambia, como cambian las cosas. Y le queda con qui\u00e9n identificarse. Casillas, Xabi Alonso&#8230; Pero no se trata de que sean todos de aqu\u00ed, sino de buen comportamiento. Di St\u00e9fano, Santamar\u00eda o Puskas crearon gran identificaci\u00f3n y eran venidos de fuera. El problema ahora m\u00e1s que de procedencia es de atm\u00f3sfera general que tiende a bronquista. <\/p>\n<p>P.- Alfredo, el Ciudad Real se ha trasladado a Madrid y ahora se llamar\u00e1 Balonmano Atl\u00e9tico de Madrid. \u00bfNo crees que era una buena oportunidad para que el Real Madrid se hubiese hecho con el Ciudad Real y tener por fin una secci\u00f3n de balonmano? \u00bfNo crees que la liga ASOBAL seria mucho m\u00e1s emocionante y despertar\u00eda m\u00e1s inter\u00e9s con un equipo del Madrid? \u00bfO crees que Florentino no est\u00e1 por la labor?<\/p>\n<p>R.- Florentino no tiene el menor inetr\u00e9s en eso. En el baloncesto pierde 25 millones al a\u00f1o (que encima no le dan r\u00e9dito en t\u00edtulos, como s\u00ed fue en otro tiempo) y no querr\u00eda abrir otro frente. No sue\u00f1e con que lo haga. Y me gusta que se recupere el Atl\u00e9tico. <\/p>\n<p>P.- Alfredo, un placer. Altintop estar\u00e1 de 3 a 4 meses de baja. \u00bfQu\u00e9 habr\u00eda pasado si Valdano hubiese fichado un jugador lesionado? \u00bfQu\u00e9 incendio habr\u00eda provocado Mourinho?<\/p>\n<p>R.- Ya escrib\u00ed sobre eso. Mourinho no ha emepzado bien como manager. Y tiene todav\u00eda varios jugadores con el futuro por resolver.<\/p>\n<p>P.- Don Alfredo, un placer hablar con usted. El Madrid tuvo un entrenador excelente llamado Vicente Del Bosque. Le echaron despu\u00e9s de ganar dos Copas de Europa porque no daba la imagen est\u00e9tica que buscaba el Madrid. Una decisi\u00f3n m\u00e1s tr\u00e1gica que c\u00f3mica. \u00bfEs Mourinho la imagen que buscaba Florentino? \u00bfLa imagen de las broncas, las agresiones, las quejas, las calumnias? \u00bfEs esta la imagen que quiere Florentino para el Madrid? <\/p>\n<p>R.- Don Alfredo, un placer hablar con usted. El Madrid tuvo un entrenador excelente llamado Vicente Del Bosque. Le echaron despu\u00e9s de ganar dos Copas de Europa porque no daba la imagen est\u00e9tica que buscaba el Madrid. Una decisi\u00f3n m\u00e1s tr\u00e1gica que c\u00f3mica. \u00bfEs Mourinho la imagen que buscaba Florentino? \u00bfLa imagen de las broncas, las agresiones, las quejas, las calumnias? \u00bfEs esta la imagen que quiere Florentino para el Madrid? <\/p>\n<p>P.- Alfredo, \u00bfqui\u00e9n crees que ha sido el mejor jugador franc\u00e9s de todos los tiempos: Platini o Zidane?<\/p>\n<p>R.- Zidane ha sido m\u00e1s est\u00e9tico y es m\u00e1s reciente, pero me cuesta ponerle por encima de Platini. Platini met\u00eda muchos m\u00e1s goles. Platini fue buen\u00edsimo, aunque se qued\u00f3 sin t\u00edtulos que s\u00ed gan\u00f3 Zidane, todo hay que decirlo. Prefer\u00eda ver jugar a Zidane, pero echando a pies quiz\u00e1 hubiera cogido antes para mi equipo a Platini.<\/p>\n","protected":false},"excerpt":{"rendered":"<p>Alfredo Rela\u00f1o, director de Diario As y una de las firmas m\u00e1s prestigiosas del periodismo deportivo espa\u00f1ol, ha charlado de la actualidad deportiva con los internautas. <\/p>\n","protected":false},"author":1,"featured_media":0,"comment_status":"open","ping_status":"open","sticky":false,"template":"","format":"standard","meta":{"footnotes":""},"categories":[],"tags":[],"class_list":["post-9042","post","type-post","status-publish","format-standard","hentry"],"_links":{"self":[{"href":"https:\/\/intervius.com\/index.html\/wp-json\/wp\/v2\/posts\/9042","targetHints":{"allow":["GET"]}}],"collection":[{"href":"https:\/\/intervius.com\/index.html\/wp-json\/wp\/v2\/posts"}],"about":[{"href":"https:\/\/intervius.com\/index.html\/wp-json\/wp\/v2\/types\/post"}],"author":[{"embeddable":true,"href":"https:\/\/intervius.com\/index.html\/wp-json\/wp\/v2\/users\/1"}],"replies":[{"embeddable":true,"href":"https:\/\/intervius.com\/index.html\/wp-json\/wp\/v2\/comments?post=9042"}],"version-history":[{"count":0,"href":"https:\/\/intervius.com\/index.html\/wp-json\/wp\/v2\/posts\/9042\/revisions"}],"wp:attachment":[{"href":"https:\/\/intervius.com\/index.html\/wp-json\/wp\/v2\/media?parent=9042"}],"wp:term":[{"taxonomy":"category","embeddable":true,"href":"https:\/\/intervius.com\/index.html\/wp-json\/wp\/v2\/categories?post=9042"},{"taxonomy":"post_tag","embeddable":true,"href":"https:\/\/intervius.com\/index.html\/wp-json\/wp\/v2\/tags?post=9042"}],"curies":[{"name":"wp","href":"https:\/\/api.w.org\/{rel}","templated":true}]}}