{"id":9036,"date":"2011-08-30T00:00:00","date_gmt":"2006-11-06T00:00:00","guid":{"rendered":"https:\/\/intervius.com\/index.html\/?p=9036"},"modified":"2006-11-06T00:00:00","modified_gmt":"2006-11-06T00:00:00","slug":"Elena_Anaya9036","status":"publish","type":"post","link":"https:\/\/intervius.com\/index.html\/Elena_Anaya9036\/","title":{"rendered":"Elena Anaya"},"content":{"rendered":"<p>Pregunta.- Cuando un director como Pedro Almodovar te llama porque tiene un papel para t\u00ed, es necesario leerse el gui\u00f3n para ver si te puede interesar o simplemente confias en \u00e9l a ojos ciegos?<\/p>\n<p>Respuesta.- No me hizo falta leerme el guion porque me cont\u00f3 la historia antes de ofrec\u00e9rmelo. De todos modos, le dir\u00eda siempre que s\u00ed antes de leerlo.<\/p>\n<p>P.- Cu\u00e1l es la \u00faltima pel\u00edcula que has visto? Cu\u00e1l nos recomiendas?<\/p>\n<p>R.- La \u00faltima pel\u00edcula que he visto ha sido Blue Valentine, y por supuesto recomiendo La piel que habito<\/p>\n<p>P.- Elena, se celebra San Antol\u00edn, las fiestas de tu ciudad, Palencia. \u00bfVas a pasarte por all\u00ed? Ya sabes que se te quiere y admira en tu tierra.<\/p>\n<p>R.- Coincide con el estreno de la pel\u00edcula de Pedro, y con toda su promoci\u00f3n, pero me encantar\u00eda ir. Viva San Antol\u00edn!!!!<\/p>\n<p>P.- Por favor, \u00bfpodr\u00edas comentarnos sobre Pedro Almod\u00f3var y Julio M\u00e9dem como es su estilo de rodar y trabajar con los actores?<\/p>\n<p>R.- Los dos son dos grandes directores y dos apasionados por su trabajo. Haber trabajado con los dos me ha hecho sentir una privilegiada.<\/p>\n<p>P.- \u00bfQu\u00e9 opini\u00f3n te merece el movimiento 15M? \u00bfCompartes sus inquietudes?<\/p>\n<p>R.- Por supuesto que las comparto. Me parece estupendo que la gente salga a la calle y se organice para dejarse o\u00edr.<\/p>\n<p>P.- \u00bfTienes alg\u00fan nuevo proyecto a la vista o vas a descansar una temporada?<\/p>\n<p>R.- De momento, estoy volcada en la promoci\u00f3n de la pel\u00edcula, que ahora se convertir\u00e1 en promoci\u00f3n internacional<\/p>\n<p>P.- Hola Elena. No he visto la pel\u00edcula pero veo cierto acercamiento al mito de Frankestein en el trailer. Has vinculado en alg\u00fan punto tu interpretaci\u00f3n con ese registro mist\u00e9rico? o \u00bfte has basado m\u00e1s en crear desde cero tu personaje?<\/p>\n<p>R.- No desde cero, sino desde toda la informaci\u00f3n que Pedro me dio desde el primer momento del personaje. Llevaba casi diez a\u00f1os conviviendo con cada uno de los personajes, y fueron muy inspiradoras sus indicaciones. Pero s\u00ed, tiene el esp\u00edritu de Frankenstein: el viernes vete a verla y lo descubrir\u00e1s<\/p>\n<p>P.- \u00bfQue tipo de personaje estas deseando que te ofrezcan?<\/p>\n<p>R.- No elijo los proyectos por los personajes que me ofrecen sino por las historias en s\u00ed.<\/p>\n<p>P.- Hola Elena! Que es lo que m\u00e1s te ha sorprendido de trabajar con Almodovar con respecto a los otros directores con los que has trabajado? En que cambia su m\u00e9todo de trabajo si es que cambia, compar\u00e1ndolo con otros directores? Gracias.<\/p>\n<p>R.- Como os he comentado, conoc\u00eda a cada uno de los personajes muy bien. Pero Pedro, adem\u00e1s, controla cada uno de los detalles que hacen que sus pel\u00edculas sean \u00fanicas. Es el director m\u00e1s apasionado y entregado con el que he trabajado. Y tiene un sentido del humor admirable que hace que el trabajo sea un aut\u00e9ntico placer.<\/p>\n<p>P.- Elena, creo que eres el mejor presente de la interpretaci\u00f3n espa\u00f1ola. Estoy deseando ver la peli, \u00bfes tu papel m\u00e1s complicado? Besos, m\u00e1s que guapa<\/p>\n<p>R.- Muchas gracias, Mertxe. S\u00ed, creo que es el personaje m\u00e1s complejo y de los que m\u00e1s me ha gustado encarnar.<\/p>\n<p>P.- \u00bfpensaste alguna vez dejar de interpretar, tirar la toalla&#8230;?<\/p>\n<p>R.- Ha habido alg\u00fan d\u00eda demasiado duro de rodaje. No en esta pel\u00edcula, pero todo se sana r\u00e1pidamente: \u00a1al d\u00eda siguiente ten\u00eda que volver a rodar!<\/p>\n<p>P.- Cual ha sido la pel\u00edcula que te ha aportado mayor logro profesional y porque?.<\/p>\n<p>R.- Quiero a todas mis pel\u00edculas, y no rechazo a ninguna. Todas han sido un reto para m\u00ed, y durante estos a\u00f1os todas me han hecho crecer.<\/p>\n<p>P.- \u00a1Hola Elena! Creo que tu hermana Marina pinta, tu interpretas, \u00bfalg\u00fan artista m\u00e1s en la familia? \u00bfTienes alg\u00fan cuadro suyo? \u00bfHa visto ella tu pel\u00edcula? Besos y suerte<\/p>\n<p>R.- S\u00ed, os invito a todos a que ve\u00e1is su web: www.marinaanaya.com Y s\u00ed, tengo un cuadro suyo precioso en mi casa. Vio la pel\u00edcula en Cannes, y le encant\u00f3.<\/p>\n<p>P.- Querida Elena \u00bfTe planteas el seguir los pasos de otros grandes del cine y llegar a desarrollar en un futuro alg\u00fan proyecto como directora? Felicito tu gran labor como profesional. Mis mayores deseos.<\/p>\n<p>R.- S\u00ed, me encantar\u00eda alg\u00fan d\u00eda llegar a contar mi propia historia, pero para eso tengo que aprender mucho. Qu\u00e9 labor m\u00e1s dif\u00edcil!<\/p>\n<p>P.- \u00a1Hola Elena! Quer\u00eda decirte lo mucho que te admiro y lo rastrero que me parece el asalto a tu intimidad por parte de determinados medios. En tu opini\u00f3n, \u00bfd\u00f3nde deber\u00eda situarse la l\u00ednea que separa la vida privada y la vida p\u00fablica? <\/p>\n<p>R.- Muchas gracias por tu apoyo. Para m\u00ed, la l\u00ednea que separa las dos vidas es clar\u00edsima: mi vida p\u00fablica es todo lo relacionado con mi trabajo, el resto es vida privada. Y siempre he intentado marcar esa separaci\u00f3n.<\/p>\n<p>P.- Elena , convenceme para que vaya a ver &#8220;La piel que habito.<\/p>\n<p>R.- Creo que Pedro ha hecho otra gran pel\u00edcula. \u00c9l mismo la califica como &#8220;horror fr\u00edo&#8221;, y eso la hace nueva y \u00f9nica en su carrera. Adem\u00e1s, tiene un reparto de lujo \ud83d\ude09<\/p>\n<p>P.- No he visto a\u00fan &#8220;Los abrazos rotos&#8221; pero me encanta el Almod\u00f3var de los primeros tiempos, y me pareci\u00f3 sublime &#8220;Todo sobre mi madre&#8221;. &#8220;La piel que habito&#8221;, \u00bfen qu\u00e9 l\u00ednea o estilo de su cine la ubicar\u00edas?<\/p>\n<p>R.- Vete a verla. Es diferente. No te vas a arrepentir (a m\u00ed, sin que me oiga nadie, me encanta).<\/p>\n<p>P.- \u00bfHas descargado alguna vez una pel\u00edcula?<\/p>\n<p>R.- Jam\u00e1s, igual que no robo. Compro m\u00fasica por Internet. Me niego a ver pel\u00edculas descargadas ilegalmente.<\/p>\n<p>P.- \u00bfCiudades grandes o peque\u00f1as? \u00bfCu\u00e1l es tu ciudad favorita para vivir? <\/p>\n<p>R.- Soy de ciudad peque\u00f1a, donde he sido muy feliz, pero ahora solo se me ocurre vivir en Madrid. Aunque a veces me entran ganas de salir pitando.<\/p>\n<p>P.- Hola Elena! Lo primero enhorabuena por la pel\u00edcula, tengo ganas de verla. Me gustar\u00eda saber acerca de tus gustos literarios. \u00bfCu\u00e1les son tus libros de cabecera?<\/p>\n<p>R.- Te recomiendo a un autor: Jeffrey Eugenides. Y un libro: Escapada, de Alice Munro, que sale en la pel\u00edcula.<\/p>\n<p>P.- Elena, \u00bfNo crees que es demasiado dificil abrirse un hueco en este mundo cinematogr\u00e1fico hoy en d\u00eda para unos directores noveles? \u00bfComo fueron tus inicios?<\/p>\n<p>R.- Me parece que es un momento complicado para levantar proyectos. Mi experiencia con noveles han sido maravillosas. \u00c1nimo, \u00a1y no tires la toalla! Mi primer personaje (\u00c1frica) lo consegu\u00ed&#8230; mintiendo un poquito con mi edad.<\/p>\n<p>P.- \u00bfAlguna pel\u00edcula ha cambiado tu vida?<\/p>\n<p>R.- E. T., porque fue la primera pel\u00edcula que me hizo so\u00f1ar. Y \u00c1frica, porque fue la primera en la que trabaj\u00e9.<\/p>\n<p>P.- \u00bfC\u00f3mo mantienes es cuerpo tan bonito? \u00bfHaces alg\u00fan ejercicio especial?<\/p>\n<p>R.- Gracias por el piropo. Siempre he hecho ejercicio, y para esta pel\u00edcula mucho yoga. Lo recomiendo.<\/p>\n<p>P.- Tu actor y actriz preferidos. Ojal\u00e1 te den el goya este a\u00f1o y todos los premios posibles, te lo mereces!<\/p>\n<p>R.- Muchas gracias: el premio siento que ya me lo he llevado haciendo La piel que habito. Y mis int\u00e9rpretes favoritos&#8230; ahora mismo, Antonio Banderas y Marisa Paredes.<\/p>\n","protected":false},"excerpt":{"rendered":"<p>Elena Anaya protagoniza junto a Antonio Banderas La piel que habito, el nuevo filme de Pedro Almod\u00f3var.<br \/>\nFoto: Bernardo P\u00e9rez<\/p>\n","protected":false},"author":1,"featured_media":0,"comment_status":"open","ping_status":"open","sticky":false,"template":"","format":"standard","meta":{"footnotes":""},"categories":[],"tags":[],"class_list":["post-9036","post","type-post","status-publish","format-standard","hentry"],"_links":{"self":[{"href":"https:\/\/intervius.com\/index.html\/wp-json\/wp\/v2\/posts\/9036","targetHints":{"allow":["GET"]}}],"collection":[{"href":"https:\/\/intervius.com\/index.html\/wp-json\/wp\/v2\/posts"}],"about":[{"href":"https:\/\/intervius.com\/index.html\/wp-json\/wp\/v2\/types\/post"}],"author":[{"embeddable":true,"href":"https:\/\/intervius.com\/index.html\/wp-json\/wp\/v2\/users\/1"}],"replies":[{"embeddable":true,"href":"https:\/\/intervius.com\/index.html\/wp-json\/wp\/v2\/comments?post=9036"}],"version-history":[{"count":0,"href":"https:\/\/intervius.com\/index.html\/wp-json\/wp\/v2\/posts\/9036\/revisions"}],"wp:attachment":[{"href":"https:\/\/intervius.com\/index.html\/wp-json\/wp\/v2\/media?parent=9036"}],"wp:term":[{"taxonomy":"category","embeddable":true,"href":"https:\/\/intervius.com\/index.html\/wp-json\/wp\/v2\/categories?post=9036"},{"taxonomy":"post_tag","embeddable":true,"href":"https:\/\/intervius.com\/index.html\/wp-json\/wp\/v2\/tags?post=9036"}],"curies":[{"name":"wp","href":"https:\/\/api.w.org\/{rel}","templated":true}]}}