{"id":9021,"date":"2011-08-22T00:00:00","date_gmt":"2006-11-06T00:00:00","guid":{"rendered":"https:\/\/intervius.com\/index.html\/?p=9021"},"modified":"2006-11-06T00:00:00","modified_gmt":"2006-11-06T00:00:00","slug":"Juan_Mora9021","status":"publish","type":"post","link":"https:\/\/intervius.com\/index.html\/Juan_Mora9021\/","title":{"rendered":"Juan Mora"},"content":{"rendered":"<p>Pregunta.- Sr. Mora, buenos d\u00edas. Visto que no tenemos un tres definido en la selecci\u00f3n de baloncesto (Rudy, puede ser, pero en contadas ocasiones), \u00bfno cree que por f\u00edsico e incluso talento se merece Carlos S\u00faarez esa oportunidad? Gracias anticipadas por su opini\u00f3n.<\/p>\n<p>Respuesta.- Claro que la merecer\u00eda, pero tambi\u00e9n es verdad que Su\u00e1rez ha ido a menos durante la temporada, como Ricky, pero mientras \u00e9ste ha ido a m\u00e1s en la preparaci\u00f3n del Eurobasket, S\u00fa\u00e1rez no acaba de encontrar su sitio en el equipo. Como Claver, por cierto.<\/p>\n<p>P.- favotitos para el us open 1 djokovic 2 federer 3 murray 4 fish 5 del potro 6 tsonga 7 nadal estas de acuerdo conmigo?ke opinas de andy murray?<\/p>\n<p>R.- Ya lo he expresado hoy en el peri\u00f3dico. Es un jugador temible en esta segunda parte de la temporada, que es cuando hace su gran acopio de t\u00edtulos. Los dem\u00e1s comienzan a estar cansados, incluso saturados, y \u00e9l aparece plet\u00f3rico. Por ello le pondr\u00eda en tu clasificaci\u00f3n por delante de Federer. Y con respecto a Nadal, que tiene que ir a m\u00e1s, tambi\u00e9n le adelantar\u00eda algunos puestos.<\/p>\n<p>P.- Hola. Como ves el fichaje de Rudy por el RMD??<\/p>\n<p>R.- Bueno, pero tiene riesgo. Si se queda en la NBA, el Madrid queda como segundo plato; si viene, es un fichaje que levanta tantas expectativas que puede crear decepciones en un momento determinado. Dicho esto, yo tambi\u00e9n le hubiera fichado. Es un jugador por el que merece arriesgar.<\/p>\n<p>P.- Hola Juan, \u00bfqui\u00e9nes son tus tres favoritos para ganar esta Vuelta a Espa\u00f1a? Se que es dif\u00edcil porque acaba de arrancar, pero supongo que tendr\u00e1s algun preferido&#8230;<\/p>\n<p>R.- A Nibali se le ve plet\u00f3rico, ambicioso y como es un gran corredor, adem\u00e1s del actual ganador de la Vuelta, es el rival a ganar. Purito y Ant\u00f3n tambi\u00e9n se juegan la temporada aqu\u00ed. Van a dar lo m\u00e1ximo y en esas condiciones son rivales igualmente a tener en cuenta. Pues ya est\u00e1n dichos los tres&#8230; aunque veo gente con capacidad tambi\u00e9n para estar en el podio.<\/p>\n<p>P.- \u00bfQu\u00e9 opini\u00f3n le merece el primer podio de Dani Sordo con el Mini?<\/p>\n<p>R.- Extraordinaria. De Dani Sordo siempre se habl\u00f3 muy bien, que iba para sucesor de Carlos Sainz, pero la sombra de Loeb es tan alargada que Sordo siempre qued\u00f3 en segundo plano. Por eso, que ahora vuelva a las primeras p\u00e1ginas por su podio con el Mini es estupendo. La popularidad del Mini, adem\u00e1s, le va a ayudar.<\/p>\n<p>P.- Buenos d\u00edas Juan. Ayer vi a Espa\u00f1a contra Eslovenia y \u00e9sto parece un paseo \u00bflo de Lituania fue un accidente o corremos peligro ante el anfitri\u00f3n?<\/p>\n<p>R.- Un accidente, pero que ya se repite demasiadas veces. En la \u00faltima visita a Lituania tambi\u00e9n perdimos y en el Mundial perdimos igualmente. O sea, que claro que corremos peligro ante el anfitri\u00f3n. Ahora bien, la Selecci\u00f3n tiene tal potencial que si aprieta el acelerador a fondo es dif\u00edcil pararla. No hay m\u00e1s que ver lo que sucede cada vez que Pau Gasol est\u00e1 en la cancha. Ahora, si Scariolo no le saca ni 20 minutos, porque toca rotar, pues tendremos problemas.<\/p>\n<p>P.- Hola se\u00f1or Mora, la selecci\u00f3n de atletismo se va hoy a Daegu&#8230;espera un papel superior al del \u00faltimo mundial o seguimos en decadencia\u00bf?<\/p>\n<p>R.- Desgraciadamente, la Selecci\u00f3n no env\u00eda buenas se\u00f1ales. En el atletismo las sorpresas no existen, por lo cual tampoco hay que esperar muchas medallas. Confiemos en los marchadores, que es donde tendremos menos competencia, y que esta vez Mario Pestano no acuse la presi\u00f3n.<\/p>\n<p>P.- Buenos d\u00edas Juan, el otro d\u00eda vi en la tele que las chicas de remo no ten\u00edan ni premio por ganar el campeonato de Espa\u00f1a y los chicos s\u00ed. \u00bfQu\u00e9 sentido tiene hacer un campeonato entonces? Me parece vergonzoso<\/p>\n<p>R.- Desconozco el dato, pero lo investigaremos. Si es as\u00ed, alguna raz\u00f3n habr\u00e1, pero en principio descarto la discriminaci\u00f3n.<\/p>\n<p>P.- Hola se\u00f1or Juan, hay una nueva tendencia que me gustar\u00eda considerar para usted. Agunos equipos est\u00e1n haciendo una especie de Operaci\u00f3n Triunfo para elegir sus jugadores y descubrir nuevos talentos. \u00bfCree que hay talentos al mismo nivel o superiror que los jugadores de primera, pero la mala suerte, o no estar en el sitio adecuado los maniene ocultos? No me refiero solo al futbol, un ejemplo \u00bfEs posible que un joven haga el 1500 en 3:35 y est\u00e9 en su pueblo tranquilamente?<\/p>\n<p>R.- No, no lo creo. Otra cosa es que potencialmente y con un entrenamiento adecuado valga 3:35, pero eso pasa en todos los deportes, donde hay talentos que no se descubren por falta de pr\u00e1ctica. Si en Espa\u00f1a ponemos todos los ni\u00f1os a jugar al b\u00e9isbol, seguro que nos sale media docena capacitados para jugar en la Major League.<\/p>\n<p>P.- Buenas Juan, tanta diferencia federativa hay entre el remo y el piraguismo para que las chicas del campeonato de Espa\u00f1a de Remo no tengan ni medalla y los pirag\u00fcistas est\u00e9n en la prensa como los futuros conquistardores del oro en Londres\u00bf?<\/p>\n<p>R.- Es cuesti\u00f3n de nivel. El de las remeras puede estar a un nivel medio y el de los pirag\u00fcistas a primer nivel mundial.<\/p>\n<p>P.- saludooos crack que este bn y mi mas grato respeto hacia usted!!!! una pregunta Porque en europa el beisbol no tiene el auge que tiene en america? especialmente la mlb en los estados unidos??<\/p>\n<p>R.- Cuesti\u00f3n de pr\u00e1ctica y de gustos. Aqu\u00ed el b\u00e9isbol no ha terminado de encajar, e incluso tampoco en el olimpismo, porque lo han quitado para sucesivos Juegos.<\/p>\n<p>P.- \u00bfNo cree que de una vez por todas la Vuelta a Espa\u00f1a deber\u00eda volver al mes de Abril? \u00bfSe imagina que la etapa de Sierra Nevada hubiera tocado el pasado S\u00e1bado cuando las temperaturas superaban los 40\u00ba?<\/p>\n<p>R.- Pues ah\u00ed tengo mis dudas. Yo creo que la Vuelta va encontrando su sitio al meterse en agosto. Lo malo es que ciertamente se encuentra con muy altas temperaturas, pero en abril se encontraba puertos cerrados por la nieve, que me acuerdo una de sus \u00faltimas ediciones en esa \u00e9poca que no pudo pasar por la Bonaigua y Mauri se vio favorecido por ello. El ciclismo es un deporte al aire libre y sufre sus incidencias. La nuestra ahora es el calor.<\/p>\n<p>P.- Muchos periodicos achacan a la suerte cuando hablan de Nole, yo creo ke nueve titulos en un a\u00f1o y un 54-2 no se consigue con suerte, \u00bfUsted Sr. Juan, que opina al respecto?<\/p>\n<p>R.- La suerte en su caso no existe. Es el trabajo, trabajo y trabajo. Eso s\u00ed, hay que tener suerte para no lesionarse al forzar los entrenamientos, pero esa suerte se acaba, como hemos visto en Cincinnati.<\/p>\n<p>P.- Hola Juan, leo en su peri\u00f3dico que la Vuelta ha dejado claro que: &#8220;No repescaremos a los que vayan de chirigota&#8221;. \u00bfSe lo cree? en el tour, los cocos del sprint se dan mas de un carnaval en las etapas duras y el espect\u00e1culo prevalce. \u00bfLe parece justo este sistema? usted como lo har\u00eda?<\/p>\n<p>R.- El sistema es justo, lo que es injusto es su NO aplicaci\u00f3n. Yo lo aplicar\u00eda a rajatabla, y s\u00f3lo considerar\u00eda repescar a los corredores en situaciones extremas por las influencias metereol\u00f3gicas sobre todo.<\/p>\n<p>P.- \u00bfPor qu\u00e9 los madridistas tenemos que seguir soportando una liga como la ACB? No ser\u00eda m\u00e1s l\u00f3gico iniciar una liga europea de verdad donde jugaran los grandes de europa? as\u00ed tendr\u00edamos m\u00e1s ingresos, mejores jugadores y mayor competencia. a quien le interesa mantener una liga espa\u00f1ola como la acb? si esos clubes son inviables que desaparezcan y dejen paso a una gran liga europea como la nba. un cordial saludo y hala madrid<\/p>\n<p>R.- Todo es discutible, pero desde el punto de vista del Madrid una liga europea tampoco le hubiera venido muy bien si tenemos en cuenta que, a excepci\u00f3n de esta \u00faltima temporada, su nivel en el continente ha sido muy discreto. Cuando no se gana, tampoco se generan expectativas ni ingresos.<\/p>\n<p>P.- Cree en Sharapova como firme candidata tras la victoria de ayer ante Jankovic en la final de Cincinnati para el US Open, y como ve a Djokovic?<\/p>\n<p>R.- Sharapova es una jugadoraza que puede ganar cualquier torneo en cuanto recupere su nivel. Djokovic tiene un nivel a\u00fan m\u00e1s superior, por lo cual claro que es el favorito, siempre que se recupere de sus dolencias.<\/p>\n<p>P.- \u00bfConf\u00eda en G\u00f3mez Noya para ganar a los gemelos en Pek\u00edn y ganar el t\u00edtulo? \u00bfCree que es posible el trabajo en equipo en un triatl\u00f3n? <\/p>\n<p>R.- Por supuesto. G\u00f3mez Noya pertenece a la \u00e9lite del triatl\u00f3n, y si bien han aparecido grandes triatletas \u00faltimamente, \u00e9l sigue estando ah\u00ed. Con respecto al trabajo en equipo, creo que, efectivamente, existe. Pero hay que ponerse de acuerdo con algunos rivales o tener compa\u00f1eros con la misma capacidad que la tuya para aguantar al menos las tres cuartas partes de la prueba.<\/p>\n<p>P.- Buenos d\u00edas Sr. Mora , cree usted que Rafael Nadal tiene capacidad para recuperar el n\u00famero uno y volver a ganar grandes slam con jugadores de la talla de Nole ?? Esta ya acabado Rafael?? Muchas gracias por dedicarle unos minutos a mi pregunta. Un saludo <\/p>\n<p>R.- S\u00ed creo en Nadal y en su capacidad para recuperar el n\u00famero uno, sobre todo, porque Djokovic tendr\u00e1 que defender una barbaridad de puntos el pr\u00f3ximo a\u00f1o, por lo que restar\u00e1 m\u00e1s que sumar. A Nadal no le veo acabado, si acaso lo que comienza a acusar es la alta exigencia a que obliga ser el n\u00famero uno.<\/p>\n<p>P.- Buen d\u00eda Mr Mora, en qu\u00e9 consisten las universiadas? se selecciona a gente de todas las unis de Espa\u00f1a y se les manda como representantes del pa\u00eds, o es cosa de la universiad solo? no hay info casi y por eso creo que nadie tiene mucha idea&#8230;<\/p>\n<p>R.- En las Universiadas compiten los deportistas de alto nivel que son universitarios, y son las federaciones de cada deporte las que los seleccionan.<\/p>\n<p>P.- Dec\u00eda usted que la suerte no ha hecho ganar a Nole, pero s\u00ed lesionarse. Yo creo que tampoco es cuesti\u00f3n de suerte, Rafa est\u00e1 ahora donde est\u00e1 por los esfuerzos, Rossi se fue al suelo y Lorenzo no gan\u00f3 el mundial por suerte, Vale cay\u00f3 porque forz\u00f3 dem\u00e1s. Creo que era de esperar que alg\u00fan d\u00eda Nole &#8220;reventara&#8221;. Ser\u00eda estupendo ver una final ol\u00edmpica con los los numero 1 y 2 en tenis, no cree?<\/p>\n<p>R.- Estoy con usted. El deporte de alt\u00edsimo nivel exige traspasar ciertos umbrales y se entra en zona de riesgo. Yo tambi\u00e9n me apunto a esa final en Londres, pero primero en el US Open. \u00bfNo le parece?<\/p>\n<p>P.- Desde que se difumin\u00f3 Sergio Garc\u00eda no ha habido un claro protagonista espa\u00f1ol en el golf. S\u00ed que salen nombres de vez en cuando por buenas actuaciones, Luna, Quir\u00f3s,&#8230;Cu\u00e1l es su favorito? Qui\u00e9n podr\u00e1 mantenerse estilo a Jim\u00e9nez, ah\u00ed toda la vida, aunque sea sin puro y sin bigote?<\/p>\n<p>R.- Es que no es f\u00e1cil que salga un jugador de primer nivel. El golf tiene tantos condicionantes que no hay un jugador, como en otros deportes, capaz de ganar el 80\/90% de todos los torneos, partidos o carreras. Por eso ahora s\u00f3lo nos queda Jim\u00e9nez, pero a otros pa\u00edses ni eso. Tendr\u00e1n que salir, porque hay mucha gente joven que est\u00e1 bsucando su sitio, pero ahora mismo es dif\u00edcil se\u00f1alar a alguien.<\/p>\n<p>P.- Llull, Carroll, Rudy?&#8230; Mucho escolta y poco alero alto, solo Suarez. Volvemos a estar ante una platilla descompensada? Lo mismo puede aplicarse ante la posicion de 5 ante la incognita Begic?<\/p>\n<p>R.- Pues Su\u00e1rez no est\u00e1 nada mal. Lo que hay que tratar es de que recupere el nivel que ten\u00eda en el Estudiantes y el que mostr\u00f3 en el Madrid durante los primeros meses. No creo, por tanto, que el Madrid tenga una plantilla descompensada, otra cosa es que no sea perfecta. Y con respecto a Begic, creo que tiene m\u00e1s recorrido que el que vimos la pasada temporada.<\/p>\n","protected":false},"excerpt":{"rendered":"<p>Porque el deporte va m\u00e1s all\u00e1 del f\u00fatbol, Juan Mora, subdirector del diario AS, ha charlado con los internautas sobre las diversas disciplinas deportivas al margen del f\u00fatbol.<\/p>\n","protected":false},"author":1,"featured_media":0,"comment_status":"open","ping_status":"open","sticky":false,"template":"","format":"standard","meta":{"footnotes":""},"categories":[],"tags":[],"class_list":["post-9021","post","type-post","status-publish","format-standard","hentry"],"_links":{"self":[{"href":"https:\/\/intervius.com\/index.html\/wp-json\/wp\/v2\/posts\/9021","targetHints":{"allow":["GET"]}}],"collection":[{"href":"https:\/\/intervius.com\/index.html\/wp-json\/wp\/v2\/posts"}],"about":[{"href":"https:\/\/intervius.com\/index.html\/wp-json\/wp\/v2\/types\/post"}],"author":[{"embeddable":true,"href":"https:\/\/intervius.com\/index.html\/wp-json\/wp\/v2\/users\/1"}],"replies":[{"embeddable":true,"href":"https:\/\/intervius.com\/index.html\/wp-json\/wp\/v2\/comments?post=9021"}],"version-history":[{"count":0,"href":"https:\/\/intervius.com\/index.html\/wp-json\/wp\/v2\/posts\/9021\/revisions"}],"wp:attachment":[{"href":"https:\/\/intervius.com\/index.html\/wp-json\/wp\/v2\/media?parent=9021"}],"wp:term":[{"taxonomy":"category","embeddable":true,"href":"https:\/\/intervius.com\/index.html\/wp-json\/wp\/v2\/categories?post=9021"},{"taxonomy":"post_tag","embeddable":true,"href":"https:\/\/intervius.com\/index.html\/wp-json\/wp\/v2\/tags?post=9021"}],"curies":[{"name":"wp","href":"https:\/\/api.w.org\/{rel}","templated":true}]}}