{"id":9019,"date":"2011-08-23T00:00:00","date_gmt":"2006-11-06T00:00:00","guid":{"rendered":"https:\/\/intervius.com\/index.html\/?p=9019"},"modified":"2006-11-06T00:00:00","modified_gmt":"2006-11-06T00:00:00","slug":"Juanma_Ortega9019","status":"publish","type":"post","link":"https:\/\/intervius.com\/index.html\/Juanma_Ortega9019\/","title":{"rendered":"Juanma Ortega"},"content":{"rendered":"<p>Pregunta.- Hola Juanma, buenos d\u00edas. Te escuchaba en el Anda Ya, y desde entonces no he escuchado un morning show igual, si sigo escuchando carrusel es por tu aportaci\u00f3n. Pero no te sientes un poco decepcionado con tu aportaci\u00f3n este a\u00f1o? parece que despues de la salida de Javi Hoyos, a ti se te ha desplazado un poco este a\u00f1o. De todas formas te animo a seguir as\u00ed, en unos a\u00f1os la publicidad en la radio se har\u00e1 a t\u00fa manera, seguro. Eso s\u00ed, ponte las pilas con los deportes!!!!! Un saludo<\/p>\n<p>Respuesta.- Hola, Doni. Gracias por tus halagos. En cuanto a los cambios, creo que van a contribuir a mejorar el programa m\u00e1s importante de la radio deportiva espa\u00f1ola. Creo que es muy bueno que el protagonismo sea de qui\u00e9n debe serlo, aunque ten en cuenta que mi misi\u00f3n en el prgrama no ha cambiado en absoluto. Y &#8230; ser\u00e1 por pilas!<\/p>\n<p>P.- \u00bfCree que Mourinho, como dijo Piqu\u00e9, est\u00e1 destrozando el f\u00fatbol espa\u00f1ol? Y si no destrozando, ensuciando su imagen, a la vez que la del Madrid. \u00bfCree que ganar alg\u00fan t\u00edtulo (aunque sea la Champions) justifica todas esas tanganas, patadas y agresiones que se han producido desde que lleg\u00f3? \u00bfCree que merece la pena? Porque yo pienso que al Madrid se le caen los t\u00edtulos del museo de tantos que tiene; y sin embargo imagen, como todos los clubes, s\u00f3lo tiene una.Gracias! Saludos crack de las ondas!<\/p>\n<p>R.- Hola, Kazajo. No me lo puedo creer&#8230; \u00a1alguien me pregunta por lo de Mourinho! \ud83d\ude42 Bueno, yo soy de la opini\u00f3n de que dar a Mou el poder de destrozar el f\u00fatol espa\u00f1ol es mucho delegar. Yo no le dar\u00eda ese poder. Es evidente que no est\u00e1 centrado y es l\u00f3gico que descentre a quienes conviven con \u00e9l. Tiene problemas y no son profesionales&#8230; solamente. Necesita ayuda, pero no nuestra.<\/p>\n<p>P.- Ante todo felicidades por tu labor asi como por la de Carlos Iribarren. Preguntarte sobre tuo pinion de la discreta y digna salida de Javi Hoyos, que la temporada anterior;en una epoca muy complicada, cogio el toro por los cuernos y puso claramente las bases del nuevo carrusel. Que te parecio su salida, le echais en falta <\/p>\n<p>R.- Creo que t\u00fa lo has resumido muy bien. Poco m\u00e1s que a\u00f1adir. Solamente te dir\u00e9 que Javi, adem\u00e1s de un profesional impecable, es una de las personas m\u00e1s nobles con las que he trabajado. Por sus hechos les conocer\u00e9is, y la Historia de la Radio habla por s\u00ed sola. <\/p>\n<p>P.- Tengo entendido que hiciste la primera web de los 40, tu p\u00e1gina personal es www.juanma.com &#8230; \u00bfcu\u00e1ntos a\u00f1os llevas en la red? Te sigo desde cuando presentabas &#8220;Del 40 al 1&#8221;. <\/p>\n<p>R.- Ja ja&#8230; en 1995 dec\u00edas &#8220;internet&#8221; y todav\u00eda la mayor\u00eda de las personas no ten\u00eda muy claro qu\u00e9 era. Hice mis pinitos en 1991 con terminales de Infov\u00eda aunque ya trasteaba con BBS desde los tiempos del ZX Spectrum&#8230; \u00a1Qu\u00e9 tiempos aquellos en los que descargar una foto tardaba minutos! S\u00ed, en mi blog http:\/\/www.juanma.com cuento mis cosas y hasta hay un podcast de radio de hace algunos a\u00f1os y que pienso retomar un d\u00eda de estos, pero ya con v\u00eddeo.<\/p>\n<p>P.- \u00bfT\u00fa labor al frente de \u2018Carrusel\u2019 chocar\u00e1 en alg\u00fan momento con el trabajo de Ponseti?<\/p>\n<p>R.- \u00bfChocar? \u00a1Al contrario! Poder contar con un loco como \u00e9l ayuda siempre. Hasta donde yo s\u00e9, no va a realizar las menciones publicitarias. Pero comentarlas&#8230; \u00a1S\u00ed! \u00a1Que se meta! \u00a1Y el perro, tambi\u00e9n!<\/p>\n<p>P.- Tienes un Ondas y una Antena de Oro. \u00bfQu\u00e9 te queda por ganar? \u00bfY un premio que quisieras tener? Un Oscar o u Emmy jajajaja\u2026.<\/p>\n<p>R.- Hola, Esteban. Te veo puesto en temas de premios \ud83d\ude42 Quiz\u00e1 suene muy chorra decir aquello de &#8220;el mejor premio es el cari\u00f1o de la gente&#8221; pero es tan cierto como que los premios sirven para el ego y poco m\u00e1s. S\u00ed es verdad que en el mundo profesional de la radio no se valora muchas veces el enorme trabajo que conlleva realizar programas en cadenas musicales. En ese sentido un Ondas y dos Antenas de Oro sirvieron para que se tuviera m\u00e1s en cuenta. <\/p>\n<p>P.- Hola Juanma. \u00bfQu\u00e9 opini\u00f3n te merecen los nuevos horarios de la Lliga? \u00bfRepercutir\u00e1 en vuestras emisiones el que no coincidan los domingos partidos a la misma hora? Gracias.<\/p>\n<p>R.- Querido Carruseliano: no mentes la soga en casa del ahorcado. Lo llevamos como podemos, pero creeme si te digo que esta temporada, f\u00e1cil para organizarse, no va a ser. Por supuesto que habr\u00e1 cambios de horarios, y hasta en nuestras vidas por ese tema. Snif. <\/p>\n<p>P.- Hola Juanma,No te parece vergonzoso de que los juadores de primera y segunda esten de huelga,cuando los jugadores de segunda b y tercera si juegan, anque muchos de ellos no cobran ?<\/p>\n<p>R.- Me emocion\u00f3 ver a los chicos del Ja\u00e9n vendiendo cupones para comprarse botas. S\u00ed, el mundo es ir\u00f3nico a veces. El verdadero problema lo tienen las categor\u00edas inferiores, y para eso el tejido empresarial de las diferentes localidades ha de involucrarse m\u00e1s, a trav\u00e9s de la publicidad. No comprendo c\u00f3mo hay empresas que no se pegan por asociar sus valores a los que representa el deporte. Inexplicable.<\/p>\n<p>P.- Tras un a\u00f1o en Carrusel Deportivo, \u00bfte ha empezado a gustar el f\u00fatbol o sigue sin ser santo de tu devoci\u00f3n? \u00bfNo crees que con la llegada de Jos\u00e9 Antonio Ponseti has perdido cierto peso en el programa? Me gustar\u00eda a\u00f1adir que en el tema de publicidad eres un crack y creo que no tienes nada que aprender de tus antecesores.<\/p>\n<p>R.- Eres Santi? \ud83d\ude09 Me enfrento al deporte con la ilusi\u00f3n de un ni\u00f1o que descubre el d\u00eda de Reyes el regalo que no hab\u00eda pedido porque no lo conoc\u00eda&#8230; y apareci\u00f3. Es una de esas cosas que te encuentras en el camino y que a medida que pasan los meses te descubres sintiendo cada vez m\u00e1s. Cuando le canto el himno del Bar\u00e7a a mi peque\u00f1o de 10 meses me sorprendo a m\u00ed mismo. Y a \u00e9l, que se parte la caja (es madrile\u00f1o, y veremos si del Madrid)<\/p>\n<p>P.- \u00bfQu\u00e9 tal te llevas con Frank Blanco? Dejaste alto el nivel<\/p>\n<p>R.- Gracias por la pregunta, Mar\u00eda. Frank es uno de mis mejores amigos. Alquien en qui\u00e9n puedo confiar y \u00e9l creo que piensa igual que yo. De hecho, fue a buscar por m\u00ed el \u00faltimo premio que he recibido por parte de la Academia de la Radio. Y habl\u00f3 por m\u00ed. Y lo hizo muy bien, seg\u00fan me cuentan. He realizado su web personal www.frankblanco.es y te invito a que la veas. El relevo de Anda ya lo preparamos mucho antes de que los jefes supieran que lo est\u00e1bamos haciendo. Les dejamos que pensaran que no lo sab\u00edamos&#8230; \ud83d\ude09<\/p>\n<p>P.- \u00bfEmpresario? Cu\u00e9ntanos m\u00e1s!!!!<\/p>\n<p>R.- Hola Pepeeae! S\u00ed, tengo una peque\u00f1a productora que se llama Estudios Quinto Nivel desde hace varios a\u00f1os. Me encanta usar la creatividad para potenciar empresas y campa\u00f1as. Hago, pero con ayuda, lo mismo que he hecho siempre: radio, televisi\u00f3n, e internet. Desde los 15 a\u00f1os he tenido estudio propio en casa. Ahora, enfrente de mi casa y con personal. <\/p>\n<p>P.- Cuan locos est\u00e1n en \u2018Carrusel\u2019?!?!<\/p>\n<p>R.- Naaaaaah<\/p>\n<p>P.- Dame una raz\u00f3n para no irme a la COPE<\/p>\n<p>R.- Yo no debo d\u00e1rtelas. Eres t\u00fa qui\u00e9n ha de elegir lo que m\u00e1s te guste. Nuestro trabajo es hacer el mejor programa. Y t\u00fa decidir\u00e1s en funci\u00f3n de tus gustos, aficiones, apegos, etc. No creo que deba convencer con nada que no sea radio. Pura radio.<\/p>\n<p>P.- Que piensas de la JMJ, eres cristiano?<\/p>\n<p>R.- Hola, Jaume. Comenc\u00e9 si\u00e9ndolo, pero poco a poco he ido desenga\u00f1\u00e1ndome de la Iglesia. Vivimos en la Era de la Informaci\u00f3n y ahora es muy f\u00e1cil darnos cuenta de las cosas. Lo que para algunos es dogma, para m\u00ed no. Me gusta tener criterio. Y eso no est\u00e1 muy bien visto por algunas creencias religiosas que dictan lo que hay que creer.<\/p>\n<p>P.- En tu perfil de Facebook dice que hablas Klingon!!!<\/p>\n<p>R.- Poco. Nivel Kirk. Larga y pr\u00f3spera vida, De La Morena.<\/p>\n<p>P.- Me queda una semana de vacaciones. \u00bfQu\u00e9 hago?<\/p>\n<p>R.- Aprovechar para meditar. Si tus vacaciones no te han hecho mejor persona, entra en ti aprovechando que est\u00e1s tranquila, y haz cambios. Prep\u00e1rate para lo que te espera. Mejora. He sido instructor de m\u00e9todos de mejoramiento personal y creeme: las mejores vacaciones son las que duran para siempre.<\/p>\n<p>P.- \u00bfQu\u00e9 tal la traves\u00eda en \u2018Hoy por Hoy\u2019?<\/p>\n<p>R.- Hey Carklos! Francino es Grande en todos los sentidos. Y est\u00e1 rodeado del mejor equipo con el que he trabajado jam\u00e1s. Imag\u00ednate c\u00f3mo lo recuerdo.<\/p>\n<p>P.- \u00bfQu\u00e9 hac\u00edas con un Mac encima de la mesa de la radio? jajaja<\/p>\n<p>R.- Es el m\u00edo. Mis saludos al departamento de inform\u00e1tica de la radio. \ud83d\ude00 Est\u00e1 en v\u00edas de solucionarse.<\/p>\n<p>P.- \u00bfC\u00f3mo empezaste en este mundillo? Ya llevas muchos a\u00f1os!<\/p>\n<p>R.- Hola, Benedict! con 16 a\u00f1os me hice radioaficionado y mont\u00e9 mi estudio con 15. Pasaba las tardes montando cintas de casete y haciendo megamixes. Con 19 me present\u00e9 al concurso de DJs de Los 40 y alguien llamado Jaume Bar\u00f3 eligi\u00f3 mi cinta. Y aqu\u00ed estoy.<\/p>\n<p>P.- \u00bfC\u00f3mo se lleva perder los fines de semana?<\/p>\n<p>R.- \u00a1No sabes lo bien que te tratan en todas partes siendo turista un jueves! Definitivamente, no los pierdo. Los gano. Carrusel es diversi\u00f3n. El d\u00eda que no me divierta, no seguir\u00e9.<\/p>\n","protected":false},"excerpt":{"rendered":"<p>Juanma Ortega charlar\u00e1 con los oyentes el MARTES 23 a las 13:30 horas<\/p>\n","protected":false},"author":1,"featured_media":0,"comment_status":"open","ping_status":"open","sticky":false,"template":"","format":"standard","meta":{"footnotes":""},"categories":[],"tags":[],"class_list":["post-9019","post","type-post","status-publish","format-standard","hentry"],"_links":{"self":[{"href":"https:\/\/intervius.com\/index.html\/wp-json\/wp\/v2\/posts\/9019","targetHints":{"allow":["GET"]}}],"collection":[{"href":"https:\/\/intervius.com\/index.html\/wp-json\/wp\/v2\/posts"}],"about":[{"href":"https:\/\/intervius.com\/index.html\/wp-json\/wp\/v2\/types\/post"}],"author":[{"embeddable":true,"href":"https:\/\/intervius.com\/index.html\/wp-json\/wp\/v2\/users\/1"}],"replies":[{"embeddable":true,"href":"https:\/\/intervius.com\/index.html\/wp-json\/wp\/v2\/comments?post=9019"}],"version-history":[{"count":0,"href":"https:\/\/intervius.com\/index.html\/wp-json\/wp\/v2\/posts\/9019\/revisions"}],"wp:attachment":[{"href":"https:\/\/intervius.com\/index.html\/wp-json\/wp\/v2\/media?parent=9019"}],"wp:term":[{"taxonomy":"category","embeddable":true,"href":"https:\/\/intervius.com\/index.html\/wp-json\/wp\/v2\/categories?post=9019"},{"taxonomy":"post_tag","embeddable":true,"href":"https:\/\/intervius.com\/index.html\/wp-json\/wp\/v2\/tags?post=9019"}],"curies":[{"name":"wp","href":"https:\/\/api.w.org\/{rel}","templated":true}]}}