{"id":9015,"date":"2011-08-19T00:00:00","date_gmt":"2006-11-06T00:00:00","guid":{"rendered":"https:\/\/intervius.com\/index.html\/?p=9015"},"modified":"2006-11-06T00:00:00","modified_gmt":"2006-11-06T00:00:00","slug":"Javier_G-_Matallanas9015","status":"publish","type":"post","link":"https:\/\/intervius.com\/index.html\/Javier_G-_Matallanas9015\/","title":{"rendered":"Javier G. Matallanas"},"content":{"rendered":"<p>Pregunta.- que equipos ve mejor para subir<\/p>\n<p>Respuesta.- Deportivo, Valladolid y Celta. Pero estar\u00e1n en la pelea el Elche, el H\u00e9rcules, el Xerez y el Numancia. <\/p>\n<p>P.- Hola. Como puede ser (supuestamente el CACHA) que le valga al Inter lo que no le vale al ATM??<\/p>\n<p>R.- Porque su relaci\u00f3n con el Atl\u00e9tico est\u00e1 finiquitada. El quiere irse y el Atl\u00e9tico quiere que se vaya. Hace meses. Si se queda rendir\u00e1, porque es un grande, pero lo mejor para ambas partes parece ser una salida.<\/p>\n<p>P.- crees que el r.madrid podra ganar algun titulo grande como la liga y la champion<\/p>\n<p>R.- \u00a1Claro que puede! Tiene un equipazo. Su mayor problema es que el Barcelona tambi\u00e9n lo tiene. Pero por supuesto que es claro favorito para ganar la Liga y la Champions&#8230; junto al Bar\u00e7a.<\/p>\n<p>P.- Hola buenas quisiera preguntar como ves a el Valencia c.f. este a\u00f1o a que aspira y si esta un poco por encima de equipos como Atletico de Madrid o Villareal que en este comienzo de temporada no se les ve muy enchufados.Saludos<\/p>\n<p>R.- El Valencia sigue siendo el favorito a ser el campe\u00f3n de la otra liga, o sea, a ser tercero. Ha conseguido retener a Mata (a\u00fan queda una semana y aunque no es imposible su salida, parece que se queda) y ha fichado a Parejo y se ha traido a Canales. Apuesta por el buen f\u00fatbol y por el bloque. Es un gran equipo, que tendr\u00e1 la competencia de Atl\u00e9tico, Villarreal y Sevilla para disputar esa otra liga.<\/p>\n<p>P.- Hola Javier: Me gustar\u00eda saber cual es tu opini\u00f3n sobre las \u00faltimas actuaciones de Carvalho en el Madrid. \u00bfNo crees que est\u00e1 muy lento y que Raul Albiol lo har\u00eda mejor? Un Saludo<\/p>\n<p>R.- Coincido plenamente contigo. Carvalho es un excelente central y la pasada temporada complet\u00f3 un gran curso, pero esta temporada no ha empezado bien. Ra\u00fal Albiol deber\u00eda jugar antes que \u00e9l. Tampoco me parece que haya empezado bien Pepe, al margen de sus enajenaciones mentales futbol\u00edsticas, demasiado reiteradas ya, le he visto descolocado y la pareja con Carvalho ha sido lo peor del Madrid en la Supercopa. Igual el Madrid habr\u00eda necesitado fichar un central&#8230; Porque si Albiol entra en la operaci\u00f3n de Adebayor, como se est\u00e1 publicando en Inglaterra, ah\u00ed va a tener un problema el Madrid. Un abrazo!!!<\/p>\n<p>P.- Si a los jugadores se les reoonoce una deuda de 50 mill.?, y la LFP s\u00f3lo incluye en el Fondo Salarial,o como se llame,10 mill.?,\u00bfno deber\u00edan abonar la diferencia los dirigentes de los clubs,pues,al menos jur\u00eddicamente,\u00e9stos son SAD?<\/p>\n<p>R.- Se reconoce una deuda de 50 millones a jugadores de clubes que han estado o est\u00e1n en concurso de acreedores. Los que no se han acogido a la Ley Concursal no deben nada porque si fuera as\u00ed los jugadores deber\u00edan haberlo denunciado el pasado mes de julio (ten\u00edan plazo hasta el 15) y si no hubieran pagado el 1 de agosto habr\u00edan descendido administrativamente por impago. El problema estriba en que los clubes que no han ido a concurso no quieren poner m\u00e1s dinero para pagar las deudas de los que han suspendido pagos. Ese fondo de garant\u00eda es un mal menor, garantiza un m\u00ednimo y no solo no pueden sacar m\u00e1s, sino que incluso hay clubes que lo quieren reducir. Esa deuda es de los dirigentes que mandaron a sus clubes a concurso. Por cierto, Rubiales cuando era jugador del Levante y el Alicante solicit\u00f3 que ambos clubes se acogieran a la Ley Concursal para garantizar el cobro de su sueldo y el de sus compa\u00f1eros. Un saludo.<\/p>\n<p>P.- Hola crack. Con todo lo que est\u00e1 pasando en los Madrid &#8211; Barsa creo que ya es un hecho que la selecci\u00f3n espa\u00f1ola queda muy da\u00f1ada por la ruptura entre los jugadores de estos equipos. Antes de la era Mourinho esto no ocurr\u00eda, pasar\u00e1 el tiempo, Mou se marchar\u00e1 del Madrid, quien sabe si de seleccionador portugu\u00e9s&#8230;, pero las malas relaciones entre jugadores se quedar\u00e1n. Conociendo a Mourinho me le puedo imaginar en rueda de prensa como seleccionador portugu\u00e9s jact\u00e1ndose de que ha sido \u00e9l quien consigui\u00f3 desmantelar a la campeona de Europa y del Mundo y me hierve la sangre por ello. \u00bfNo puede la RFEF o el propio Del Bosque tomar cartas en el asunto para evitar que la selecci\u00f3n que uni\u00f3 a un pa\u00eds se desmorone?<\/p>\n<p>R.- El gran culpable del deterioro de las relaciones es Mourinho, efectivamente. Pensar m\u00e1s all\u00e1 y aventurarse a que se jactar\u00e1 dentro de unos a\u00f1os en haberlo hecho me parece que es fabular demasiado, pero todo podr\u00eda ser. El que debe tomar cartas en el asunto es Florentino P\u00e9rez que no ha dicho ni esta boca es m\u00eda mientras su entrenador ha metido el dedo el dedo en el ojo al escudo del Madrid. <\/p>\n<p>P.- Hola monstruo, \u00bfQu\u00e9 equipo pondr\u00edas para la vuelta contra el Vitoria? \u00bfY para el primer partido de liga? \u00bfQu\u00e9 jugadores sobran y cu\u00e1les faltan para completar la plantilla?<\/p>\n<p>R.- El mismo que jug\u00f3 ayer con Juanfran por Salvio. En Liga meter\u00eda a Falcao, Turan y Diego, por supuesto. Sobra un extracomunitario con la llegado de Falcao que creo puede ser Miranda, aunque El\u00edas tiene m\u00e1s mercado. Falta Diego y Dos Santos, y le queda alguna posibilidad a Osvaldo, escasa.<\/p>\n<p>P.- Hola Mata, Marcelo y Pepe ya mostraban sus credenciales antes de la era Mou, pero es muy preocupante lo de Ramos, Xabi Alonso y sobre todo Casillas que parecen abducidos por el portugu\u00e9s. Las declaraciones de Casillas al final del partido son bochornosas, dando a entender que Cesc se tira en la brutal entrada de Marcelo. Iker siempre fue un caballero en las victorias y en las derrotas, siempre pon\u00eda la cordura en el caos, pero de un tiempo a esta parte parece que se ha trasladado al lado oscuro que propone Mourinho. \u00bfNo crees que alguien del Madrid deber\u00eda reaccionar ya y parar los pies a Mou? El antiguo Iker lo hubiera hecho&#8230; Este no es el Iker del que sus paisanos se sent\u00edan orgullosos pese a no ser de su club&#8230;<\/p>\n<p>R.- Deber\u00eda reaccionar el presidente Florentino P\u00e9rez, pero parece que no reacciona. Y es cierto que todos los jugadores est\u00e1n a muerte con Mourinho, que gana mucho en las distancias cortas, por cierto. Parece que les ha lobotomizado. <\/p>\n<p>P.- Hola Matador, te le\u00ed entrelineas el otro d\u00eda en un art\u00edculo que Diego estaba hecho o al menos eso entend\u00ed. \u00bfEs cierto? Ser\u00eda la guinda, el hombre que hace que todo el proyecto, incluso el fichaje de Falcao, tenga sentido. Sin Diego el proyecto queda cojo, un a\u00f1o mas&#8230; Necesitamos a ese crack \u00bfVendr\u00e1?<\/p>\n<p>R.- Este fin de semana se puede resolver lo de Diego, que est\u00e1 muy avanzado y no creo que se rompa. Yo creo que s\u00ed viene.<\/p>\n<p>P.- Buenos dias. Veo correcto que los futbolistas quieran seguridad en sus contratos&#8230;. no se les debe exigir a ellos los mimos??? Sin clausulas, que cumplan los conmtratos que firman tal cual. gracias<\/p>\n<p>R.- Buena reflexi\u00f3n, que comparto. Saludos.<\/p>\n<p>P.- Cambiando de tercio, como ve al R. Betis para la presente temporada? y, por \u00faltimo, no le da la sensaci\u00f3n que el Ath. Bilbao va a tardar en entender lo mucho que exige Bielsa?<\/p>\n<p>R.- Al Betis le falta gol. El Getafe le ha quitado a G\u00fciza que era un gran refuerzo. Y hay que ver como funciona el equipo en su vuelta a Primera. Adem\u00e1s de la baja de Eman\u00e1, para mi malvendido, cuenta con una sensible baja en el cuerpo t\u00e9cnico por la marcha de Jes\u00fas Paredes, el que fuera ayudante de Di St\u00e9fano y Luis Aragon\u00e9s, fue el art\u00edfice de la gran temporada que realiz\u00f3 el Betis la pasada campa\u00f1a y su salida del club puede ser perjudicial para el equipo. Ya se ver\u00e1.<\/p>\n<p>P.- hola javier: \u00bfdescartarias al malaga para la clasificacion para la champions esta temporada?\u00bfque crees que le hace falta?<\/p>\n<p>R.- No le descarto en absoluto, tiene buenos jugadores y un gran entrenador y debe estar en la pelea con Valencia, Atl\u00e9tico, Sevilla y Villarreal. Siempre se puede mejorar, pero creo que su plantilla ya es muy completa<\/p>\n<p>P.- Hola Javier\u00bf No crees que el cambio de imagen por el que ha apostado la Directiva del Madrid, como instituci\u00f3n representada por el Se\u00f1or Mourin\u00f1o, pueda hacer un da\u00f1o irreparable, social y econ\u00f3mico a la entidad? y evito lo deportivo. Muchas gracias<\/p>\n<p>R.- S\u00ed, creo que le puede causar da\u00f1os, pero no creo que irreparables, cuando se vaya Mourinho siempre estar\u00e1 Del Bosque porque volver a los valores. Claro que para eso ya no estar\u00eda Florentino. Gracias por participar!<\/p>\n<p>P.- Hola, \u00bfno te parece exagerado pagar 40 millones por Falcao y encima 5 por un jugador que no quieren? No hubiese sido m\u00e1s l\u00f3gico fichar a Osvaldo y Diego (o alg\u00fan otro jugador de medio campo), e incluso uno o dos jugadores j\u00f3venes con futuro. \u00bfTanta diferencia hay entre Falcao y Osvaldo? Porque yo creo que entre Falcao y el Kun hay m\u00e1s de 5 millones de diferencia.<\/p>\n<p>R.- Kun ten\u00eda una cl\u00e1sula de 45 y se quer\u00eda ir y el Atl\u00e9tico no ten\u00eda ninguna opci\u00f3n de retenerle. Falcao ten\u00eda una cl\u00e1usula de 45 y han pagado 40 por \u00e9l. Pinto da Costa el presidente del Oporto vende muy caro, se vio con Carvalho y con Pepe. Osvaldo es un gran delantero, pero Falcao es top. La pasada temporada marc\u00f3 39 goles en todas las competiciones con el Oporto, y lleva 118 goles en 194 partidos en su carrera, mientras que Osvaldo lleva 29 en un centenar de partidos. Lo suyo es que tambi\u00e9n ficharan a Osvaldo. No se puede establecer la diferencia en los cinco millones. Cesc ha costado 30 millones y Coentrao tambi\u00e9n, \u00bfhay diferencia entre ellos? Es lo que marca el mercado.<\/p>\n<p>P.- Hola crees que este a\u00f1o se recortaran las distancias entre madrid y barcelona respecto a los equipos de la &#8220;otra liga&#8221;<\/p>\n<p>R.- Lo dudo. Ojal\u00e1, pero me parece complicado.<\/p>\n<p>P.- Hola, \u00bfqui\u00e9n piensas que ha tenido la culpa en todos los lios de los madrid-bar\u00e7a? <\/p>\n<p>R.- Mourinho.<\/p>\n<p>P.- Buenos dias Mata, \u00bfsabes algo sobre el culebr\u00f3n Osvaldo? \u00bfPiensas que llegar\u00e1 al Atleti? Gracias, un saludo.<\/p>\n<p>R.- En el club lo niegan, pero a\u00fan pienso que puede haber alguna opci\u00f3n. <\/p>\n<p>P.- Amigo Matallanas: puede explicarme la planificacion deportiva del Atletico ?. Yo, la verdad no entiendo ni los fichajes, ni los criterios y me asombro de los costes de los mismos. Muchas gracias<\/p>\n<p>R.- Pues no soy capaz de explicarla con coherencia porque ciertamente le falta coherencia. Es cierto que ha estado condicionada por la salida del Kun, pero deber\u00edan haberlo planificado antes porque su salida era imparable. Sobre los costes hay detr\u00e1s fondos de inversi\u00f3n que financian y por eso se pueden acometer. A partir de ah\u00ed, Falcao es un gran rematador, un delantero de \u00e1rea y con pasadores como Reyes, Turan y Diego, si llega, puede seguir su impresionante l\u00ednea goleadora. y el 4-3-3 que propone Manzano me gust\u00f3 por fases anoche. Intento ver el vaso medio lleno&#8230;<\/p>\n<p>P.- Buenas Javier. Viendo que en el Atl\u00e9tico sobra un extracomunitario, y que Miranda no tiene buena pinta, \u00bfpodr\u00eda Regal\u00f3n subir como suplente del lateral y Perea quedarse como suplente del central? Crees que Manzano dar\u00e1 oportunidades a los Noguera y, qu\u00e9 sabes de Cedric?<\/p>\n<p>R.- Cedric no le han recuperado y lo pueden hacer la pr\u00f3xima temporada. Pulido cuenta con muchas opciones de ir entrando si sale Miranda. Regal\u00f3n tiene mucha proyecci\u00f3n como Noguera. Un saludo!<\/p>\n<p>P.- Hola! Crees que deber\u00eda el Madrid incluir a Morata como tercer delantero mas que ADebayor? y darle mas minutos a Kaka que al mismo Ozil? Me parece que el Madrid en la Supercopa jugo con el Coraz\u00f3n, un poco encolerizado, pero con el Corazon!! <\/p>\n<p>R.- Morata deber\u00eda estar y jugar minutos, pero parece que Mou prefiere a Adebayor. No han permitido ir a Morata al Getafe que creo que podr\u00eda ser un buen destino para su progresi\u00f3n. <\/p>\n<p>P.- Querido Mata,hace 1 a\u00f1o te pregunte por lo del balonmano y fijate ahora que suerte hemos tenido.Cuentame que se respira por Madrid y que afuencia de media de espectadores crees que puede haber a lo largo del a\u00f1o en Vistalegre.Gracias.<\/p>\n<p>R.- Lo primero que hay es que conseguir el reto en la final de la Supercopa y llenar hasta la bandera Vistalegre!!! Debe ser el equipo de todos los madrile\u00f1os como ya lo fue en su d\u00eda. \u00a1Hay que meter m\u00e1s de 14.000 espectadores en la plaza de toros de Carabanchel el 4 de septiembre! <\/p>\n<p>P.- Hola Javier, Crees que puede triunfar o tener un hueco en el Madrid un canterano como Jess\u00e9??? o tendr\u00e1 que hacer las maletas como muchos. Un abrazo y gracias.<\/p>\n<p>R.- Jes\u00e9, como Delafeou, son los dos jugadores m\u00e1s prometedores del f\u00fatbol espa\u00f1ol y deber\u00edan triunfar uno en el Madrid y otro en el Bar\u00e7a&#8230; Veremos!<\/p>\n<p>P.- Buenos dias, \u00bfQue canteranos tienen sitio a corto-medio plazo en el primer equipo del Atleti?<\/p>\n<p>R.- Borja Bast\u00f3n, Regal\u00f3n, Noguera, Pulido&#8230; Hay futbolistas que llegan fuertes&#8230; Pero hay que contar con ellos.<\/p>\n","protected":false},"excerpt":{"rendered":"<p>Javier G. Matallanas, adjunto a la direcci\u00f3n de AS, ha charlado con los lectores e internautas sobre la actualidad deportiva.<\/p>\n","protected":false},"author":1,"featured_media":0,"comment_status":"open","ping_status":"open","sticky":false,"template":"","format":"standard","meta":{"footnotes":""},"categories":[],"tags":[],"class_list":["post-9015","post","type-post","status-publish","format-standard","hentry"],"_links":{"self":[{"href":"https:\/\/intervius.com\/index.html\/wp-json\/wp\/v2\/posts\/9015","targetHints":{"allow":["GET"]}}],"collection":[{"href":"https:\/\/intervius.com\/index.html\/wp-json\/wp\/v2\/posts"}],"about":[{"href":"https:\/\/intervius.com\/index.html\/wp-json\/wp\/v2\/types\/post"}],"author":[{"embeddable":true,"href":"https:\/\/intervius.com\/index.html\/wp-json\/wp\/v2\/users\/1"}],"replies":[{"embeddable":true,"href":"https:\/\/intervius.com\/index.html\/wp-json\/wp\/v2\/comments?post=9015"}],"version-history":[{"count":0,"href":"https:\/\/intervius.com\/index.html\/wp-json\/wp\/v2\/posts\/9015\/revisions"}],"wp:attachment":[{"href":"https:\/\/intervius.com\/index.html\/wp-json\/wp\/v2\/media?parent=9015"}],"wp:term":[{"taxonomy":"category","embeddable":true,"href":"https:\/\/intervius.com\/index.html\/wp-json\/wp\/v2\/categories?post=9015"},{"taxonomy":"post_tag","embeddable":true,"href":"https:\/\/intervius.com\/index.html\/wp-json\/wp\/v2\/tags?post=9015"}],"curies":[{"name":"wp","href":"https:\/\/api.w.org\/{rel}","templated":true}]}}