{"id":9014,"date":"2009-11-02T00:00:00","date_gmt":"2006-11-06T00:00:00","guid":{"rendered":"https:\/\/intervius.com\/index.html\/?p=9014"},"modified":"2006-11-06T00:00:00","modified_gmt":"2006-11-06T00:00:00","slug":"Juanita_Castro9014","status":"publish","type":"post","link":"https:\/\/intervius.com\/index.html\/Juanita_Castro9014\/","title":{"rendered":"Juanita Castro"},"content":{"rendered":"<p>Pregunta.- \u00bfPor qu\u00e9 ha mantenido silencio hasta ahora? \u00bfQu\u00e9 le ha llevado a publicar su biograf\u00eda? Un saludo<\/p>\n<p>Respuesta.- En primer lugar, nadie nunca se me hab\u00eda acercado para ofrecerme y hablar y escribir mis memorias hasta este momento. Estas memorias empezaron a escribirse a sugerencia de Mar\u00eda Antonieta Collins, la persona que las ha escrito. Este esfuerzo lo empezamos ella y yo en 1999 hasta que a principios de a\u00f1os decidimos continuarlas y terminarlas, como ha sido. Adem\u00e1s, este libro fue hecho por mi necesidad de clamar por justicia en relaci\u00f3n con el honor de mis padres y de mis abuelitos. Que ha sido mancillado de tal manera que se han ensa\u00f1ado con ellos. Nunca pens\u00e9 que hubiera mentes tan perversas para insultar solamente por el odio que le tienen a Fidel, a mis padres y abuelos, que no han tenido culpa, ni sin responsables en absoluto de lo que ha pasado en mi pa\u00eds.<\/p>\n<p>P.- \u00bfC\u00f3mo fue la infancia de Juanita y Fidel? \u00bfC\u00f3mo la definir\u00eda? <\/p>\n<p>R.- Tengo los mejores recuerdos de nuestra infancia. Eramos una familia bien llevada. Nuestros padres nos ense\u00f1aron a respetar a todo el mundo, a no ofender jam\u00e1s a nadie, a que estudi\u00e1ramos y luch\u00e1ramos para tener un futuro asegurado. Nos dieron cari\u00f1o, nos dieron educaci\u00f3n y en general, fueron unos padres maravillosos con nosotros. A veces demasiado complacientes, pienso ahora. Porque tambi\u00e9n nos malcriaron un poco, pero en general el recuerdo que guardo y que llevo en mi coraz\u00f3n en relaci\u00f3n con mi familia y en relaci\u00f3n con mis hermanos es estupendo.<\/p>\n<p>P.- Estimada Juanita Castro, resulta incre\u00edble que todav\u00eda hoy en d\u00eda haya gente en su situaci\u00f3n. \u00bfQu\u00e9 le dir\u00eda a todas aquellas personas que siguen defendiendo el tipo de pol\u00edtica que llevan a cabo sus hermanos? Parece que estar a favor de sus formas es lo pol\u00edticamente correcto, en la sociedad espa\u00f1ola sobre todo, \u00bfha sentido esta afirmaci\u00f3n alguna vez? Muchas gracias, y mucha suerte!<\/p>\n<p>R.- Yo pienso que las causas injustas o las malas causas tienen seguidores y esto ha sucedido en el caso cubano. Acu\u00e9rdese que los reg\u00edmenes de esta naturaleza, como el de Cuba, ha contado siempre con recursos incre\u00edbles para llevar adelante esta propaganda en favor de los reg\u00edmenes comunistas. El caso de Cuba no ha sido una excepci\u00f3n. Mucha gente, inclusive de buena fe y sin la informaci\u00f3n suficiente, a\u00fan a estas alturas despu\u00e9s de 50 a\u00f1os de dictadura, piensa que el sistema que impera en Cuba, es bueno. Desafortunadamente, esto no es as\u00ed. A nosotros se nos ha negado en la mayor\u00eda de las ocasiones de aclarar todos estos malos entendidos. No hemos tenido ni los medios, ni el inter\u00e9s de parte de la prensa en el mundo. Por eso tanta confusi\u00f3n. El sistema que impera en mi pa\u00eds no ser\u00eda nada saludable imitarlo por ning\u00fan pa\u00eds del mundo.<\/p>\n<p>P.- \u00bfQu\u00e9 cree usted que pas\u00f3 realmente con la desaparicion del comandante Camilo Cienfuegos?<\/p>\n<p>R.- Aunque muchos se han empe\u00f1ado en hacer ver que fue un atentado lo que termin\u00f3 con la vida de Camilo Cienfuegos, yo me atrevo a afirmar categ\u00f3ricamente que fue un accidente a\u00e9reo lo que termin\u00f3 con su vida. Camilo era un hombre que a pesar de la posici\u00f3n que ten\u00eda dentro de la Revoluci\u00f3n que acababa de triunfar, no le ten\u00eda miedo a nada, no se preocupaba de su seguridad. Por lo tanto, no le interesaba chequear el avi\u00f3n o el medio que estaba utilizando para transportarse a cualquier parte. Era un hombre muy temerario. Y a pesar de haber sido, desde muy joven simpatizante del Partido Comunista, eso no era raz\u00f3n para dejar de ser un cubanazo bueno. Aunque, equivocado en sus ideas pol\u00edticas.<\/p>\n<p>P.- \u00bfDetect\u00f3 usted alg\u00fan rasgo comunista durante la juventud de Fidel?<\/p>\n<p>R.- Nunca en mi casa, ni en mi familia detectamos ning\u00fan rasgo comunista en Fidel. Siempre pensamos que era un dem\u00f3crata confeso, un idealista, que estaba muy interesado en la pol\u00edtica y en llegar a ocupar posiciones muy importantes en el pa\u00eds, para servirlo. Pero por nuestra mente nunca pas\u00f3 lo que suceder\u00eda despu\u00e9s del triunfo de la Revoluci\u00f3n y que abrazar\u00eda las ideas marxistas y el sistema comunista para implantarlo en nuestro pa\u00eds una vez que triunfara la Revoluci\u00f3n, que hab\u00eda prometido que ser\u00eda tan cubana como las palmas reales, una revoluci\u00f3n humanista, con justicia social para todos y que habr\u00eda pan con libertad, pan sin terror en nuestra patria. Esas fueron sus palabras textuales.<\/p>\n<p>P.- De acuerdo que abandondes la Revoluci\u00f3n por no estar de acuerdo con la represi\u00f3n, entre otras cosas, pero \u00bfcolaborar con Estados Unidos? \u00bfAcaso ellos no han ejercido peores cr\u00edmenes de toda \u00edndole en aquella \u00e9poca?<\/p>\n<p>R.- Realmente no creo que sea el momento de estar condenando a Estados Unidos. Debo decir tambi\u00e9n que fueron los Estados Unidos el \u00fanico pa\u00eds en el mundo que nos ayud\u00f3 a luchar contra el sistema marxista que se implant\u00f3 en Cuba. Si somos gente agradecida tenemos que reconocerlo as\u00ed. Tambi\u00e9n podemos hablar que Fidel cay\u00f3 en los brazos de la Uni\u00f3n Sovi\u00e9tica para recibir toda la ayuda que necesitaba para los planes que ten\u00eda para Cuba y para la expansi\u00f3n del comunismo en el mundo entero. De todos es conocida la cantidad de cubanos que murieron en Africa, en Angola en particular. De eso no se habla. Por lo tanto, si \u00e9l buscaba ayuda en un extremo, nosotros la ten\u00edamos que buscar en el otro. Era una lucha muy desigual donde necesit\u00e1bamos recursos desiguales tambi\u00e9n. Los cubanos que luchamos y que cooperamos con los Estados Unidos no fue porque los Estados Unidos nos comprara. Nuestra lucha nunca ha tenido precio, pero s\u00ed muchos enemigos de la libertad de Cuba.<\/p>\n<p>P.- \u00bfDesear\u00eda volver a hablar con Ra\u00fal y Fidel?<\/p>\n<p>R.- Yo desear\u00eda hablar con todos los cubanos que est\u00e1n en mi patria. Y que todos los que est\u00e1n en el extranjero tambi\u00e9n estoy segura que desear\u00edan hablar con los suyos en Cuba. Yo desear\u00eda que en Cuba se produjera una transici\u00f3n hacia la democracia y este paso, entiendo que solamente lo pueden usar los se\u00f1ores que est\u00e1n en el poder en este momento, como todos los que estamos fuera del pa\u00eds en el exilio. Yo no pido enfrentamientos que puedan costarle una sola vida m\u00e1s al pueblo cubano. Yo estoy pidiendo la transici\u00f3n que nos lleve a tener una patria de nuevo con los gobernantes elegidos democr\u00e1ticamente por el pueblo, sin imposiciones de ninguna clase. Pero que seamos todos los cubanos los que decidamos nuestro futuro. y el futuro de Cuba tiene que ser un futuro de libertad.<\/p>\n<p>P.- Buenas tardes Juanita. Me alegro mucho que pudiese escapar en su d\u00eda de Cuba y que podamos conocer ahora lo que usted piensa sobre su pa\u00eds y el r\u00e9gimen. \u00bfHa tenido desde siempre Ra\u00fal un complejo de inferioridad respecto a Fidel? \u00bfC\u00f3mo ha sido la relaci\u00f3n entre los dos? Un cordial saludo.<\/p>\n<p>R.- La relaci\u00f3n con Ra\u00fal siempre ha sido muy buena. Eramos hermanos muy allegados hasta que lleg\u00f3 al pa\u00eds el sistema que lo ha gobernado durante tantos a\u00f1os. El marxismo ha acabado con nuestra familia en la misma forma en que ha acabado con el resto de la familia cubana. <\/p>\n<p>P.- \u00bfC\u00f3mo son realmente Fidel y Ra\u00fal?<\/p>\n<p>R.- Dos seres humanos que han cambiado el futuro de Cuba pudiendo haber hecho lo contrario.<\/p>\n<p>P.- \u00bfSra. Juanita como se imagina que hubiera sido Cuba sin Fidel Castro?<\/p>\n<p>R.- Cuba era un pa\u00eds que hasta el golpe de estado de FUlgencio Batista que rompe el orden constitucional del pa\u00eds, era un pa\u00eds democr\u00e1tico, y sus gobernantes elegidos libremente por el pueblo cubano y con sus virtudes y defectos funcionaba bastante bien. Goz\u00e1bamos de una Constituci\u00f3n progresista, pero tambi\u00e9n con muchos pol\u00edticos mediocres que se interesaban m\u00e1s por enriquecerse que por servir al pueblo como era debido. Por lo tanto, a pesar de todo esto, \u00edbamos progresando y mejorando nuestro sistema pol\u00edtico. Est\u00e1bamos seguros que llegar\u00eda un gobierno que ser\u00eda el ideal para todo el pueblo.<\/p>\n<p>P.- Estimada Sra, \u00bfqu\u00e9 sacar\u00eda de positivo de todos estos a\u00f1os de Fidel Castro en el poder?<\/p>\n<p>R.- Ha sido tanto lo negativo que es bastante dif\u00edcil enumerar lo positivo que ha sucedido en el pa\u00eds. En el campo de la educaci\u00f3n, con excepci\u00f3n del adoctrinamiento comunista intensivo que ha recibido la juventud, el analfabetismo fue pr\u00e1cticamente erradicado. Claro, que a un precio muy alto. El r\u00e9gimen habla mucho del sistema de salud. Es cierto que todos tienen atenci\u00f3n m\u00e9dica pero ha sido limitada por ellos mismos. Ya que el pa\u00eds no cuenta con los recursos necesarios para dar un buen servicio al pa\u00eds en ese campo.<\/p>\n<p>P.- Hola. Me gustar\u00eda saber su opini\u00f3n sobre si en Cuba volver\u00e1 a exisitir una democracia. Atentamente, Luis<\/p>\n<p>R.- Hemos estado luchando por lograr una verdadera democracia en nuestro pa\u00eds durante m\u00e1s de 50 a\u00f1os. Es un tiempo muy largo pero tengo la esperanza de que as\u00ed suceder\u00e1 en el futuro. Hay un refr\u00e1n muy antiguo que dice No hay mal que dure 100 a\u00f1os ni cuerpo que lo resista.<\/p>\n<p>P.- \u00bfQu\u00e9 recuerda usted de la boda de Fidel con Mirta D\u00edaz Balart? \u00bfQu\u00e9 tipo de relaciones mantuvo usted con Mirta despu\u00e9s del divorcio de ambos?<\/p>\n<p>R.- En mis memorias aparece muy bien explicado esa pregunta que usted me hace. As\u00ed que le sugiero que lo lea. Ah\u00ed cuento desde el d\u00eda en que se conocieron hasta su divorcio y lo que vino despu\u00e9s.<\/p>\n<p>P.- Veo que en su libro no menciona a Alina, hija de Fidel y de Nati, \u00bfpor qu\u00e9 raz\u00f3n?<\/p>\n<p>R.- No me interesa en absoluto ese personaje. Hace 8 a\u00f1os aproximadamente que inici\u00e9 un proceso legal contra la editorial que public\u00f3 su libro por difamaci\u00f3n a mis padres y abuelos y con la sentencia a mi favor he dado por cerrado ese cap\u00edtulo.<\/p>\n<p>P.- Saludos. \u00bfCree usted que vive peor o mejor que sus hermanos? Chau<\/p>\n<p>R.- En Cuba lamentablemente nadie vive bien. Lo m\u00e1s importante para m\u00ed que es la libertad, aqu\u00ed en Estados Unidos donde vivo, la tengo en abudancia.<\/p>\n<p>P.- \u00bf Es posible un entendimiento entre la gente de Miami y tus hermanos?. \u00bfCrees que quitando &#8220;el bloqueo&#8221; se le acabar\u00e1n las justificaciones de su ineficacia a tus hermanos?<\/p>\n<p>R.- Repito y lo sigo diciendo, el \u00fanico camino que podemos recorrer es luchar por un proceso de transici\u00f3n democr\u00e1tico y pac\u00edfico. Los que amamos de verdad a la patria no podemos pensar en otra forma. Ineficacia es el r\u00e9gimen comunista que ha sido implantado en Cuba sin resultados de ninguna clase. <\/p>\n<p>P.- \u00bfHa visitado Cuba despu\u00e9s que sali\u00f3 del pa\u00eds para el exilio?<\/p>\n<p>R.- Nunca he regresado a Cuba despu\u00e9s que sal\u00ed el 19 de junio de 1963.<\/p>\n<p>P.- \u00bfEstar\u00edan sus padres orgullosos del legado de Fidel?<\/p>\n<p>R.- Nadie puede estar orgulloso de lo que ha hecho Fidel, incluidos mis padres si vivieran.<\/p>\n","protected":false},"excerpt":{"rendered":"<p>La hermana de Fildel Castro saca a la luz la historia de su vida. A trav\u00e9s de la periodista Mar\u00eda Antonieta Collins, Fidel y Ra\u00fal, mis hermanos. La historia secreta recorre su infancia y juventud, pasando por la gesta contra Batista, la Revoluci\u00f3n y el posterior desencanto de muchos. Desde 1964, en que desertara en M\u00e9xico y se pronunciara en contra del gobierno encabezado por su hermano Fidel, vive en el exilio en Miami alejada de su familia en Cuba y, seg\u00fan acaba de hacer p\u00fablico, lleg\u00f3 a colaborar con la CIA bajo el nombre de la agente Donna. Juanita Castro ha charlado con los lectores sobre su vida y la relaci\u00f3n con sus hermanos. <\/p>\n","protected":false},"author":1,"featured_media":0,"comment_status":"open","ping_status":"open","sticky":false,"template":"","format":"standard","meta":{"footnotes":""},"categories":[],"tags":[],"class_list":["post-9014","post","type-post","status-publish","format-standard","hentry"],"_links":{"self":[{"href":"https:\/\/intervius.com\/index.html\/wp-json\/wp\/v2\/posts\/9014","targetHints":{"allow":["GET"]}}],"collection":[{"href":"https:\/\/intervius.com\/index.html\/wp-json\/wp\/v2\/posts"}],"about":[{"href":"https:\/\/intervius.com\/index.html\/wp-json\/wp\/v2\/types\/post"}],"author":[{"embeddable":true,"href":"https:\/\/intervius.com\/index.html\/wp-json\/wp\/v2\/users\/1"}],"replies":[{"embeddable":true,"href":"https:\/\/intervius.com\/index.html\/wp-json\/wp\/v2\/comments?post=9014"}],"version-history":[{"count":0,"href":"https:\/\/intervius.com\/index.html\/wp-json\/wp\/v2\/posts\/9014\/revisions"}],"wp:attachment":[{"href":"https:\/\/intervius.com\/index.html\/wp-json\/wp\/v2\/media?parent=9014"}],"wp:term":[{"taxonomy":"category","embeddable":true,"href":"https:\/\/intervius.com\/index.html\/wp-json\/wp\/v2\/categories?post=9014"},{"taxonomy":"post_tag","embeddable":true,"href":"https:\/\/intervius.com\/index.html\/wp-json\/wp\/v2\/tags?post=9014"}],"curies":[{"name":"wp","href":"https:\/\/api.w.org\/{rel}","templated":true}]}}