{"id":9009,"date":"2011-08-17T00:00:00","date_gmt":"2006-11-06T00:00:00","guid":{"rendered":"https:\/\/intervius.com\/index.html\/?p=9009"},"modified":"2006-11-06T00:00:00","modified_gmt":"2006-11-06T00:00:00","slug":"Inako_Diaz_Guerra9009","status":"publish","type":"post","link":"https:\/\/intervius.com\/index.html\/Inako_Diaz_Guerra9009\/","title":{"rendered":"I\u00f1ako D\u00edaz Guerra"},"content":{"rendered":"<p>Pregunta.- Tu pron\u00f3stico para este a\u00f1o I\u00f1ako. Campe\u00f3n y Subcampe\u00f3n ACB, Campe\u00f3n y Subcampe\u00f3n de Copa del Rey y los cuatro finalistas y campe\u00f3n de la Euroliga.Un cordial saludo<\/p>\n<p>Respuesta.- Bar\u00e7a campe\u00f3n. Madrid subcampe\u00f3n Valencia campe\u00f3n de Copa. Baskonia Subcampe\u00f3n Fibal Four: CSKA, Fenerbah\u00e7e, Bar\u00e7a y Madrid. Campe\u00f3n: CSKA<\/p>\n<p>P.- quien es mejor para ti navarro o epi,ricki o calderon,mumbru o suarez?<\/p>\n<p>R.- Navarro, hasta ahora CAlder\u00f3n (pero Ricky ser\u00e1 mejor cuando sus carreras acaben), Mumbr\u00fa<\/p>\n<p>P.- i\u00f1ako, me parece bien el fichaje de rudy quizas por eso el empe\u00f1o de poner a llull de 1 pq sabian q vendria, pero entonces no seria mejor haber traido a un 3 en vez de pocius??pq en es puesto aun esta cojo el madrid <\/p>\n<p>R.- S\u00ed, yo hubiera fichado un tres puro, pero es cierto que en Europa, Rudy puede jugar de alero sin mucho problema. De todas formas, cuando llegue la hora de pelear los t\u00edtulos, Rudy estar\u00e1 en Dallas y el MAdrid habr\u00e1 fichado a un 3 americano. Pocius tambi\u00e9n es bastante atl\u00e9tico y puede cumplir como alero.<\/p>\n<p>P.- Hola I\u00f1ako. Aparte del tema Rudy, \u00bfc\u00f3mo ves el mercado de fichajes veraniego? Alguno nuevo para destacar, jugadores que dar\u00e1n un paso adelante, sobre todo sub 20. Un saludo. P.D.: \u00bfTan raro es querer que siga Forl\u00e1n?<\/p>\n<p>R.- Vamos a ver Franch despu\u00e9s de todo el culebr\u00f3n. LA sensaci\u00f3n, por su empe\u00f1o, es que el Murcia le va a dar galones y estoy convencido que es un base que con 25 minutos por partido dar\u00e1 un nivel muy alto. Como cada a\u00f1o, el Fuenla ha vuelto ha hacer magia. Penney es desde ya candidato para m\u00e1ximo anotador de la temporada y Sen\u00e9 es intrigante: gran f\u00edsico, en NBA un desastre, pero en Francia ha sido realmente dominante. Y me encantan los fichajes del VAlencia: Caner Medley y Ogilvy son dos p\u00edvots fant\u00e1sticos. El Baskonia, por ahora, me deja dudas, aunque le falta por hacer. Veremos como soluciona lo del base. Si fuera Calathes, buen fichaje. El Bar\u00e7a, pues lo de siempre, por si faltaba algo, Eidson. Marcelinho y Wallace. Dos pisos por encima del resto. Cajasol (JAsen y English) y CAI (Archibald y Wright) tambi\u00e9n han hecho movimientos interesantes T los americanos del Estu tienen condiciones para ser determinantes, pero ambos han tenido carreras muy irregulares<\/p>\n<p>P.- Hola I\u00f1ako, Se est\u00e1 demostrando que el traspaso de De Gea ha sido todo un acierto, \u00bfno?<\/p>\n<p>R.- Siempre dije que, para m\u00ed, 22 millones por De Gea eran una venta estupenda. Y, ojo, creo que va a mejorar y se va a asentar como titular en el United. Pero el precio sigue siendo muy elevado.<\/p>\n<p>P.- \u00bfno ser\u00eda mejor quedarse con forl\u00e1n y traer a diego en lugar de osvaldo? \u00bfcrees que hay alguna posibilidad de quedarse con forl\u00e1n, osvaldo y falcao, retrasando a forl\u00e1n como en uruguay y jugando por detr\u00e1s de los dos? de mediapunta, vamos&#8230;<\/p>\n<p>R.- Lo de Diego no est\u00e1 descartado, no depende de Forl\u00e1n u Osvaldo, sino de llegar a un acuerdo con el Wolfsburgo, con el jugador ya est\u00e1. La duda hubiera sido si lo de Osvaldo m\u00e1s lo de Diego no dar\u00eda para un mediocentro puro y con menos riesgos que Diego, tipo Borja Valero. Con Osvaldo, Falcao, Arda y reyes, Forl\u00e1n no jugar\u00eda pr\u00e1cticamente nada y \u00e9l lo sabe. Supongo que saldr\u00e1<\/p>\n<p>P.- i\u00f1ako crack, recomiendame alguna serie para lo ke keda de verano<\/p>\n<p>R.- Siempre recomiendo las mismas, pero si no s\u00e9 cu\u00e1les hab\u00e9is visto doy mis preferidas: El Ala Oeste de la Casa Blanca, The Wire, Deadwood&#8230;<\/p>\n<p>P.- Cuando Rudy vuelva a la NBA, como de destrozado crees que quedar\u00e1 el RM?<\/p>\n<p>R.- Depende de lo atado que tenga y lo bueno que sea el tres americano de nivel que se supone que llegar\u00e1 de inmediato para sustituirle<\/p>\n<p>P.- Estoy muy ilusionado con la vuelta del balonmano con un equipo tan potente. \u00bfC\u00f3mo piensas que ser\u00e1 la acogida por parte de los atleticos? \u00bfQu\u00e9 te parecen los Ni\u00f1os Mutantes? Saludos.<\/p>\n<p>R.- Los atl\u00e9ticos est\u00e1n respondiendo a lo grande, con muchos abonados y probable r\u00e9cord de asistencia en la Supercopa contra el Bar\u00e7a en Vistalegre. El Atleti siempre debi\u00f3 tener balonmano, le da lustre y se convienen mutuamente. Me gustan sin ser fan<\/p>\n<p>P.- como tu crees que sergio rodriguez es importante para el real madrid en la euroliga<\/p>\n<p>R.- Lo que ser\u00eda importante, vital dir\u00eda yo, para el Madrid es tener un base capaz de dirigir y rendir cuando lleguen los partidos importantes. Aunque me duela, porque es un jugador al que he seguido con intensidad desde hace tantos a\u00f1os, no creo que Sergio d\u00e9 ese nivel. Hoy por hoy, puede ser un segundo base que cambie el ritmo y revolucione ciertos partidos y situaciones. No m\u00e1s. El problema es que, como base, es probable que Llull sea lo mismo y el Madrid lo acabe pagando<\/p>\n<p>P.- \u00bfEs Rudy la \u00faltima bala de Florentino con el basquet? \u00bfHay posibilidades de m\u00e1s fichajes NBA en la Liga Endesa?<\/p>\n<p>R.- Desde luego, lo de Rudy tiene mucho de empe\u00f1o personal de Florentino, que a menor escala ya busc\u00f3 una operaci\u00f3n medi\u00e1tica del mismo estilo al repatriar a Sergio Rodr\u00edguez. En ambos casos lo que est\u00e1 por ver es si deportivamente compensa. Si Rudy juega en el Madrid tres a\u00f1os, no hay duda, porque estoy convencido que ser\u00eda de inmediato de los 3 o 4 jugadores m\u00e1s determinantes de Europa. Pero si se va en noviembre y en 2012 decide no regresar, el circo habr\u00e1 sido infructuoso. En cualquier caso, entiendo que el Madrid corra el riesgo porque no est\u00e1 para dejar pasar ocasiones, por dif\u00edciles que sean, de resucitar la secci\u00f3n. De los espa\u00f1oles, me extra\u00f1ar\u00eda por ahora.Otra cosa ser\u00eda que en oto\u00f1o se suspenda definitivamente la temporada y entonces s\u00ed podr\u00edan volver los Gasol, quiz\u00e1s Ibaka&#8230; Pero por ahora no parece<\/p>\n<p>P.- Alguna recomendaci\u00f3n musical (rock, principalmente) para este verano?<\/p>\n<p>R.- Est\u00e1 el verano seco seco. As\u00ed reciente, est\u00e1n bien A treasure de Neil Young (raezas antiguas en rollo country rock), Mayhem de Imelda May en plan rockabilly y tambi\u00e9n los nuevos de Black Lips y My Morning Jacket<\/p>\n<p>P.- bilbao basket ya tiene la plantilla cerrada, manteniendo el bloque m\u00e1s tres retoques. \u00bfpodr\u00eda ser el m\u00e1s fuerte en la supercopa (en bilbao) y en el inicio de la liga y euroliga?<\/p>\n<p>R.- No. El m\u00e1s fuerte es el Bar\u00e7a al que s\u00f3lo le falta un p\u00edvot (Wallace) que al fin y al cabo ser\u00eda el cuarto o el quinto detr\u00e1s de Lorbek, V\u00e1zquez, Perovic y Ndong. Adem\u00e1s queda mucho tiempo. El Bilbao volver\u00e1 a pelear por entrar en la Euroliga, pero tener la plantilla cerrada a estas alturas, con el Eurobasket a\u00fan a un mes de acabar, da un poco igual<\/p>\n<p>P.- Hola, quisiera saber tu opini\u00f3n respecto a los 3 de la selecci\u00f3n de este verano. \u00bfCual es el titular? \u00bfDescartarias a uno de ellos, o a un base (y cual)? \u00bfCual es en el baloncesto actual la diferencia entre un 3 y un 2?<\/p>\n<p>R.- El tres titular es m\u00e1s un dos: Rudy Fern\u00e1ndez. El \u00fanico alero puro es Su\u00e1rez, pero se est\u00e1 dirigiendo sin freno hacia ser el descarte porque Sadale est\u00e1 comiendo la tostada y Scariolo quiere llevar tres bases tras el desastre del Mundial cuando se lesion\u00f3 Calder\u00f3n. Yo m\u00e1s que a Sada, dudar\u00eda entre Su\u00e1rez y Claver, porque a \u00e9ste s\u00f3lo lo ve el italiano como ala-p\u00edvot y con los GAsol, Ibaka y hasta Reyes por delante no va a jugar. Al final, es una cuesti\u00f3n de cent\u00edmetros y kilos. Y de capacidad para anotar no s\u00f3lo en tiro t penetraciones, sino tambi\u00e9n en el poste bajo. Los grandes treses del momento Durant y Carmelo (LeBron menos) son amenazas exteriores e interiores. En Europa sucede menos porque no hay casi aleros de 2,05 y gran nivel. Pero Espa\u00f1a debe recordar que en el Mundial le mataron los aleros altos de Serbia (Keselj y Bjeli\u00e7a) titando desde fuera y sin que ning\u00fan espa\u00f1ol, todos m\u00e1s bajos, llegara ni a puntearles los tiros.<\/p>\n<p>P.- Hola I\u00f1ako, si hay temporada NBA, \u00bfa quien ves como favorito general y en cada conferencia?<\/p>\n<p>R.- Depende mucho de si la temporada se reduce o no, porque una temporada corta es impredecible. Hay quien dice que favorece a equipos veteranos que reducen meses de competici\u00f3n y llegan m\u00e1s frescos al final. Otros responden que favorece a los j\u00f3venes porque se meten 50 partidos y playoffs en muy poco tiempo y el ritmo es a\u00fan m\u00e1s demoledor. Yo pienso m\u00e1s lo primero, pero en realidad no se sabe. Para m\u00ed, en temporada completa, favoritos antes de ver los movimientos Miami y Oklahoma. En temporada reducida, Boston y Lakers <\/p>\n<p>P.- I\u00f1ako, crees que la dupla Falcao-Osvaldo podra hacer olvidar a la dupla Kun-Forlan?\u00bfQuienes hubieran sido unos buenos sustitutos?<\/p>\n<p>R.- Creo que Ag\u00fcero desnivela cualquier comparaci\u00f3n porque no hay delanteros de ese nivel fuera de Messi, Cristiano, quiz\u00e1s Rooney. Dicho esto, el Atleti ha reaccionado bien con Falcao y OSvaldo, dos delanteros de muy buen nivel. Mi duda: que los veo parecidos. Me hubiera gustado m\u00e1s si hubieran fichado s\u00f3lo a uno de los dos y a Rossi<\/p>\n<p>P.- Un cierre patronal de la NBA hasta diciembre, \u00bf c\u00f3mo cree que alterar\u00eda la configuraci\u00f3n de plantillas en Europa ? \u00bf Podr\u00edan quedar equipos con plantillas cortas a partir de enero ?<\/p>\n<p>R.- Va a afectar con un segundo mercado muy activo en invierno, cuando muchos equipos importantes (Madrid, Maccabi&#8230;) tengan que buscar de urgencia jugadores de nivel para sustituir a Rudy, Farmar y compa\u00f1\u00eda. Cortas no quedar\u00e1n porque fichar\u00e1n, s\u00ed puede que queden debilitadas<\/p>\n<p>P.- I\u00f1ako, soy otro de los enamorados del Kun que ve muy dif\u00edcil hacerse a la idea de que no volver\u00e1 a llevar la rojiblanca. No obstante, tengo la impresi\u00f3n de que el equipo necesitaba un vuelco que no iba a tener lugar hasta que se fueran los \u00faltimos de esa delantera m\u00e1gica Kun-Forl\u00e1n-Simao-Maxi. \u00bfEse combo atacante podr\u00eda habernos dado m\u00e1s tardes de gloria con otro entrenador que no fuera Aguirre? \u00bfO el problema segu\u00eda estando en los mediocentros? Es innoble que este a\u00f1o hayan fichado a Gabi y no se hayan gastado ah\u00ed los cuartos, se ve que Mendes no ten\u00eda nadie en cartera para esa posici\u00f3n. Por cierto, si fichamos a Falcao-Osvaldo nuestra delantera va a parecer ocupada por representantes de alguna ONG. En otros asuntos&#8230;como buen fan de La Casa Blanca tengo que preguntarte por tu personaje favorito. Para m\u00ed no hay nadie como Barlet, pero la identificaci\u00f3n clave para el espectador viene con Josh Lyman. Y por \u00faltimo, en el FIB2011 hubieras asistido a una brutal sesi\u00f3n de Mendieta como DJ que te hubiera encantado!!!<\/p>\n<p>R.- Bueno, yo no creo que la salida de Kun fuera necesaria porque con 23 a\u00f1os a\u00fan hab\u00eda tiempo y ganas si se hubiera visto bien rodeado. Durante los a\u00f1os buenos de Forl\u00e1n, Maxi y Simao el problema fue siempre el centro del campo. Cierto es que Aguirre (ni Quique) no se atrev\u00eda a quitar a uno para meter un tercer medio y acababa jugando con el famoso 4-2-4. Pero tambi\u00e9n hay que comprender que con los centrocampistas tan vulgares que ten\u00eda, quitar a uno de sus buenos atacantes para meter a cualquier median\u00eda no ten\u00eda sentido. Mi personaje preferido del Ala Oeste empez\u00f3 siendo Josh y acab\u00f3 siendo Toby<\/p>\n<p>P.- Hola I\u00f1ako, \u00bfCrees como yo que Lebron al cambiar de equipo e irse al de Wade ha admitido sistem\u00e1ticamente que ya nunca llegar\u00e1 a formar parte de los m\u00e1s grandes de la historia? &#8220;Vale, yo s\u00f3lo no puedo, me voy con este que es muy bueno&#8221;. \u00bfNo crees que para Lech\u00f3n ha sido mejor perder la final? si llegan a ganarla y el MVP es para Wade (eso era seguro) se caer\u00eda todo lo que hay montado alrededor suya<\/p>\n<p>R.- Para m\u00ed, s\u00ed. Jordan, Magic y Bird lo dijeron: &#8220;Nosotros nunca habr\u00edamos hecho eso&#8221;. En todo caso, le queda carrera para superar a Wade, veremos.<\/p>\n","protected":false},"excerpt":{"rendered":"<p>El jefe de la secci\u00f3n de Baloncesto del Diario AS I\u00f1ako D\u00edaz-Guerra ha analizado la actualidad del mundo del baloncesto con los internautas. Las previsiones para el &#8220;lockout&#8221; en la NBA, la preparaci\u00f3n de nuestra selecci\u00f3n para el Eurobasket de Lituania y todos los movimientos del mercado a debate. Las novedades colchoneras y temas tan mundanos como el cine y la m\u00fasica tambi\u00e9n han tenido cabida.<\/p>\n","protected":false},"author":1,"featured_media":0,"comment_status":"open","ping_status":"open","sticky":false,"template":"","format":"standard","meta":{"footnotes":""},"categories":[],"tags":[],"class_list":["post-9009","post","type-post","status-publish","format-standard","hentry"],"_links":{"self":[{"href":"https:\/\/intervius.com\/index.html\/wp-json\/wp\/v2\/posts\/9009","targetHints":{"allow":["GET"]}}],"collection":[{"href":"https:\/\/intervius.com\/index.html\/wp-json\/wp\/v2\/posts"}],"about":[{"href":"https:\/\/intervius.com\/index.html\/wp-json\/wp\/v2\/types\/post"}],"author":[{"embeddable":true,"href":"https:\/\/intervius.com\/index.html\/wp-json\/wp\/v2\/users\/1"}],"replies":[{"embeddable":true,"href":"https:\/\/intervius.com\/index.html\/wp-json\/wp\/v2\/comments?post=9009"}],"version-history":[{"count":0,"href":"https:\/\/intervius.com\/index.html\/wp-json\/wp\/v2\/posts\/9009\/revisions"}],"wp:attachment":[{"href":"https:\/\/intervius.com\/index.html\/wp-json\/wp\/v2\/media?parent=9009"}],"wp:term":[{"taxonomy":"category","embeddable":true,"href":"https:\/\/intervius.com\/index.html\/wp-json\/wp\/v2\/categories?post=9009"},{"taxonomy":"post_tag","embeddable":true,"href":"https:\/\/intervius.com\/index.html\/wp-json\/wp\/v2\/tags?post=9009"}],"curies":[{"name":"wp","href":"https:\/\/api.w.org\/{rel}","templated":true}]}}