{"id":9002,"date":"2009-11-02T00:00:00","date_gmt":"2006-11-06T00:00:00","guid":{"rendered":"https:\/\/intervius.com\/index.html\/?p=9002"},"modified":"2006-11-06T00:00:00","modified_gmt":"2006-11-06T00:00:00","slug":"Alfredo_Relano9002","status":"publish","type":"post","link":"https:\/\/intervius.com\/index.html\/Alfredo_Relano9002\/","title":{"rendered":"Alfredo Rela\u00f1o"},"content":{"rendered":"<p>Pregunta.- Se\u00f1or Rela\u00f1o, desde Venezuela, \u00bfqu\u00e9 le parecer\u00eda si suben a Sergio Ramos para acompa\u00f1ar a Xabi Alonso y pasan a Lass al lateral derecho? El rendimiento de Lass es menor en el lateral pero creo que supera al Ramos actual y siempre me ha parecido que Ramos tiene capacidad y calidad para jugar de medio centro<\/p>\n<p>Respuesta.- La verdad es que Lass se ha defendido ah\u00ed. Suena raro, pero puede ser cosa de pensarlo, porque Sergio se ha convertido en una calamidad como lateral derecho y de centrales est\u00e1 muy bien el Madrid.<\/p>\n<p>P.- hola maestro , soy aficionado al real madrid , he visto todos los partidos de esta temporada y me parece que kaka no esta cumpliendo con las expectativas. cual es tu opinion? un saludo<\/p>\n<p>R.- No va mal, falta que el equipo ruede bien por fin. No est\u00e1 en su mejor versi\u00f3n, pero tampoco lo considero una decepci\u00f3n, ni mucho menos. <\/p>\n<p>P.- Alfredo con el Atletico nunca sabemos a qu\u00e9 atenernos. Estoy con unos amigos discutiendo sobre qu\u00e9 ser\u00edas m\u00e1s conveniente para nuestro Real Madrid el sab\u00e1do. Por un lado sabemos que si pierden estar\u00e1n m\u00e1s tocados aun pero sabemos que el Atl\u00e9tico cuando peor est\u00e1 ah\u00ed te la l\u00eda. Por otro lado si ganan estar\u00e1n tranquilos y se les permitir\u00e1 trabajar bien el partido. \u00bfQu\u00e9 opina usted?. Y la \u00faltima, supongo que har\u00e1n esta semana la comida de los presis en v\u00edsperas del derbi.. \u00bfQu\u00e9 tal se llevan Florentino y Cerezo? Saludos genio <\/p>\n<p>R.- Yo creo que para el Atl\u00e9tico ser\u00eda mejor que el Madrid ganara, o al menos empatara. Este Madrid tiene tendencia a relajarse, y eso le relajar\u00eda. En cuanto a Cerezo y Florentino se llevan muy bien y, s\u00ed, esperamos hacer la comida, si podemos hacer coincidir las agendas de los dos.<\/p>\n<p>P.- Buenos dias: \u00bfqu\u00e9 opini\u00f3 le merece la mano del jugador de osasuna a remate de ibra?, \u00bfy la patada sobre \u00e9ste cuando se iba solo? \u00bfy el fuera de juego a soldado que no era? Saludos<\/p>\n<p>R.- La mano de Osasuna me parece involuntaria, un remate muy fuerte y muy pr\u00f3ximo a un jugador que est\u00e1 de perfil. La patada a Ibra debi\u00f3 ser expulsi\u00f3n. El fuera de juego de Soldado me parece que lo confunde usted con uno de Aranda. \u00bfPuede ser?<\/p>\n<p>P.- Buenas Sr. Rela\u00f1o. Soy madridista y \u00faltimamente empiezo a creer en lo que dice del villarato, lo que hac\u00eda no convencerme del todo era que en europa estos \u00faltimos a\u00f1os nos mojaba la oreja casi todo el mundo y en Espa\u00f1a costaba much\u00edsimo ganarnos. \u00bfEsto no lo desmonta un poco?<\/p>\n<p>R.- El nivel en la Champions es mucho m\u00e1s alto, por eso se le ve\u00eda al Madrid peor. Lo de los arbitrajes est\u00e1 ah\u00ed, y sobre todo las decisiones en cuanto a neveras o regal\u00edas que suceden a determinados errores.<\/p>\n<p>P.- Buenos d\u00edas. Tras lo sucedido en Alcorc\u00f3n, pienso que El regimen interno de los clubes deberia recoger penalizaciones a los jugadores en aquellos partidos que se da\u00f1a el prestigio del club. Por ejemplo perder con un equipo de categor\u00eda inferior x millones. Se puede estipular, gravedad de los hechos incluso diferentes sanciones seg\u00fan el n\u00famero de goles de diferencia. \u00bfque le parece? <\/p>\n<p>R.- Eso es dif\u00edcil. El f\u00fatbol es azaroso, no ser\u00eda justo. Lo que s\u00ed debe tener sanci\u00f3n es que un jugador haga la peineta al p\u00fablico, o que insulte a su entrenador.<\/p>\n<p>P.- Hola Alfredo, \u00bfCrees que esta temporada el Atl\u00e9tico de Madrid sufrir\u00e1 m\u00e1s de la cuenta para salvar la categor\u00eda?Saludos<\/p>\n<p>R.- No, a tanto no llegar\u00e1. Creo que parte de atr\u00e1s e ir\u00e1 mejorando lentamente.<\/p>\n<p>P.- \u00bfQu\u00e9 opinas de Higua\u00edn? Cuando lleg\u00f3 hace un par de a\u00f1os no me parec\u00eda muy bueno pero cada semana que lo veo jugar me parece mejor. <\/p>\n<p>R.- A m\u00ed me gusta mucho. Encuentra posiciones de remate con m\u00e1s facilidad que ninguno. Al principio le fallaba la punter\u00eda y se le escapaban muchos goles. Luego mejor\u00f3 en eso. A m\u00ed me gusta mucho.<\/p>\n<p>P.- SR.Rela\u00f1o, no crees usted que PEP ha sacado la formula sobre ese fuerte marcaje en el centro a xavi, viendo que ahora (busquet o toure) se meten en medio de los centrales a la hora de sacar el balon y forman una defensa de 5 a la hora de sacar el bal\u00f3n, como si fuera unos libero m\u00e1s, abriendose al medio del campo los laterales y los centrales como lateral, yo he notado la mejora de nuevo en su juego.<\/p>\n<p>R.- Yo creo que Pep est\u00e1 haciendo experimentos para salvar las trampas que ponne los rivales a su juego. Est\u00e1 tratando de despejar un poco el centro del campo, porque le taponaban ah\u00ed. Est\u00e1 en una b\u00fasqueda, quiz\u00e1 por eso el Bar\u00e7a anda a ratos s\u00ed y a ratos no. <\/p>\n<p>P.- Buenos dias Alfredo,\u00bfNo crees que jugando Marcelo por la izquierda e Higuain por la derecha como falsos extremos, abririan m\u00e1s el campo y dejar\u00edan espacios para Kaka y Xabi,para desarrollar su juego tanto en corto como en largo? Un saludo.<\/p>\n<p>R.- S\u00ed, creo que eso le dar\u00eda al Madrid mejor resultado. Luego entrar\u00eda Cristiano por la izquierda. SDacrifica un pooc a Higua\u00edn, pero es lo mejor que puede hacerse ahora, me parece, dadas las circunstancias.<\/p>\n<p>P.- Alfredo, \u00bfQue pas\u00f3 realmente en el vestuario de Alcorc\u00f3n entre Guti y Pellegrini?\u00bfO que cree que ocurri\u00f3?<\/p>\n<p>R.- Yo creo que ocurri\u00f3 lo que se ha dicho que ocurri\u00f3, aunque ahora lo desmientan.<\/p>\n<p>P.- Ra\u00fal: 3 goles en 550 minutos. Un gol cada 183 minutos Benzema: 3 goles en 515 minutos. Un gol cada 172 minutos Hig\u00fca\u00edn: 3 goles en 304 minutos. Un gol cada 101 minutos Cristiano: 5 goles en 376 minutos. Un gol cada 75 minutos VN: 1 gol en 13 minutos que opina??<\/p>\n<p>R.- Que Higua\u00edn debe jugar y que Benzema tiene derecho a probar sin Ra\u00fal al lado, que le intimida, y Ra\u00fal tiene unos derechos adquiridos. As\u00ed que Higua\u00edn y uno de los otros dos hasta que Benzema rompa, si rompe. A Van Nistelrooy hay que esperarle. Cristiano no est\u00e1 en cuesti\u00f3n, por supuesto.<\/p>\n<p>P.- \u00a1Hola Alfredo! \u00bfComo ves al Villarreal? \u00bfLe ves capaz de volver a luchar por entrar en Champions? Un abrazo crack.<\/p>\n<p>R.- Est\u00e1 muy lejos y el Sevilla y el Valencia est\u00e1n muy bien. Va a ir remontando, pero esas dos plazas se van definiendo para ellos. Ser\u00e1 dif\u00edcil.<\/p>\n<p>P.- Hola Alfredo, le habla un madridista de Outes, en A Corunha. Creo que el equipo que vimos frente al Getafe es bastante mas ordenado que las alineaciones anteriores. Si ponemos a Arbeloa de lateral, Marcelo de extremo, donde si puede valer, e Higuain en la banda derecha haciendo de Cristiano ocupamos el campo mucho mejor. Lo ideal seria tener a alguien tambien para el lateral derecho, porque Sergio esta claro que o es central o nada. Alfredo, como lo ve usted?<\/p>\n<p>R.- Ah\u00ed es donde falla el asunto, porque Arbeloa o es dos o es tres. Cuando entre Cristiano ser\u00e1 Cristiano a la izquierda y Marcelo detr\u00e1s. Es verdad que Sergio como lateral se ha convertido en un elemento de confusi\u00f3n.<\/p>\n<p>P.- EL madrid se ha visto mucho mejor sin el 7, \u00bfque opina de su suplencia? A pesar de su raulismo no me negara que higuain y benzema es mucha mejor delantera que raul y cualquiera de los 2 \u00bfno?. Un saludo <\/p>\n<p>R.- Mi raulismo es un poco de ida y vuelta y nace de una cierta veneraci\u00f3n no s\u00f3lo por su trayectoria, sino por su tenacidad. Y de algunos datos: el a\u00f1o pasado hizo tantos goles (de campo, sin contar penaltis) como Villa. Y hace dos a\u00f1os empataron a 18. Y en esta pretemporada marc\u00f3 m\u00e1s goles que nadie. No se lesiona, no va con la selecci\u00f3n, siempre est\u00e1 disponible&#8230; No obstante, tengo ganas de ver a Benzema sin Ra\u00fal al lado, porque eso le libera. Por un lado deseo un Madrid sin Ra\u00fal, por otro lado me sabe mal tratarlo como un trasto viejo, por su trayectoria y porque no estoy seguro de que lo sea. <\/p>\n<p>P.- Sr.Rela\u00f1\u00f3,cree que la distancia entre Madrid y Barcelona de solo un punto \u00e9s real?Muchas gracias<\/p>\n<p>R.- S\u00ed, es real. Tampoco el Bar\u00e7a es el del a\u00f1o pasado. Y el Madrid parece menos porque no est\u00e1 Cristiano, pero al princpio estuvo y provocaba goleadas. Por cierto: con el gol de Ra\u00fal en Gij\u00f3n el Madrid ser\u00eda l\u00edder.<\/p>\n<p>P.- Hola Alfredo.Como se podria conseguir que la copa fuera a partido \u00fanico en el campo del de inferior categoria y en caso de misma categoria en el campo del que salga en primer lugar.Yo creo que le daria un gran interes y encima dejaria mas fechas libres para que luego no nos digan lo cargado del calendario.Gracias.<\/p>\n<p>R.- Las televisiones objetaron eso, y ellas pagan. Aquella f\u00f3rmula se tradujo durante unos a\u00f1os en ca\u00eddas r\u00e1pidas de los poderosos y eso lo vieron mal. Yo s\u00ed prefer\u00eda aquella f\u00f3rmula. Habr\u00eda que combinarla con la aplicaci\u00f3n del derecho del campe\u00f3n de ir a la Champions. Eso har\u00eda que la lucharan m\u00e1s.<\/p>\n<p>P.- Buenas Alfredo. Varias preguntas pero con un respuesta f\u00e1cil. \u00bfQu\u00e9 jugador fue nombrado mejor de la Eurocopa? \u00bfQu\u00e9 jugador fue nombrado mejor jugador de la final de la Champions? \u00bfQu\u00e9 jugador fue nombrado mejor centrocampista de la Champions? \u00bfQu\u00e9 jugador ha ganado en un a\u00f1o la Eurocopa, Champions, Liga de Espa\u00f1a, Copa del Rey, Supercopa de Espa\u00f1a y Supercopa de Europa? \u00bfNo cree que un jugador con estos t\u00edtulos tanto individuales como colectivos debe ganar el Bal\u00f3n de Oro o cree que hay otro que se lo merezca m\u00e1s? <\/p>\n<p>R.- Xavi es mi favorito, pero se tira siempre por los que lucen m\u00e1s. Imagine que usted echa a pies con un amigo para formar un equipo, disponiendo, pongamos por caso, de todos los del Madrid y de todos los del Bar\u00e7a. \u00bfA qui\u00e9n coger\u00eda antes? \u00bfA Xavi? \u00bfSeguro? \u00bfO coger\u00eda a Messi o a Cristiano? Xavi le dijo a Guasch una frase sabia: &#8220;Yo no gano balones de oro, yo los fabrico.&#8221; Hace funcionar todo, es el eje de los dos mejores equipos que conozco, el Bar\u00e7a y la Selecci\u00f3n, pero el brillo es para otros.<\/p>\n<p>P.- Hola don Alfredo. Me cansa ya el villarato. Mi pregunta es sobre f\u00fatbol. Quien debe tirar los penaltys en el Bar\u00e7a? Messi por su temple? Ibra por su pegada? Xavi por su t\u00e9cnica? Van 8 jornadas de liga, 3 de Champions, 1 de Copa, 2 de Supercopa de Espa\u00f1a, 1 de Supercopa de Europa y todav\u00eda no se quien los tira en el Bar\u00e7a. Si se que Cristiano los tira muy bien, y Kak\u00e1 tambi\u00e9n. Un saludo.<\/p>\n<p>R.- Yo se los dar\u00eda a Ibrahimovic, que tiene perfil para ser pichichi y ganarlo es algo m\u00e1s. <\/p>\n<p>P.- Roja a Albiol = Villarato, pero no roja a Miguel Fla\u00f1o = mal arbitro.. por que?<\/p>\n<p>R.- Por los antecedentes. Y porque lo de Albiol no tiene explicaci\u00f3n posible, y en la otra jugada le ha podido dar la impresi\u00f3n de que Fla\u00f1o corta la jugada. Y por la forma en que el villarato reparte neveras o prebendas seg\u00fan para qu\u00e9 lado te equivoques. Lo he desarrollado varias veces.<\/p>\n<p>P.- Hola Sr. Rela\u00f1o, me gustaria saber que cuatro equipos, crees que van a estar en la semifinales de champions. Muchas gracias y un cordial saludo.<\/p>\n<p>R.- Espero que Bar\u00e7a y Madrid, m\u00e1s Inter y Chelsea, quiz\u00e1. Pero hay sorteos por medio que hacen esto dif\u00edcil de prever.<\/p>\n<p>P.- En quien piensa Ud. para sustituir a Pellegrini? Saludos desde Uruguay<\/p>\n<p>R.- En nadie. Est\u00e9 el que est\u00e9 a Florentino no le iba a gustar. <\/p>\n<p>P.- Nadie duda que Raul es un gran profesional y Guti un excelente futbolista pero no cree que los dos son toxicos para el MADRID porque no hacen con ellos lo que Guardiola ha hecho con los futbolistas que todos sabemos<\/p>\n<p>R.- Ra\u00fal y Guti son casos distintos. Uno puede ser t\u00f3xico por exceso, el otro por defecto. Ra\u00fal mantiene unos m\u00e9ritos contra\u00eddos que hacen imprescindible tenerle una consideraci\u00f3n. Guti no es el mismo caso.<\/p>\n<p>P.- Hola Alfredo. \u00bfno cree que Sergio Ramos es un excelente central y ese es su verdadero puesto, de garra, de corte, de arrancar por sorpresa con genio, y no de lateral donde es mediocre, no desborda ni centra bien? Gracias y un saludo<\/p>\n<p>R.- Cada vez parece eso m\u00e1s evidente, s\u00f3lo que el Madrid est\u00e1 muy bien por el centro, con Pepe y Albiol, y a la derecha s\u00f3lo tiene a Arbeloa.<\/p>\n<p>P.- Hola Alfredo: \u00bfConf\u00eda usted en que Pellegrini acabar\u00e1 la temporada bi\u00e9n?\u00bfNo ser\u00eda conveniente tener paciencia?La paciencia suele dar la raz\u00f3n a quien la concede, recuerde el caso Rijkaard o Lu\u00eds Aragon\u00e9s con la Selecci\u00f3n? Un fuerte abrazo. <\/p>\n<p>R.- Yo creo que s\u00ed, que en caso de duda mejor la paciencia. A un entrenador s\u00f3lo hay que echarle cuando no manda en la plantilla, cuando no creen en \u00e9l, y ahora no es el caso.<\/p>\n<p>P.- \u00bf que cree usted que le falta al Sevilla F.C para ser Campe\u00f3n de Liga ? Piensa usted que es el equipo que m\u00e1s ha progresado en los \u00faltimos a\u00f1os, sin contar los grandes, Madrid y Barcelona ?<\/p>\n<p>R.- Alguno de esos jugadores extraordinarios que los otros s\u00ed tienen. Y a\u00fan as\u00ed, cualquier a\u00f1o&#8230;<\/p>\n<p>P.- hola gran rela\u00f1o, por favor digame que lo de mancini es un farol&#8230; \u00bfpor qu\u00e9 le gusta tanto a florentino todo lo italiano Arrigo Sacchi,Fabio capello,Carlo Ancelotti,Roberto Mancini,etc? gracias y un saludo<\/p>\n<p>R.- Lo de Mancini es un farol. Yo soy un convencido de que a Florentino no le va a gustar ning\u00fan entrenador, as\u00ed que mejor que siga con el que tiene ahora, no se vaya a meter en un carrusel como la otra vez.<\/p>\n<p>P.- Buenos d\u00edas Rela\u00f1o, pensando ya en San Siro, usted sabe si en caso de empate a puntos en el grupo, \u00bfcu\u00e1l es el criterio para decidir al campe\u00f3n de dicho grupo? \u00bfser\u00e1 el mejor en el gol average entre ambos equipos o el mejor gol average general?. Gracias, un fuerte saludo.<\/p>\n<p>R.- Pirmero lo que ha pasado entre ellos, luego la diferencia de goles, luego el que m\u00e1s goles haya marcado.<\/p>\n<p>P.- Alfredo, tengo mucha admiraci\u00f3n por Raul, pero hay un dato que averigue que dice que en los seis a\u00f1os de capit\u00e1n s\u00f3lo ha ganado dos Ligas. \u00bfNo crees que como capit\u00e1n fuera del terreno de juego no lo esta haciendo bien?<\/p>\n<p>R.- Capit\u00e1n o no capit\u00e1n es lo mismo. El Madrid ha dejado ganar esas ligas porque hubo otro mejor, simplemente.<\/p>\n<p>P.- Cree que Ferguson en el Real Madrid hubiera durado lo que dura en el Manchester? por que la prensa no apoya los procesos largos?<\/p>\n<p>R.- Cree que Ferguson en el Real Madrid hubiera durado lo que dura en el Manchester? por que la prensa no apoya los procesos largos?<\/p>\n<p>P.- Buenas Don Alfredo, no crees que con este equipo millonario plagado de galacticos, aun con el villarato deberia ganar? Al barca le han afectado en varios partidos pero como mete 3 o mas goles no lo sienten al final..<\/p>\n<p>R.- S\u00ed, deber\u00eda ganar aun as\u00ed. Pero piense que ser\u00eda l\u00edder con el gol anulado a Ra\u00fal en Gij\u00f3n por una supuesta mano de Kak\u00e1 que no fue.<\/p>\n","protected":false},"excerpt":{"rendered":"<p>Alfredo Rela\u00f1o, director del Diario As, ha charlado con los internautas sobre la actualidad deportiva. <\/p>\n<p>ARCHIVO DE ENTREVISTAS:<\/p>\n<p>href=&#8221;http:\/\/www.as.com\/edigitales\/entrevista\/Alfredo-Relano-5818&#8243;>26 de octubre &#8211; 13 de octubre &#8211; 05 de octubre &#8211; 28 de septiembre &#8211; 21 de septiembre &#8211; 16 de septiembre &#8211; 07 de septiembre &#8211; 31 de agosto &#8211; 24 de agosto &#8211; 29 de junio &#8211; 24 de junio &#8211; 16 de junio &#8211; 08 de junio &#8211; 01 de junio &#8211; 25 de mayo &#8211; 18 de mayo &#8211; 11 de mayo &#8211; 4 de mayo &#8211; 27 de abril &#8211; 20 de abril &#8211; 13 de abril &#8211; 30 de marzo &#8211; 23 de marzo &#8211; 16 de marzo &#8211; 9 de marzo &#8211; 2 de marzo &#8211; 23 de febrero &#8211; 16 de febrero &#8211; 9 de febrero &#8211; 2 de febrero &#8211; 26 de enero &#8211; 19 de enero &#8211; 12 de enero &#8211; 15 de diciembre &#8211; 10 de diciembre &#8211; 1 de diciembre &#8211; 24 de noviembre &#8211; 17 de noviembre &#8211; 10 de noviembre &#8211; 7 de noviembre &#8211; 27 de octubre &#8211; 21 de octubre &#8211; 13 de octubre &#8211; 6 de octubre &#8211; 30 de septiembre &#8211; 22 de septiembre &#8211; 15 de septiembre &#8211; 8 de septiembre &#8211; 1 de septiembre <\/p>\n","protected":false},"author":1,"featured_media":0,"comment_status":"open","ping_status":"open","sticky":false,"template":"","format":"standard","meta":{"footnotes":""},"categories":[],"tags":[],"class_list":["post-9002","post","type-post","status-publish","format-standard","hentry"],"_links":{"self":[{"href":"https:\/\/intervius.com\/index.html\/wp-json\/wp\/v2\/posts\/9002","targetHints":{"allow":["GET"]}}],"collection":[{"href":"https:\/\/intervius.com\/index.html\/wp-json\/wp\/v2\/posts"}],"about":[{"href":"https:\/\/intervius.com\/index.html\/wp-json\/wp\/v2\/types\/post"}],"author":[{"embeddable":true,"href":"https:\/\/intervius.com\/index.html\/wp-json\/wp\/v2\/users\/1"}],"replies":[{"embeddable":true,"href":"https:\/\/intervius.com\/index.html\/wp-json\/wp\/v2\/comments?post=9002"}],"version-history":[{"count":0,"href":"https:\/\/intervius.com\/index.html\/wp-json\/wp\/v2\/posts\/9002\/revisions"}],"wp:attachment":[{"href":"https:\/\/intervius.com\/index.html\/wp-json\/wp\/v2\/media?parent=9002"}],"wp:term":[{"taxonomy":"category","embeddable":true,"href":"https:\/\/intervius.com\/index.html\/wp-json\/wp\/v2\/categories?post=9002"},{"taxonomy":"post_tag","embeddable":true,"href":"https:\/\/intervius.com\/index.html\/wp-json\/wp\/v2\/tags?post=9002"}],"curies":[{"name":"wp","href":"https:\/\/api.w.org\/{rel}","templated":true}]}}