{"id":8969,"date":"2011-07-21T00:00:00","date_gmt":"2006-11-06T00:00:00","guid":{"rendered":"https:\/\/intervius.com\/index.html\/?p=8969"},"modified":"2006-11-06T00:00:00","modified_gmt":"2006-11-06T00:00:00","slug":"Fermin_de_la_Calle8969","status":"publish","type":"post","link":"https:\/\/intervius.com\/index.html\/Fermin_de_la_Calle8969\/","title":{"rendered":"Ferm\u00edn de la Calle"},"content":{"rendered":"<p>Pregunta.- \u00bfQu\u00e9 crees que definir\u00e1 la final, la dupla atacante uruguaya o el buenhacer de la defensa y arquero paraguayos?<\/p>\n<p>Respuesta.- Aprovecho este primer mensaje para saludar a todos y agradeceros los mensajes de \u00e1nimo despu\u00e9s de un mes por aqu\u00ed perdido. No me acordaba lo duro que se hace estar tanto tiempo lejos de casa. Un saludo a todos. Vamos al l\u00edo. Hola Celes. Por el bien del f\u00fatbol conf\u00edo en que gane la dupla uruguaya, porque la propuesta paraguaya es sencillamente lamentable. Pero dada el cariz que est\u00e1 tomando esta Copa Am\u00e9rica no me extra\u00f1ar\u00eda nada que ganase Paraguay en los penaltis sin ganar un partido en todo el torneo. Ser\u00eda el mayor faisco de la historia del f\u00fatbol.<\/p>\n<p>P.- \u00bfPodr\u00eda llevarse luis Su\u00e1rez el bal\u00f3n de oro a mejor jugador de la Copa? personalmente, creo que este tipo si que es un fen\u00f3meno, y no Neymar. \u00bfQu\u00e9 opinas?<\/p>\n<p>R.- Buenas Manu. Luis Su\u00e1rez hace mucho tiempo que ha demostrado su nivel. Pero este t\u00edtulo ser\u00eda un premio a una selecci\u00f3n entregada y solidaria. Claro que puede serlo, de hecho lo est\u00e1 siendo, no tanto por los goles, que tambi\u00e9n, sino porque es el que mejor lee los partidos, trabaja las defensas y mezcla con sus compa\u00f1eros. Para m\u00ed es el Bal\u00f3n de Oro.<\/p>\n<p>P.- Bueno Ferm\u00edn, la final ser\u00e1 Uruguay Paraguay \u00bfCu\u00e1l es el once ideal de la competici\u00f3n seg\u00fan tu punto de vista? \u00bfTe atreves a pronosticar un resultado para la final? saludos y enhorabuena por tu trabajo, te lo has currado y tus art\u00edculos han sido muy buenos y originales. A ver si cunde el ejemplo!!!!<\/p>\n<p>R.- Hola Lucho. Portero Justo Villar. Derecha Maicon, el chileno Ponce y el venezolano Vizcarrondo. Izquierda el colombiano Armero. Medio, Rinc\u00f3n, Ortigoza, Lobat\u00f3n. Arriba, Luis Su\u00e1rez, Miku y Guerrero. Espero que gane Uruguay por el bien del f\u00fatbol. Lo de Paraguay es una pu\u00f1alada al coraz\u00f3n del f\u00fatbol. Gracias. <\/p>\n<p>P.- BUENAS FERMIN, \u00bf NO TE PARECE QUE ES UNA FINAL DE COPA DECEPCIONANTE COMO EL TORNEO EN SI? Y \u00bfCREES QUE LA MALA COPA AMERICA DE MESSI Y NEYMAR LE AFECTARAN PSICOLOGICAMENTE PARA LA TEMPORADA?<\/p>\n<p>R.- Jose, completamente de acuerdo. Pero es el justo colof\u00f3n a un desastroso torneo, a nivel futbol\u00edstico. Menos mal que se juega en Argentina, lo que hace que se pueda condimentar con reportajes e historias decentes. Porque el nivel del torneo est\u00e1 siendo desesperante. Hac\u00eda mucho tiempo que no ve\u00eda un partido tan malo como el Paraguay-Venezuela. Y encima gan\u00f3 el peor, una vez m\u00e1s. Lo de Neymar y Messi no creo que les afecte psicol\u00f3gicamente. Otra cosa es f\u00edsicamente, especialmente a Messi<\/p>\n<p>P.- Uruguay tiene 3 buenos delanteros como son Forl\u00e1n, Luis suarez y Cavani, pero \u00bfcual consideras el delantero mas peligroso de los 3?<\/p>\n<p>R.- Buenas Elena, un saludo. A m\u00ed personalmente me parece m\u00e1s peligroso Luis Su\u00e1rez. Capaz de disfrazarse de 9 armario o de tocar el piano en la orquesta. Forl\u00e1n se ha adaptado bien al puesto de enganche, aunque no haya marcado. Y Cavani no me gust\u00f3 en al banda, adem\u00e1s de lesionarse. Es 9 de \u00e1rea.<\/p>\n<p>P.- Buenas Ferm\u00edn, \u00bfcrees que esta Copa Am\u00e9rica evidencia la distancia entre el f\u00fatbol europeo y el otrora espectacular latinoamericano?<\/p>\n<p>R.- Ciao Pietro. Evidencia la crisis futbol\u00edstica de este lado del charco. Tampoco es que en el otro estemos mucho mejor, m\u00e1s all\u00e1 de Espa\u00f1a, Alemania y Holanda. Pero Argentina est\u00e1 secuestrada por su dirigencia con la complicidad de unos t\u00e9cnicos sin nivel ninguno (Maradona y Batista), Brasil anda refund\u00e1ndose sin estrellas rutilantes y apenas Uruguay da la talla porque los charr\u00faas siempre cumplen. Te pueden gustar o no, pero siempre est\u00e1n ah\u00ed. <\/p>\n<p>P.- \u00bfCrees que ha podido influir la incertidumbre de su futuro a las que, en teor\u00eda, iban a ser las estrellas de la Copa Am\u00e9rica (Kun, Neymar, Alexis, Forl\u00e1n&#8230;)<\/p>\n<p>R.- \u00bfQu\u00e9 tal Tommy? Algo debe pesar. Al menos en los dos casos que he seguido m\u00e1s cerca (Kun y Neymar), especialmente en el de Ag\u00fcero. Sergio vive momentos de gran incertidumbre porque adem\u00e1s su estretagia de comunciaci\u00f3n no ha sido la mejor. Creo que alguien le prometi\u00f3 cosas que no cumpli\u00f3 y determinadas manifestaciones no le han venido bien. <\/p>\n<p>P.- \u00bfC\u00f3mo has visto la Vinotinto? No crees que la tangana final ha deslucido una gran Copa Am\u00e9rica? \u00bfqui\u00e9nes han sido, en tu opini\u00f3n, sus jugadores clave?<\/p>\n<p>R.- Buenas Nelson. La mejor selecci\u00f3n, al menos la m\u00e1s divertida de seguir por su f\u00fatbol, y la que m\u00e1s ha evolucionado. Todos los periodistas espa\u00f1oles nos hemos hecho un poco de Venezuela por su osad\u00eda y su desparpajo. Justo lo contrario que Paraguay. La tangana final es una gran met\u00e1fora de esta Copa Am\u00e9rica. Paraguay practica el f\u00fatbol trifulca y ese es el gran colof\u00f3n a su torneo. A la final sin ganar. Lamentable. Jugadores clave han sido Justo Villar y Muslera, Luis Su\u00e1rez, Guerrero y el bloque venezolano. <\/p>\n<p>P.- Ferm\u00edn, marcar\u00e1 Forl\u00e1n en la final? Crees que es clave en su selecci\u00f3n a\u00fan sin meter goles? <\/p>\n<p>R.- Visto lo visto, no me extra\u00f1ar\u00eda nada que ganaran con un gol de Diego ,que por otro lado se lo merece por la buena Copa Am\u00e9rica que se est\u00e1 marcando. Es clave en su selecci\u00f3n s\u00ed. Por c\u00f3mo se ofrece, c\u00f3mo conecta con Luis, c\u00f3mo aporta soluciones, el impreisonante trabajo entre l\u00edneas y porque es el mejor jugador del mundo sin bal\u00f3n. Un abrazo<\/p>\n<p>P.- Hola fermin, \u00bfno crees que venezuela merecio mas contra paraguay y que opinion tienes de la vinotinto, y de que un equipo ramplon y que no haganado un solo partido dispute la final? GRACIAS<\/p>\n<p>R.- Hola JFL. Como ya dije, todos somos un poco de Venezuela por su propuesta osada y ese desparpajo. De Paraguay, lo siento, pero no me gusta nada su propuesta. Fue indecente lo de Brasil y lamentable lo de anoche. Conf\u00edo en que Uruguay haga justicia al f\u00fatbol porque sino esta Copa Am\u00e9rica pasar\u00e1 a la historia como la peor de la historia, si no lo es ya. Al menos ser\u00e1 la del campe\u00f3n que peor jugaba, si es que juega. Gracias a ti<\/p>\n<p>P.- Buenos dias Ferm\u00edn. \u00bfVes a Forl\u00e1n con posibilidades de hacer una buena temporada en el Atletico de Madrid despues de las continuas palizas que se pega con su selecci\u00f3n cada a\u00f1o?<\/p>\n<p>R.- Hola Sonia, Forl\u00e1n tiene un f\u00edsico privilegiado, pero si yo fuera el preparador f\u00edsico del Atl\u00e9tico me preocupar\u00eda en dise\u00f1ar un plan especial para Cacha, para que no acumule mucho volumen de trabajo. Un saludo <\/p>\n<p>P.- \u00bfves a Venezuela favorita ante Peru para hacerse con el 3 puesto, m\u00e1xime cuando el entrenador de Peru anuncia rotacion de jugadores para ese partido?<\/p>\n<p>R.- Hola tiromillas. Pues por el juego que exhibe deber\u00eda, pero como en esta Copa todos los favoritos y los que juegan mejor los partidos pierden&#8230; mejor que se pongan la piel de cordero. En la ronde de eliminatorias s\u00f3lo ha ganado el partido uno de los que deb\u00eda, Uruguay su semifinal. Los cuatro cuartos y la semi de Paraguay la ganaron los que no lo merecieron. Una pena<\/p>\n<p>P.- Hola Fermin \u00bftu crees que kaka y milito deberian aber jugado esta copa america? \u00bfpiensas qe los dos entrenadores de ambas selecciones son dignos para estar llevando a los dos eqipos? gracias.<\/p>\n<p>R.- \u00bfQu\u00e9 tal Dani? Kak\u00e1 no lo veo aqu\u00ed, con este grupo joven y tratando de armar una selecci\u00f3n de futuro. Hace bien Menezes en mirar adelante, porque lo de Brasil 2014 ser\u00e1 una responsabilidad morrocotuda. Milito, tampoco. No est\u00e1 ya para estos trotes. Y los seleccionadores, Menezes s\u00ed, a Batista le queda muy grande este traje. Pero no hay mucho entrenador sumiso que quiera aguantar a Grondona. \u00bfO quiz\u00e1s s\u00ed? Ya veremos<\/p>\n<p>P.- Hola Ferm\u00edn. No crees que la lista de Batista para la Copa America, al menos los defensas, los ha elegido el enemigo?? Vergonzoso que Milito o Garay, ineditos toda la temporada, uno sea el central de referencia de un combinado como el argentino y el otro su suplente&#8230; Qu\u00e9 pensar\u00e1n el Cata Diaz, Otamendi o Demichelis, por poner tres ejemplos, viendo la Copa America por la tele&#8230;<\/p>\n<p>R.- Buenas Albiceleste. Yo creo que el enemigo a quien ha elegido es a Batista. Y el enemigo es Grondona, o su hijo Humbertito, para ser m\u00e1s exactos. El Checho el pobre est\u00e1 ah\u00ed porque traga carros y carretas, pero a la hora de entrenar no ha demostrado ser mejor que Maradona, que no es mucho, por cierto. Defensas no tiene muchos Argentina. Ayer ve\u00eda una entrevista a Schiavi, que ha vuelto a Boca, bancando a Samuel y Burdisso para la selecci\u00f3n. Eso define todo. Lo de Samuel, lo de Burdisso y, sobre todo, lo de Schiavi en Boca. <\/p>\n<p>P.- Vaya Copa m\u00e1s rara&#8230; \u00bfCoincides con tu compa\u00f1ero Tom\u00e1s Roncero cuando afirma que esta ha sido &#8220;La Copa de los porteros&#8221;?<\/p>\n<p>R.- Picatxu te revelar\u00e9 un secreto inconfensable, Roncero es portero. Quiz\u00e1s por eso ponga la mirada en los porteros. Pero s\u00ed. en el chat en el que evaluamos la primera fase yo puse que estaba siendo una Copa con protagonismo de los porteros, y luego fijate, los penaltis, Villar, Muslera&#8230; Podr\u00edamos decir que s\u00ed. Lo que est\u00e1 claro que no es la Copa del f\u00fatbol. <\/p>\n<p>P.- fermin, \u00bfquien es tu jugador revelacion en la copa america?<\/p>\n<p>R.- Buenas cordob\u00e9s, por lo que hemos visto, los venezolanos y ah\u00ed puedes meter a Vizcarrondo o Rinc\u00f3n, pero quiz\u00e1s el m\u00e1s llamativo ha sido Estigarribia, que es joven y no lo ten\u00edamos tan localizado, pese a que lo fich\u00f3 el Le Mans, creo, y lo mand\u00f3 a Newells cedido. Del resto, los peruanos eran conocidos por ser mayores, los uruguayos los conocemos de sobra y del resto poco que destacar que no supi\u00e9ramos. Un abrazo <\/p>\n","protected":false},"excerpt":{"rendered":"<p>Los mejores equipos americanos se han dado cita en la competici\u00f3n de selecciones m\u00e1s potente del continente: La Copa Am\u00e9rica. Algunas estrellas ya se han ido para casa, pero el espect\u00e1culo est\u00e1 asegurado en la fase final con la presencia de conocidos como Forl\u00e1n, Rond\u00f3n y Vald\u00e9z. Ferm\u00edn de la Calle, enviado especial de AS a la Copa Am\u00e9rica, ha charlado desde Argentina con los internautas sobre lo ocurrido en la competici\u00f3n, lo que se espera para la final y el ambiente que se vive en las calles argentinas.<\/p>\n","protected":false},"author":1,"featured_media":0,"comment_status":"open","ping_status":"open","sticky":false,"template":"","format":"standard","meta":{"footnotes":""},"categories":[],"tags":[],"class_list":["post-8969","post","type-post","status-publish","format-standard","hentry"],"_links":{"self":[{"href":"https:\/\/intervius.com\/index.html\/wp-json\/wp\/v2\/posts\/8969","targetHints":{"allow":["GET"]}}],"collection":[{"href":"https:\/\/intervius.com\/index.html\/wp-json\/wp\/v2\/posts"}],"about":[{"href":"https:\/\/intervius.com\/index.html\/wp-json\/wp\/v2\/types\/post"}],"author":[{"embeddable":true,"href":"https:\/\/intervius.com\/index.html\/wp-json\/wp\/v2\/users\/1"}],"replies":[{"embeddable":true,"href":"https:\/\/intervius.com\/index.html\/wp-json\/wp\/v2\/comments?post=8969"}],"version-history":[{"count":0,"href":"https:\/\/intervius.com\/index.html\/wp-json\/wp\/v2\/posts\/8969\/revisions"}],"wp:attachment":[{"href":"https:\/\/intervius.com\/index.html\/wp-json\/wp\/v2\/media?parent=8969"}],"wp:term":[{"taxonomy":"category","embeddable":true,"href":"https:\/\/intervius.com\/index.html\/wp-json\/wp\/v2\/categories?post=8969"},{"taxonomy":"post_tag","embeddable":true,"href":"https:\/\/intervius.com\/index.html\/wp-json\/wp\/v2\/tags?post=8969"}],"curies":[{"name":"wp","href":"https:\/\/api.w.org\/{rel}","templated":true}]}}