{"id":8953,"date":"2009-10-27T00:00:00","date_gmt":"2006-11-06T00:00:00","guid":{"rendered":"https:\/\/intervius.com\/index.html\/?p=8953"},"modified":"2006-11-06T00:00:00","modified_gmt":"2006-11-06T00:00:00","slug":"Inako_Diaz_Guerra8953","status":"publish","type":"post","link":"https:\/\/intervius.com\/index.html\/Inako_Diaz_Guerra8953\/","title":{"rendered":"I\u00f1ako D\u00edaz Guerra"},"content":{"rendered":"<p>Pregunta.- Buenas I\u00f1ako. Acabo de leer que Macua dice que no a dejar entrar al Frente Atl\u00e9tico a SanMam\u00e9s. Qu\u00e9 te parece? Me recomendaste Connolly, me est\u00e1 gustando muucho!! muchas gracias macho<\/p>\n<p>Respuesta.- Me parece razonable. Cada vez que el Frente va a San Mam\u00e9s hay l\u00edo. Y ya sab\u00e9is cu\u00e1l es mi opini\u00f3n sobre los grupos ultra: sobran todos. Y me da igual eso de que hay bell\u00edsimas personas dentro y bla bla bla. Si te juntas con los malos, eres malo.<\/p>\n<p>P.- Muy buenas I\u00f1ako. Despu\u00e9s de lo del s\u00e1bado estos tipos del atleti me tienen desganado. De momento no me planteo ni verlos esta noche en copa (y es la primera vez en mi vida que no me planteo ver un partido del atleti, no me pasaba ni en los amistosos).Crees que con Quique cambiar\u00e1 algo, ya que el tema es fundamentalmente ACTITUD, ya que APTITUD creo que en teor\u00eda tienen algo m\u00e1s de lo que demuestran. \u00bfComo es posible que los balones sobrevuelen las cabezas de jugadores profesionales, \u00e9stos miren, vean como reciben los contrarios y dejen que hagan lo que quieran? (descripci\u00f3n de 1 de cada 2 goles recibidos esta temporada).<\/p>\n<p>R.- Personalmente, pienso que Quique es bastante mejor entrenador que Abel en los aspectos t\u00e1cticos y de estudio y conocimiento del juego y el rival. Estoy seguro de que a medio plazo mejorar\u00e1 la defensa, por ejemplo. En cuanto a la actitud, es otro cantar. El aire frsco del cambio de entrenador ayudar\u00e1, sobre todo porque hab\u00eda un sector relevante del vestuario en contra de Abel. Pero si los que no juganab siguen sin jugar, \u00bfvolver\u00e1n a montar l\u00edo? Es probable. A\u00fan as\u00ed, Quique fue capaz de torear en Valencia, la \u00fanica plaza comparable al Atleti en cuanto a caos general y habitual. Yo le tengo fe.<\/p>\n<p>P.- Realmente piensas que lo de Quique de no fichar en Enero es algo m\u00e1s que una frase para animar a los jugadores? \u00bfy quien anima a los aficionados?<\/p>\n<p>R.- Creo que Quique piensa que hasta enero queda tiempo y antes de decidir qu\u00e9 fichar quiere conocer a fondo los jugadores de los que dispone. No tengo ninguna duda de que en cuanto les conozca, querr\u00e1 fichar. pero por ahora ha dicho lo que ten\u00eda que decir: tiene que tirar con lo que hay dos meses m\u00e1s<\/p>\n<p>P.- \u00a1M\u00e1quina! \u00bfNo crees que con la entrada de Quique, (y su fama de met\u00f3dico? es por fin el a\u00f1o de salir por la puerta grande del Bernabeu? Si algo les puede hacer da\u00f1o a los blancos es un equipo organizado, y con Quique el Atleti puede seguir esa estela. <\/p>\n<p>R.- Siempre creo que es el a\u00f1o de salir por la puerta grande del Benab\u00e9u como siempre pensaba que era la noche en la que me entraba una supermodelo. eh de decir que me ha ido mejor igual de bien con lo segundo que con lo primero y nunca he salido con una supermodelo.<\/p>\n<p>P.- I\u00f1ako, \u00bfalguna vez el Atl\u00e9tico te ha generado instintos asesinos? Si es as\u00ed, \u00bfhacia qui\u00e9n?<\/p>\n<p>R.- Nop, soy una persona de paz en lo que al f\u00fatbol se refiere. Normalmente, mi impulso hacia los innumerables futbolistas infames que he visto en el Ateti no es la violencia f\u00edsica, es la psicol\u00f3gica: se nota cuando paso de la iron\u00eda al sarcasmo en las cr\u00f3nicas sin darme cuenta. Galletti, Pablo y Maniche han sido de los que m\u00e1s me han llevado a ese extremo. Pero nadie tanto como el inefable Salva Ballesta, un futbolista que me pon\u00eda de los nervios cada vez que tocaba la pelota y cada vez que abr\u00eda la boca.<\/p>\n<p>P.- Hola, I\u00f1ako, ah\u00ed va mi pregunta: El s\u00e1bado escuch\u00e9 en Carrusel una conversaci\u00f3n entre Poli Rinc\u00f3n y Ca\u00f1izares en la que hablaban de Rivera, el jugador del Sporting y de su mejor\u00eda tras su salida del Betis. Llegaron a la conclusi\u00f3n que el equipo andaluz &#8220;quemaba&#8221; a muchos de sus jugadores. Pens\u00e9 en el Atl\u00e9tico, y la situaci\u00f3n es parecida, m\u00e1s de uno lo se\u00f1ala como uno de los agujeros negros donde los jugadores suelen perderse. Siempre he descre\u00eddo estas suposiciones y les he hablado del car\u00e1cter sospechoso de algunos jugadores que han fracasado en el Atleti. \u00bfCrees que, como el Betis u otros equipos con directivas dif\u00edciles, el Atleti &#8220;quema&#8221; a sus jugadores?<\/p>\n<p>R.- S\u00ed, hay tres equipos especialmente complicados para los futbolistas en este pa\u00eds: Atleti, Betis y Valencia. El Betis tiene un problea grave con su due\u00f1o y el Valencia con una presi\u00f3n a veces por encima de sus posibilidades por parte de su entrono. El Atleti junta las dos cosas. Y los futbolistas lo notan, muy pocos rinden de verdad en semejantes circunstancias. Por eso siempre soy cauto cuando se habla de vender a uno para comprar a dos o tres. Yo ya s\u00e9 que Forl\u00e1n o Kun rinden en el Atleti y sin embargo, hay serias posibilidades de que varios de los que vengan fracasen<\/p>\n<p>P.- Vaya depresi\u00f3n tronco, menos mal que cada vez paso m\u00e1s del f\u00fatbol. Si nos mangan al Ag\u00fcero en Navidad (Dios no lo quiero), que har\u00edas con los 50 kilos?<\/p>\n<p>R.- Kun no se va a ir en Navidad<\/p>\n<p>P.- declaraciones de M.A.GIL &#8220;estamos pagando las consecuencias de no vender al kun y forl\u00e1n&#8221;&#8230;\u00bfes que no hay nadie en el club que le recuerde que realmente estamos pagando las consecuencias de no vender a Antonio L\u00f3pez, Perea, Pablo, Maxi etc&#8230;? existir\u00eda la posibilidad te\u00f3rica de fundar otro club con el mismo uniforme mismo escudo y nombre al margen de la S.A.D.?tecnicamente con el m\u00e1laga y el murcia se ha hecho.<\/p>\n<p>R.- Pero se hizo tras la desaparici\u00f3n de los clubes originales. En cualquier caso, con ese esp\u00edritu ya existe el Atl\u00e9tico Club de Socio, lo que pasa es que a\u00fan le queda un poco para jugar en Primera<\/p>\n<p>P.- I\u00f1ako, \u00bfpodr\u00edas explicarnos como puede ser que dos personas que se odian (Pitarch y Quique) y que en Valencia hablan pestes el uno de otro, hayan sido capaces de volver a estar juntos solo por dinero? \u00bfY la dignidad? \u00bfd\u00f3nde qued\u00f3? Pobre Atl\u00e9tico&#8230; esperemos que su falta de entendimiento no repercuta en el terreno deportivo.<\/p>\n<p>R.- Seg\u00fan ambos, eso es una leyenda urbana y no se llevan mal. No lo s\u00e9, yo tambi\u00e9n lo hab\u00eda escuchado tantas veces que lo daba por verdad, pero&#8230;<\/p>\n<p>P.- Hola I\u00f1ako&#8230;\u00bfqu\u00e9 esperas que cambie con la &#8220;presunta&#8221; retirada de M.A.Gil de la parte deportiva?\u00bfConfeccionar\u00e1 cerezo un equipo de m\u00e1s aspiraciones o ser\u00e1 m\u00e1s de lo mismo?<\/p>\n<p>R.- No creo que cambie mucho. cerezo y Gil Mar\u00edn saben igual de poco de f\u00fatbol. El acierto en las operaciones deportivas sigue dependiendo de Pitarch, as\u00ed que&#8230; <\/p>\n<p>P.- \u00bfQu\u00e9 opini\u00f3n te merece un 5-3-2 con Ufjalusi, Perea y Juanito de centrales, A. L\u00f3pez y Valera de carrileros, doble pivote Assun\u00e7ao y R. Garc\u00eda, Jurado de media punta y Kun y Forl\u00e1n? Yo creo que reforzar\u00edamos la defensa, jugar\u00edamos con tres centrocampistas y con los dos cracks.<\/p>\n<p>R.- Mi opini\u00f3n es que con lo malos que son los defensas del Atleti la idea es tener al menos n\u00famero posible de ellos sobre el campo, no a m\u00e1s. As\u00ed que esa defensa de 5 no me convence nada<\/p>\n<p>P.- hola crack!!! una de m\u00fasica: en mi top one del ipod est\u00e1n lenny kravitz y vetusta morla. paso el corte??<\/p>\n<p>R.- \u00bfQu\u00e9 corte? No soy ning\u00fan experto musical, s\u00f3lo un aficionado. Lenny Kravitz me interes\u00f3 al principio, luego me parece que se repiti\u00f3 en exceso, pero no me desagrada. Y en cuanto a Vetusta Morla, no est\u00e1n mal, aunque quiz\u00e1s el boom es excesivo<\/p>\n<p>P.- I\u00f1ako tio grande una reflexion: Sinceramente no creo que toda la defensa sea mala de solemnidad, simplemente es imposible estadisticamente que 8 centrales sean horribles y no puedan jugar ni en 2\u00baB. Aqui lo que ha pasado es ta sencillo como lo que le paso a Aguirre. Y al venerado Forlan lhizo lo mismo que los zagueritos, simao idem. Eso no son profesionales. Me da igual cuantos goles sean capaces de meter en 29 milisegundos, unos tios que actuan como si no hubiese existido la pretemporada se merecen de todo menos el calificativo de profesionales. Abel un gran tipo al que este esperpento (y no solo por la directiva precisamente) se le ha comid.<\/p>\n<p>R.- Creo que los defensas son flojos, muy flojos. Pero est\u00e1 claro que al jugar con cuatro atacantes durante muchos meses: Kun, Forl\u00e1n, Simao y Maxi (Ahora Jurado) los de atr\u00e1s est\u00e1n en innferioridad habitualmente. Eso justifica algunas cosas, pero no los pases al contrario, los malos despejes, los problemas de colocaci\u00f3n, los despistes al tirar la l\u00ednea, etc&#8230;<\/p>\n<p>P.- Hola I\u00f1ako,recuerdo unas declaraciones de Quique,en enero siendo entrenador del Benfica,en las que cuestionaba a Jose Reyes. \u00bfc\u00f3mo crees que puede afectar la relci\u00f3n mister-jugador con cartel &#8220;se vende&#8221; (al menos en verano estaba a la venta)?<\/p>\n<p>R.- Pese a puntuales desencuentros, Quique sac\u00f3 un rendimiento aceptable de Reyes en Lisboa. No descartar\u00eda que acabe siendo importante<\/p>\n<p>P.- I\u00f1ako, que pas\u00f3 realmente el s\u00e1bado con Sergio Asenjo? Volver\u00e1 a ser titular?<\/p>\n<p>R.- Abel se enfad\u00f3 mucho con \u00e9l en Londres porque quer\u00eda que sacara en corto y \u00e9l se pas\u00f3 todo el partido sacando en largo. Le comprendo, porque si yo fuera portero del Atleti no querr\u00eda el bal\u00f3n en los pies de mis defensas salvo que no me quedara m\u00e1s remedio. Santi le pas\u00f3 esa factura, pero con Quique ser\u00e1 el titular<\/p>\n<p>P.- \u00bfNo crees que con Quique los jugadores j\u00f3venes lo llevan claro? Y si no que se lo digan a Mata, que si Quique siguiera siendo el entrenador del Valencia, ahora estar\u00eda jugando en el Escalerilla.<\/p>\n<p>R.- No debemos juzgarle por un caso puntual. Seg\u00fan la teor\u00eda de Mata, \u00e9l podr\u00eda decir que con \u00e9l los chavales tendr\u00e1n muchas oportunidades porque Silva, con 20 a\u00f1os y reci\u00e9n regersado de sus cesiones, jug\u00f3 36 partidos con \u00e9l. Ni lo uno ni lo otro. Jugar\u00e1n los que le gusten al margen de la edad, como con todos los entrenadores<\/p>\n<p>P.- Teni\u00e9ndote que tragar por obligaci\u00f3n al Atleti todos los findes&#8230; \u00bfno has pensado en pedir a Rela\u00f1o que te cambie de secci\u00f3n? \u00bfHas visto Rockefeller Plaza? Estupenda, la mejor sitcom desde Seinfeld.<\/p>\n<p>R.- Nada m\u00e1s terminar cada partido me planteo pedir el cambio a hacer el Rayo. Creo que envejezco m\u00e1s r\u00e1pido que el resto con este curro, pero engancha, supongo. He visto cap\u00edtulos sueltos. Tina Fey me hace gracia, pero no me he enganchado<\/p>\n<p>P.- Hola. \u00bfQu\u00e9 piensas de la destituci\u00f3n de Abel? \u00bfQu\u00e9 hizo mal? \u00bfTanta culpa ten\u00eda? Me parece injusto. Muchas veces hablas de que ciertos simbolismos son importantes para un Atl\u00e9tico sin identidad (no vender a Kun o Forl\u00e1n como sin\u00f3nimo de grandeza) \u00bfqu\u00e9 te parece entonces que se sustituya a Abel por un madridista como Quique?<\/p>\n<p>R.- Creo que Abel no supo ajustar sus ideas futbol\u00edsticas a los jugadores de que dispon\u00eda. A m\u00ed tambi\u00e9n me gustan las defensas adelantadas, pero si no tengo centrales r\u00e1pidos&#8230; Y no logr\u00f3 ni que Pitarch le sacara a los enemigos del vestuario ni reconducir su relaci\u00f3n con ellos cuando no tuvo m\u00e1s remedio que qued\u00e1rselos. No fue el mayor culpable, pero tampoco inocente. Entender\u00eda la teor\u00eda del madrdista si hubieran fichado a M\u00edchel o a Camacho, no con Quique, que jug\u00f3 dos a\u00f1os al final de su carrera en el MAdrid, pero si se identifica con un equipo es con el Valencia. Ra\u00fal era atl\u00e9tico y no creo que el MAdrid se arrepienta de haberle fichado. Si Quique lo hace bien, por m\u00ed puede dormir con la camiseta del Madrid si quiere<\/p>\n<p>P.- Hola I\u00f1ako, \u00bfse merece Reyes un partido de inicio, Simao y Maxi est\u00e1n lamentables y cuando sale parece con ganas? \u00bfTanto poder tiene el Frente Atletico en el club, para provocar una reuni\u00f3n con los jugadores? Gracias crack.<\/p>\n<p>R.- S\u00ed, creo que Reyes se est\u00e1 ganando unaoportunidad y tambi\u00e9n creo que quique no va a tardar en d\u00e1rsela. Por desgracia, el Frente tiene mucho poder en el Atleti, amparado por los dirigentes, que concedi\u00e9ndoles caprichos se ahorran cr\u00edticas. y parte de la plantilla, que colabora en viajes, etc. Es lamentable.<\/p>\n<p>P.- Buenos d\u00edas. Posibilidades &#8220;reales&#8221; de fichajes en el mercado de invierno (lateral derecho e izquierdo??), pongo entrecomillado lo de reales, porque con la directiva que hay&#8230;Y dos preguntas m\u00e1s.. Que hay de verdad en que la mujer de Pitarch (procuradora) haya trabajado para los Gil y que Cerezo no echa a Pitarch poque tiene varios fichajes apalabrados para Diciembre (yo no me lo creo, pero&#8230;.) Gracias, un saludo y sigue asi<\/p>\n<p>R.- Creo que fichar\u00e1n, no me extra\u00f1ar\u00eda que busquen cesiones en equipos grandes porque de dinero, escasitos, escasitos. Lo otro, no me consta<\/p>\n<p>P.- Hola I\u00f1ako, aparte de su inoperancia al frente del club durante ya mas de 20 a\u00f1os, despues del lamentable episodio del domingo con los ultras \u00bfno crees que esta directiva esta ya totalmente desacreditada para seguir al frente del club? Un saludo.<\/p>\n<p>R.- El problema es que no son directivos, son due\u00f1os y ellos mismos miden su cr\u00e9dito. Para m\u00ed, est\u00e1 en n\u00fameros negativos, pero&#8230;<\/p>\n<p>P.- Buenas tardes I\u00f1ako, en primer lugar agradecerte la nueva entrada en tu blog y en segundo preguntarte \u00bfqu\u00e9 sensaci\u00f3n te di\u00f3 Quique en la charla que ayer tuvist\u00e9is con \u00e9l? Yo nunca estuve a favor de su fichaje pero a este tio se le ve muy serio y seguro y da la sensaci\u00f3n de que las cosas que est\u00e1 diciendo sobre el equipo, su ilusi\u00f3n por estar aqui, etc no las dice por cumplir. \u00bfCrees que nos va a sacar del pozo? Gracias y un saludo<\/p>\n<p>R.- Ya conoc\u00eda a Quique y siempre he pensado que es un muy buen entranador, nada de lo que dijo ayer me hizo cambiar de idea. Adem\u00e1s se le ve sinceramente ilusionado con esta aventura. \u00e9l sabe de f\u00fatbol y sabe lo que quiere, la cuesti\u00f3n ahora es si la directiva le dejar\u00e1 trabajar, los futbolistas estar\u00e1n por la labor de aprender y sudar y Pitarch ser\u00e1 capaz de darle alg\u00fan retoque a la plantilla. Pero Quique lo har\u00e1 bien, aunque es un tipod e t\u00e9cnico que me gustar\u00eda m\u00e1s a inicio de temporada que cogiendo el tren en marcha<\/p>\n<p>P.- Sin necesidad de respuesta, me pareci\u00f3 cojonudo tu \u00faltimo comentario en el Blog. y sin defender lo que dijo el diego, que la sigan chupando!<\/p>\n<p>R.- Yo soy blanco o negro, pero gris no lo voy a ser en la vida&#8230; jajaja, qu\u00e9 tipo. Siempre Maradona.<\/p>\n<p>P.- hola inako tres preguntas: 1) que paso con juande, por que no se barajo esa opcion?\u00b7\u00a12) que opinion te merece bastardos sin gloria 3) que opinion tienes del legendario grupo de rock argentino Soda Stereo <\/p>\n<p>R.- Ten\u00eda contrato con el CSKA, le echaron horas despu\u00e9s de firmar a Quique. Sinceramente, creo que mejor. Me encant\u00f3 Malditos Bastardos, es algo uirregular, pero me lo pas\u00e9 pipa con todas las pasadas tarantinianas incluidas. pero la escena inicial en la casa del granjero y la del encuentro en el bar son insuperables. Escuch\u00e9 cosas hace a\u00f1os, pero no tengo una opini\u00f3n formada. <\/p>\n<p>P.- Hola I\u00f1ako, no crees que en este pais no se valora en su justa medida a Fernando Torres? a que crees que se debe? a su pasado atletico?? Para mi el es mejor delantero espa\u00f1ol que he visto, mejor que Villa, y bastante mejor que el mejor Raul.<\/p>\n<p>R.- S\u00ed, sinceramente creo que su atleticismo absoluto y gritado a los cuatro vientos ha limitado su imagen en Espa\u00f1a, porque ni la prensa madrile\u00f1a ni la barcelonesa le han dado la magnitud que merece. Sin embargo, es de largo el futbolista espa\u00f1ol m\u00e1s reconocido ahora mismo a nivel mundial, por delante de Casillas, Villa, RA\u00fal, etc. Y todo sin tener que renunciar a su identidad. Estoy seguro de que a Fernando le compensa. Es el mejor nueve del mundo ahora mismo, por cierto.<\/p>\n<p>P.- Hola I\u00f1ako,\u00bf no te parece lo mas lamentable en muchos a\u00f1os que se deje entrar a un entrenemiento a un grupo ultra ? y por otro lado , \u00bf que crees que puede aportar Quique como entrenador y psicologo?por ultimo, \u00bfhas visto al ultima de Wody Allen? ciao<\/p>\n<p>R.- Lamentable se queda corto. Es pat\u00e9tico y repugnante. Quique va a aportar mucho en lo t\u00e1ctico, en la preparaci\u00f3n de los partidos y en el asentamiento de la defensa. En lo piscol\u00f3gico le conozco menos. Me lo pase de vicio con Si la cosa funciona y eso que yo siempre me r\u00edo a\u00fan m\u00e1s cuando sale el propio woody en pantalla, aunque Larry David est\u00e1 muy bien.<\/p>\n<p>P.- bueno i\u00f1ako, va la tercera&#8230;dado tu expreso gusto pearljamero, te hare una pregunta algo metaforica por no decir bizarra&#8230;obviando el backspacer (que te pareci\u00f3? a mi salvo la fuerza inicial, lo veo algo ligero)si fueras tecnico del atleti, y -si se puede- aplicando la misma terminologia, como llegar a &#8220;light years&#8221; con un equipo que de ser un &#8220;wishlist&#8221; en septiembre, ahora luce como un mero &#8220;indifference&#8221;? como?? si si, ni los magicos Eddie y Cia. podrian levantar esto? (perdon a los lectores por la mezcla, pero traigo acumulados ambos temas)Saludos<\/p>\n<p>R.- Teniendo unos directivos que son unos &#8220;Bugs&#8221; y parte del vestuario escondi\u00e9ndose como &#8220;Rats&#8221;<\/p>\n","protected":false},"excerpt":{"rendered":"<p>El redactor del Diario AS I\u00f1ako D\u00edaz-Guerra analiza cada semana la situaci\u00f3n del Atl\u00e9tico de Madrid. El periodista est\u00e1 charlando con los lectores sobre la situaci\u00f3n deportiva que atraviesa Atl\u00e9tico de Madrid as\u00ed como del resto de novedades que afectan al club colchonero, tanto en la Liga como en Europa.<\/p>\n<p>ARCHIVO DE ENTREVISTAS:<\/p>\n<p>href=&#8221;http:\/\/www.as.com\/edigitales\/entrevista\/Inako-Diaz-Guerra-5821&#8243;>20 de octubre &#8211; 13 de octubre &#8211; 06 de octubre &#8211; 29 de septiembre &#8211; 22 de septiembre &#8211; 15 de septiembre &#8211; 08 de septiembre &#8211; 01 de septiembre &#8211; 25 de agosto &#8211; 18 de agosto &#8211; 11 de agosto &#8211; 27 de julio &#8211; 21 de julio &#8211; 14 de julio &#8211; 07 de julio &#8211; 30 de junio &#8211; 23 de junio &#8211; 16 de junio &#8211; 09 de junio &#8211; 02 de junio -26 de mayo -19 de mayo &#8211; 12 de mayo &#8211; 05 de mayo &#8211; 28 de abril &#8211; 21 de abril &#8211; 14 de abril &#8211; 07 de abril &#8211; 24 de marzo &#8211; 17 de marzo &#8211; 10 de marzo &#8211; 3 de marzo &#8211; 24 de febrero &#8211; 10 de febrero &#8211; 17 de febrero &#8211; 13 3 de enero &#8211; 2 3 de diciembre &#8211; 2 de diciembre &#8211; 25 de noviembre &#8211; 4 de noviembre &#8211; 18 de noviembre &#8211; 4 de noviembre &#8211; 11 de noviembre &#8211; 4 de noviembre &#8211; 24 de octubre &#8211; 7 de octubre &#8211; 30 de septiembre &#8211; 23 de septiembre &#8211; 16 de septiembre <\/p>\n","protected":false},"author":1,"featured_media":0,"comment_status":"open","ping_status":"open","sticky":false,"template":"","format":"standard","meta":{"footnotes":""},"categories":[],"tags":[],"class_list":["post-8953","post","type-post","status-publish","format-standard","hentry"],"_links":{"self":[{"href":"https:\/\/intervius.com\/index.html\/wp-json\/wp\/v2\/posts\/8953","targetHints":{"allow":["GET"]}}],"collection":[{"href":"https:\/\/intervius.com\/index.html\/wp-json\/wp\/v2\/posts"}],"about":[{"href":"https:\/\/intervius.com\/index.html\/wp-json\/wp\/v2\/types\/post"}],"author":[{"embeddable":true,"href":"https:\/\/intervius.com\/index.html\/wp-json\/wp\/v2\/users\/1"}],"replies":[{"embeddable":true,"href":"https:\/\/intervius.com\/index.html\/wp-json\/wp\/v2\/comments?post=8953"}],"version-history":[{"count":0,"href":"https:\/\/intervius.com\/index.html\/wp-json\/wp\/v2\/posts\/8953\/revisions"}],"wp:attachment":[{"href":"https:\/\/intervius.com\/index.html\/wp-json\/wp\/v2\/media?parent=8953"}],"wp:term":[{"taxonomy":"category","embeddable":true,"href":"https:\/\/intervius.com\/index.html\/wp-json\/wp\/v2\/categories?post=8953"},{"taxonomy":"post_tag","embeddable":true,"href":"https:\/\/intervius.com\/index.html\/wp-json\/wp\/v2\/tags?post=8953"}],"curies":[{"name":"wp","href":"https:\/\/api.w.org\/{rel}","templated":true}]}}