{"id":8951,"date":"2009-10-27T00:00:00","date_gmt":"2006-11-06T00:00:00","guid":{"rendered":"https:\/\/intervius.com\/index.html\/?p=8951"},"modified":"2006-11-06T00:00:00","modified_gmt":"2006-11-06T00:00:00","slug":"Maldini8951","status":"publish","type":"post","link":"https:\/\/intervius.com\/index.html\/Maldini8951\/","title":{"rendered":"Maldini"},"content":{"rendered":"<p>Pregunta.- Hola Maldini, es un espejismo esta generaci\u00f3n belga que dicen que es muy buena y que al final ni se clasifica para mundiales y europeos. \u00bfQue te parece? Un saludo Crack.<\/p>\n<p>Respuesta.- Hola Ib\u00e9rico. Es buena pero no en todas las l\u00edneas. Excelente Hazard, que triunfar\u00e1 seguro. Muy bueno Witsel, desde luego. Y jugadores como Fellaini o Verthongen, yo creo que para la pr\u00f3xima Eurocopa los belgas al menos s\u00ed deber\u00edan clasificarse. <\/p>\n<p>P.- El Milan tendr\u00e1 un equipo viejo, pero tiene un par de jugadores de calidad: Clarence Seedorf, Alexandre &#8220;Pato&#8221; y el proscrito &#8220;Ronaldinho&#8221;. No me parece tan sorpresivo que le hayamos ganado a &#8220;este&#8221; Madrid. \u00bfQu\u00e9 te parece Ignazio Abate? Est\u00e1 entrando m\u00e1s de lo que yo pensaba como lateral y como volante derecho. \u00bfQu\u00e9 opinas de que Jan-Klaas Huntelaar no juegue casi nada? Hace unos a\u00f1os media Europa dec\u00eda que era el nuevo Van Basten. La verdad que se le ha quedado un poco grande la comparaci\u00f3n.<\/p>\n<p>R.- Lo del nuevo Van Basten por Huntelaar ni siquiera creo que se dijese en serio, aunque creo que es un cazagoles muy aprovechable. Pero para eso es mejor Inzaghi, que lleva tiempo manej\u00e1ndose en la serie A muy bien. Ronaldinho sinceramente no creo que est\u00e9 para el primer nivel y mal har\u00eda el Milan en creer que el triunfo del Bernabeu es producto del nivel del equipo porque la ca\u00edda ser\u00eda m\u00e1s dura a\u00fan. De largo el mejor es Pato. Creo que este Milan va a tener muchos problemas para acabar entre los cuatro primeros en Italia. Abate est\u00e1 funcionando por la banda derecha por su potencia y agresividad, algo de lo que carece este equipo.<\/p>\n<p>P.- Hola Julio. \u00bfA qu\u00e9 crees que se debe el &#8220;baj\u00f3n&#8221; del AZ? Siguen conservando la columna vertebral del a\u00f1o pasado: Sergio Romero, David Mendes da Silva, Stijn Schaars, Maarten Martens y Moussa Dembel\u00e9. \u00bfPor qu\u00e9 en muchas p\u00e1ginas de deportes se le llama AZ Alkmaar, cuando esto es una redundancia, ya que las iniciales AZ significan Alkmaar Zaanstreek? Gracias crack.<\/p>\n<p>R.- Es verdad que la plantilla no ha sufrido modificaciones grandes, y me sorprende el baj\u00f3n. Una de mis &#8220;tareas&#8221; de hoy va a ser ver el AZ-Ajax del domingo completo. A m\u00ed personalmente no me convenci\u00f3 nunca Koeman como entrenador, pero no creo que sea el \u00fanico problema. Y es verdad lo que dices, tambi\u00e9n incluso le llaman aun AZ 67<\/p>\n<p>P.- Me llama la atenci\u00f3n el caso de Nicolas Anelka. Era un ni\u00f1o prodigio en su etapa en el PSG y en el Arsenal, lo fich\u00e9 por 5.000 millones y aqu\u00ed dio el rendimiento que todos sabemos. Parec\u00eda un juguete roto del f\u00fatbol. Pas\u00f3 su &#8220;via crucis&#8221; por Manchester City (antes de los petrod\u00f3lares), Fenerbah\u00e7e y Bolton Wanderers para acabar triunfando en uno de los mejores equipos del mundo. \u00bfConoces alg\u00fan caso similar? Al final se ha demostrado que ten\u00eda calidad para triunfar en un grande.<\/p>\n<p>R.- Pues s\u00ed, se ha demostrado que ten\u00eda calidad para un grande, como ya hab\u00eda dejado claro en el Arsenal. Creo que en Real Madrid fue v\u00edctima de las malas influencias que ten\u00eda en su entorno. Ahora mismo no recuerdo un caso similar tan claro. <\/p>\n<p>P.- Hola Julio. \u00bfPor qu\u00e9 hay tan poco &#8220;gusto&#8221; en la Premier League por los jugadores sudamericanos? \u00bfEs por un tema cultural o por estilo de juego? Al contrario, en La Liga, en la Serie A y en la Ligue 1, cada equipo cuenta con varios. \u00bfPuede ser porque los jugadores prefieren jugar en pa\u00edses latinos, m\u00e1s cercanos culturalmente, que en las Islas Brit\u00e1nicas?<\/p>\n<p>R.- M\u00e1s bien creo que de estilo de juego, aunque poco a poco va cambiando. El LIverpool tiene brasile\u00f1os y argentinos, el Arsenal brasile\u00f1os y el Man Utd y as\u00ed podr\u00edamos seguir. El Birmingham tiene al ecuatoriano Ben\u00edtez, que por cierto no entiendo porqu\u00e9 no juega m\u00e1s. El Wigan a Rodallega, el Wolves a Castillo. Hay menos que en otros sitios pero s\u00ed que hay. <\/p>\n<p>P.- \u00bfComo ves a Dele Adeleye del Sparta y Johannes Flum, del Friburgo?<\/p>\n<p>R.- Hola Kapo\u00b4 Flum me parece un mediocentro muy interesante, es lento de movimientos pero organiza bien al equipo. Fisicamente se parece a Busquets en del barca y en la forma de jugar tambi\u00e9n. Digamos que no tiene un estilo muy alem\u00e1n. Del cental Adeleye no te puedo dar una opini\u00f3n muy formada, pero espero verle en el mundial con Nigeria donde es titular. <\/p>\n<p>P.- De las eliminatorias de repesca europeas para el mundial \u00bfCual es tu pronostico? Un saludo y gracias<\/p>\n<p>R.- Hola Alberto. Portugal-Bosnia: la veo igualad\u00edsima, no me decanto. Quiz\u00e1 por muy poco por Portugal. Eire-Francia: Tambi\u00e9n muy igualada, creo que pasa Francia Grecia-Ucrania: Apuesto por Ucrania Rusia-Eslovenia: Aunque con m\u00e1s apuros de los que puede parecer ahora creo que pasar\u00e1 la Rusia de Hiddink.<\/p>\n<p>P.- Hola Don Maldini!! Llevo mucho tiempo intentando que publiquen mi pregunta, espero que esta vez tenga mas suerte porque tu opinion puede sacarme de dudas. Hace referencia al nuevo jugador del Cordoba c.f Gustavo Savoia, he oido que es internacional de las categorias inferiores de Argentina y queria saber si es un buen futbolista ya que nadie lo conoce y que mejor referencia que la de todo un crack como eres tu. Muchas gracias. Ah!decirte que si la publicais gano una cena jejeje&#8230;<\/p>\n<p>R.- Hola Jerond. Bueno la cena es tuya porque aqu\u00ed est\u00e1 publicada. Lo mejor que hizo Savoia en su carrera fue el Cobreloa chileno pero como delantero no termin\u00f3 de cuajar en los dem\u00e1s equipos. Y no te puedo decir a ciencia cierta si ha sido internacional juvenil, la verdad. <\/p>\n<p>P.- hola crack! T\u00fa q trabajaste con \u00e9l durante la eurocopa,c\u00f3mo definir\u00edas a Quique como entrenador? Lo ves capacitado para reflotar esta nave?gracias<\/p>\n<p>R.- Gran conocedor del f\u00fatbol, le encanta la t\u00e1ctica y le gusta construir bien los equipos desde atr\u00e1s. Creo que vamos a ver un equipo m\u00e1s armado atr\u00e1s, que veremos menos a Foran y Aguero pero mejorar\u00e1n los resultados. Si esperamos por ejemplo que el Atletico llegue a pelear por los puestos de Champions va a ser muy dif\u00edcil. <\/p>\n<p>P.- Hola Maldini,\u00bfque opini\u00f3n tienes de Armando Ufarte? Mi padre siempre dice que en el 1 contra 1 era el mejor, lo mas parecido a Garrincha que ha jugado en la Liga espa\u00f1ola. Podr\u00edais hacer un reportaje para Fiebre Maldini porque es un personaje con mucha miga. Otra cosa, no he visto todos los programas,\u00bfalguna vez habeis hecho alguno sobre el Atleti?Gracias<\/p>\n<p>R.- La verdad es que por edad no le he visto jugar pero seguro que tu padre tiene raz\u00f3n. Y prometido queda un reportaje en Fiebre Maldini. Hemos hecho muchos sobre el Atleti, uno por ejemplo de la final de la Copa de Europa ante el Bayern. <\/p>\n<p>P.- Maldini, Pet\u00f3n siempre comenta en las retransmisiones de la Premier que el City quiere a un lateral derecho de la Liga (pero nunca dice el nombre) &#8230; \u00bfconsideras que es un equipo flojo en defensa?, \u00bfque posici\u00f3n retocar\u00edas y con quien? Gracias crack.<\/p>\n<p>R.- La verdad es que no hay mucho que retocar en el City. No s\u00e9 a quien se refiere Pet\u00f3n, pero con Richards y Zabaleta el City tiene dos buenas soluciones para el lateral derecho. <\/p>\n<p>P.- Hola crack! \u00bfCuando se retire Del Piero se har\u00e1 algun especial en Digital ?<\/p>\n<p>R.- Por supuesto, ha sido uno de los grandes. Llevamos tiempo intentando una entrevista con \u00e9l y seguro que la haremos,<\/p>\n<p>P.- Hola Maldini. \u00bfLe das alguna opci\u00f3n a Ronaldo, Adriano o Ronaldinho de ir convocados al mundial con Brasil?<\/p>\n<p>R.- Ronaldinho ninguna, Ronaldo algunas, Adriano ir\u00e1 convocado con seguridad (salvo lesi\u00f3n claro)<\/p>\n<p>P.- como te parece danny,el jugador del zenit, pretendido por el bar\u00e7a.Que pasaria si un jugon como cesc acabaria la proxima temporada en este bar\u00e7a.gracias.<\/p>\n<p>R.- No es f\u00e1cil mejorar a este Barca pero en el engranaje del juego Fabregas encaja perfectamente, a m\u00ed me encantar\u00eda verle en este barca. Danny es h\u00e1bil y vertical, un buen jugador desde luego. Pero creo que a quien va a fichar el barca en invierno es a Robinho. <\/p>\n<p>P.- Hola Crack, te estoy escribiendo la pregunta mientras me tomo el zumito apuesteril!! jaja, que grande eres!!. Bueno ahi va. \u00bfNo crees que el Manchester puede pegarsela este a\u00f1o? Da la sensacion de que sin cristiano y tevez ya no es el gran equipo de a\u00f1os anteriores aunque siguen teniendo a muchos buenos. Y la ultima \u00bfporque los jugadores que llegan al madrid parecen mejores en los equipos de procedencia? Saludos n1!<\/p>\n<p>R.- Hola crack, pues mira estoy justo contest\u00e1ndote desde la misma cafeter\u00eda donde granbo el videoblog. Creo que el United (y lo dije antes de empezar la temporada) tiene much\u00edsimas opciones de peg\u00e1rsela. El equipo se ha debilitado bastante y no s\u00f3lo por la marcha de Ronaldo. La de Tevez es muy importante tambi\u00e9n. <\/p>\n<p>P.- Maldini tu que sabes de futbol como pocos hablanos sobre la paciencia que debemos tener con Pellegrini. \u00bfEs dificil que el equipo entienda su esquema?, \u00bf4 meses no son suficientes?, \u00bfLe faltan jugadores? No se tu sabras mas pero 4 meses ya dan para ver mejoria, y yo veo que va a peor. Saludos jug\u00f3n.<\/p>\n<p>R.- El nivel de exigencia es enorme y el Real Madrid aun no es un equipo, no se termina de saber bien a lo que juega. A m\u00ed la sensaci\u00f3n que me transmite es que puede ganarle a cualquiera pero tambi\u00e9n perder con cualquiera. Falta algun extremo puro (la segunda parte de Gij\u00f3n era perfecta para Robben). Yo no soy optimista con el Real Madrid, sigo viendo al Barcelona claramente mejor equipo. <\/p>\n<p>P.- Maldini,\u00bfcual es el secreto de la Sampdoria?\u00bfpor que est\u00e1 ah\u00ed arriba? \u00bfves al Palermo entrando en Campions? Zenga dice que sus objetivos son los m\u00e1ximos este a\u00f1o que no renuncia ni a ganar el Scudeto.<\/p>\n<p>R.- La Samp est\u00e1 arriba por el excelente nivel de Cassano que ha marcado la diferencia en muchos partidos. Y el equipo rinde bien, muy por encima de lo esperado Mannini por ejemplo. Y Pazzini ha encontrado un fil\u00f3n en Cassano y se est\u00e1 saliendo con la mejor media goleadora de su carrera. Pero no creo que aguante entre los cuatro primeros. Lo de Zenga que pretende ganar el scudetto con el Palermo no se lo cree ni \u00e9l, la verdad. <\/p>\n<p>P.- Maldini, has dicho que crees que el Bar\u00e7a va a fichar a Robinho. \u00bfLo van a dejar salir as\u00ed de f\u00e1cil del Man. City, con el past\u00f3n que pagaron? \u00bfNo les hace falta? y \u00bfno crees que podr\u00eda desestabilizar el vestuario blaugrana? Gracias<\/p>\n<p>R.- El Barca va a ir a por \u00e9l, es deseo de Guardiola. S\u00ed creo que del City le pueden dejar salir, la plantilla es muy amplia ahora. Y no creo que desestabilice el vestuario, la verdad. <\/p>\n","protected":false},"excerpt":{"rendered":"<p>El periodista experto en f\u00fatbol internacional vuelve a su cita semanal con los lectores. Maldini ha charlado con los internautas sobre la actualidad del f\u00fatbol internacional. <\/p>\n<p>ARCHIVO DE ENTREVISTAS:<\/p>\n<p>href=&#8221;http:\/\/www.as.com\/edigitales\/entrevista\/Maldini-5819&#8243;>20 de octubre de 2009 &#8211; 13 de octubre de 2009 -29 de septiembre de 2009 &#8211; 22 de septiembre de 2009 &#8211; 15 de septiembre de 2009 &#8211; 08 de septiembre de 2009 &#8211; 01 de septiembre de 2009 &#8211; 25 de agosto del 2009 &#8211; 18 de agosto del 2009 &#8211; 11 de agosto del 2009 &#8211; 04 de agosto del 2009 &#8211; 23 de junio del 2009 &#8211; 16 de junio del 2009 &#8211; 09 de junio del del 2009 &#8211; 02 de junio del 2009 &#8211; 26 de mayo del 2009 &#8211; 19 de mayo del 2009 &#8211; 12 de mayo del 2009 &#8211; 5 de mayo del 2009 &#8211; 28 de abril del 2009 &#8211; 21 de abril del 2009 &#8211; 14 de abril del 2009 &#8211; 7 de abril del 2009 &#8211; 31 de marzo del 2009 &#8211; 10 de marzo del 2009 &#8211; 3 de marzo del 2009 &#8211; 24 de febrero del 2009 &#8211; 17 de febrero del 2009 &#8211; 11 de febrero del 2009 &#8211; 3 de febrero del 2009 &#8211; 27 de enero del 2009 &#8211; 13 de agosto del 2008 &#8211; 28 de junio del 2008 &#8211; 6 de junio del 2008 <\/p>\n","protected":false},"author":1,"featured_media":0,"comment_status":"open","ping_status":"open","sticky":false,"template":"","format":"standard","meta":{"footnotes":""},"categories":[],"tags":[],"class_list":["post-8951","post","type-post","status-publish","format-standard","hentry"],"_links":{"self":[{"href":"https:\/\/intervius.com\/index.html\/wp-json\/wp\/v2\/posts\/8951","targetHints":{"allow":["GET"]}}],"collection":[{"href":"https:\/\/intervius.com\/index.html\/wp-json\/wp\/v2\/posts"}],"about":[{"href":"https:\/\/intervius.com\/index.html\/wp-json\/wp\/v2\/types\/post"}],"author":[{"embeddable":true,"href":"https:\/\/intervius.com\/index.html\/wp-json\/wp\/v2\/users\/1"}],"replies":[{"embeddable":true,"href":"https:\/\/intervius.com\/index.html\/wp-json\/wp\/v2\/comments?post=8951"}],"version-history":[{"count":0,"href":"https:\/\/intervius.com\/index.html\/wp-json\/wp\/v2\/posts\/8951\/revisions"}],"wp:attachment":[{"href":"https:\/\/intervius.com\/index.html\/wp-json\/wp\/v2\/media?parent=8951"}],"wp:term":[{"taxonomy":"category","embeddable":true,"href":"https:\/\/intervius.com\/index.html\/wp-json\/wp\/v2\/categories?post=8951"},{"taxonomy":"post_tag","embeddable":true,"href":"https:\/\/intervius.com\/index.html\/wp-json\/wp\/v2\/tags?post=8951"}],"curies":[{"name":"wp","href":"https:\/\/api.w.org\/{rel}","templated":true}]}}