{"id":8950,"date":"2009-10-26T00:00:00","date_gmt":"2006-11-06T00:00:00","guid":{"rendered":"https:\/\/intervius.com\/index.html\/?p=8950"},"modified":"2006-11-06T00:00:00","modified_gmt":"2006-11-06T00:00:00","slug":"Alfredo_Relano8950","status":"publish","type":"post","link":"https:\/\/intervius.com\/index.html\/Alfredo_Relano8950\/","title":{"rendered":"Alfredo Rela\u00f1o"},"content":{"rendered":"<p>Pregunta.- Hola Rela\u00f1o. Crees que si ma\u00f1ana echaran a Ancelotti del Chelsea pasado ma\u00f1ana estaba en Madrid? Creo que lo \u00fanico que esta respaldando a Pellegrini es que ni Florentino ni Valdano quieren dar un espect\u00e1culo echando al entrenador 4 meses despu\u00e9s de iniciar el gran megaproyecto, si este entrenador fuera de la epoca del angelito Ram\u00f3n Calder\u00f3n estaba ya en la calle. Que piensas? Saludos maestro. Por cierto me compre ayer el libro de la septima y ya me he visto el partido 2 veces, esta genial!!<\/p>\n<p>Respuesta.- No, no lo echar\u00edan aunque estuviera suelto Ancelotti. Est\u00e1n decdidios a respaldarle y saben que la tarea es dif\u00edcil. Y aunque el Madrid no haga juego fluido, cuando tenga a Crsitiano ganar\u00e1 casi todos los partidos. Y me alegra que te haya gustado la colecci\u00f3n. Est\u00e1 siendo un \u00e9xito.<\/p>\n<p>P.- buenos y blancos saludos, la verdad Rela\u00f1o que yo pensaba que con el cambio etoo-ibra el FCB saldr\u00eda perdiendo por el poco punch del sueco y su nula implicaci\u00f3n defensiva, pero tras recitales como el que hizo anoche empiezo a dudar mi apreciaci\u00f3n. A fin de cuentas es Pep el que lo cambia, asi que esa variante de hombre boya sab\u00eda que tarde o temprano la necesitar\u00eda el equipo \u00bfque opinas? Por otro lado con la de portadas sobre la velocidad del tiro, etc, del gol de Cristiano en Zurich y resulta que sin tanta posturita el sueco hace lo mismo. Estoy temiendome lo peor&#8230;<\/p>\n<p>R.- El sueco presiona menos que Etoo, cierra menos la salida de los rivales, pero tiene un poder de gol magn\u00edfico, y le da al Bar\u00e7a una posibilidad cuando no ve otra: el bal\u00f3n largo a su cabeza, para que lo baje. Ayer se vio. Ibrahimovic es un jugador genial y parece que est\u00e1 encajando, as\u00ed que el Bar\u00e7a va a seguir siendo formidable. Pero no desprecie a Cristiano, es formidable. Lo que de verdad le est\u00e1 pasando al Madrid es que no lo tiene.<\/p>\n<p>P.- Alfredo que generaci\u00f3n mas buena!! Cuantas selecciones se dar\u00edan de tortas por poder llevar a Pablo Hern\u00e1ndez, Jes\u00fas Navas, Fernando Llorente, Dani Guiza, Guti, Ra\u00fal, Vald\u00e9s, Asenjo? y nosotros no los llevamos!! Ojala nunca despertemos del sue\u00f1o, verdad?? Un abrazo fuerte.<\/p>\n<p>R.- Ojal\u00e1 sigan saliendo jugadores as\u00ed, como \u00e9sos y como los que s\u00ed van. Tenemos una gran escuela y yo creo que as\u00ed ser\u00e1.<\/p>\n<p>P.- En primer lugar, quiero felicitarle por sus art\u00edculos, que muchas veces son una bocanada de aire fresco entre tanta mercanc\u00eda caducada. \u00bfTendr\u00eda sito este Ra\u00fal en el Barsa? \u00bfO bien es que el Madrid tiene peores jugadores que el Barsa o quiz\u00e1s es que en el Madrid el f\u00fatbol no sea tan importante como en el Barsa?<\/p>\n<p>R.- No, Ra\u00fal no tendr\u00eda sitio en el Bar\u00e7a. Juega en el Madrid porque tiene un sitio hecho y los que vienen o no son capaces de desplazarlo (Benzema) o son tratados injustamente (Higua\u00edn). Y porque nunca se lesiona.<\/p>\n<p>P.- Estimado Alfredo, una decepci\u00f3n total el R.Madrid, creo que la grandeza de la instituci\u00f3n ha superado a Pellegrini que es incapaz de ordenar minimamente a esa pl\u00e9yade de estrellas. Un juego rampl\u00f3n, aburrido y sin sentido, creo que lo mejor ahora que todav\u00eda se est\u00e1 a tiempo es cesar al t\u00e9cnico chileno que est\u00e1 sobrepasado, de no cesarlo me temo que el rid\u00edculo va a ser de \u00f3rdago a la grande. Un saludo muy cordial. <\/p>\n<p>R.- Tambi\u00e9n ser\u00eda un cante echarle, con la fama que se hizo Florentino la otra vez. Es verdad que se le est\u00e1n encendiendo las luces amarillas, pero yo creo que la sustituci\u00f3n ahora no es aconsejable. Habr\u00e1 que esperar que vuelva Cristiano, que haya menos lesiones y, sobre todo, que Pellegrini d\u00e9 con la tecla.<\/p>\n<p>P.- Hola Alfredo, Guardiola ha perdido creo 8 partidos como entrenador del Barcelona pero jamas por m\u00e1s de un gol, ha ganado la immensa mayor\u00eda y mete goles de 3 en 3, juega de maravilla, cuenta con estrellas como Messi, Iniesta o Pique a quien les queda muchos a\u00f1os de futbol por delante, por sino tenia poco Ibra aporta mas futbol que Etoo con los mismos goles&#8230;\u00bfcomo paramos esto amigo?<\/p>\n<p>R.- No se puede parar. Y estoy por decir que ni falta que hace, porque es magn\u00edfico que exista un Bar\u00e7a as\u00ed. Lo que se puede pretender es hacer un equipo igual o incluso mejor, pero eso no es s\u00f3lo cuesti\u00f3n de dinero. Es cuesti\u00f3n de talento al manejarlo y de orden en el club.<\/p>\n<p>P.- Estimado Alfredo, es desesperante la falta de efectivos que padece el Madrid en la banda derecha. \u00bfQu\u00e9 te parecen Pablo Hern\u00e1ndez (Valencia) y Pedro Le\u00f3n (Getafe)?. \u00bfNo serian interesantes para el mercado de invierno ya que cualquiera de los dos podr\u00eda ser inscrito en Champions?. Gracias y un saludo. <\/p>\n<p>R.- No pueden ser fichados en invierno porque ya han jugado cinco partidos en sus equipos. Adem\u00e1s Pellegrini concibe su equipo sin extremos fijos. As\u00ed que o cambia de idea o no buscar\u00e1n nada en invierno para ese puesto.<\/p>\n<p>P.- Hola Alfredo, si el Real Madrid, despu\u00e9s de hacer 8 incorporaciones no gana porque falta Cristiano&#8230;.\u00bfpara que han valido los otros 7?. Al final va a resultar que los Albiol, Arbeloa, Garay, Xabi, Kak\u00e1, Benzem\u00e1 y Granero (en vez de Torres, Heinze, Cannavaro, De La Red, Sneijder, Robben, Huntelaar y Negredo) tampoco mejoran demasiado lo que hab\u00eda&#8230; porque lo del &#8220;equipo en fase de construcci\u00f3n&#8221; empieza a sonar a cachondeo. Un saludo.<\/p>\n<p>R.- Sonar\u00e1 a cachondeo, pero es as\u00ed. Por las vacilaciones de Pelelgrini, por las lesiones, porque es dif\u00edcil o por lo que sea. Eso es lo que hay. Y adem\u00e1s Cristiano es el mejor de todos. Pero esos jugadores son buenos o muy buenos, en l\u00edneas generales mejores que los que hab\u00eda. <\/p>\n<p>P.- hola que tal .. esta pregunta va desde venezuela .. me encanta tu trabajo \ud83d\ude09 \u00bf no crees que a los jugadores del madrid se les nota falta de compromiso .. yo no veo que corren que sudan la camiseta y aparte pellegrini no encuentra un sistema de juego ? no crees que seria mejor mas esp\u00edritu competitivo en los jugadores que me dices ? <\/p>\n<p>R.- Sudan la camiseta unos m\u00e1s que otros. Hay algunos a los que no se puede poner reproche en eso, otros son muy comodones. Benzema, por ejemplo. O Kak\u00e1, que estuvo miedoso en Sevilla. La cuesti\u00f3n para m\u00ed es que Pellegrini se ha propuesto un modelo dif\u00edcil y no le sale.<\/p>\n<p>P.- Alfredo: a veces no entiendo a los medios de comunicaci\u00f3n. Me explico: primero dicen que si el Madrid no tiene paciencia con los entrenadores; ahora (en &#8220;Carrusel&#8221; del pasado mi\u00e9rcoles alguien lo dijo) que si &#8220;hay que echar a Pellegrini&#8221; (lleva 3 meses, ni siquiera los 100 d\u00edas de gracia; antes dec\u00edan que hab\u00eda que repescar a Granero, ahora que si le viene grande el puesto; el a\u00f1o pasado que si Juande no ten\u00eda categor\u00eda para el Madrid, ahora se le echa de menos&#8230;de verdad \u00bfen qu\u00e9 quedamos?<\/p>\n<p>R.- Los medios son los medios. Habr\u00e1 unos que opinen una cosa y otros que opinen otra. Yo creo que el Madrid no tiene m\u00e1s remedio que confiar en que a Pelegrini le salgan las cosas. <\/p>\n<p>P.- un saludo Alfredo \u00bfno piensa que Laudrup se ha arrugado porque esta esperando la llamada del Villareal segun cuentan en los mentideros del mundo del futbol?<\/p>\n<p>R.- Eso me han dicho. O bien es que no le parece fiable lo que le ofrec\u00edan en el Atl\u00e9tico.<\/p>\n<p>P.- Hola Alfredo, pues yo s\u00ed vi mejor\u00eda en el Madrid. Cambia a Drenthe por CR9, Raul por Benzema, Diarra por Guti y, quiz\u00e1s, Granero por Higua\u00edn, y ya est\u00e1, el once de gala \u00bfqu\u00e9 te parece? \u00bfveremos ese equipo alg\u00fan dia?<\/p>\n<p>R.- M\u00e1s bien Diarra por Lass. Lo dem\u00e1s si puede ser el equipo de gala, con Higua\u00edn en un lado y Cristiano al otro, m\u00e1s Kak\u00e1 de segundo punta. La cosa acabar\u00e1 ah\u00ed, estoy de acuerdo.<\/p>\n<p>P.- Buenos dias crack del periodismo, el dinero gastado este a\u00f1o en fichajes se lo damos a capello y estamos ganando ligas 10 a\u00f1os seguidas, aunque sea a base de ganar 1-0 todos los partidos, \u00bfque opina?un abrazo <\/p>\n<p>R.- Pues quiz\u00e1 s\u00ed, pero no ser\u00eda divertido. No consiste en ganar 1-0, aunque ganar siempre est\u00e1 bien. Pero Capello no hubiera ido quiz\u00e1 a por jugadores como \u00e9stos, sino como Emerson y Diarra, que fue lo que hizo l\u00e1 \u00faltima vez.<\/p>\n<p>P.- hola Rela\u00f1o, soy el socio 72100 del Real Madrid. me gustar\u00eda saber si hay alg\u00fan jugador del madrid, que \u00faltimamente se est\u00e9 pasando de la raya, o simplemente son rumores. un saludo a toda la redacci\u00f3n, en especial a mi paisano Tom\u00e1s Roncero. <\/p>\n<p>R.- Si se refiere a coca, no me consta nada. Si se refiere a salir de noche, siempre los ha habido.<\/p>\n<p>P.- Alfredo \u00bfqu\u00e9 te parece el noveno t\u00edtulomundial de Il Dottore? Me parece que no somos realmente conscientes de la dimensi\u00f3n de este piloto, su trascendencia hist\u00f3rica. \u00bfCoincides conmigo en que es el m\u00e1s grande?. Saludos<\/p>\n<p>R.- Me parece admirable y adem\u00e1s le encuentro adorable como personaje. Y s\u00ed, le tengo por el m\u00e1s grande de la historia.<\/p>\n<p>P.- 300 millones en fichajes. Final de Champions en el Bernabeu. Obligacion total de ganar algo. Enfrente el mejor Barcelona de la historia&#8230; no cree que Florentino ha puesto al equipo ante una presion que puede ser insoportable?<\/p>\n<p>R.- La presi\u00f3n estaba ah\u00ed: la final estaba fijada, el Bar\u00e7a exist\u00eda&#8230; No se pod\u00eda hacer otra cosa que intentarlo.<\/p>\n<p>P.- Muy buenas Alfredo, una sola pregunta, \u00bfc\u00f3mo ves al Sporting esta temporada?, muchas gracias.<\/p>\n<p>R.- Mejor. M\u00e1s seguro de s\u00ed mismo, con las virtudes del a\u00f1o pasado m\u00e1s reconocibles y sin cierto aire de pardillos que entonces se les ve\u00eda a veces. Y tiene un buen l\u00edder en Preciado.<\/p>\n<p>P.- Saludos cordiales Sr. Rela\u00f1o. Soy un gran aficionado al deporte, pero en particular me gusta mucho el golf y el f\u00fatbol. En primer lugar, quer\u00eda preguntarle si, como yo, est\u00e1 totalmente desorientado con el no juego del RealMadrid, ese desorden t\u00e1ctico, esa falta de personalidad, de madurez con el bal\u00f3n, de no saber marcarse los tiempos y de no sentirse superior frente al rival. Me gustar\u00eda que organizara usted una entrevista a cara de perro con el se\u00f1or Pellegrini, en el que le preguntara el estilo del RealMadrid, ya sea toque de bal\u00f3n (FC Barcelona), velocidad por bandas y r\u00e1pida salida de bal\u00f3n (United), fortaleza defensiva y contragolpe (Juve) o f\u00edsico y pegada con orden y posicionamiento claro (Chelsea e Inter). Por otro lado, quer\u00eda preguntarle si es usted un aficionado al golf o si lo ha practicado en alguna ocasi\u00f3n. Si es as\u00ed, y no es mucho preguntar, \u00bfqu\u00e9 handicap posee? Un saludo de un madridista impotente.<\/p>\n<p>R.- Pellegrini no concede entrevistas, salvo las conferencias de prensa. Lo entiendo (como entiendo a Guardiola por lo mismo) porque tienen tantas demandas que deber\u00edan emplear demasiado tiempo y siempre estar\u00edan quedando mal con alguien. Pero s\u00e9 lo que piensa. Vino a buscar el mismo tipo de juego que hac\u00eda el Villarreal, un 4-2-2 en el que de los dos de arriba uno fuera fijo y el otro, los dos mediapuntas y los laterales ocuparan alternativamente las bandas. No le est\u00e1 saliendo porque se est\u00e1 liando con Ra\u00fal (es o \u00e9l o Benzema, para hacer eso) y porque Cristiano y Kak\u00e1 tienen una forma personal\u00edsima de jugar que no van a cambiar. As\u00ed que va a tener que empezar a buscar por otro lado, quiz\u00e1 con Higua\u00edn fijo a la derecha, Cristiano fijo a la izquierda, un punta y Kak\u00e1 detr\u00e1s de \u00e9l. Nunca har\u00e1 contraataque. Por lo dem\u00e1s, no juego al golf, siento no compartir esa afici\u00f3n con usted. <\/p>\n<p>P.- Mi admirado Sr. Rela\u00f1o: Soy socio del Real Madrid desde hace 32 a\u00f1os, y por mi ubicaci\u00f3n en la grada del Bernab\u00e9u, tengo la absoluta certeza, de que se ha estrechado considerablemente el terreno de juego. Me parece algo muy importante, que perjudica claramente al equipo, y me sorprende much\u00edsimo que nadie diga nada, ni se investigue qui\u00e9n ha sido el responsable de tal barbaridad. Si ha sido idea del entrenador, o de Marketing, o el que sea. La UEFA seguro que no, porque actualmente hay otros campos mucho m\u00e1s anchos, que favorecen el espect\u00e1culo. Le ruego que le diga a alguien de su peri\u00f3dico, que se ocupe de este asunto. Muchas gracias <\/p>\n<p>R.- En el club nos aseguran que no se ha estrechado, sino que se ampli\u00f3 la zona exterior de c\u00e9sped, que antes estaba rodeada de tierra. Por eso se ve la raya m\u00e1s dentro.<\/p>\n<p>P.- Buenas dias Sr. Relano! Como lo ve usted a Iker despues de ese partido malo que hizo ante Milan? Es muy valiente y honesto de el salir ante los medios y asumir la culpa suya. Aunque no todo fue culpa suya. Eso solo demuestra que gran persona es pero aun asi tengo algunas dudas de su estado de forma como portero. No es el mismo de antes. Tal vez el mejor para el seria dejar el Madrid y jugar en el otro equipo. Porque tanta prensa y el mismisimo Real Madrid van a destruir su carrera como lo estan haciendo con Raul. O estoy exagerando? Gracias&#8230;.<\/p>\n<p>R.- Tambi\u00e9n alabo su sinceridad. Tambi\u00e9n le he visto algo distraido en alg\u00fan otro partido, pero de ah\u00ed a decir que deber\u00eda buscar otro equipo me parece exagerado. Un peque\u00f1o bache de concentraci\u00f3n, eso es todo. Pero es un portero fenomenal y una bandera para la imagen del club.<\/p>\n<p>P.- \u00bfC\u00f3mo interpretas el &#8220;No nos falta esp\u00edritu, nos sobra&#8221; de Valdano?<\/p>\n<p>R.- Como una defensa de lo m\u00e1s rescatable del partido de Gij\u00f3n, s\u00f3lo eso. Lo coloc\u00f3 como contraste ante cierta indolencia que s\u00ed se vio ante el Mil\u00e1n. No creo que tuviera ninguna segunda intenci\u00f3n.<\/p>\n<p>P.- Alfredo, tenemos la negra. Primero, hacemos el rid\u00edculo con Laudrup. M\u00e1s tarde, fichamos a Quique (no me disgusta, hay que decirlo) y ahora me etero que Juande se ha quedado libre&#8230; Para m\u00ed era el entrenador id\u00f3neo para nuestro banquillo&#8230;<\/p>\n<p>R.- Tampoco est\u00e1 nada mal Quique, aunque es verdad que Juande se acredit\u00f3 el a\u00f1o pasado como un formidable espcialista en crisis.<\/p>\n<p>P.- hola alfredo,estoy como si me hubieran dado un bofeton&#8230; acabo de ver al barsa y me parece que vamos a sufrir otro a\u00f1o de angustias y cabreos,yo creo que el madrid tiene muchisimo margen de mejora,pero tendremos que esperar hasta el a\u00f1o que viene para ver un &#8220;equipo&#8221;,nos han vendido que jugariamos bien en dos semanas y eso no puede ser,que te parece a ti que eres un maestro? animame&#8230; un abrazo<\/p>\n<p>R.- Es dif\u00edcil pensar que el Madrid pueda quedar delante del Bar\u00e7a en algo este a\u00f1o. Es dif\u00edcil. Pero el Bar\u00e7a tiene un punto d\u00e9bil: una plantilla m\u00e1s corta. Ante una oleada de lesiones como la que ha tenido el Madrid se resentir\u00eda m\u00e1s. Y hay otra cosa: el Bar\u00e7a no puede ser mejor de lo que es, el Madrid s\u00ed, aunque no sabemos cu\u00e1ndo.<\/p>\n<p>P.- Buenos d\u00edas Alfredo,\u00bfcrees que Pujol,Pique,Albiol y Capdevilla puede ser la defensa del mundial?.Porque al se\u00f1or Ramos c\u00f3mo siga as\u00ed ni va a Sur\u00e1frica.\u00bfQu\u00e9 opinas?.Un saludo y gracias.<\/p>\n<p>R.- Veo a Ramos horroroso. Y no me lo explico. Pero cada partido parece que juegue peor que el anterior, as\u00ed que si todo sigue as\u00ed habr\u00e1 que buscar una solcui\u00f3n, y esa no es mala.<\/p>\n<p>P.- Buenas Alfredo, Cuanto hace que no vemos una ola en las gradas del Bernab\u00e9u? Saludos<\/p>\n<p>R.- Desde el 4-1 al Bar\u00e7a, el d\u00eda del pasillo. Pero a m\u00ed no me entusiasma la ola si estoy en el campo. Si estoy en la tele me gusta verla, da aire de fiesta. Pero si estoy en el campo me agobia, porque o estoy al partido o estoy a la ola. <\/p>\n<p>P.- Alfredo me sorprendi\u00f3 la suplencia de Sergio Asenjo, qu\u00e9 pas\u00f3 realmente? ser\u00e1 suplente con Quique?<\/p>\n<p>R.- No creo que sea suplente con Quique. Fue una berzotada de Santi, que quiso dejar su cagadita. Y vaya si lo consigui\u00f3.<\/p>\n<p>P.- Buenas Sr. Rela\u00f1o Al comienzo de la segunda era del Florentinato usted, entre otros, ped\u00edan a los madridistas que hici\u00e9ramos actos de fe y crey\u00e9semos que Florentino hab\u00eda aprendido de sus errores a pesar de que jam\u00e1s ha reconocido alguno p\u00fablicamente. Despu\u00e9s de tan dos meses de competici\u00f3n y viendo como, si las cosas van mal dadas, ya ha elegido al entrenador como cabeza de turco \u00bfsigue pensando que ha aprendido de sus errores?<\/p>\n<p>R.- Esrt\u00e1 por ver, est\u00e1 la pelota en el tejado. Ahora se ha propuesto evitar que se le escapen cr\u00edticas al entrenador, y eso ya es algo. Pero s\u00ed se est\u00e1 pareciendo esto a aquello m\u00e1s de la cuenta.<\/p>\n<p>P.- Hola Alfredo: \u00bfpor qu\u00e9 crees que Valdano defiende tanto a Ram\u00f3n Mart\u00ednez argumentando que no conoce a nadie que tenga tantos contactos?. T\u00fa que opinas otra cosa \u00bftienes alg\u00fan motivo concreto para hacerlo?. Gracias y saludos. Carlos<\/p>\n<p>R.- No opino otra cosa, no s\u00e9 por qu\u00e9 cree usted eso. Opino lo que digo, prefiero no maliciarme ninguna otra cosa. Pero desde luego me parece impresentable haberle recuperado tras lo que hizo, y m\u00e1s a la vista de su flojo papel en el Celta.<\/p>\n<p>P.- \u00bfPor qu\u00e9 crees que tiene el Real Madrid tantos lesionados? \u00bfEs problema de los preparadores f\u00edsicos o del equipo m\u00e9dico? Salu2,<\/p>\n<p>R.- Muchas lesiones musculares ponen en cuesti\u00f3n la preparaci\u00f3n f\u00edsica. Tanto tiempo para las recuperaciones ponen en cuesti\u00f3n el sistema m\u00e9dico. Al Madrid le duran mucho las lesiones y hay demasiadas reca\u00eddas.<\/p>\n<p>P.- Sr Rela\u00f1o. En la etapa anterior Florentino quer\u00eda hacer mas de lo que corresponde con su rango (v\u00e9ase Arrigo Sacchi), cambi\u00f3 a un entrenador espa\u00f1ol que hab\u00eda ganado 2 copas de Europa y conoc\u00eda lo que es el club y la cantera por uno que le quedaba mejor el traje y hablaba mas idiomas, hizo mucha amistad con los jugadores (que luego le llevo a no poder echarlos), y mas cosas. \u00bfCrees que esta etapa intentando corregir eso y crees que lo conseguir\u00e1? Un saludo maestro<\/p>\n<p>R.- Sr Rela\u00f1o. En la etapa anterior Florentino quer\u00eda hacer mas de lo que corresponde con su rango (v\u00e9ase Arrigo Sacchi), cambi\u00f3 a un entrenador espa\u00f1ol que hab\u00eda ganado 2 copas de Europa y conoc\u00eda lo que es el club y la cantera por uno que le quedaba mejor el traje y hablaba mas idiomas, hizo mucha amistad con los jugadores (que luego le llevo a no poder echarlos), y mas cosas. \u00bfCrees que esta etapa intentando corregir eso y crees que lo conseguir\u00e1? Un saludo maestro<\/p>\n","protected":false},"excerpt":{"rendered":"<p>Alfredo Rela\u00f1o, director del Diario As, ha charlado con los internautas sobre la actualidad deportiva. <\/p>\n<p>ARCHIVO DE ENTREVISTAS:<\/p>\n<p>href=&#8221;http:\/\/www.as.com\/edigitales\/entrevista\/Alfredo-Relano-5818&#8243;>19 de octubre &#8211; 13 de octubre &#8211; 05 de octubre &#8211; 28 de septiembre &#8211; 21 de septiembre &#8211; 16 de septiembre &#8211; 07 de septiembre &#8211; 31 de agosto &#8211; 24 de agosto &#8211; 29 de junio &#8211; 24 de junio &#8211; 16 de junio &#8211; 08 de junio &#8211; 01 de junio &#8211; 25 de mayo &#8211; 18 de mayo &#8211; 11 de mayo &#8211; 4 de mayo &#8211; 27 de abril &#8211; 20 de abril &#8211; 13 de abril &#8211; 30 de marzo &#8211; 23 de marzo &#8211; 16 de marzo &#8211; 9 de marzo &#8211; 2 de marzo &#8211; 23 de febrero &#8211; 16 de febrero &#8211; 9 de febrero &#8211; 2 de febrero &#8211; 26 de enero &#8211; 19 de enero &#8211; 12 de enero &#8211; 15 de diciembre &#8211; 10 de diciembre &#8211; 1 de diciembre &#8211; 24 de noviembre &#8211; 17 de noviembre &#8211; 10 de noviembre &#8211; 7 de noviembre &#8211; 27 de octubre &#8211; 21 de octubre &#8211; 13 de octubre &#8211; 6 de octubre &#8211; 30 de septiembre &#8211; 22 de septiembre &#8211; 15 de septiembre &#8211; 8 de septiembre &#8211; 1 de septiembre <\/p>\n","protected":false},"author":1,"featured_media":0,"comment_status":"open","ping_status":"open","sticky":false,"template":"","format":"standard","meta":{"footnotes":""},"categories":[],"tags":[],"class_list":["post-8950","post","type-post","status-publish","format-standard","hentry"],"_links":{"self":[{"href":"https:\/\/intervius.com\/index.html\/wp-json\/wp\/v2\/posts\/8950","targetHints":{"allow":["GET"]}}],"collection":[{"href":"https:\/\/intervius.com\/index.html\/wp-json\/wp\/v2\/posts"}],"about":[{"href":"https:\/\/intervius.com\/index.html\/wp-json\/wp\/v2\/types\/post"}],"author":[{"embeddable":true,"href":"https:\/\/intervius.com\/index.html\/wp-json\/wp\/v2\/users\/1"}],"replies":[{"embeddable":true,"href":"https:\/\/intervius.com\/index.html\/wp-json\/wp\/v2\/comments?post=8950"}],"version-history":[{"count":0,"href":"https:\/\/intervius.com\/index.html\/wp-json\/wp\/v2\/posts\/8950\/revisions"}],"wp:attachment":[{"href":"https:\/\/intervius.com\/index.html\/wp-json\/wp\/v2\/media?parent=8950"}],"wp:term":[{"taxonomy":"category","embeddable":true,"href":"https:\/\/intervius.com\/index.html\/wp-json\/wp\/v2\/categories?post=8950"},{"taxonomy":"post_tag","embeddable":true,"href":"https:\/\/intervius.com\/index.html\/wp-json\/wp\/v2\/tags?post=8950"}],"curies":[{"name":"wp","href":"https:\/\/api.w.org\/{rel}","templated":true}]}}