{"id":895,"date":"2006-11-22T00:00:00","date_gmt":"2006-11-06T00:00:00","guid":{"rendered":"https:\/\/intervius.com\/index.html\/?p=895"},"modified":"2006-11-06T00:00:00","modified_gmt":"2006-11-06T00:00:00","slug":"Mara_Torres895","status":"publish","type":"post","link":"https:\/\/intervius.com\/index.html\/Mara_Torres895\/","title":{"rendered":"Mara Torres"},"content":{"rendered":"<p>Pregunta.- \u00bfTe quedas con la tele o con la radio?<\/p>\n<p>Respuesta.- Son lenguajes completamente diferentes, la radio cuenta con la imaginaci\u00f3n y la tele con la imagen. Me gusta levantarme con la radio y ver un rat\u00edn la tele por la noche. Son compatibles.<\/p>\n<p>P.- T\u00fa has hecho el programa nocturno en la SER de &#8220;hablar por hablar&#8221;.Mi pregunta es: \u00bfcrees que por la noche todos los gatos son pardos? Gracias, GUAPA!!!<\/p>\n<p>R.- S\u00ed, s\u00ed, todos los gatos son pardos de noche, y algunos tambi\u00e9n de d\u00eda!<\/p>\n<p>P.- He leido tu libro y me ha parecido muy bonito. \u00bfQui\u00e9n es esa Eva a qui\u00e9n se lo dedicas?<\/p>\n<p>R.- Eva es mi hermana mayor. Y Alicia, a quien tambi\u00e9n hago una referencia al final, la peque\u00f1a. <\/p>\n<p>P.- \u00bfC\u00f3mo se supera la p\u00e9rdida de algui\u00e9n?<\/p>\n<p>R.- Manteniendo su presencia, hablado de \u00e9l, acord\u00e1ndonos de c\u00f3mo era en vida&#8230; Dicen que la \u00fanica muerte es el olvido. <\/p>\n<p>P.- \u00bfEs muy diferente la comunicaci\u00f3n con los espectadores y con los radioyentes?<\/p>\n<p>R.- S\u00ed, sobre todo porque la relaci\u00f3n que ten\u00edamos en Hablar por hablar era muy directa. En la radio sab\u00eda que estaban, mientras en la tele sospecho que est\u00e1n. De todas formas, el informativo de La 2 tiene algo fabuloso y es que siempre estamos contando cosas nuevas, aportando un punto diferente sobre todo lo que pasa a nuestro alrededor.<\/p>\n<p>P.- \u00bfQu\u00e9 crees que aportas a las noticias de La 2?<\/p>\n<p>R.- La 2 Noticias es un trabajo en equipo. Desde las 21.50, que salimos con el avance, hasta que nos despedimos a las 22.20, estamos contando a los espectadores lo que ha pasado durante el d\u00eda y, sobre todo, lo que nos ha llamado la atenci\u00f3n, aunque est\u00e9 fuera de lo esperado o de lo que tendr\u00eda que darse en un informativo al uso.<\/p>\n<p>P.- Hola Mara!!Me gustar\u00eda saber si vas a escribir otro libro porque ahora dispondr\u00e1s de menos tiempo. Recuerdo que una noche en Hablar por hablar comentastes que eras admiradora de la 2noticias y lo que son las cosas ahora las presentas t\u00fa. Como escritora \u00bfa qui\u00e9n admiras? Gracias por llevarme de la mano con tu libro a tantas sensaciones. Me han hecho recordar pero tambi\u00e9n imaginar. Por cierto, al final me qued\u00e9 sin foto pero da igual tengo tu libro que eso es lo importante. Saludos.<\/p>\n<p>R.- De momento, no. S\u00ed, siempre he seguido La 2 Noticias desde que empez\u00f3, de hecho, muchos d\u00edas era lo \u00fanico que ve\u00eda en la tele. Admiro a muchos escritores, disfruto mucho con Coetzze y un amigo me descubri\u00f3 en Tokio Blues a Murakami. Y la poes\u00eda, claro. Hoy he o\u00eddo a Felix Grande en la radio leerle un poema a Blanca Portillo y se me ca\u00eda la baba&#8230; <\/p>\n<p>P.- Llevo 2 meses en EEUU y a\u00fan no he podido ver &#8220;la 2 noticias&#8221; ni leer tu libro, seguro que son geniales, pero \u00bfde d\u00f3nde sacas el tiempo para todo? Probablemente tendr\u00e1s alg\u00fan otro proyecto en la cabeza, \u00bfverdad? Cuenta, cuenta.. Un Besazo. Un viejo desconocido.<\/p>\n<p>R.- La 2 noticias la puedes ver en la p\u00e1gina web: La2noticias.tve.es y as\u00ed te contagias desde all\u00ed de la mirada que tenemos por aqu\u00ed. El libro lo he estado escribiendo durante dos a\u00f1os y medio. Escrib\u00eda de 12 a 8 y luego me iba a la radio. Buscar el tiempo para hacer cosas que uno le gustan est\u00e1 bien, porque muchas veces lo encuentras. \ud83d\ude09 <\/p>\n<p>P.- \u00bfPor qu\u00e9 decidiste dejar el programa &#8220;Hablar x hablar&#8221; (programa de radio) por uno de televisi\u00f3n donde es otro mundo?<\/p>\n<p>R.- Efcetivamente, la tele es otro mundo, pero forma parte de la profesi\u00f3n period\u00edstica, como la prensa o la radio. No tengo la sensaci\u00f3n de estar en un programa de tele, sino en La 2 Noticias. Es decir, lo que me entusiasm\u00f3 fue el proyecto de la 2 Noticias. Luego pens\u00e9: &#8220;Vaya, es en la tele&#8230; Buen, tendr\u00e9 oportunidad de conocer un lenguaje nuevo y mucho m\u00e1s complejo&#8221;.<\/p>\n<p>P.- \u00bfC\u00f3mo es que un libro puede ayudar realmente a la gente a sobreponerse a la p\u00e9rdida de un ser querido? Lo digo porque el duelo y la p\u00e9rdida son distintas para cada persona, tal vez se encuentre empat\u00eda en un caso parecido pero \u00bfc\u00f3mo ayuda realmente una experiencia ajena?<\/p>\n<p>R.- Exacto, se trata de empatizar. Cada p\u00e9rdida es \u00fanica, pero hay en el duelo algunas cosas que son parecidas para todos los que hemos perdido un ser querido. POr ejemplo, la necesidad de hablar de c\u00f3mo fue nuestra relaci\u00f3n con \u00e9l, de contar a los dem\u00e1s qui\u00e9n era, c\u00f3mo era&#8230; Hablar es un cobijo, las palabras muchos veces son una especie de refugio ante lo que nos pasa en la vida. Algo as\u00ed como compartir la experiencia con\/del otro. <\/p>\n<p>P.- Un libro en el que reflexionas sobre la falta de los seres queridos. \u00bfPor qu\u00e9 escogiste ese tema? \u00bfQu\u00e9 te ha ense\u00f1ado?<\/p>\n<p>R.- Me ha ense\u00f1ado a valorar la cotidianidad y el tiempo que pasamos junto a las personas que queremos. Y me ha ense\u00f1ado que ante la ausencia, la presencia adquiere una dimensi\u00f3n \u00fanica. Y que la tristeza es un sentimiento tan potente como la alegr\u00eda, y tan necesario. Y he aprendido quienes eran Javier Tusell, Buero Vallejo, Mayte Gutierrez y Dulce Chac\u00f3n desde dentro, desde la mirada de quienes estaban cerca. <\/p>\n<p>P.- Hola Mara Soy Luna (del chat) hizo un blog en el que me enter\u00e9 que hab\u00edas escrito un nuevo libro y donde estabas en la tele que ha obtenido muchos comentarios y entre ellos uno supuestamente tuyo&#8230;. \u00bfLlegaste realmente al blog y es verdad que esas palabras son tuyas y no de alguien que se haya hecho pasar por ti? Gracias por responderme <\/p>\n<p>R.- S\u00ed, ech\u00e9 un vistazo al blog, y me hizo tanta ilusi\u00f3n reencontrarme all\u00ed con vosotros y escrib\u00ed un mensaje. <\/p>\n<p>P.- Hola, Mara!! Tu libro me ha gustado mucho lo he devorado m\u00e1s que leerlo. La presentaci\u00f3n del libro estuvo muy emotiva aunque me dio penilla verte llorar. El relato que m\u00e1s me emocion\u00f3 fue el de Alejandro Pelayo. Porque llegar y que te digan de repente: no, que no est\u00e1 y no va a volver m\u00e1s tiene que ser muy duro. Tienes que sentir un vac\u00edo y una desesperaci\u00f3n muy grande. Tu te has puesto en la piel de todos y prueba de ello es tu libro. Pero, \u00bfcu\u00e1l fue el que m\u00e1s te emocion\u00f3? Saludos<\/p>\n<p>R.- Los cuatro. Al estar tan cerca durante tanto tiempo de ellos nos hicimos muy complices. Ha sido un proceso bastante potente emocionalmente, y tambi\u00e9n nos lo hemos pasado muy bien. Quiz\u00e1 uno de los momentos m\u00e1s especiales fue cuando fui con Alejandro Pelayo a Santander y volvi\u00f3 a la casa de la profesora de piano (al portal) por primera vez en 20 a\u00f1os. Bueno, esto no sale en el libro, claro, pero fue un momento muy especial, la verdad. <\/p>\n<p>P.- \u00bfAhora que eres famosa la gente te reconoce por la calle?\u00bfEchas de menos el anonimato? \u00bfTus lectores tienen algo en com\u00fan o son de lo m\u00e1s variados? \u00bfTienes pensado firmar en varias ciudades? <\/p>\n<p>R.- No, no, no no me reconocen y si lo hacen son discretos y cari\u00f1osos. Los lectores somos siempre diferentes, es lo bueno, que cada uno sacamos una lectura entre l\u00edneas. Y lo de firmar en varias ciudades me gustar\u00eda mucho, pero claro, hay que ver si puedo ajustar los horarios. Veremos. <\/p>\n<p>P.- Mara, Felicidades por tu libro porque es muy bonito. Me gustar\u00eda saber con qu\u00e9 te quedas de tu paso por el programa &#8220;hablar por hablar&#8221; y si ha conocido personalmente a alg\u00fan oyente con el que haya entablado una amistad. Suerte en la televisi\u00f3n.<\/p>\n<p>R.- Con el paso por Hablar por hablar me quedo con cinco a\u00f1os de madrugadas entre amigos. Cuando un oyente va a alguna presentaci\u00f3n y se acerca nos echamos unas buenas charlas, s\u00ed, porque es como si nos conoci\u00e9ramnos.. claro, todas las noches acost\u00e1ndonos juntos&#8230;<\/p>\n<p>P.- \u00bfC\u00f3mo ves tu futuro? Escribiendo, en televisi\u00f3n o en la radio. Si tuvieras que numerarlo porque orden lo pondr\u00edas.<\/p>\n<p>R.- Uf, el futuro! Ni idea, de momento cuando salga de aqui me voy a Torrespa\u00f1a&#8230; A veces pienso en el futuro y \u00bfsabes qu\u00e9 me pasa? Que le doy vueltas y vueltas y vueltas y acabao mareadita. <\/p>\n<p>P.- Buenos d\u00edas Mara.Se agradece que hagas un informativo diferente al standard que hay establecido y que al final todos parecen iguales y muchas veces no reflejan la realidad gente.Qu\u00e9 piensas del problema de la vivienda en Espa\u00f1a, donde de un derecho constitucional y b\u00e1sico, han creado para mucha gente, joven, separada, desempleada, inmigrantes, etc. una situaci\u00f3n de precaridad,desesperanza e indignidad . No me estra\u00f1a que cada vez haya m\u00e1s abstenci\u00f3n en las elecciones.Los problemas no coinciden.<\/p>\n<p>R.- Tienes raz\u00f3n, la pol\u00edtica parece tan ajena muchas veces a lo que nos pasa. Lo del tema de la vivienda es sangrante y mucho m\u00e1s ahora cuando est\u00e1n saliendo a la luz todos los casos de corrupci\u00f3n urban\u00edstica. Una verg\u00fcenza.<\/p>\n<p>P.- Me gusta el nuevo estilo que imprimes a &#8220;La 2 Noticias&#8221;, sin embargo \u00bfno crees que este espacio, para dejar una sensaci\u00f3n de mayor empaque, deber\u00eda durar al menos 30 minutos, como ocurr\u00eda antes?.<\/p>\n<p>R.- Completamente de acuerdo con que el informativo deber\u00eda durar 30 minutos. desde aqu\u00ed, un llamamiento a los jefes. <\/p>\n<p>P.- Hola Mara, es un verdadero placer saludarte. \u00bfCu\u00e1les son los tres libros de poes\u00eda (o poetas) favoritos y las novelas que m\u00e1s veces has le\u00eddo? Gracias, mucha suerte con el libro y en tu nueva etapa en la 2 <\/p>\n<p>R.- Gil de Biedma, Angel Gonzalez, Luis Garcia Montero. La novela que m\u00e1s veces he le\u00eddo es Un amor de Swam, de Proust, y releo las de Delibes. Pero releeo mucha m\u00e1s poes\u00eda que novela, la verdad.<\/p>\n<p>P.- \u00bfporqu\u00e9 en vuestro telediario salen siempre ballenas y foquitas cuando en el mundo existen genocidios como el de Sud\u00e1n? \u00bfser\u00e1 porque a los progres les gustan m\u00e1s los bichos que las personas?<\/p>\n<p>R.- Hablamos de genocidios como el de Sud\u00e1n, y hablamos de los conflictos en Oriente Medio y hablamos de la pol\u00edtica espa\u00f1ola y de la pol\u00edtica internacional. Y adem\u00e1s creemos que es importante preservar el medio ambiente porque eso es cuidar el futuro de todos. <\/p>\n<p>P.- Desde hace tres a\u00f1os te he seguido en la radio. Me gustaba mucho escuchar tu tono de voz. Me resultaba muy relajante a pesar de los problemas que te planteaba la gente .Ahora se te echa de menos. En televisi\u00f3n creo que a\u00fan no transmites tu verdaderos encantos, supongo que ser\u00e1 cuesti\u00f3n de tiempo porque vales mucho. No he leido tu libro pero lo har\u00e9 este fin de semana. Gracias por ser buena gente.<\/p>\n<p>R.- Muy amable por tu comentario. Pero \u00bfcomo se te ocurre ponerte ese nick?<\/p>\n<p>P.- Hola Mara, enhorabuena por tu trabajo. Me gustar\u00eda saber qu\u00e9 dificultades has encontrado, si es que las hubo, a la hora de pasar de trabajar en un medio (la radio) a otro tan distinto (la televisi\u00f3n).<\/p>\n<p>R.- Nunca he sido tan consciente de realizar un trabajo en equipo como ahora. Esa ha sido la primera lecci\u00f3n, y luego ha habido una segunda, y una tercera&#8230; imag\u00ednate! Un universo nuevo. <\/p>\n<p>P.- Mara, ?como te has ido de la cadena SER a la T.V. 2\u00bf Allime gustabas m\u00e0s que aqui. Ya te echo en falta por las noches, a pesar de que te ha sustituido otra compa\u00f1era tuya, tambi\u00e8n agradable, pero no tanto como tu. Que tengas suerte.<\/p>\n<p>R.- Llevaba 12 a\u00f1os en la Ser y pens\u00e9 que era un buen momento para formarme en otros campos. Y estoy contenta. Y por la noche, os pongo un rato a vosotros para seguiros la pista.<\/p>\n<p>P.- Tus personajes experimentan una p\u00e9rdida&#8230; de qu\u00e9 tipo? No es cierto que al perder a alguien pierdes un poco de ti al fin y al cabo? En la medida en que los otros ayudan a construir tu persona&#8230;<\/p>\n<p>R.- Completamente de acuerdo, perder a alguien que queremos es perder un poco de nosotros mismos, pero, a la vez, es llenarte un poco de ellos para siempre. Me queda un poco \u00f1o\u00f1a la respuesta, pero creo que es as\u00ed, sientes un vac\u00edo, que se llena de memoria. <\/p>\n<p>P.- Era un oyente de &#8220;Hablar x hablar&#8221;, por supuesto solo cuando tu lo dirig\u00edas. Te sigo desde que hac \u00edas un programa de radio los sabados por la ma\u00f1ana; A Contraluz; y, como no, te veo todas las noches en la 2 Noticias. Ahora he le\u00eddo el libro &#8220;Sin T\u00ed&#8221;. Maravilloso. Siendo tan buena profesional en todos los medios. \u00bfC\u00f3mo te ves en el futuro? TV, Radio o escribiendo?. Un beso<\/p>\n<p>R.- Pero bueno! Si est\u00e1s desde A Contraluz, entonces nos conocemos desde hace mucho tiempo, no? Jeje. Gracias por tu comentario, me alegro de que hayas disfrutado del libro y de que sigas el informativo. Del futuro ni idea, ya lo pensar\u00e9 cuando llegue.<\/p>\n<p>P.- Hola Marusella&#8230;&#8230; \u00bfDe alguna forma, despu\u00e9s de escribir este libro tu estado es, en parte, tambi\u00e9n de cierta ausencia?<\/p>\n<p>R.- Escribir este libro con este tema me ha cambiado la forma de enfrentarme a la muerte. Hace tres semanas muri\u00f3 mi abuelo y pensaba en todo lo que me hab\u00edan ense\u00f1ado los protagonistas del libro. Y me ayud\u00f3. Te prometo que me ayud\u00f3. Todos los d\u00edas tengo un rato para pensar en mi abuelo.<\/p>\n<p>P.- Hola Mara, \u00bfno crees que a veces un buen amigo puede suplir muchas carencias que debieramos de recibir de la familia?<\/p>\n<p>R.- Claro que creo que un amigo es important\u00edsimo, pero nadie suple a nadie, vamos, eso creo, que cada uno ocupa el lugar que le hacen o el lugar que se hace. <\/p>\n<p>P.- Mara, \u00bf Eres consciente de la componente plat\u00f3nica que despertabas en tus oyentes-chatines masculinos en el Hablar por hablar.? .Tambien quisiera decirte que el programa es un bagaje impresionante de conocimiento de la sociedad espa\u00f1ola que entre s\u00e1banas dormita feliz porque a \u00e9l no le pasa eso que oye. Gracias por tantos buenos ratos y que duren.<\/p>\n<p>R.- Jaja. Lo mejor de un amor es que sea plat\u00f3nico, no hay nada que se parezca a eso! En serio, s\u00ed, es un bagaje important\u00edsimo. De hecho me flipaba cuando un pol\u00edtico ven\u00eda y me decia que era oyente del programa, pensaba: &#8220;Ah, s\u00ed? Pues toma nota!&#8221;<\/p>\n<p>P.- Primero Enorabuena por su informativo en La2, gracias que est\u00e1n ustedes para informarnos de cosas que ni sab\u00edamos, lo de ayer de los orangutanes, lo de la isla de borneo y el fuego en la isla&#8230;como puede ser que los grandes informativos no se hagan eco de noticias como esas? Que opina del show informativo que corre por las TV? De nuevo felcidades por el lavado de cara a La2 Noticias y a Miradas2<\/p>\n<p>R.- Lo de la Isla de Borneo significa que los intereses comerciales pueden con todo. Y lo queremos denunciar. Me alegra mucho que lo siguieras ayer y que veas Miradas 2. Un beso<\/p>\n<p>P.- CUALES SON LAS T\u00c9CNICAS PARA TRANSMITIR CERCAN\u00cdA. Y QUE NOTE ABSOLUTAMENTE NADA. HASTA EL PUNTO DE QUE UNO COMO AUDIENCIA SE LO ACABE CREYENDO.<\/p>\n<p>R.- CUALES SON LAS T\u00c9CNICAS PARA TRANSMITIR CERCAN\u00cdA. Y QUE NOTE ABSOLUTAMENTE NADA. HASTA EL PUNTO DE QUE UNO COMO AUDIENCIA SE LO ACABE CREYENDO.<\/p>\n<p>P.- Hola Mara. Te recuerdo mucho del pasado curso en &#8220;Hablar por hablar&#8221;. No he le\u00eddo este libro tuyo, pero el tema me parece interesante para cualquier lector, al tratar una circunstancia dolorosa para la que pocas veces estamos preparados. Me gustar\u00eda seber el enfoque que has dado al tema, la \u00f3ptica desde la que est\u00e1 tratado, si puede servir como un modo de terapia&#8230; Muchas gracias.<\/p>\n<p>R.- Son cuatro relatos protagonizados por personas que han perdido a un ser querido. Los protagonistas ten\u00edan una impotante trayectoria p\u00fablica. Realic\u00e9 muchas entrevistas y luego redact\u00e9 los relatos. La mirada parte de la ausencia y nos lleva al tiempo compartido y a la vida cotidiana. He disfrutado mucho escribi\u00e9ndole. <\/p>\n<p>P.- \u00bfEs verdad que La 2 Noticias es desde siempre el programa favorito de tu padre? \u00bfQu\u00e9 te ha dicho sobre tu trabajo? Por mi parte, me parece que has dado un aire nuevo que parec\u00eda dif\u00edcil de encontrar al informativo. Enhorabuena y suerte!!<\/p>\n<p>R.- S\u00ed, mi padre es uno de esos espectadores selectivos que existen y que eligen lo que quieren ver en la tele. Y siempre ve La 2 Noticias y, bueno, tambi\u00e9n otros programas de La 2. Y es muy cr\u00edtico, afortunadamente, conmigo y con todo. <\/p>\n<p>P.- Hola Mara, un placer leerte (ahora) y verte (esta noche). Veo que compartimos el gusto por Marlango, \u00bfdesde cu\u00e1ndo te gustan?<\/p>\n<p>R.- Desde su primer disco, hasta el \u00faltimo, o sea, todos porque s\u00f3lo tienen dos. <\/p>\n<p>P.- \u00bfQue hay que hacer para no aburrir soberanamente en los informativos?<\/p>\n<p>R.- Divertirte con las noticias que das si son buenas. Y desdramatizar con las cosas que pasan. <\/p>\n<p>P.- Hola Mara: Encantado de saludarte, siempre recordar\u00e9 tu voz en la radio en las noches de insomnio ( que son muchas ) Estoy intentando localizar, sin exito, una canci\u00f3n que era como oriental y se pon\u00eda mucho en tu \u00e9poca en &#8220;Hablar por hablar&#8221;. Ya s\u00e9 que no son muchos datos, pero tambi\u00e9n s\u00e9 que sabes a cu\u00e1l me refiero. Mis mejores deseos en tu nueva aventura en La2. <\/p>\n<p>R.- \u00bfPodr\u00eda ser una de las Bandas Sonoras de alguna peli de Won Kar Wai, por ejemplo, \u201cIn the mood for love\u201d o \u201c2046\u201d? Puede que sea una de esas, mira a ver. <\/p>\n","protected":false},"excerpt":{"rendered":"<p>Mara Torres, actual cara de los informativos de la 2 y conocida por su paso por el programa radiof\u00f3nico Hablar por hablar, ha escrito un nuevo libro: Sin ti. Cuatro miradas desde la ausencia. En \u00e9l la autora reflexiona sobre la falta de los seres queridos. Mara Torres ha charlado con los lectores sobre su nuevo libro.<br \/>\nFOTO: DAVID CORRAL<\/p>\n","protected":false},"author":1,"featured_media":0,"comment_status":"open","ping_status":"open","sticky":false,"template":"","format":"standard","meta":{"footnotes":""},"categories":[],"tags":[],"class_list":["post-895","post","type-post","status-publish","format-standard","hentry"],"_links":{"self":[{"href":"https:\/\/intervius.com\/index.html\/wp-json\/wp\/v2\/posts\/895","targetHints":{"allow":["GET"]}}],"collection":[{"href":"https:\/\/intervius.com\/index.html\/wp-json\/wp\/v2\/posts"}],"about":[{"href":"https:\/\/intervius.com\/index.html\/wp-json\/wp\/v2\/types\/post"}],"author":[{"embeddable":true,"href":"https:\/\/intervius.com\/index.html\/wp-json\/wp\/v2\/users\/1"}],"replies":[{"embeddable":true,"href":"https:\/\/intervius.com\/index.html\/wp-json\/wp\/v2\/comments?post=895"}],"version-history":[{"count":0,"href":"https:\/\/intervius.com\/index.html\/wp-json\/wp\/v2\/posts\/895\/revisions"}],"wp:attachment":[{"href":"https:\/\/intervius.com\/index.html\/wp-json\/wp\/v2\/media?parent=895"}],"wp:term":[{"taxonomy":"category","embeddable":true,"href":"https:\/\/intervius.com\/index.html\/wp-json\/wp\/v2\/categories?post=895"},{"taxonomy":"post_tag","embeddable":true,"href":"https:\/\/intervius.com\/index.html\/wp-json\/wp\/v2\/tags?post=895"}],"curies":[{"name":"wp","href":"https:\/\/api.w.org\/{rel}","templated":true}]}}