{"id":8937,"date":"2009-10-26T00:00:00","date_gmt":"2006-11-06T00:00:00","guid":{"rendered":"https:\/\/intervius.com\/index.html\/?p=8937"},"modified":"2006-11-06T00:00:00","modified_gmt":"2006-11-06T00:00:00","slug":"Jose_Samano8937","status":"publish","type":"post","link":"https:\/\/intervius.com\/index.html\/Jose_Samano8937\/","title":{"rendered":"Jos\u00e9 S\u00e1mano"},"content":{"rendered":"<p>Pregunta.- El Bar\u00e7a le saca 3 puntos al Madrid. Los dos equipos han tenido un s\u00f3lo partido dif\u00edcil: el Barcelona empat\u00f3 con el Valencia y el Madrid perdi\u00f3 por la m\u00ednima con el Sevilla. El Madrid ha marcado m\u00e1s goles. Pero si se leen los art\u00edculos de El Pa\u00eds se concluye de que el Bar\u00e7a y Guardiola -m\u00e1s Guardiola- son &#8220;supermegaguays&#8221; pero el Madrid y Pellegrini son una panda de indocumentados con mucha pasta. \u00bfNo estar\u00e1 la virtud en el justo medio?<\/p>\n<p>Respuesta.- Buenas tardes a todos y gracias por el inter\u00e9s. Acepto su subliminal reprimenda, pero creo que justo el medio virtuoso est\u00e1 en decir que el Bar\u00e7a sabe a lo que juega, que, como ayer, hay veces que juega muy bien; que tiene un plan, un ideario&#8230; El Madrid nada tiene. Lo dice incluso Pellegrini, al que le ha dado por ponerse a la defensiva y sostener peregrinos mensajes como que su equipo jug\u00f3 bien ante el Milan, o que c\u00f3mo se le ocurre a nadie decir que juega mal si mete tres tantos por partido. En Gij\u00f3n no lo hizo. Es decir, todo pasa por los futbolistas, nada pinta el t\u00e9cnico, a tenor de sus palabras.<\/p>\n<p>P.- Hasta donde puede llegar Ricky Rubio?<\/p>\n<p>R.- Supongo que lejos, muy lejos, pero hay algo en \u00e9l que me inquieta: \u00bfcree que con tanto alboroto adulador en su entorno se le ha acabado el tiempo de aprendizaje? Le confieso una man\u00eda: me ponen muy nervioso los bases que no tienen tiro. Lo siento, es una debilidad.<\/p>\n<p>P.- Los entrenadores se suceden y, en mi opini\u00f3n, desde hace muchos a\u00f1os, el Madrid s\u00f3lo sabe jugar a r\u00e1fagas, es incapaz de construir y mantener un estilo cuyo objetivo sea gobernar los partidos, independientemente de que al final la bola entre o no. Yo pensaba que Pellegrini pod\u00eda lograrlo. \u00bfD\u00f3nde est\u00e1 el problema, cuando equipos m\u00e1s peque\u00f1os logran en dos meses ordenarse alrededor de la pelota trat\u00e1ndola con esmero? \u00bfSer\u00e1 que es imposible lograrlo en el Madrid?<\/p>\n<p>R.- \u00a1Cu\u00e1nta raz\u00f3n tiene usted! Yo tambi\u00e9n cre\u00eda en Pellegrini, pero, por ahora, me ha defraudado. Me parece que su discurso es empeque\u00f1ecedor, est\u00e1 a la defensiva, como si no midiera qu\u00e9 es el Madrid. Se aferraba a los goles y se e ga\u00f1aba con &#8220;ratos de buen juego&#8221;. Su misi\u00f3n era formar una orquesta con grandes solistas, un gran reto, sin duda, pero para eso entrena al Madrid. Para defenderse ante la prensa con maquillajes de goles ya ten\u00eda el Villarreal. El d\u00eda que asuma que en el Madrid todo es poco le ir\u00e1 mejor. Le o\u00eddo decir que tras cinco a\u00f1os en Villarreal sabe perfectamente el eco que tiene el Madrid. Creo que se enga\u00f1a a s\u00ed mismo. El Madrid es una catarata de exigencias y el entrenador no puede negarlas: hay que ganar, golear y jugar bien. Todo lo dem\u00e1s es ch\u00e1chara. <\/p>\n<p>P.- \u00bfNo pierde intensidad el f\u00fatbol y gana en previsible cuando equipos muy superiores arrollan a modestos? <\/p>\n<p>R.- Mires usted, es problema de los entrenadores que se las ingenian con peque\u00f1as bajezas con tal de perpetuarse en el puesto. A Hugo le fue bien, cree \u00e9l, con marcajes al hombre del pleistoceno ante el Bar\u00e7a; anoche, Marcelino no lleg\u00f3 a tanto con el Zaragoza, pero sali\u00f3 al Camp Nou con la \u00fanica idea de rapi\u00f1ar un 0-0. No par\u00f3 de hacer aspavientos, no s\u00e9 para qu\u00e9, hasta iba goleado, y se qut\u00f3 del plano.<\/p>\n<p>P.- Estimado se\u00f1or S\u00e1mano. \u00bfSabr\u00eda decirme si el nacionalizado Perotti podr\u00eda jugar con la selecci\u00f3n espa\u00f1ola? Si no me equivoco, Perotti a\u00fan no ha debutado con la absoluta argentina y creo que ello le ofrece la posibilidad de estrenarse con Espa\u00f1a. \u00bfMe equivoco? Much\u00edsimas gracias por su atenci\u00f3n y un cordial saludo.<\/p>\n<p>R.- Siento no poder darle ahora mismo una respuesta concreta, pero hasta en el propio Sevilla tienen dudas. Perotti ha llegado a jugar algunos torneos amistosos con las inferiores albicelestes, como el de Toulon, lo que multiplica las dudas por el enrevesado reglamento FIFA. S\u00ed le puedo decir que es muy, pero que muy argentino. En mi opini\u00f3n, no dudar\u00eda en jugar para Argentina, incluso con Maradona en el banquillo.<\/p>\n<p>P.- Visto el rendimiento de Sergio Ramos en el Madrid, \u00bfno crees que deber\u00eda ser suplente?No te parece que ha tenido la culpa en casi todos los goles que ha encajado el madrid (recuerdo al menos dos fallos contra el milan). No piensas que esta sobrevalorado, que defiende mal y ataca mal? Por otro lado, visto la poca sangre de granero, que parece indolente, no opinas que Van Der Vaart le da al madrid mas chispa y mas calidad como se vio en el Molinon?<\/p>\n<p>R.- Sobre Sergio Ramos: no est\u00e1 a su mejor nivel, pero me encanta como jugador. Paga el mal paso colectivo y, adem\u00e1s, en su caso de lateral, el hecho de no tener un socio por la banda. Los laterales, incluidos los mejores como Carlos Alberto, Cafu o Alves, por citar tres brasile\u00f1os de \u00e9pocas diferentes, son da\u00f1inos cuando llegan por sorpresa, como auxilio del extremo o como complemento. Si llegan y llegan por su cuenta se hacen previsibles. En el caso de SR encima nadie le socorre en defensa. Sobre Granero: la mejor ocasi\u00f3n del Madrid en el Molin\u00f3n fue suya; Van der Vaart me parece puro humo, un jugador de ratitos para partidos sin hueso.<\/p>\n<p>P.- A qui\u00e9n fichar\u00eda usted en el mercado de invierno para reforzar la plantilla pel\u00edn corta que tiene el Bar\u00e7a, situaci\u00f3n que se agravar\u00e1 con las ausencias que se producir\u00e1n con la celebraci\u00f3n de la Copa de \u00c1frica.<\/p>\n<p>R.- No me seduce el mercado de baratijas de invierno y, visto el estupendo ecosistema del Bar\u00e7a, subir\u00eda a dos Busquets del filial. Que espabile Luis Enrique.<\/p>\n<p>P.- Hola. Primero que nada, un saludo muy cordial. La pretendida nueva norma UEFA del 6+5, \u00bftiene visos de realidad?, \u00bfes realmente factible?, \u00bfpuede realmente darse marcha atras a la sentencia Bossman y sus consecuencias?. <\/p>\n<p>R.- Le devuelvo el afectuoso salido. No me gustan las cuotas, ni en el cine, ni en la pol\u00edtica ni en el f\u00fatbol. El mercado es libre, los clubes son instituciones privadas y los futbolistas, como otros trabajadores, no tienen por qu\u00e9 tener barreras. Perm\u00edtame que tire una pregunta al aire: \u00bfPor qu\u00e9 si Blatter y Platini preconizan tanto la igualdad no propician unas elecciones m\u00e1s democr\u00e1ticas y libres por tanto a la FIFA o la UEFA? \u00bfAlguien cree que sin Brasil, Argentina, Espa\u00f1a, Inglaterra, Alemania e Italia, por ejemplo, los Mundiales ser\u00edan el mismo negocio? <\/p>\n<p>P.- Hola Jos\u00e9. Gracias por tus cr\u00f3nicas de los partidos. Son muy interesantes. Quisiera me dijeses hasta d\u00f3nde puede llegar mi equipo, el Deportivo de la Coru\u00f1a, por qu\u00e9 le cuesta tanto hacer gol y el porqu\u00e9 de jugar tan poco de Valer\u00f3n que es un jugador con una extraordinaria visi\u00f3n del f\u00fatbol. Un saludo.<\/p>\n<p>R.- Gracias a usted. Me parece muy meritorio lo que hizo el Depor el pasado curso y lo que est\u00e1 haciendo \u00e9ste. No se le puede pedir una extrema regularidad cuando no la tienen el Sevilla, el Valencia, o incluso el Madrid de la \u00faltima semana. Estar en la frontera de los puestos europeos me parece extraordnario para un equipo sin tesorer\u00eda. En cuanto a Valer\u00f3n, creo que, lamentablemente para \u00e9l, usted, Lotina, Lendoiro y todo el deportivismo, ya no tiene el esqueleto necesario para hacer que un equipo grevite sobre \u00e9l. Le quedan pinceladas. A\u00fan har\u00e1 pasar buenas tardes, pero no muchas.<\/p>\n<p>P.- Jos\u00e9 vi el Liverpool-Manchester y me maravill\u00f3 Fernando Torres,que te parece el delantero madrile\u00f1o?<\/p>\n<p>R.- No tuve ocasi\u00f3n de ver el partido, pero Torres siempre me resulta menos sospechoso en el Liverpool que en la selecci\u00f3n. Me parece un gran delantero en una direcci\u00f3n, de frente a la porter\u00eda y con espacios. Tiene m\u00e1s f\u00edsico que talento, le cuesta relacionarse con la pelota y cuanto menos piensa mejor resuelve.<\/p>\n<p>P.- Buenas tardes, Jos\u00e9. Florentino quiz\u00e1s debi\u00f3 preguntar primero al entrenador que a qu\u00e9 jugadores necesitaba para jugar como ha demostrado en Villarreal. Los que ha fichado son muy buenos jugadores, pero a lo mejor no sirven para jugar como quiere Pellegrini. \u00bfQu\u00e9 opina?<\/p>\n<p>R.- Pellegrini sab\u00eda d\u00f3nde iba, bajo que mandato iba a tener que trabajar. El problema es suyo y ahora no puede sentirse v\u00edctima. \u00bfPor qu\u00e9 no preguntamos a todos los entrenadores de Primera si quisieran tener la plantilla que tiene Pellegrini? En el Madrid el proyecto lo marca un presidente abrumadoramente aclamado por los socios cuya forma de ejercer el poder ya se vislumbr\u00f3 en la etapa anterior. \u00c9l ficha a los mejores y el resto es obra del entrenador. Insisto, no creo que Pellegrini sea culpable de nada salvo de su intento de inmunizarse ante el cargo. Un error.<\/p>\n<p>P.- La superioridad en el centro del campo creada por Emery en el Valencia Bar\u00e7a al jugar con dos falsos delanteros peque\u00f1os y r\u00e1pidos que jugaban de centrocampistas (idea propiciada por la baja de Villa), junto con la ausencia de Ibrahimovic que sirve como respiradero del equipo, \u00bfvale como modelo para otros equipos para hace cortocircuito en el juego azulgrana?<\/p>\n<p>R.- Visto lo que hizo el Zaragoza, rotundamente no. Dado por descontado que no es f\u00e1cil jug\u00e1le al Bar\u00e7a, creo que lo mejor es darle cuantos m\u00e1s sustos mejor para que el equipo se alargue y pierda la conexi\u00f3n entre sus l\u00edneas. Si le aprietan en el medio, como hizo ante los ma\u00f1os, recurre a Ibrahimovic como diana. A Pep Guardiola no le faltan recursos e imaginaci\u00f3n.<\/p>\n<p>P.- Hola Jose. El pasado fin de semana, muchos periodistas destacaron el partido de Victor Vald\u00e9s en Mestalla y su no inclusi\u00f3n en la Selecci\u00f3n.\u00bfCrees que Vald\u00e9s va para maldito del futbol? \u00bfCu\u00e1les crees que han sido los malditos de futbol espa\u00f1ol?A mi se me ocurre esta lista: Buyo, Guti, Molina y Vald\u00e9s. Para m\u00ed han sido los grandes sacrificados. GRACIAS. Ojala me conteste.<\/p>\n<p>R.- La \u00fanica cruz de V\u00edctor Vald\u00e9s es Casillas. Los seleccionadores no se atreven a llevarle como suplente, temen un mot\u00edn, y prefieren metas suplentes m\u00e1s d\u00f3ciles. Recuerdo otros muchos sacrificados: Manolo Vel\u00e1zquez y el mejor Iv\u00e1n de la Pe\u00f1a, por citar s\u00f3lo dos casos.<\/p>\n<p>P.- DiStefano, Pel\u00e9, Cruyff, Maradona, Por qu\u00e9 Zidane no est\u00e1 entre los m\u00e1s grandes: para m\u00ed Garrincha es otra injusta omisi\u00f3n.<\/p>\n<p>R.- Las listas las debe hacer cada cu\u00e1l. ninguna es infalible, pero creo que la que usted cita, la convencional, tiene que ver con que cada uno marc\u00f3 una \u00e9poca. A Zidane le colocar\u00eda en el segundo nivel, con Beckenbauer, Best, Charlton, Garrincha, Zico, Platini, Puskas&#8230;<\/p>\n<p>P.- Hola, \u00bfNo cree que los contrarios se emplean contra el R Madrid con excesiva contundencia, tambi\u00e9n favorecida por el juego del Madrid de conducir demasiado la pelota, con la complacencia de los arbitros? \u00bfOcurre eso con el Barca? <\/p>\n<p>R.- Si con alguien suelen ser complacientes los \u00e1rbitros es con el Madrid y el Bar\u00e7a. No obstante, algunos son tan malos (la mayor\u00eda de los espa\u00f1oles) que no miman a las estrellas y luego sancionan cualquier estupidez. Ahora bien, en Gij\u00f3n el Madrid no recibi\u00f3 una mala patada. <\/p>\n<p>P.- Pepe, Que parte de responsabilidad atribuyes a la prensa con respecto a la presion a la que estan sometidos los entrenadores de futbol ? Yo creo que sin presion popular, es decir mediatica, los presidentes y directivos no destituirian tan facilmente a los tecnicos. Gracias y cordial saludo.<\/p>\n<p>R.- La Prensa ejerce su papel, y los entrenadores y directivos deber\u00edan hacer lo mismo. Pongamos el \u00faltimo ejemplo: \u00bfalguien, periodista o no, hubiera juzagado en positivo lo que ocurre en el Atl\u00e9tico? \u00bfes alg\u00fan periodista culpable de que Abel tragara con lo que trag\u00f3, ya sea con Gil Mar\u00edn, Cerezo o con el tal Garc\u00eda Pitarch?<\/p>\n","protected":false},"excerpt":{"rendered":"<p>La parte alta de la clasificaci\u00f3n sigue comandada por Barcelona y Real Madrid, pero Sevilla y Deportivo parecen decididos a sumarse a la fiesta. La jornada de Liga de Campeones, por su parte, dej\u00f3 como sorpresa la derrota del equipo cul\u00e9. El redactor Jefe de Deportes de El Pa\u00eds, Jos\u00e9 S\u00e1mano, ha charlado con los lectores sobre estos partidos, as\u00ed como de la s\u00e9ptima jornada de liga y de toda la actualidad deportiva.<br \/>\nARCHIVO DE ENTREVISTAS:<br \/>\n19 de octubre<br \/>\n5 de octubre 28 de septiembre<br \/>\n&#8211; 21 de septiembre &#8211; 14 de septiembre<\/p>\n","protected":false},"author":1,"featured_media":0,"comment_status":"open","ping_status":"open","sticky":false,"template":"","format":"standard","meta":{"footnotes":""},"categories":[],"tags":[],"class_list":["post-8937","post","type-post","status-publish","format-standard","hentry"],"_links":{"self":[{"href":"https:\/\/intervius.com\/index.html\/wp-json\/wp\/v2\/posts\/8937","targetHints":{"allow":["GET"]}}],"collection":[{"href":"https:\/\/intervius.com\/index.html\/wp-json\/wp\/v2\/posts"}],"about":[{"href":"https:\/\/intervius.com\/index.html\/wp-json\/wp\/v2\/types\/post"}],"author":[{"embeddable":true,"href":"https:\/\/intervius.com\/index.html\/wp-json\/wp\/v2\/users\/1"}],"replies":[{"embeddable":true,"href":"https:\/\/intervius.com\/index.html\/wp-json\/wp\/v2\/comments?post=8937"}],"version-history":[{"count":0,"href":"https:\/\/intervius.com\/index.html\/wp-json\/wp\/v2\/posts\/8937\/revisions"}],"wp:attachment":[{"href":"https:\/\/intervius.com\/index.html\/wp-json\/wp\/v2\/media?parent=8937"}],"wp:term":[{"taxonomy":"category","embeddable":true,"href":"https:\/\/intervius.com\/index.html\/wp-json\/wp\/v2\/categories?post=8937"},{"taxonomy":"post_tag","embeddable":true,"href":"https:\/\/intervius.com\/index.html\/wp-json\/wp\/v2\/tags?post=8937"}],"curies":[{"name":"wp","href":"https:\/\/api.w.org\/{rel}","templated":true}]}}