{"id":8936,"date":"2011-07-13T00:00:00","date_gmt":"2006-11-06T00:00:00","guid":{"rendered":"https:\/\/intervius.com\/index.html\/?p=8936"},"modified":"2006-11-06T00:00:00","modified_gmt":"2006-11-06T00:00:00","slug":"Inako_Diaz_Guerra8936","status":"publish","type":"post","link":"https:\/\/intervius.com\/index.html\/Inako_Diaz_Guerra8936\/","title":{"rendered":"I\u00f1ako D\u00edaz Guerra"},"content":{"rendered":"<p>Pregunta.- Hola I\u00f1ako. Como crees que quedar\u00e1 conformada la plnatilla del RMD Basket para la pr\u00f3xima temporada. Gracias.<\/p>\n<p>Respuesta.- Le faltan dos fichajes por hacer y tengo cierta sensaci\u00f3n de que a\u00fan dan algunos palos de ciego. Van a fichar seguro un alero alto, posiblemente esperen un poco a ver si se puede rascar algo de la \u00f3rbita NBA (segundo nivel, no nos calentemos) y luego andan a vueltas con Llull. Parece que Laso le quiere de base, por lo que se fichar\u00eda otro escolta para compartir la posici\u00f3n con Jaycee Carroll. Les gusta Rafa Mart\u00ednez pero es caro. Sin embargo tambi\u00e9n han tanteado a Draper, base del Cedevita. Si fichan al final un base, Llull escolta otra vez. No s\u00e9, a veces creo que ni ellos lo tienen claro. Luego, renovado Velickovic, les sobra un p\u00edvot y saldr\u00e1 Fischer.<\/p>\n<p>P.- Hola I\u00f1ako, esta va de la NBA, si se lleva acabo la huelga famosa, \u00bf perderemos un a\u00f1o bonito de ver a Rudy con el campe\u00f3n ? Habr\u00e1 suicidios masivos? jajaja. Un saludo.<\/p>\n<p>R.- Es muy muy improbable que se suspenda la temporada entera. A\u00fan hay tiempo para que se juegue toda y, en el peor de los casos, me parece que suceder\u00eda como en el 99. Para final de a\u00f1o la imagen general es tan mala, est\u00e1n perdiendo todos tanta pasta y los jugadores tan agobiados que acaban pactando a tiempo de jugar una temporada reducida de 50 partidos m\u00e1s playoffs. La verdad es que tengo mucho inter\u00e9s por ver a Rudy en Dallas. Es la prueba del algod\u00f3n. No hay un equipo que por estilo le vaya mejor. Si no funciona all\u00ed, es que no va a funcionar en la NBA. Yo creo q, en un papel de 20-25 minutos, lo har\u00e1 bien.<\/p>\n<p>P.- El hecho solo que esten pensando que vuelva Tiago aun me desespera mas. Que pinta Caminero en todo esto? Pregunta retorica, pues esta claro que el que hace es Gil y el otro cobra por sacarle la cara. Dime algo del Atleti para levantarme la moral, si puedes&#8230;un saludo<\/p>\n<p>R.- Yo, visto lo que hay, firmo que vuelva Tiago. Claro que preferir\u00eda algo m\u00e1s ambicioso, pero como lo de Valero cada vez suena m\u00e1s a humo para despistar, Tiago me sigue pareciendo mejor organizador que todos los dem\u00e1s de la plantilla. Sois del Atleti. No necesit\u00e1is que nadie os anime. Se es y se es. Punto.<\/p>\n<p>P.- Hola I\u00f1ako, una de televisi\u00f3n. Comenc\u00e9 a ver The Wire por una recomendaci\u00f3n tuya por aqu\u00ed, y la serie me encanta, mi personaje favorito Omar, el t\u00edo trabaja en solitario o con un peque\u00f1o grupo de dos, tres personas y es capaz de mantener acojonados a las bandas del narcotr\u00e1fico, que grande el t\u00edo jajaja. \u00bfCu\u00e1l es el tuyo? <\/p>\n<p>R.- Omar, Stringer Bell y Lester Freamon<\/p>\n<p>P.- Hola I\u00f1ako, buenos d\u00edas. Qu\u00e9 te parece la actual marcha del CAI Zaragoza y los pasos que se est\u00e1n dando para volver a figurar en ACB? Y los nuevos fichajes? Gracias!<\/p>\n<p>R.- Con Archibald m\u00e1s Hettsheimeir y Aguilar, el juego interior es de nivel playoffs. Bracey Wright es un anotador muy irregular pero de talento. Mientras la mayor\u00eda de clubes recortan y van hacia abajo, el CAI crece. Es una muy buena noticia porque es un cl\u00e1sico<\/p>\n<p>P.- Una de consultorio, I\u00f1ako. Tengo una amiga, con derecho a roce, que quiere m\u00e1s de lo que le puedo ofrecer. es decir, quiere compromiso. El problema es que vivimos a bastante distancia, y a d\u00eda de hoy no veo la forma de poder irme a vivir a su ciudad o que ella venga a Madrid por temas laborales. Se lo he dicho una y otra vez, pero parece que no le entra en la cabeza. Qu\u00e9 hago? La dejo?<\/p>\n<p>R.- Las relaciones exclusivas a distancia son un sinsentido. Si le dices que OK, la vas a fastidiar antes o despu\u00e9s, as\u00ed que no lo hagas. Adem\u00e1s, cuando os ve\u00e1is, aunque te\u00f3ricamente hay\u00e1is roto os vais a liar igual<\/p>\n<p>P.- Buenos d\u00edas. \u00bfC\u00f3mo est\u00e1 la cosa con mi DKV? Por que no hay un duro pero parece que ya no renuevan ni los canteranos&#8230;<\/p>\n<p>R.- Est\u00e1 mal, la verdad. Aunque el fichaje de Slava Maldonado me parece un acierto en estas circunstancias. En el Fuenla sac\u00f3 mucho con poco. Pero s\u00f3lo tiene cuatro jugadores con contrato, no logra renovar a Franch y no tiene dinero para salir al mercado. Mucha imaginaci\u00f3n va a tener que echarle Villacampa para no sufrir esta temporada.<\/p>\n<p>P.- Hola I\u00f1ako. C\u00f3mo ves lo del lock out de la NBA? En el caso de la NFL estoy seguro que se arreglar\u00e1 pronto porque hay dinero para todos, pero en la NBA con la mayor\u00eda de propietarios perdiendo dinero todo es m\u00e1s complicado. Crees que se cerrar\u00e1 alguna franquicia? Qu\u00e9 crees que pasar\u00e1 con los Hornets? Gracias<\/p>\n<p>R.- S\u00ed, la diferencia fundamental es la que t\u00fa dices. En la NFL son dos partes megamillonarias pele\u00e1ndose por como repartirse a\u00fan m\u00e1s millones. En la NBA es m\u00e1s complicado, porque varias franquicias (menos de las que dice la Liga) tienen p\u00e9rdidas y la competici\u00f3n genera menos dinero a repartir. Aun as\u00ed, despu\u00e9s de la mejor temporada en bastante tiempo, con una generaci\u00f3n de estrellas f\u00e1cil de vender y unas audiencias en aumento, no jugar la temporada ser\u00eda pegarse tal tiro en el pie que espero que se arreglen. Stern no quiere ni o\u00edr hablar de eliminar franquicias, pero ciertamente ser\u00eda una soluci\u00f3n. Hay varios mercados peque\u00f1os en los que no es rentable un equipo NBA. Los Hornets o los Kings ser\u00edan grandes candidatos a desaparecer. Pero no va a suceder mientras Stern siga al frente de la liga.<\/p>\n<p>P.- El Barsa se gasta 43 kilos en un chileno muy bueno, el Madrid 30 en un lateral teniendo ya uno, y se habla de m\u00e1s de 40 por un brasile\u00f1o disperso que hasta ahora s\u00f3lo ha demostrado que vale en la floja liga brasile\u00f1a. Analizando fr\u00edamente \u00e9stas cantidades, \u00bfcu\u00e1nto vale Kun? <\/p>\n<p>R.- No entiendo nada del mercado este a\u00f1o. Pero nada. Alexis es muy bueno, Neymar puede llegar a serlo, Kun es mejor que los dos de largo. Para m\u00ed, Kun vale 45. Lo que apsa es que ni Alexis vale 43, ni Coentrao 30, ni Neymar 40. S\u00e9 que el Bar\u00e7a prefer\u00eda un delantero con m\u00e1s caracter\u00edsticas de extremo, pero por ese precio&#8230; Y el Madrid, veremos qu\u00e9 hace al final. <\/p>\n<p>P.- \u00bfque posibilidades hay de que Griezman acabe en el Atleti?\u00bfsera capaz Caminero de colocar a Valera,r.garcia,costa,perea,etc o venderan a los buenos para hacer hueco a estos?<\/p>\n<p>R.- Un 3333% exactamente. Colocar\u00e1 a algunos: Costa y seguramente RA\u00fal Garc\u00eda. Con Perea y Valera se cuenta.<\/p>\n<p>P.- hola i\u00f1ako,noto que caminero cuando le preguntan por el kun intenta eludir las respuestas y siempre dice que tiene contrato en vigor,porque no ofrece mas claridad sobre este asunto?,un saludo.<\/p>\n<p>R.- Porque en realidad ellos no pueden decir mucho. La cl\u00e1usula est\u00e1 ah\u00ed, si alguien la paga el Atleti s\u00f3lo puede asentir. Est\u00e1n en sus manos. Pero hasta el momento nadie ha llegado a los 45.<\/p>\n<p>P.- hola muy buenas quisiera hacerte una pregunta, fijandonos en el lockout de la nba que jugadores podrian venirle bien al real madrid para afrontar al todopoderoso regal barsa puede venir rudy fernandez aunque halla fichado por el dallas para no tener una temporada sabatica. repecto al europeo S.Ibaka llegara para formar parte de la seleccion tu la ves como favorita y si es asi que quintento es tu titular felices vacaciones para cuando las tengas<\/p>\n<p>R.- Salvo que el lockout se alargue durante toda la temporada, cosa que no se sabr\u00eda hasta enero, ning\u00fan equipo serio va a fichar a un NBA con contrato all\u00ed para que les deje tirados a mitad de curso cuando llega lo importante. \u00bfEs el Madrid un equipo serio? Quiero creer que s\u00ed. As\u00ed que no esperemos un NBA de nivel. Pueden llegar jugadores j\u00f3venes que han ganado poco dinero y necesitan cobrar, tipo Weems (Zalgiris)o Summers (Siena).Por ah\u00ed si podr\u00eda pillar alg\u00fan alero interesante. Lo de Ibaka va a estar muy justo. Est\u00e1n ya todos los papeles y ahora falta que lo apruebe el ministerio. Eso puede tardar 1 d\u00edas o tres meses. Veremos, pero en la FEB son optimistas. Somos favoritos con y sin Ibaka, aunque con \u00e9l m\u00e1s, sin duda. Mi quinteto ser\u00eda Calder\u00f3n, Navarro, Rudy, Ibaka y Pau<\/p>\n<p>P.- I\u00f1ako, empiezo a pensar que el ansiado medio tipo Valero, nada de nada un a\u00f1o m\u00e1s. Lo de Ganso utopia,no? La \u00faltima, lo del Rayo le ves soluci\u00f3n? Hay, incluso, campa\u00f1a de no renovaci\u00f3n de abonos ante la previsible subida. Parece que el sitio de los delincuentes es el f\u00fatbol.Un saludo.<\/p>\n<p>R.- S\u00ed, yo tambi\u00e9n empiezo a pensar lo mismo. Lo de Ganso nada de nada. El Rayo tiene una \u00fanica soluci\u00f3n, que llegue un inversor serio. epro en el panorama futbol\u00edstico actual, de esos no hay. El f\u00fatbol espa\u00f1ol, d\u00f3nde todo ha valido hasta ahora, es terreno para gente turbia<\/p>\n<p>P.- Buenas I\u00f1ako.Quiz\u00e1s no sea tu estilo musical favorito pero\u00bfVas a ir al cobcierto de los Black Eyed Peas en el Calder\u00f3n???a m\u00ed me parece un grupo maravilloso y que en directo son incre\u00edbles!Muchas Gracias<\/p>\n<p>R.- Tienes raz\u00f3n, no es mi estilo, as\u00ed que no ir\u00e9. Pero estoy convencido de que en directo tienen que estar bien. Fergie al menos. <\/p>\n<p>P.- Buenas I\u00f1aco, mi pregunta es muy simple, donde esta el dinero de la venta de De Gea y Ujfalusy? se va a gastar o quedara en el olvido, porque los medios no dicen nada de ello. Gracias y buenas vacaciones!!!<\/p>\n<p>R.- Bueno, os encanta eso tan manido de que los medios no dicen nada, pero yo no he respondido a esta pregunta menos de tres veces. La mayor parte de lo de De Gea estaba ya previamente gastado en pagar sueldos del a\u00f1o pasado y algunas otras deudas. Y lo del dinero de Ujfalusi&#8230; En fin, si con dos millones piensas solucionar algo.<\/p>\n<p>P.- I\u00d1AKO, fen\u00f3meno, me desdigo de lo que he defendido en mi pe\u00f1a atletica, creo ahora que realmente el Madrid ha dejado tirado a Aguero y va por Neymar, \u00bfque te parece el papelon? hay alguna posibilidad real de ue Thiago Alcantara venga al Atleti? Se va a traspasar a alguno de los evidentes que sobran?<\/p>\n<p>R.- Yo a\u00fan quiero ver c\u00f3mo acaba eso, aunque s\u00ed es cierto que est\u00e1 dando esa sensaci\u00f3n. Si es as\u00ed, Kun deber\u00eda despedir a IMG este mismo verano. Lo de Thiago, si llegara Cesc tal vez se podr\u00eda pelear una cesi\u00f3n. Pero muy dif\u00edcil.<\/p>\n<p>P.- Hola I\u00f1ako. Desde mi punto de vista Alexis S\u00e1nchez est\u00e1 siendo el mejor jugador de la Copa America, pero Kun est\u00e1 brillando con luz propia como el mejor entre los &#8220;top&#8221;, por ello me resulta inverosimil que no exista una oferta que satisfaga las pretensiones del Atleti \u00bfQu\u00e9 esta pasando en todo este tema? \u00bfPorqu\u00e9 nadie quiere un balon de oro en ciernes? Un saludo<\/p>\n<p>R.- La Alexisman\u00eda de esta Copa Am\u00e9rica me est\u00e1 pareciendo exagerada. Ojo, que es un jugador que me encanta, pero no me parece que pase del aprobado alto en el torneo. Lo que pasa es que est\u00e1 siendo un torneo tan malo que cualquier cosa nos vale. Si de verdad no hay nada pactado con el Madrid y todo esto es parip\u00e9, Ag\u00fcero ser\u00e1 v\u00edctima de las circunstnacias y de su propi nivel. Me parece a m\u00ed que Madrid y Bar\u00e7a temen que su llegada pudiera incomodar a Cristiano y Messi por cuestiones de protagonismo. Y fuera de ellos, casi ning\u00fan equipo puede pagar ese dineral. Y de los que s\u00ed, el Chelsea acaba de comprar a Torres y el United y el Inter tienen sus delanteras cubiertas. S\u00f3lo queda el City.<\/p>\n<p>P.- Hola I\u00f1ako, \u00bfC\u00f3mo valoras la noticia del Balonmano Atl\u00e9tico de Madrid? \u00bfDurar\u00e1 en el tiempo esta alianza y supondr\u00e1 la recuperaci\u00f3n de la secci\u00f3n de Balonmano? Un saludo<\/p>\n<p>R.- Por ahora es por un a\u00f1o, pero tiene pinta de ir a durar. Lo que no es es una secci\u00f3n del Atl\u00e9tico. Es un club independiente al que el Atleti ayuda con algo menos de un mill\u00f3n de euros y poniendo la marca, pero la gesti\u00f3n es independiente<\/p>\n<p>P.- Buenas figura!Este verano por fin nos vamos a NY. \u00bfNos recomiendas alg\u00fan lugar que no deber\u00edamos perdernos?Un saludo y forza atileti <\/p>\n<p>R.- Es LA CIUDAD. No te pierdas nada, patea, patea, patea y mira a todos lados<\/p>\n<p>P.- Hola I\u00f1ako. \u00bfves en Falcao un buen sustituto ante la posible salida del kun?<\/p>\n<p>R.- Falcao me est\u00e1 ganando poco a poco, porque hasta finales de temporada le ten\u00eda como un delantero limitado. Cada vez me gusta m\u00e1s, pero a\u00fan est\u00e1 lejos de mis preferidos para sustituir a Kun: Rossi, Hulk, Llorente<\/p>\n<p>P.- Hola \u00d1ako: \u00bfSabes algo sobre la planificaci\u00f3n del Estudiantes para la pr\u00f3xima temporada?. Muchas salidas de jugadores y, de momento, ninguna incorporaci\u00f3n importante. \u00bfEs cierto que vuelve Pepu?. Sobre m\u00fasica: \u00bfQue te parecen the black keys?&#8230;\u00bfy los m\u00edticos sex museum?. Literatura: \u00bfEres mas de Sartre o de Kundera? <\/p>\n<p>R.- Lo primero tienen que acordar el finiquito con Casimiro. Cuando lo logren, la llegada de Pepu y Carlos Jim\u00e9nez deber\u00eda ser casi inminente. Ahora mismo s\u00f3lo tiene tres jugadores en plantilla: Gabriel y los canteranos Jaime Fern\u00e1ndez y Edu Mart\u00ednez. La lev\u00edsima esperanza de que siguiese Caner Medley se ha difuminado y el presupuesto va a bajar a\u00fan m\u00e1s. Me gustan los Black Keys y menos Sex Museum, reconoci\u00e9ndoles un tremendo m\u00e9rito por hacer esa carrera en Espa\u00f1a sin perder nunca el estilo. No mucho de ninguno de los dos. Aunque La insoportable levedad del ser es una novela brillante<\/p>\n<p>P.- Hola, I\u00f1ako, \u00bfnos creemos lo del 4-3-3? De ser as\u00ed, \u00bfqu\u00e9 jugadores deben quedarse para formar el centro del campo? En mi opini\u00f3n: Koke, Mario, Tiago, Gabi, M\u00e9rida (ya, ya s\u00e9 qu\u00e9 opinas que no vale, yo opino que no le dejaron) y El\u00edas, que podr\u00eda, dependiendo del dibujo exacto, formar parte tambi\u00e9n del a l\u00ednea de ataque, como falso extremo. Por cierto, otra preguntilla: \u00bfaceptar\u00edas un cambio a pelo Silva-Kun? Es cierto que est\u00e1n contentos con \u00e9l (y, en cambio, deber\u00edan forzarle la salida, porque no creo que \u00e9l quiera bajar de nivel), pero tambi\u00e9n lo es que Kun es sensiblemente mejor que Silva y es exactamente lo que necesita el City si se va T\u00e9vez. Gracias, un abrazo.<\/p>\n<p>R.- Parece que s\u00ed, que lo est\u00e1 trabajando. Mi problema con el 4-3-3 es que, aun con Tiago, me parece que falta un centrocampista de nivel para liderar y organizar todo el entramado. MArio, Tiago, Koke, El\u00edas y Gabi me parecen complementos v\u00e1lidos, cada cual en su estilo, para las otras dos plazas. Pero falta un cerebro. A pelo no, pero Silva m\u00e1s 10-15 s\u00ed. Valorando a Silva en 20-25 me parece que lo que se pierde en dinero se gana en conseguir a un jugadorazo que, si no es mediante trueque, nunca vendr\u00eda.<\/p>\n<p>P.- Hola I\u00f1ako. \u00bfC\u00f3mo est\u00e1 el tema de los cupos? \u00bfSe ponen ya de acuerdo todas las partes?. Otra de vacaciones. \u00bfHas estado en Copenhague? \u00bfAlguna recomendaci\u00f3n? Saludos.<\/p>\n<p>R.- Lo van a cerrar sin mucho problema yo creo, pese a que ambos hablen siempre de apocalipsis est\u00e1n m\u00e1s cerca de lo que reconocen. No he estado en Copenhague y me apetece mucho, ya me contar\u00e1s qu\u00e9 tal<\/p>\n<p>P.- Mu g\u00fcenas, q esperas a la vuelta de vacaciones?? el Kun dentro\/fuera, si fuera Rossi\/Borja Valero, lockout si\/no. <\/p>\n<p>R.- Kun fuera, ninguno de los dos, lockout todav\u00eda s\u00ed. El apocalipsis, vamos.<\/p>\n<p>P.- Hola I\u00f1ako, me gustaria que me dieras tu opinion sobre el se\u00f1or Saez y su labor al frente de la FEB , donde ayer se cerro el plazo de inscripciones en las ligas y quedaron ligas como la Adecco Plata con 7 equipos, Eba grupo D con 3 equipos y me parece vergonzoso, no crees que solo los exitos de la seleccion tapan esta bochornosa presidencia.Saludos<\/p>\n<p>R.- Me parece que la crisis del baloncesto de clubes espa\u00f1ol es dif\u00edcilmente achacable a la Federaci\u00f3n. Si la ACB tiene a la mitad de los equipos al borde de la quiebra, es dif\u00edcil pretender que salgan clubes a cascoporro para las categor\u00edas inferiores. Si las dos partes, ACB y FEB, lograsen trabajar juntas mejor para todos<\/p>\n<p>P.- Hola I\u00f1ako, \u00bfCrees que podremos pasar de ronda en la previa sin delanteros? Porque solo tenemos a Costa y Collado.. Muchas gracias, y vuelve a la secci\u00f3n del Atleti!<\/p>\n<p>R.- Eso mismo me pregunto yo. Supongo que caer\u00e1 un rival muy flojo y bastar\u00e1 con Costa, pero desde luego resulta temerario afrontar la previa as\u00ed. Inconsciente y poco profesional. El Atleti, vamos<\/p>\n<p>P.- Buenas I\u00f1ako. Ahora se habla de la salida de Raul del Shalke \u00bfSe iria raul al atletico de madrid para cubrir la salida del kun y para retirarse en su equipo de la infacia y del que creo que sigue siendo de \u00e9l? gracias <\/p>\n<p>R.- Lo que nos faltaba ya para ser un mal chiste. Ni Ra\u00fal ganar\u00eda nada entrubiando su legado madridista jugando en el Atleti, ni el Atleti ganar\u00eda nada con un delantero al que no quiere el Schalke<\/p>\n<p>P.- Ola crak. \u00bfQu\u00e9 fue del plan de Pet\u00f3n para comprar el Atleti?Saludos<\/p>\n<p>R.- Pues que era un bonito sue\u00f1o, pero irrealizable a d\u00eda de hoy. <\/p>\n<p>P.- M\u00e1s de 7000 millones de deuda y Gallard\u00f3n volver\u00e1 a gastar un pastizal en otro absurdo proyecto ol\u00edmpico. Te parece decente?<\/p>\n<p>R.- No. Ni decente, ni sensato<\/p>\n","protected":false},"excerpt":{"rendered":"<p>El jefe de la secci\u00f3n de Baloncesto del Diario AS I\u00f1ako D\u00edaz-Guerra ha analizado la actualidad del mundo del baloncesto con los internautas. Las consecuencias del &#8220;lockout&#8221; en la NBA, con la posible llegada de jugadores a Europa y a la ACB, la presencia de estrellas de la liga americana en el Eurobasket de Lituania y todos los movimientos del mercado est\u00e1n a debate. Las novedades colchoneras y temas tan mundanos como el cine, la literatura o la m\u00fasica tambi\u00e9n tienen cabida.<\/p>\n","protected":false},"author":1,"featured_media":0,"comment_status":"open","ping_status":"open","sticky":false,"template":"","format":"standard","meta":{"footnotes":""},"categories":[],"tags":[],"class_list":["post-8936","post","type-post","status-publish","format-standard","hentry"],"_links":{"self":[{"href":"https:\/\/intervius.com\/index.html\/wp-json\/wp\/v2\/posts\/8936","targetHints":{"allow":["GET"]}}],"collection":[{"href":"https:\/\/intervius.com\/index.html\/wp-json\/wp\/v2\/posts"}],"about":[{"href":"https:\/\/intervius.com\/index.html\/wp-json\/wp\/v2\/types\/post"}],"author":[{"embeddable":true,"href":"https:\/\/intervius.com\/index.html\/wp-json\/wp\/v2\/users\/1"}],"replies":[{"embeddable":true,"href":"https:\/\/intervius.com\/index.html\/wp-json\/wp\/v2\/comments?post=8936"}],"version-history":[{"count":0,"href":"https:\/\/intervius.com\/index.html\/wp-json\/wp\/v2\/posts\/8936\/revisions"}],"wp:attachment":[{"href":"https:\/\/intervius.com\/index.html\/wp-json\/wp\/v2\/media?parent=8936"}],"wp:term":[{"taxonomy":"category","embeddable":true,"href":"https:\/\/intervius.com\/index.html\/wp-json\/wp\/v2\/categories?post=8936"},{"taxonomy":"post_tag","embeddable":true,"href":"https:\/\/intervius.com\/index.html\/wp-json\/wp\/v2\/tags?post=8936"}],"curies":[{"name":"wp","href":"https:\/\/api.w.org\/{rel}","templated":true}]}}