{"id":8922,"date":"2011-07-07T00:00:00","date_gmt":"2006-11-06T00:00:00","guid":{"rendered":"https:\/\/intervius.com\/index.html\/?p=8922"},"modified":"2006-11-06T00:00:00","modified_gmt":"2006-11-06T00:00:00","slug":"Javier_G-_Matallanas8922","status":"publish","type":"post","link":"https:\/\/intervius.com\/index.html\/Javier_G-_Matallanas8922\/","title":{"rendered":"Javier G. Matallanas"},"content":{"rendered":"<p>Pregunta.- \u00bfC\u00f3mo es posible que la salida del Kun tenga paralizada la confecci\u00f3n de la plantilla? \u00bfQu\u00e9 clase de planificaci\u00f3n es esa? (Cualquier equipo serio no depender\u00eda de este tipo de incertidumbre \u00bfo igual es el en\u00e9simo enga\u00f1o y falta de respeto por parte de los dirigentes?). Por \u00faltimo \u00bfcu\u00e1nto hay de humo en lo de la venta del Atleti? Gracias de antemano por mojarte.<\/p>\n<p>Respuesta.- Hombre, no es lo mismo disponer de 45 millones para fichar (30 si de eso pagan los 15 que deben pagar cada a\u00f1o a Hacienda por la deuda) que no tener dinero para fichar, por ah\u00ed se paraliza la planificaci\u00f3n, que coincido contigo en que se puede calificar de desastrosa&#8230; Falta de respeto existe por la mala gesti\u00f3n. No es humo lo de la venta, el problema es que los que est\u00e1n interesados se echan atr\u00e1s porque piden 120 millones de euros y de momento nadie se atreve. Un abrazo<\/p>\n<p>P.- Hola Javier, espero me contestes aunque mi pregunta sea acerca de un &#8220;colega&#8221;, y pongo colega entre comillas. La seleccion Venezolana de futbol, ha ido de menos a m\u00e1s, antes eras los 3 puntos fijos en el calendario de los equipos contrarios, ahora tienen que jugar y ganar, por que suelen perder o empatar. Es joven, en crecimiento, y representa a una naci\u00f3n en donde no se respira f\u00fatbol, como puede ser Espa\u00f1a o Mexico. En Venezuela se respira B\u00e9isbol y Basquet, incluso boxeo, pero no futbol, ya no hablemos de la parte economica, donde no hay dinero para el futbol como lo hay en Espa\u00f1a o Mexico, y donde la mayoria de los jugadores profesionales juegan al futbol por hobbie o como 2da entrada de dinero, por que los sueldos de futbolistas (salvo excepciones claro) son equiparables a lo que le pago yo a mi nani en USA por cuidar a mi hija 6 horas. A\u00fan as\u00ed vienen haciendo buenos papeles. Mi pregunta es Javier, si una jugador que marc\u00f3 muchos goles en el Madrid, pero que como t\u00e9cnico es considerado uno mas del bulto , que hizo un papel mediocre entrenando su selecci\u00f3n, que como analista no es del gusto de absolutamente nadie por que es muy malo, y que cuya selecci\u00f3n vive metida en un esc\u00e1ndalo un d\u00eda si y otro tambi\u00e9n, pueda darse el gusto de calificar a la selecci\u00f3n de Venezuela y sus jugadores como mediocres!, que se burle de los colores de su uniforme diciendo que antes era blanco y ahora es vino tinto por el sangrero!, yo creo que este se\u00f1or tendr\u00eda que hacer 2 cosas, la primera medir sus palabras y hablar con respeto, la segunda mirarse a un espejo y ver donde hay mediocridad y donde no. Estas de acuerdo con esas manifestaciones?. Saludos <\/p>\n<p>R.- No s\u00e9 a quien te refieres, pero esas manifestaciones son una falta de respeto, cada uno puede dar su opini\u00f3n pero debe evitar herir sensibilidades y emitir calificativos hirientes y de mal gusto. No estoy de acuerdo con esas manifestaciones en absoluto. Un abrazo fuerte!!!<\/p>\n<p>P.- mata elige messi o cristiano,de gea o valdes,xavi o xabi alonso,pedro o dimaria,higuain o aguero,pedrosa o lorenzo,felipe reyes o m.gasol,y abellan o rela\u00f1o??gracias por ser uno de los mejores periodistas de este pais<\/p>\n<p>R.- Messi, Vald\u00e9s, Xavi, Pedro, Ag\u00fcero, Pedrosa, M. Gasol&#8230; Abell\u00e1n y Rela\u00f1o&#8230; Lo he hecho a toda velocidad!!! Y me gustan tamb\u00ed\u00e9n los que no he elegido, por supuesto!!! Gracias a ti por participar!!!<\/p>\n<p>P.- Hola Mata \u00bfSe va a invertir en jugadores el dinero de De Gea o ya est\u00e1 invertido en otros lares&#8230;? Un saludo.<\/p>\n<p>R.- Quedar\u00e1n unos diez millones para invertir, porque el resto ya se ha gastado en pagar fichas y gastos corrientes&#8230; Salu2!!<\/p>\n<p>P.- Si falla el fichaje de Neymar.\u00bfIrias a por el Kun?<\/p>\n<p>R.- El Kun ya est\u00e1 elegido y falta ejecutar la compra. Neymar ser\u00eda para la pr\u00f3xima temporada o para enero porque quiere jugar el Mundialito con el Santos y vivir all\u00ed el Centenario del equipo de Pel\u00e9.<\/p>\n<p>P.- Hola Mata, un placer, como siempre. \u00bfQu\u00e9 hemos de esperar el aficionado blanco cuando al presidente se le llena la boca hablando de valores y se trae a un chaval de 18 a\u00f1os franc\u00e9s de un equipo descendido por 10 millones y a un suplente como Altintop o incluso Coentrao? \u00bfQu\u00e9 hacemos con la cantera? Gracias<\/p>\n<p>R.- Pues el tuyo es un sentimiento que se palpa estos d\u00edas en muchos aficionados del Real Madrid. El modelo del Madrid no pasa precisamente por la espa\u00f1olizaci\u00f3n y por la cantera. Pero el Madrid siempre le planta cara al Bar\u00e7a.<\/p>\n<p>P.- Mata, teniendo a Gabi y a Koke, \u00bft\u00fa te traer\u00edas a Tiago, con 30 a\u00f1os, y firm\u00e1ndole su \u00faltimo gran contrato? Gracias<\/p>\n<p>R.- No creo que sea necesario que vuelva Tiago. Ser\u00eda m\u00e1s necesario fichar a Borja Valero. Y jugar con Mario, Gabi y Borja, con Kole y El\u00edas de recambios. Un saludo!<\/p>\n<p>P.- Qu\u00e9 tal Javier, \u00bfQu\u00e9 te parece el nivel de la Copa Am\u00e9rica considerando la falta de gol pero la gran intensidad de los partidos? \u00bfC\u00f3mo ves a Argentina y Brasil y en especial a Chile que parece ser el equipo m\u00e1s s\u00f3lido en esta primera vuelta de partidos? Gracias!<\/p>\n<p>R.- No vi anoche a Argentina pero por lo que he le\u00eddo en As.com estuvo muy mal. Brasil tampoco me ha gustado. Chile es la gran favorita, pero Brasil y Argentina llegar\u00e1n lejos&#8230; El nivel ha bajado mucho en los \u00faltimos a\u00f1os, por eso en el Mundial no llegaron lejos la selecciones sudamericanas y s\u00f3lo estuvo en semifinales Uruguay por tres europeos. Espero que suba el nivel y que aparezca alg\u00fan jugador que emocione.<\/p>\n<p>P.- Javier: que opinas de las declaraciones del Sr del Nido, en las que dice que esta liga va a ser la &#8220;mierda de liga europea&#8221;, en referencia a lo que cobran Madrid y Barcelona respecto a los demas clubs, del reparto de televisi\u00f3n. Yo pienso que Del Nido tiene toda la raz\u00f3n del mundo, y deber\u00edan tomar medidas, antes del inicio de la liga, como por ejemplo plantearse, no jugar ningun equipo, contra Madrid o Barcelona, y a ver por donde salen tanto Madrid, como Barcelona. Solo tienes que ver como est\u00e1 repartido el dinero en en Inglaterra, por ver un ejemplo. saludos<\/p>\n<p>R.- Debe haber una venta y un reparto centralizado de los derechos de TV. Y que no haya diferencia de uno a cinco entre los clubes. El modelo es la Premier&#8230; Con este modelo, la Liga BBVA no va a ninguna parte y cada vez perder\u00e1 m\u00e1s inter\u00e9s.<\/p>\n<p>P.- Hola Mata, C\u00f3mo crees que va a andar el mundial de Rugby de Nueva Zelanda este a\u00f1o???? Argentina fue la gran sorpresa en el \u00faltimo, crees que repetir\u00e1n y consolidar\u00e1n su estampa?? A qui\u00e9n ves campe\u00f3n?? Gracias maestro!!!<\/p>\n<p>R.- De rugby preguntale mejor a Ferm\u00edn de la Calle. Aunque Nueva Zelanda plantar\u00e1 cara en el pr\u00f3ximo mundial. Favoritos los de siempre&#8230; Un abrazo fuerte!!!<\/p>\n<p>P.- Hola Mata! Se ha hablado poco pero qu\u00e9 dices t\u00fa que va a pasar con el LOCKOUT en la NBA? Ves soluci\u00f3n r\u00e1pida o crees que habr\u00e1 fuga a Europa de jugadores? Gracias por contestar crack!<\/p>\n<p>R.- Creo que hay que esperar a enero para saber si vienen jugadores a Europa. China es una dura competidora. Tiene pinta de que no habr\u00e1 esta temporada NBA. Ojal\u00e1 recalen los espa\u00f1oles y otra figuras en la ACB&#8230;<\/p>\n<p>P.- Hola Mata. He apostado con mis amigos: Forlan se queda y termina la temporada con 5 goles y la grada en contra, el Kun se va una semana antes del fin de fichajes pagando la clausula, no fichamos a nadie y no entramos en Europa el a\u00f1o que viene. Te suena?<\/p>\n<p>R.- No me suena.<\/p>\n<p>P.- hola javier,un placer saludarte,yo pienso que el fichaje de coentrao es todo un acierto,este jugador es una maquina por la banda,es fuerte,rapido,tecnico y muy dificil de sobrepasar,el madrid esta confeccionando una plantilla para ganarlo todo.tu opinion,un saludo.<\/p>\n<p>R.- Me parece un buen jugador, pero creo que pagar 30 millones por un lateral izquierdo es mucho dinero. Por Dani Alves si los hubiera pagado hace cinco temporadas, ah\u00ed acert\u00f3 el Bar\u00e7a. Y por Gareth Bale si los pagar\u00eda. Pero con Pepe se critic\u00f3 mucho que cost\u00f3 ese dinero y luego se ha visto que fue un gran acierto. Un abrazo Rafa, que pases un buen verano!!!<\/p>\n<p>P.- hola mata \u00bfaparte de Aguero,(doy por segura su marcha),que otros jugadores abandonaran el club?dime que no vere mas en el Calderon a valera,perea,r.garcia?elige:camacho o ruben perez,koke o gaby,ortiz o valera,costa o borja<\/p>\n<p>R.- A Valera y Ra\u00fal Garc\u00eda le buscan equipo. Rub\u00e9n Perez, Koke, futuro, Gabi, presente, Ortiz y Borja<\/p>\n<p>P.- Hola Javier; falta casi mes y medio para que empieze la liga, y ya estamos, lio a la vista, que si el Madird-Barcelona, se suspende por el mundialito, y se aplaza para otra fecha, y digo yo \u00bfPorque no se suspenden de una vez todos los Madrid-Barcelona y viceversa?, sinceramente da pena el futbol en este pais, por culpa de estos dos clubs, rectifico,sus directivas, sobre todo la del Real Madrid. Un saludo<\/p>\n<p>R.- Es la Liga Bipolar&#8230; Y es cierto que produce un poco de hartazgo tanto Madrid como Bar\u00e7a.<\/p>\n<p>P.- Javier es posible el fichaje todav\u00eda de rossi por parte del atl\u00e9tico un saludo<\/p>\n<p>R.- Es complicado porque Rossi no quiere venir al Atleti.<\/p>\n<p>P.- Hola Mata; crees que el Athletic (no el aleti) puede aspirar a la champions teniendo en cuenta que tiene a gente como Javi martinez, Llorente, Muniain, Ander Herrerea, Mikel San Jose&#8230;?? Crees que Bielsa lo puede hacer mejor que caparros? Puede ser Iker muniain dentro de unos a\u00f1os, llamado a ser uno de los mejores jugadores nacionales e internacionales\u00bf\u00bf Gracias<\/p>\n<p>R.- Creo que con Bielsa y esa gran plantilla el Athletic Club de Bilbao es un serio aspirante a la Champions. Un abrazo!!!<\/p>\n<p>P.- mata, \u00bfcrees que el kun se ira al city despues de que tevez le haya dicho que no vaya alli? y \u00bfcrees que el atleti lo vendera al madrid si este paga su clausula? se podria formar un buen equipo con pastore, javi marquez, osvaldo, adrian, kameni, \u00bfsaviola?,\u00bfla vuelta de tiago? y la cesion de thiago alcantara, aun prescindiendo de reyes y forlan, \u00bfno crees?<\/p>\n<p>R.- Pastore es imposible porque cuesta 50 millones de euros. Javi M\u00e1rquez es bueno, pero el Atl\u00e9tico tiene ya siete medio centros. Adri\u00e1n est\u00e1 fichado, Kameni no est\u00e1 en los planes a priori, Saviola tampoco. Tiago no le veo necesario. El Bar\u00e7a no quiere ceder a Thiago. Es complicado!!! Un saludo!!!<\/p>\n<p>P.- Buenas Javier, c\u00f3mo ves a los equipos reci\u00e9n ascendidos la temporada que viene?? Alguna sorpresa entre ellos?? Y qu\u00e9 te parece del proyecto del M\u00e1laga con Pellegrini a la cabeza?? Funcionar\u00e1?? Un abrazo, y gran verano para ti!!<\/p>\n<p>R.- Lo del M\u00e1laga me tiene entusiasmado porque est\u00e1 fichando mucho y bien, creo que funcionar\u00e1. El Granada, el Betis y el Rayo Vallecano deben consolidarse en la categor\u00eda, que es lo complicado, pero creo que har\u00e1n buen papel&#8230; Que tengas un buen verano!!! Disfruta!!! <\/p>\n<p>P.- hola sr javier,no crees tu que el madrid siempre ficha en el extranjero porque en espa\u00f1a le ponen muchas trabas y cada vez que va a por un jugador nacional se declara un dos de mayo,por eso veo logico que fiche en el extranjero.un saludo javier.<\/p>\n<p>R.- Puedes tener raz\u00f3n! Un abrazo Rafa!!<\/p>\n<p>P.- Buenos d\u00edas crack. Ayer Caminero insisti\u00f3 es que quieren convencer al Kun para que de marcha tras y se quede, que se har\u00eda un proyecto a su alredeor, a su altura. \u00bfSon Gabi, Silvio, Miranda&#8230; jugadores para convencer al Kun de que no se marche? \u00bfDonde est\u00e1 el ansiado medio capaz de mover al equipo? O Caminero vive en otro planeta o miente mas que habla&#8230; Un saludo Mata, esto pinta a desastre&#8230;<\/p>\n<p>R.- No tiene buena pinta, pero no hay que perder nunca la ilusi\u00f3n, aunque te la quiten a jirones los dirigentes. No nos pueden quitar la capacidad de so\u00f1ar e ilusionarnos. Eso nunca. En ninguna faceta de la vida. Un abrazo!!!<\/p>\n","protected":false},"excerpt":{"rendered":"<p>Javier G. Matallanas, adjunto a la direcci\u00f3n de AS, ha charlado con los lectores e internautas sobre la actualidad deportiva.<\/p>\n","protected":false},"author":1,"featured_media":0,"comment_status":"open","ping_status":"open","sticky":false,"template":"","format":"standard","meta":{"footnotes":""},"categories":[],"tags":[],"class_list":["post-8922","post","type-post","status-publish","format-standard","hentry"],"_links":{"self":[{"href":"https:\/\/intervius.com\/index.html\/wp-json\/wp\/v2\/posts\/8922","targetHints":{"allow":["GET"]}}],"collection":[{"href":"https:\/\/intervius.com\/index.html\/wp-json\/wp\/v2\/posts"}],"about":[{"href":"https:\/\/intervius.com\/index.html\/wp-json\/wp\/v2\/types\/post"}],"author":[{"embeddable":true,"href":"https:\/\/intervius.com\/index.html\/wp-json\/wp\/v2\/users\/1"}],"replies":[{"embeddable":true,"href":"https:\/\/intervius.com\/index.html\/wp-json\/wp\/v2\/comments?post=8922"}],"version-history":[{"count":0,"href":"https:\/\/intervius.com\/index.html\/wp-json\/wp\/v2\/posts\/8922\/revisions"}],"wp:attachment":[{"href":"https:\/\/intervius.com\/index.html\/wp-json\/wp\/v2\/media?parent=8922"}],"wp:term":[{"taxonomy":"category","embeddable":true,"href":"https:\/\/intervius.com\/index.html\/wp-json\/wp\/v2\/categories?post=8922"},{"taxonomy":"post_tag","embeddable":true,"href":"https:\/\/intervius.com\/index.html\/wp-json\/wp\/v2\/tags?post=8922"}],"curies":[{"name":"wp","href":"https:\/\/api.w.org\/{rel}","templated":true}]}}