{"id":8915,"date":"2011-07-05T00:00:00","date_gmt":"2006-11-06T00:00:00","guid":{"rendered":"https:\/\/intervius.com\/index.html\/?p=8915"},"modified":"2006-11-06T00:00:00","modified_gmt":"2006-11-06T00:00:00","slug":"Mela_Chercoles8915","status":"publish","type":"post","link":"https:\/\/intervius.com\/index.html\/Mela_Chercoles8915\/","title":{"rendered":"Mela Ch\u00e9rcoles"},"content":{"rendered":"<p>Pregunta.- Mela!! Gran triplete y mejor resultado de la temporada. \u00bfCrees que repetiremos muchas veces este resultado? Te recuerdo la apuesta que te hice en la pasada entrevista digital. T\u00fa decides ganador. Gracias<\/p>\n<p>Respuesta.- Hola. Saludos refrescantes para tod@s, que falta hace con la que est\u00e1 cayendo. El triplete espa\u00f1ol de Mugello, por obra y gracia de Lorenzo, M\u00e1rquez y Terol fue el primero de la temporada y el d\u00e9cimo de la historia moderna del Mundial. S\u00f3lo hay tres categor\u00edas en juego desde 1990 y en ese tiempo s\u00f3lo ha habido, con el de Mugello, diez tripletes espa\u00f1oles. No son muchos, as\u00ed que conviene disfrutarlos como merece tal logro. Estoy convencido de que habr\u00e1 m\u00e1s este a\u00f1o, porque en 125cc la mayor\u00eda de las carreras las ganar\u00e1 un espa\u00f1ol. En Moto2, M\u00e1rquez est\u00e1 empezando a asentarse en la categor\u00eda y os recuerdo que Sim\u00f3n volver\u00e1 ya en Alemania. Y en MotoGP, Lorenzo es el mejor piloto de la parrilla a d\u00eda de hoy y Pedrosa se pondr\u00e1 a punto de nuevo y volver\u00e1 a ganar carreras, as\u00ed que claro que habr\u00e1 m\u00e1s tripletes espa\u00f1oles. Eso s\u00ed, pocos tendr\u00e1n tanto morbo como el del otro d\u00eda, logrando en casa de los italianos&#8230; Son nuestros enemigos naturales.<\/p>\n<p>P.- \u00bf Pudiste hablar con Pedrosa o Alberto Puig despues de la carrera? Crees que en Alemania donde Dani gan\u00f3 el a\u00f1o pasado en una bonita lucha con Lorenzo podr\u00e1 luchar por la victoria con Jorge y Stoner? Ser\u00eda genial ver a Lorenzo, Stoner y Pedrosa luchando de t\u00fa a t\u00fa por ganar la carrera y el t\u00edtulo en juego.<\/p>\n<p>R.- Claro que ser\u00eda precioso una pelea a tres bandas por la victoria en Alemania, y en cualquier otro sitio, entre Pedrosa, Stoner y Lorenzo. La verdad es que yo esperaba que Pedrosa llegara al cien por cien y pudiera pelear desde el primer d\u00eda por hacer un gran resultado, pero no fue as\u00ed. Lo pensaba porque \u00e9l dijo que s\u00f3lo volver\u00eda al 100%, pero supongo que en toda reaparici\u00f3n, o casi toda, siempre tiene que haber una carrera de transici\u00f3n y la de Dani ha sido esta. En Sachsenring jugar\u00e1 a su favor que hay m\u00e1s curvas de izquierda que de derecha, as\u00ed que se le cargar\u00e1 menos esa clav\u00edcula.<\/p>\n<p>P.- \u00bfPor qui\u00e9n apuestas para el mundial, Lorenzo o Stoner? Pienso que la victoria de Lorenzo en Mugello fue una exhibici\u00f3n la mejor victoria de toda su carrera junto a la de Jerez 2010.\u00bfQu\u00e9 dec\u00eda Lorenzo despu\u00e9s de la carrera,pensaba en poder ganar?<\/p>\n<p>R.- Lorenzo manten\u00eda los pies en la tierra y le sigue pidiendo a Yamaha un motor y un cambio mejor, como el que lleva Honda o ahora Ducati. La mejora del motor no llegar\u00e1 hasta los test de Brno de mediados de agosto y, si le sigue funcionando la magia como en Mugello, pudiera no ser demasiado tarde. A nivel t\u00e9cnico se ha conseguido una mejora recuperando el chasis de 2010. De todos modos, la victoria de Mugello fue m\u00e1s de piloto que de moto.<\/p>\n<p>P.- Hola Chema, \u00bfno crees que a Rossi le esta pasando como a El\u00edas, que no entienden bien la moto y saben que tienen que cambiar su estilo y no quieren hacerlo porque piensan que es todo un tema de configuraciones? \u00bfEl\u00edas esta fuera para Alemania, quien suena para la sustituci\u00f3n? <\/p>\n<p>R.- Empecemos por el final. El\u00edas tiene pie y medio fuera del Mundial, pero Cecchinello le dijo ayer que hasta ma\u00f1ana o pasado no le comun\u00edcar\u00eda su decisi\u00f3n definitiva, que va a depender de si encuentra alg\u00fan piloto para subir ya a Alemania. La verdad es que no hay mucho donde elegir, pero no me extra\u00f1ar\u00eda nada que tirase de alguno de Moto2 estilo De Angelis&#8230; En cuanto a Rossi, es cierto que est\u00e1 decepcionando porque no acaba de dar con la tecla de la Ducati. No le vale con la Desmosedici GP11 ni con la GP11.1, que es la mil del a\u00f1o que viene pero con motor de 800cc. Yo ten\u00eda la esperanza de que si no era capaz de cambiar la Ducati a su estilo de conducci\u00f3n, ser\u00eda \u00e9l quien se adaptar\u00eda a la Ducati y la pilotar\u00eda, si fuera necesario, a lo Stoner, a base de gas y fe en la electr\u00f3nica de la moto. Mugello era una carrera clave, por el valor simb\u00f3lico que tiene para Rossi y porque all\u00ed se hab\u00eda dado m\u00e1s vueltas que un rulo antes de que llegara el GP. Yo no ser\u00e9 quien le entierre, pero s\u00ed veo cada vez m\u00e1s gente que lo hace y, en cierta medida, cada vez me parece m\u00e1s l\u00f3gico.<\/p>\n<p>P.- \u00bfParece que Pedrosa y Lorenzo se llevan mucho mejor \u00faltimamente y que se respetan mucho m\u00e1s? S\u00f3lo es lo que parece o en realidad es as\u00ed y son m\u00e1s colegas?<\/p>\n<p>R.- Es tal cual lo ves. La relaci\u00f3n entre Dani y Jorge es mucho m\u00e1s cordial, aunque sin necesidad de ser amigos, algo que dif\u00edcilmente podr\u00e1n ser jam\u00e1s. Los enfrentamientos con Simoncelli les ha unido m\u00e1s todav\u00eda. Ojal\u00e1 sea as\u00ed por siempre, aunque la chispa podr\u00eda volver a encenderse en cualquier momento porque son dos ganadores natos.<\/p>\n<p>P.- Mela!! Triplete en casa de los italianos. \u00bfQu\u00e9 piensa la prensa italiana de nuestra cantera?\u00bfQu\u00e9 debe hacer Italia para volver a disputar mundiales en las tres categor\u00edas? gracias<\/p>\n<p>R.- Italia est\u00e1 intentando copiar el modelo espa\u00f1ol potenciando la federaci\u00f3n de all\u00ed el campeonato nacional, que en su caso se llama CIV. En cuanto a lo que piensan&#8230; Se mueren de envidia. El abucheo a Lorenzo el pasado domingo en el podio, cuando celebraba una victoria absolutamente leg\u00edtima, fue una falta de educaci\u00f3n y una clara muestra de impotencia. Pod\u00edan haber jaleado el meritorio segundo puesto de Dovizioso o vitorear a Rossi sin m\u00e1s, pero meterse con Lorenzo como lo hicieron fue indigno de un circuito de ese nivelazo.<\/p>\n<p>P.- Hola Mela! \u00bfEst\u00e1 al cien por cien Sim\u00f3n para volver en Alemania? \u00bfHay tanta diferencia en Moto2 a la hora de la clasificaci\u00f3n? gracias<\/p>\n<p>R.- Sim\u00f3n estar\u00e1 en Moto2. Te recomiendo que le sigas en Twitter para estar al tanto de su evoluci\u00f3n porque nos tiene a todos muy al d\u00eda. No creo que est\u00e9 al cien por cien para Alemania, pero lo importante es que estar\u00e1 seguro. Ahora hay que ver si rueda antes de viajar a Sachsenring o se sube a la Suter de Aspar por vez primera directamente all\u00ed. La segunda perdona no la entiendo bien, perdona.<\/p>\n<p>P.- Mela!! \u00bfC\u00f3mo va esa pedazo de Ducati que has subido fotos al twitter? dale gasss<\/p>\n<p>R.- Ja ja ja. Esa peaso Ducati Diavel me hace sentirme en estos momentos el hombre m\u00e1s feliz del mundo. L\u00e1stima que no deba pasar de 6.500 rpm hasta que llegue a los mil kms. Ma\u00f1ana le dar\u00e9 un arre\u00f3n importante al cuenta kil\u00f3metros, creo. Gracias por preguntar por mi Diablesa. <\/p>\n<p>P.- piensas que saldran a pista en 2012 las CRT moto1 de Suter y FTR?? o como se rumorea algunos de los 6 equipos con licencia CRT para 2012 estan en negociaciones con Honda para alquilarles motos? <\/p>\n<p>R.- Todo es posible, sobre todo porque no acaba de estar claro el reglamento ya que le faltan detalles. Por lo que tengo entendido, las primeras pruebas de esas motos est\u00e1n siendo bastante decepcionantes, con unos tiempos muy lentos\u2026<\/p>\n<p>P.- mela eres el mejor periodista de motos de este pais pero \u00bfporque le tienes tanta mania a dani pedrosa y adoras tanto a valentino rossi?elige pol o terol,sete o checa,elias o bautista,stoner o lorenzo,simon o barbera?<\/p>\n<p>R.- Gracias por tu piropo, aunque no creo que sea para tanto, porque yo tambi\u00e9n tengo alg\u00fan referente, como Manuel Pecino o Dennis Noyes. Te garantizo que no le tengo ninguna man\u00eda a Pedrosa a d\u00eda de hoy. Es m\u00e1s, le he echado un mont\u00f3n de menos durante su ausencia y la moto de r\u00e9plica que tengo suya en casa la he puesto en un lugar m\u00e1s relevante del que ocupaba en la estanter\u00eda. Respecto a Rossi, tengo muy presente de que estamos ante el mejor piloto de la historia, por muchas cosas, lo que no quita que prefiera que gane un espa\u00f1ol antes. En cuanto a tus preguntas, las respuestas deber\u00edan tener muchos matices, pero bueno\u2026 Terol (va a ser campe\u00f3n del mundo y Pol de momento no). Sete (tienen mucho m\u00e9rito los dos a\u00f1os de batalla que le plant\u00f3 a Valentino Rossi, pero me considero m\u00e1s tronco de Checa, porque es m\u00e1s cercano). Bautista (tiene m\u00e1s futuro a d\u00eda de hoy que Toni en MotoGP). Lorenzo, sin ninguna duda y sin ning\u00fan matiz, aunque Stoner sea buen\u00edsimo. Sim\u00f3n, porque es campe\u00f3n del mundo y Barber\u00e1 ha perdido la oportunidad de serlo, aunque es un chaval cojonudo, con perd\u00f3n, y que todav\u00eda tiene cosas que decir en MotoGP.<\/p>\n<p>P.- Buenas Mela.Si Marc,gana 3-4 carreras m\u00e1s y se convierte en dominador del Mundial,como ahora parece,aunque quedase 2\u00ba,por el inicio,\u00bfno crees que ya no tendr\u00eda nada que aprender e incluso podr\u00eda plantearse el salto a Moto GP?.\u00bfY si Ganase el Mundial,entonces que pasar\u00eda?\u00bfComo se puede catalogar a Marc,que ha ganado 3 carreras y que un pilotazo como Sim\u00f3n, no lo haya conseguido?.\u00bfEs que es otro extraterrestre,como Rossi?<\/p>\n<p>R.- No te lances a la piscina tan r\u00e1pido, compa\u00f1ero, que M\u00e1rquez s\u00f3lo tiene 18 a\u00f1os as\u00ed que, si pudiera ganar el t\u00edtulo este a\u00f1o, a pasear el n\u00famero uno de campe\u00f3n el a\u00f1o que viene y ha intentar revalidarlo. \u00bfQu\u00e9 es eso de subir a MotoGP con 19 a\u00f1os? No hay prisa y si puede llegar a MotoGP con tres t\u00edtulos, mejor, aunque ya ir\u00eda bien hacerlo con dos. Con M\u00e1rquez se ha roto el molde, una mezcla de lo mejor de Lorenzo, Pedrosa y hasta Rossi. Dir\u00eda que tiene la agresividad de Jorge, la finura de Dani y la picard\u00eda de Valentino. Queda claro que tiene algo de extraterrestre&#8230; En cuanto a Sim\u00f3n, le ha faltado cre\u00e9rselo m\u00e1s para tener ya en su palmar\u00e9s alguna victoria de Moto2, pero vendr\u00e1, porque es un currante con talento. El a\u00f1o que viene le veremos en MotoGP, pero para ello debe ganar antes alguna carrera de las que quedan en Moto2. Y otra cosa, a buena gente no le gana nadie al de Villaca\u00f1as.<\/p>\n<p>P.- Mela!! \u00bfQu\u00e9 les falta a los Espargarins para copar las primeras posiciones? Remontada de Aleix \u00bfLe falta mucho a su moto respecto a la de Bradl o Marquez? gracias<\/p>\n<p>R.- Aleix hizo una remontada importante en Mugello, pero saliendo 32\u00ba est\u00e1s vendido. \u00c9l lo sabe y para el futuro debe conseguir ir r\u00e1pido en agua, como lo hac\u00eda en su \u00e9poca de 125cc. La calificaci\u00f3n del s\u00e1bado estuvo condicionada por la lluvia y la pifi\u00f3. En cuanto a Pol, va a m\u00e1s. Estoy convencido de que acabar\u00e1 estando delante en Moto2. Paciencia con \u00e9l, que esta categor\u00eda es muy canalla.<\/p>\n<p>P.- Mela!! La competencia en 125 c.c es brutal \u00bfVi\u00f1ales, Zarco o Cortese como segundo del mundial? gracias<\/p>\n<p>R.- Sin duda alguna, Vi\u00f1ales, pero Zarco tambi\u00e9n me gusta. Aunque el franc\u00e9s tenga cara de se\u00f1or mayor, es un chaval que ya me llam\u00f3 la atenci\u00f3n en la Red Bull Rookies Cup (la gan\u00f3 hace dos o tres a\u00f1os). El que no me convence nada es Cortese. Lleva muchos a\u00f1os ah\u00ed y no remata. Pero vamos, de los tres, Vi\u00f1ales por encima de todos. Recuerda que s\u00f3lo tiene 16 a\u00f1os, que se est\u00e1 estrenando en todos los circuitos que son en el extranjero y que ya lleva dos victorias y un podio&#8230; Es una m\u00e1quina. En el AS del a\u00f1o pasado ya le dimos mucha bola y fuimos los primeros en contar que este a\u00f1o estar\u00eda en el Mundial. Le ayudamos a quedar bien con sus patrocinadores entrevist\u00e1ndole en Portugal. Lo hicimos porque ya cre\u00edamos en \u00e9l.<\/p>\n<p>P.- Hola Hermano, creo que te burlas de mis preguntas cuando me refiero a giberneau, a mi entender ha sido el piloto mas grande que ha pasado por la motogp, que no tengas la misma opinion que la mia no te da derecho a decir que Gibernau no es el mas grande. Aparte te he invitado en varias oportunidadess a Pontevedra y no me contestas tio, sera que no te agrada mi pueblo, gracias, Carlos el gallego Altuna.<\/p>\n<p>R.- Rebaja el tono porque creo que no lo merezco. Decirte que Gibernau hoy ya no tiene sitio en MotoGP no es burlarme de tus preguntas ni de Gibernau, al que respeto much\u00edsimo y por el que apost\u00e9 un mont\u00f3n en su d\u00eda. \u00bfNo te acuerdas lo mal que sali\u00f3 la reaparici\u00f3n del a\u00f1o pasado con el equipo del Pocero gestionado por los Nieto? Dicen que segundas partes nunca fueron buenas, pero es que la suya result\u00f3 desastrosa. En cuanto a lo de ir a tu pueblo, claro que me gusta Galicia, donde ya he estado alguna vez y donde tengo alg\u00fan buen amigo. \u00bfNo ser\u00edas t\u00fa el que te burlabas de m\u00ed planteando un equipo Sete-Checa en MotoGP? Eso no tiene futuro. En SBK todav\u00eda me lo podr\u00eda creer, pero tambi\u00e9n ah\u00ed van muy fuertes, empezando por el propio Toro.<\/p>\n<p>P.- Hola Mela, cuentame que pudistes averiguar de Rossi este fin pasado en mugelo, no le veo ninguna agresividad en la moto, ni ganas de luchar por el campeonato.\u00bf sera que estamos en presencia del ocaso de Rossi?<\/p>\n<p>R.- De entrada, decir de Rossi que estaba fastidiado al no poder contar por vez primera en el box con Jeremy Burgess, que se tuvo que ir a casa para estar junto a su mujer, a la que le han detectado un c\u00e1ncer de mama. Dicho esto, hubo en Ducati quien lleg\u00f3 a insinuar que le empiezan a ver desmotivado&#8230; pero eso no es cierto, porque la carrera que hizo, sin tener en cuenta que es Rossi, es buena. Remont\u00f3 desde el 12\u00ba al 6\u00ba y se faj\u00f3 con un mont\u00f3n de pilotos con los intercambi\u00f3 varios adelantamientos, especialmente con un inspirado Barber\u00e1. Yo me niego a decir que estamos ante el ocaso de Rossi, porque conf\u00edo que en cualquier momento acierte con la puesta a punto de la Ducati y vuelva a ser el de siempre. Tiene tantas ganas como antes. Eso no lo dudes.<\/p>\n<p>P.- Hola Mela! ante todo felicitarte por la Ducatona, es una belleza! Ahora si, te quer\u00eda consultar sobre lo que se hablo aca en Argentina y la posibilidad de realizarse una Fecha en la provincia de San Luis en el circuito de Termas de Rio Hondo. Mundial de motociclismo en Argentina en 2012? saludos y gasss!! <\/p>\n<p>R.- Muchas gracias por acordarte de mi Ducatona, que me tiene loco de felicidad y me tiene cayendo la baba todo el d\u00eda&#8230; Sobre lo que preguntas, tienes t\u00fa m\u00e1s datos que yo y me los apunto para preguntarlo en el paddock a quien corresponde la semana que viene. Por lo que yo s\u00e9, tiene m\u00e1s posibilidades Brasil que Argentina, porque all\u00ed hay m\u00e1s plata y mejores instalaciones. No basta con decir hago un GP, hay que hacerlo&#8230; Me cuenta un colega argentino que \u00e9se es el principal problema. Vuelve tras la cita de Alemania y te digo algo.<\/p>\n","protected":false},"excerpt":{"rendered":"<p>El motociclismo espa\u00f1ol sigue imparable. Nuestros pilotos han logrado en Mugelo el d\u00e9cimo &#8220;triplete&#8221; en nuestro palmar\u00e9s, con victorias en 125, Moto 2 y Moto GP. Nico Terol, que volv\u00eda tras perderse la carrera de Assen, se afianza en el liderato con su victoria en 125. Marc M\u00e1rquez se impuso al l\u00edder Bradl en la categor\u00eda media y Jorge Lorenzo remont\u00f3 para ganar a Stoner y acercarse en la general. Mela Ch\u00e9rcoles, enviado especial de AS al Mundial de motociclismo, est\u00e1 repasando con los internautas el victorioso fin de semana en Italia. <\/p>\n","protected":false},"author":1,"featured_media":0,"comment_status":"open","ping_status":"open","sticky":false,"template":"","format":"standard","meta":{"footnotes":""},"categories":[],"tags":[],"class_list":["post-8915","post","type-post","status-publish","format-standard","hentry"],"_links":{"self":[{"href":"https:\/\/intervius.com\/index.html\/wp-json\/wp\/v2\/posts\/8915","targetHints":{"allow":["GET"]}}],"collection":[{"href":"https:\/\/intervius.com\/index.html\/wp-json\/wp\/v2\/posts"}],"about":[{"href":"https:\/\/intervius.com\/index.html\/wp-json\/wp\/v2\/types\/post"}],"author":[{"embeddable":true,"href":"https:\/\/intervius.com\/index.html\/wp-json\/wp\/v2\/users\/1"}],"replies":[{"embeddable":true,"href":"https:\/\/intervius.com\/index.html\/wp-json\/wp\/v2\/comments?post=8915"}],"version-history":[{"count":0,"href":"https:\/\/intervius.com\/index.html\/wp-json\/wp\/v2\/posts\/8915\/revisions"}],"wp:attachment":[{"href":"https:\/\/intervius.com\/index.html\/wp-json\/wp\/v2\/media?parent=8915"}],"wp:term":[{"taxonomy":"category","embeddable":true,"href":"https:\/\/intervius.com\/index.html\/wp-json\/wp\/v2\/categories?post=8915"},{"taxonomy":"post_tag","embeddable":true,"href":"https:\/\/intervius.com\/index.html\/wp-json\/wp\/v2\/tags?post=8915"}],"curies":[{"name":"wp","href":"https:\/\/api.w.org\/{rel}","templated":true}]}}