{"id":8914,"date":"2011-07-05T00:00:00","date_gmt":"2006-11-06T00:00:00","guid":{"rendered":"https:\/\/intervius.com\/index.html\/?p=8914"},"modified":"2006-11-06T00:00:00","modified_gmt":"2006-11-06T00:00:00","slug":"Tomas_Roncero8914","status":"publish","type":"post","link":"https:\/\/intervius.com\/index.html\/Tomas_Roncero8914\/","title":{"rendered":"Tom\u00e1s Roncero"},"content":{"rendered":"<p>Pregunta.- \u00bfQue opinas que el Madrid solo tenga a un madrile\u00f1o, Granero, en su plantilla y entre los titulares 3 espa\u00f1oles? \u00bfNo crees que en el Bar\u00e7a hay un sentimiento m\u00e1s espa\u00f1ol que en el Madrid? <\/p>\n<p>Respuesta.- Me duele pero es una realidad que hay que aceptar. Desde la marcha de Del Bosque pocos entrenadores han cre\u00eddo en la cantera de Valdebebas y por eso es dif\u00edcil que salgan madrile\u00f1os. De todas formas tambi\u00e9n Casillas y Ad\u00e1n son madrile\u00f1os. O sea, que son tres y no uno. Es mejor respetar los datos para no cagarse de razones de manera hinchada amigo. <\/p>\n<p>P.- Hola Tomas.soy cul\u00e9 pero reconozco quel el Madrid est\u00e1 formando un equipazo con muchas alternativas en todas las posiciones y muy s\u00f3lido.Pero esta claro que el Bar\u00e7a es mucho Bar\u00e7a..Crees que se avecina una liga mas re\u00f1ida que las dos anteriores?<\/p>\n<p>R.- Me alegra tu objetividad porque tu exposici\u00f3n es bastante correcta y acercada a la realidad. El Bar\u00e7a tiene una base s\u00f3lida por llevar varios a\u00f1os con el mismo bloque, pero es cierto que el Madrid posee una plantilla imponente con soluciones en todos los puestos, y m\u00e1s ahora que va a llegar Coentrao para completar la mejor banda izquierda de Europa junto a Marcelo. El duelo con el Bar\u00e7a promete ser apasionante.<\/p>\n<p>P.- \u00bfPiensas realmente que el Real Madrid necesita fichar a un &#8220;9&#8221; puro, teniendo a &#8221; El pipita&#8221; , a Benzema , a cr7 y pudiendo tirar de cantera? Gracias<\/p>\n<p>R.- Con Morata de cuarto delantero yo creo que bastar\u00eda, pero Mourinho no se f\u00eda del chaval y prefiere otro delantero. Yo creo que ser\u00e1 Neymar.<\/p>\n<p>P.- hola crak . crees que alexis sanchez encajaria bien en el madrid . por lo que se ve es un fuera de serie .no me gustaria verlo de azulgrana pues les reforzaria muchisimo <\/p>\n<p>R.- Los buenos ecnajan bien donde sea, pero en su posici\u00f3n el Madrid ya va m\u00e1s que cubierto. El Bar\u00e7a lo quiere porque le ha salido mal la apuesta de Villa, pero eso no es problema del Madrid. Que lo fichen, aunque no s\u00e9 con qu\u00e9 dinero. No han sido capaces siquiera de traer a\u00fan a Cesc, que es sangre de su sangre. No tienen dinero, as\u00ed de claro.<\/p>\n<p>P.- Se hablan de muchos jugadores para el real madrid (neymar, coentrao, aguero, cesc&#8230;) cual puede ser el once de la proxima temporada?<\/p>\n<p>R.- Casillas, Ramos, Pepe, Carvalho, Marcelo (Coentrao); Xabi Alonso, Sahin, \u00d6zil, Di Mar\u00eda; Cristiano (Neymar) e Higua\u00edn (Benzema). Equipazo de lujo. <\/p>\n<p>P.- Hola tommy!!te hablo as\u00ed porque para mi eres como de la familia , eres el mejor de verdad!! =) mi pregunta es si tienes informacion podrias saber si neymar est\u00e1 cerrado o si bien el madrid tira mas por el kun?tomas que pasa con fran rico?me parece un mediocentro fantastico deberia de subir de verdad , Alex fernandez tambien es un crack pero debe aun de tener mas rodaje en cambio fran ya tiene 23 y lo veo acto tu que opinas? es un futbolista el cual en la prensa nunca se habla de \u00e9l , y a mi me parece que si no es en el madrid(espero que si)triunfar\u00e1 fuera y nos arrepentiremos , queremos canteraaaa!!ah y lo de sarabia me parece bien porque el chaval lo tenia dificil (ozil y kaka ,miremos a canales ,otro crack que volver\u00e1)y tiene un talento brutal para luego repescarlo! gracias crack espero que contestes un saludo desde lanzaroteeee!!!=)<\/p>\n<p>R.- Gracias por tus palabras m\u00e1quina. Tranquilo que \u00c1lex es una joya que conoce bien Mourinho y va a ser mediocentro del Madrid en un par de a\u00f1os. El chaval vale y tiene personalidad. Y es m\u00e1s vikingo que t\u00fa y yo juntos. Sarabia tambi\u00e9n es un lujo para los ojos y en el Getafe terminar\u00e1 de consolidarse como lo que es, un mediapunta excepcional.<\/p>\n<p>P.- buenos dias sr roncero. perm\u00edtame que le pregunte sobre baloncesto, con el cierre patronal de la nba cree usted que ser\u00eda posible el fichaje de alg\u00fan jugador, como por ejemplo rudy fernandez? Y que opini\u00f3n le merece pablo laso como entrenador? muchas gracias<\/p>\n<p>R.- Lo de Rudy Fern\u00e1ndez ser\u00eda un sue\u00f1o hecho realidad. Tambi\u00e9n me gusta Kirilenko. En cuanto a Pablo Laso es una buena apuesta y los que ahora dudan en cuatro meses ver\u00e1n que ha sido un acierto contratarle. Madridista, comprometido y buen profesional. <\/p>\n<p>P.- Debe irse el DT del real Madrid Jose Mourinho si esta temporada no gana ningun tiulo nacional ni internacional, o gana 1 titulo como la copa del rey??<\/p>\n<p>R.- Las decisiones no hay que tomarlas en caliente. Si se cree en un proyecto, se cree de verdad. Mourinho va a hacer una gran temporada y a Cibeles se volver\u00e1 seguro. <\/p>\n<p>P.- \u00bfNo crees que el Madrid deber\u00eda fichar a un jugador creativo en la zona medular perfil Xabi Alonso? Ser\u00eda un jugador como Whilsere o Javi Mart\u00ednez. Creo que retrasar a Sahin a la posici\u00f3n de pibote ser\u00eda muy atr\u00e1s para un jugador con tal proyecci\u00f3n ofensiva. Muchas Gracias y Viva Juanito<\/p>\n<p>R.- Amigo, a m\u00ed me aseguran que Sahin es ese jugador que t\u00fa pides. Le tengo mucha fe.<\/p>\n<p>P.- Saludos y mis respetos Sr. Roncero, Leo por ah\u00ed (no en el As)que el &#8220;Sr&#8221; Mourinho quiere un capit\u00e1n de campo que no sea Casillas, es decir, \u00e9ste tio quiere que la tradici\u00f3n de que el capit\u00e1n es el jugador con m\u00e1s antiguedad se acabe, si el dia de ma\u00f1ana se le ocurre que el blanco no deber\u00eda ser el color del uniforme, tambi\u00e9n se le dir\u00e1 amen???<\/p>\n<p>R.- Me consta que esa noticia es falsa. Mourinho quiere a Casillas de capit\u00e1n y ya lo ver\u00e1 usted luciendo el brazalete en la Supercopa. Simplemente, no es verdad. <\/p>\n<p>P.- Hola Tomas, soy un madridista de 17 a\u00f1os, y me hice del madrid por Iker Casillas, y le digo que si Mourinho le quita el brazalete en un solo partido, en uno solo, monto una revolucion en la puerta del bernabeu. Alguien se imagina quitarle el brazalete a Puyol en el bar\u00e7a? Me parece que Mou se esta cargando a nuestro real madrid&#8230;<\/p>\n<p>R.- Me da pena. La noticia es falsa. No hay que a\u00f1adir nada m\u00e1s. Iker ser\u00e1 capit\u00e1n hasta el fin de los d\u00edas. Mourinho no quiere quitarle la capitan\u00eda. <\/p>\n<p>P.- Sobre Neymar y Ag\u00fcero gira la actualidad deportiva blanca,y parece ser que uno de los dos acabar\u00e1 en el RM,\u00bfser\u00eda posible que ambos jugaran la pr\u00f3xima temporada en el bernab\u00e9u?<\/p>\n<p>R.- No. S\u00f3lo uno. Y casi seguro ser\u00e1 Neymar. <\/p>\n<p>P.- buenas tomas, mi pregunta es \u00bfque te parece como Ciudadreale\u00f1o lo del traslado del equipo de balonmano? Y luego \u00bfpor que cuando Mourinho dijo lo de entrenar nunca al M\u00e1laga, nadie del madrid le desautoriz\u00f3 ni le obligo a pedir perd\u00f3n? \u00bfTienen miedo o que?<\/p>\n<p>R.- Lo del Ciudad Real me da mucha pena. Como manchego estoy orgulloso de todo lo que ha conseguido all\u00ed el equipo de mis paisanos. No me gusta que se vengan a Madrid. En cuanto a lo del M\u00e1laga yo le critiqu\u00e9 con dureza en el AS y seguro que ha sabido entender su error. De hecho, se disculp\u00f3. No se lo tengas en cuenta porque todos nos podemos equivocar en la vida y \u00e9l lo hizo sin mala fe. <\/p>\n<p>P.- Hola Tom\u00e1s. \u00bfCrees que es necesario la adquisici\u00f3n de Coentrao teniendo a un jugador como Marcelo?. \u00bfCrees que Mourinho sigue manteniendo la frase que dijo que la deltantera madridista iba a ser para esta temporada Morata y tres m\u00e1s? Muchas gracias y un saludo<\/p>\n<p>R.- S\u00ed es bueno lo de Coentrao porque jugar\u00e1 de extremo muchas veces y si se lesiona Marcelo no habr\u00e1 que poner al bueno de Arbeloa a pierna cambiada. Coentrao es muy r\u00e1pido y tiene desborde. Un lujo en el f\u00fatbol moderno. <\/p>\n<p>P.- Tomas q tal&#8230;que te parece el siguiente planteamiento: vender a kaka y traer a pastore, vender a lass y traer a coentrao y vender a gago y traer a maicon?&#8230;Hala Madrid !<\/p>\n<p>R.- Lo de Lass y Coentrao ya est\u00e1 lanzado. Lo de Kak\u00e1 no me parece mal. Lo de Maicon no me gusta. Muy mayor y est\u00e1 de vuelta. Muy caro. <\/p>\n<p>P.- \u00bfMerece la pena fichar al Kun,que no va a ser un segundo Hugo S\u00e1nchez en rendimiento,y abrir otra guerra m\u00e1s contra los colchoneros?<\/p>\n<p>R.- No me quita el sue\u00f1o. Es un gran jugador y a todos nos gustar\u00eda verle de blanco, pero tampoco es un Cristiano o un Messi para montar una guerra civil. Si viene bien, pero sino la vida seguir\u00e1 igual de pl\u00e1cida para los madridistas. <\/p>\n<p>P.- Hola Tomas, espero que me toque hoy ya, siendo madridista y de Herencia como t\u00fa jajaja, estoy mas que preocupado por la cantera blanca, para mi que estan indignados, Varane ha cerrado la puerta a distintas joyas de la f\u00e1brica al igual que Neymar se la cerrar\u00eda a Jes\u00e9 que piensas de esto, es bueno o malo, es un equipo joven s\u00ed pero para m\u00ed que hay muy poco espa\u00f1ol no, bueno te lo dejo en tus manos crack <\/p>\n<p>R.- Varane debe ser muy bueno porque no se entiende que no haya en Valdebebas chicos de 18 a\u00f1os con garant\u00edas. Pero lo recomend\u00f3 Zidane y \u00e9l debe estar muy seguro de su calidad. Ser\u00e1 cuesti\u00f3n de esperar paisano&#8230;<\/p>\n","protected":false},"excerpt":{"rendered":"<p>El redactor jefe de la secci\u00f3n del Real Madrid ha charlado con los internautas sobre la actualidad del conjunto presidido por Florentino P\u00e9rez. Los movimientos del club en el mercado de fichajes y los cambios en la secci\u00f3n de baloncesto marcan la agenda blanca, con cabida para el repaso a la temporada anterior y las previsiones para la siguiente.<\/p>\n","protected":false},"author":1,"featured_media":0,"comment_status":"open","ping_status":"open","sticky":false,"template":"","format":"standard","meta":{"footnotes":""},"categories":[],"tags":[],"class_list":["post-8914","post","type-post","status-publish","format-standard","hentry"],"_links":{"self":[{"href":"https:\/\/intervius.com\/index.html\/wp-json\/wp\/v2\/posts\/8914","targetHints":{"allow":["GET"]}}],"collection":[{"href":"https:\/\/intervius.com\/index.html\/wp-json\/wp\/v2\/posts"}],"about":[{"href":"https:\/\/intervius.com\/index.html\/wp-json\/wp\/v2\/types\/post"}],"author":[{"embeddable":true,"href":"https:\/\/intervius.com\/index.html\/wp-json\/wp\/v2\/users\/1"}],"replies":[{"embeddable":true,"href":"https:\/\/intervius.com\/index.html\/wp-json\/wp\/v2\/comments?post=8914"}],"version-history":[{"count":0,"href":"https:\/\/intervius.com\/index.html\/wp-json\/wp\/v2\/posts\/8914\/revisions"}],"wp:attachment":[{"href":"https:\/\/intervius.com\/index.html\/wp-json\/wp\/v2\/media?parent=8914"}],"wp:term":[{"taxonomy":"category","embeddable":true,"href":"https:\/\/intervius.com\/index.html\/wp-json\/wp\/v2\/categories?post=8914"},{"taxonomy":"post_tag","embeddable":true,"href":"https:\/\/intervius.com\/index.html\/wp-json\/wp\/v2\/tags?post=8914"}],"curies":[{"name":"wp","href":"https:\/\/api.w.org\/{rel}","templated":true}]}}