{"id":8892,"date":"2011-06-27T00:00:00","date_gmt":"2006-11-06T00:00:00","guid":{"rendered":"https:\/\/intervius.com\/index.html\/?p=8892"},"modified":"2006-11-06T00:00:00","modified_gmt":"2006-11-06T00:00:00","slug":"Aritz_Gabilondo8892","status":"publish","type":"post","link":"https:\/\/intervius.com\/index.html\/Aritz_Gabilondo8892\/","title":{"rendered":"Aritz Gabilondo"},"content":{"rendered":"<p>Pregunta.- Gabilondo: ?Que te parece que en la actual sub 21 (rojita), no haya ni un solo judador del Real Madrid\u00bf, digo yo que ser\u00e1 por obra y gracia del SER SUPREMO o, y su ayudantre de C\u00e1mara, el Sr NUMBER ONE. La verdad que asco de Club Un saludo<\/p>\n<p>Respuesta.- Me parece un ejemplo claro de las urgencias que ahora mismo tiene el Madrid. Te recomiendo la lectura del art\u00edculo de Rela\u00f1o de hoy lunes. Es muy claro en ese sentido. Lo normal, en otras circunstancias, hubiera sido que Mata perteneciera al Madrid y quiz\u00e1 Parejo tambi\u00e9n. Pero no hay paciencia con la gente joven porque se piden resultados inmediatos. Y ese es un error. <\/p>\n<p>P.- Hola crack!! Dicen que Mata cuesta 20 kilos no?? No te parece la mayor ganga de Europa?? Estamos hablando de que Lavezzi, Alexis, Neymar y cia cuestan 50 kilos casi!!! No lo entiendo que el Barca dude con Mata, si tanto le gusta a Pep, o eso se supone&#8230;<\/p>\n<p>R.- Estoy totalmente de acuerdo. Mata no tiene el precio de otras estrellas del mercado y sin embargo s\u00ed que posee margen de mejora como para llegar a ser un futbolista de talla mundial en unos a\u00f1os. En la Eurocopa Sub-21 ha demostrado su enorme potencial con chicos de su edad, precisamente contra los que se va a medir cuando tenga la edad actual de los Iniesta, Xavi, Villa o Xabi Alonso. Me parece un buen fichaje de presente y un enorme fichaje de futuro.<\/p>\n<p>P.- Hola m\u00edster, \u00bfde verdad piensas que la columna vertebral de la sub 21 tendr\u00eda cabida en la absoluta? Tiago tiene mucha calidad, pero no lo veo en la absoluta en unos cuantos a\u00f1os; s\u00f3lo hay que ver el papel de Javi Mart\u00ednez, un jefe con los peque\u00f1os y un gregario despu\u00e9s.<\/p>\n<p>R.- Es normal. La edad, la experiencia y los galones son tambi\u00e9n elementos importantes en un equipo y en una Selecci\u00f3n. Un d\u00eda se fueron Ra\u00fal y Ca\u00f1izares y el tim\u00f3n fue para Xavi y Casillas. Y despu\u00e9s se ir\u00e1n estos y les suplir\u00e1n Ramos e Iniesta. Y a estos, a su vez, Cesc, Piqu\u00e9 y compa\u00f1\u00eda. Y cuando ellos sean veteranos el peso de La Roja ser\u00e1 para Javi Mart\u00ednez y Mata. As\u00ed sucesivamente. Lo importante es que haya un relevo generacional de garant\u00edas, que lo hay. El cambio no es inmediato, pero poco a poco se acaba produciendo.<\/p>\n<p>P.- Hola Aritz, \u00bfno te ha parecido la Eurocopa m\u00e1s desequilibrada que se recuerda? El 80% de los equipos ten\u00eda un nivel muy inferior al de Espa\u00f1a, algo decepcionante para el espect\u00e1culo&#8230;<\/p>\n<p>R.- Me ha parecido que selecciones de un potencial te\u00f3ricamente importante como Inglaterra, Dinamarca, Rep\u00fablica Checa o Islandia han estado a a\u00f1os luz de su nivel real. Y eso ha afectado a la calidad global del torneo. Pero Espa\u00f1a s\u00ed ha estado muy bien. Tambi\u00e9n Suiza. Y dir\u00eda que Bielorrusia. As\u00ed que el premio es justo y merecido para los que pelearon y dieron una buena talla de principio a fin.<\/p>\n<p>P.- \u00bfNo crees que se le ha dado demasiada poca importancia a Adri\u00e1n, siendo mucho m\u00e1s decisivo que Herrera, Thiago o Mata en este Europeo? <\/p>\n<p>R.- Puede ser. Ha hecho una Eurocopa soberbia, superando cr\u00edticas quiz\u00e1 demasido prematuras y apareciendo decisivamente en los momentos cruciales del torneo. El problema es que el mediocampo espa\u00f1ol es tan completo y depurado que existe la sensaci\u00f3n generalizada de que cualquier buen delantero hubiera sido capaz de aprovecharse de sus pases y combinaciones. Quiz\u00e1 sea injusto, pero es as\u00ed. En todo caso, yo me quito el sombrero con Adri\u00e1n, que ha sido capaz de callar muchas bocas, incluida la m\u00eda. Y bien que lo hemos agradecido todos.<\/p>\n<p>P.- Hola Aritz, Le deseo mucha suerte a Bojan en su nueva etapa en la Roma, \u00bfCrees que Bojan triunfara en la Roma de la mano de Luis Enrique?, <\/p>\n<p>R.- Depende mucho del \u00e9xito del entrenador. Si a Luis Enrique, con su estilo, le van bien las cosas en un f\u00fatbol tan t\u00e1ctico y defensivo como el italiano, Bojan marcar\u00e1 muchos goles. Yo conf\u00edo en \u00e9l. Estoy convencido de su calidad. Pero igual s\u00ed que ha llegado el momento de cambiar de aires y buscar retos y experiencias nuevas. Bojan necesita volver a sentirse un jugador \u00fatil y fundamental. Creo que es un proceso que a todos nos pasa alguna vez en nuestra vida, independientemente de la profesi\u00f3n a la que nos dediquemos.<\/p>\n<p>P.- A qu\u00e9 crees que se debe el boom del f\u00fatbol espa\u00f1ol de los \u00faltimos a\u00f1os?, siempre hemos tenido una cantera existosa, pero es que ahora da la sensaci\u00f3n que los jugadores son de una calidad nunca vista, es posible que a ra\u00edz de la victoria en la Eurocopa haya dado un vuelco a la mentalidad del futbolista espa\u00f1ol?<\/p>\n<p>R.- A que hemos ganado. Por fin. Nos hemos dado cuenta de que tenemos un tipo de futbolista que, adem\u00e1s de jugar bien, tambi\u00e9n sabe ganar. Esto supone mayor confianza y menos presi\u00f3n. Adem\u00e1s, el resto de pa\u00edses sigue sin encontrar un estilo que ahora mismo nos haga sombra. Quiz\u00e1 Holanda y Alemania, siguiendo el patr\u00f3n de juego espa\u00f1ol, son los que m\u00e1s se acercan. El resto (Francia, Argentina, Inglaterra, Italia&#8230; ) no sabe si copiarnos tambi\u00e9n o buscar un ant\u00eddoto. As\u00ed que disfrutemos.<\/p>\n<p>P.- Hola Aritz, qu\u00e9 te parece el posible fichaje de Souleymane Coulibaly para el Madrid?? (es de suponer que para el Castilla en un principio) Un saludo!!<\/p>\n<p>R.- Ha metido 8 goles en tres partidos en el Mundial Sub-17, por lo que estamos hablando de un punta con olfato y gran capacidad goleadora. Algunos de sus goles, por cierto, han sido bell\u00edsimos. Pero habr\u00eda que verle en Segunda B con el Castilla. Recuerdo el caso de Opare, que maravill\u00f3 con Ghana Sub-20 y en Espa\u00f1a se diluy\u00f3. El salto entre estos torneos juveniles y el profesionalismo sigue siendo grande. Requiere un gran trabajo una vez aterrizado aqu\u00ed; no vale s\u00f3lo lo realizado all\u00ed.<\/p>\n<p>P.- \u00bf como te ha parecido la actuacion de de Gea en el campeonato? <\/p>\n<p>R.- Buen\u00edsima. Le doy un 8. Quiz\u00e1 tuvo alguna duda en el gol de Bielorrusia en semifinales con aquel bal\u00f3n que vol\u00f3 por su \u00e1rea sin que se decidiera a atacarlo, pero en todos los partidos ha tenido una parada de m\u00e9rito en las pocas veces que le llegaron. Tambi\u00e9n en la final. Y lo m\u00e1s complicado para un portero es precisamente eso, responder cuando est\u00e1s fr\u00edo porque no intervienes para nada en el juego.<\/p>\n<p>P.- Sr. Gabilondo \u00bfPorqu\u00e9 Canales no fue convocado por la sub 21? <\/p>\n<p>R.- Porque jug\u00f3 10 partidos en toda la temporada, siete de ellos como suplente, y porque los t\u00e9cnicos consideran que en vez de ser una mera comparsa en la Sub-21 es mejor que coja responsabilidad y peso en la Sub-20, con la que disputar\u00e1 el Mundial de Colombia a partir del 31 de julio.<\/p>\n<p>P.- Hola crack!!! Digan lo que digan del MVP de Adr\u00edan y dem\u00e1s&#8230; Hay un jugador que ha estado a a\u00f1os luz del resto: Javi Martinez.. Aut\u00e9ntico jefe, lider de este equipo&#8230; \u00bf\u00bf\u00bfComo Madrid\/Barca no van a por Javi Mtez o Mata?? Si es apostar a seguro!! como el a\u00f1o pasado Villa o Silva&#8230; <\/p>\n<p>R.- Javi Mart\u00ednez ha sido como un lobo entre ovejas, lo puse ayer en mi art\u00edculo de AS. Hac\u00eda tiempo que no ve\u00eda un ejercicio de superioridad como el suyo en un terreno de juego. Y s\u00ed, estoy de acuerdo: Real Madrid y Barcelona deber\u00edan valorarlo al igual que hacemos los analistas y aficionados. A veces buscas fichajes del perfil de Javi Mart\u00ednez en el extranjero sin pensar que la soluci\u00f3n pasa precisamente por contratarle a \u00e9l. Mejor para el Athletic, desde luego.<\/p>\n<p>P.- hola aritz, de los no espa\u00f1oles de este europeo sub-21, me han gustado shaqiri, xhaka, eriksen y walker, \u00bfcrees que tienen potencial para jugar en grandes equipos? \u00bfa\u00f1adirias a alguien mas? un saludo <\/p>\n<p>R.- De Suiza me gust\u00f3 el portero Sommer, adem\u00e1s de Shaqiri y Mehmedi. Entre los bielorrusos destacar\u00eda a Gutor, Dragun y Skavysh y del resto poca cosa, quiz\u00e1 los laterales derechos Walker (Inglaterra) y Wass (Dinamarca). En general, bastante flojo todo. Shaqiri s\u00ed me parece un futbolista como para pensar en \u00e9l para un grande, aunque en la final estuvo ausente y acab\u00f3 desesper\u00e1ndose, un rasgo preocupante para un futbolista de su nivel.<\/p>\n<p>P.- sabes si Montoya, thiago y Munian Hugo Mallo, koke, e Isco van al Mundial sub 20<\/p>\n<p>R.- Thiago no va a ir. Esa es la decisi\u00f3n a la que han llegado los seleccionadores, que saben que a d\u00eda de hoy est\u00e1 m\u00e1s cerca de la absoluta que de la Sub-20. Su puesto lo ocupar\u00e1n Canales, Sergi Roberto e Isco, por lo que tampoco estamos tan mal cubiertos. En cuanto a Muniain y Montoya, la idea es que s\u00ed acudan. Por supuesto Koke tambi\u00e9n. Y Hugo Mallo podr\u00eda entrar en los planes, aunque dependiendo de qu\u00e9 laterales derechos se escojan finalmente: Montoya, Bl\u00e1zquez, \u00e9l&#8230;<\/p>\n<p>P.- Hola Aritz, al margen del campeonato (casi perfecto) de la selecci\u00f3n, \u00bfno crees que ha faltado nivel competitivo en muchos partidos? Futbol\u00edsticamente, una Eurocopa algo escasa&#8230;<\/p>\n<p>R.- S\u00ed, ya lo he dicho anteriormente. La baja de selecciones potentes como Francia, Italia, Alemania u Holanda ha restado nombre y potencial al torneo. Pero todas ellas fueron apeadas por las que s\u00ed hemos visto en Dinamarca, as\u00ed que el fallo ha sido suyo. Que se hubieran apretado los machos en su d\u00eda. Eso hizo Espa\u00f1a al sustituir a L\u00f3pez Caro por Milla y mira el resultado&#8230;<\/p>\n<p>P.- uenas aritz, mirando el sub-21 a mi un jugador que ha echo un torneo espectacular es muniain, dado que tiene 19 a\u00f1os, el esta hay partiendose la cara con gente 3 a\u00f1os mayor. Que te parece muniain para el futuro? <\/p>\n<p>R.- Espectacular. Su entrada tras el primer partido cambi\u00f3 la cara al equipo. Le dio descaro y agresividad, con y sin bal\u00f3n. Hizo ver a sus compa\u00f1eros que eran mejores de lo que se pensaban. Y todo ello siendo el m\u00e1s peque\u00f1o del grupo, el enano, como le llaman, lo que es un s\u00edntoma de liderazgo en toda regla. A ver si mantiene esa frescura de ideas y de piernas en el futuro. Ojal\u00e1.<\/p>\n<p>P.- que opini\u00f3n te merece el trabajo de equipos como el Barca y el Athletic que est\u00e1n formando jugadores de primer nivel, d\u00e1ndoles la oportunidad y haci\u00e9ndolo bien&#8230;.<\/p>\n<p>R.- Loable. Y tambi\u00e9n l\u00f3gico. En la actual coyuntura econ\u00f3mica hay que tirar de cantera y apostar por ella, entre otras cosas porque los resultados suelen ser mejores que haciendo lo contrario. Y si no mira el H\u00e9rcules. Yo apuntar\u00eda tambi\u00e9n a otros clubes que se han dado cuenta de ello: Atl\u00e9tico, Espanyol, Villarreal, Real Sociedad, Osasuna, Sporting&#8230;<\/p>\n<p>P.- Hola Aritz. Hagamos un ejercicio de ciencia ficci\u00f3n. Varios jugadores de esta selecci\u00f3n subir\u00e1n a la absoluta para la proxima eurocopa. Pensando en sus relevos desde la sub 20 y sub 19, \u00bfque jugadores crees tienen posibilidades de sumarse al equipo olimpico? Por ejemplo: Canales, Alvaro Vazquez, Bartra, Morata&#8230;.<\/p>\n<p>R.- A los JJ OO van s\u00f3lo 18 futbolistas. Eso cierra las puertas a muchos de los que nombras. Yo creo que lo l\u00f3gico es que vayan los que han logrado el pase. Ser\u00e1 muy dif\u00edcil que alguien se encuentre con la posibilidad de participar en una competici\u00f3n as\u00ed cuando no lo espera, entre otras cosas porque los futbolistas son los primeros que desean sentir ese esp\u00edritu ol\u00edmpico. La convocatoria ser\u00e1 muy selecta.<\/p>\n<p>P.- Hola campe\u00f3n. \u00bf No opinas que el Zaragoza, podr\u00eda haber esperado a acabar el europeo para vender a A. Herrera por un precio mayor?. \u00bf Lo ves a Ander en un par de a\u00f1os en un grande?<\/p>\n<p>R.- Si hubiera esperado a que terminara el torneo igual lo hubiera vendido a un mayor precio, porque ha estado sensacional. O, mejor, se lo hubiera quedado. En la Eurocopa hemos disfrutado de un Ander liberado, sin la tensi\u00f3n del descenso sobre su nuca, rodeado de jugadores de su misa cuerda, alegre, decisivo, genial. Ahora su evoluci\u00f3n depender\u00e1 del t\u00e9cnico que tenga en el Athletic. Si el que llega decide apostar por el f\u00fatbol creativo, \u00e9l seguir\u00e1 creciendo. As\u00ed lo ha hecho con la Selecci\u00f3n en la Eurocopa.<\/p>\n","protected":false},"excerpt":{"rendered":"<p>TWITTER DE ARITZ GABILONDO<br \/>\nBLOG SIEMPRE CANTERA <\/p>\n<p>Lleg\u00f3 la hora de la verdad. tras conseguir la clasificaci\u00f3n para los JJOO de Londres, la Rojita conquist\u00f3 el entorchado europeo ante Suiza. Aritz Gabilondo, especialista en categor\u00edas inferiores de AS, ha charlado con los internautas analizando el campeonato, sus figuras, revelaciones y grandes decepciones.<\/p>\n","protected":false},"author":1,"featured_media":0,"comment_status":"open","ping_status":"open","sticky":false,"template":"","format":"standard","meta":{"footnotes":""},"categories":[],"tags":[],"class_list":["post-8892","post","type-post","status-publish","format-standard","hentry"],"_links":{"self":[{"href":"https:\/\/intervius.com\/index.html\/wp-json\/wp\/v2\/posts\/8892","targetHints":{"allow":["GET"]}}],"collection":[{"href":"https:\/\/intervius.com\/index.html\/wp-json\/wp\/v2\/posts"}],"about":[{"href":"https:\/\/intervius.com\/index.html\/wp-json\/wp\/v2\/types\/post"}],"author":[{"embeddable":true,"href":"https:\/\/intervius.com\/index.html\/wp-json\/wp\/v2\/users\/1"}],"replies":[{"embeddable":true,"href":"https:\/\/intervius.com\/index.html\/wp-json\/wp\/v2\/comments?post=8892"}],"version-history":[{"count":0,"href":"https:\/\/intervius.com\/index.html\/wp-json\/wp\/v2\/posts\/8892\/revisions"}],"wp:attachment":[{"href":"https:\/\/intervius.com\/index.html\/wp-json\/wp\/v2\/media?parent=8892"}],"wp:term":[{"taxonomy":"category","embeddable":true,"href":"https:\/\/intervius.com\/index.html\/wp-json\/wp\/v2\/categories?post=8892"},{"taxonomy":"post_tag","embeddable":true,"href":"https:\/\/intervius.com\/index.html\/wp-json\/wp\/v2\/tags?post=8892"}],"curies":[{"name":"wp","href":"https:\/\/api.w.org\/{rel}","templated":true}]}}