{"id":8889,"date":"2011-07-11T00:00:00","date_gmt":"2006-11-06T00:00:00","guid":{"rendered":"https:\/\/intervius.com\/index.html\/?p=8889"},"modified":"2006-11-06T00:00:00","modified_gmt":"2006-11-06T00:00:00","slug":"Alfredo_Relano8889","status":"publish","type":"post","link":"https:\/\/intervius.com\/index.html\/Alfredo_Relano8889\/","title":{"rendered":"Alfredo Rela\u00f1o"},"content":{"rendered":"<p>Pregunta.- Don Alfredo, hubiese usted deseado que Florentino durase un a\u00f1o m\u00e1s con Pellegrini y en caso de no haber tenido buenos resultados hubiese fichado a Villas-Boas, yo como madridista lamento que no se haya esperado un a\u00f1o mas. Saludos desde Venezuela<\/p>\n<p>Respuesta.- Yo pens\u00e9 y escrib\u00ed que hubiera sido bueno darle el segundo a\u00f1o a Pellegrini. Creo que hab\u00eda margen de mejora. Pero ya no es hora d epensar en eso. Ahora est\u00e1 Mourinho, que es buen\u00edsimo, aunque da problemas. El ideal ser\u00eda que \u00e9l se moderase, que no se apropiara a este punto de la imagen del club. Pero en este sentido no soy optimista. <\/p>\n<p>P.- Don Alfredo, una pregunta sobre el &#8220;Super-M\u00e1laga&#8221; que se aventura a golpe de fichar estrellas en la recta final de sus carreras&#8230; No existe riesgo de que estos otrora excelentes futbolistas no tengan fondo para aguantar a pleno rendimiento toda la temporada ? No har\u00eda entonces mejor el M\u00e1laga en fichar o pedir cesiones de canteranos al Madrid o al Barcelona ? Muchas gracias.<\/p>\n<p>R.- En principio me gusta lo que est\u00e1 haciendo el M\u00e1laga. Ese peligro existe, hay mucho veterano, pero la segunda vuelta del a\u00f1o pasado da \u00e1nimos. Yo creo que va a resultar.<\/p>\n<p>P.- Buenos d\u00edas Don Alfredo. \u00bfMe podr\u00eda aclarar qu\u00e9 es lo que pas\u00f3 con Mata y el Real Madrid?. \u00bfFu\u00e9 culpa de Michel el que hubiera fichado por el Valencia? \u00bfqu\u00e9 fue en realidad lo que pas\u00f3?. Muchas gracias.<\/p>\n<p>R.- Mata ten\u00eda un contrarto mal hecho por Ram\u00f3n Mart\u00ednez por el que pod\u00eda marcharse. Pidi\u00f3 600.000 euros de ficha para quedarse y plaza en la primera plantilla, porque ten\u00eda oferta del Valencia. El Madrid no se decidi\u00f3. Tuvo miedo a hacer esa apuesta. En realidad, apost\u00edo por Drenthe y se equivoc\u00f3. De nuevo la pulsi\u00f3n de creer m\u00e1s en el de fuera que en el de dentro. Yo achaco el error a Mijatovic, no a Michel. Creo que fue el gran lunar de Mijatovic, junto a lo de Lass y Huntelaar y aquello de que s\u00f3lo uno pod\u00eda ir a la Champions. <\/p>\n<p>P.- Hola crack!! El KUn 45 kilos.. Alexis parecido.. Pastore se dice que 50.. etc tc&#8230; Si Mata vale 20&#8230; Igual me da Madrid q Barca.. deber\u00edan ficharlo con los ojos cerrados&#8230; Es IMPOSIBLE que salga mal&#8230;<\/p>\n<p>R.- Me gusta Mata, desde luego, pero tampoco s\u00e9 si su precio ser\u00eda ese. Desde luego, al Madrid se lo pondr\u00edan m\u00e1s caro que eso. Y al Bar\u00e7a, tambi\u00e9n.<\/p>\n<p>P.- Alfredo, enhorabuena por tu trabajo, te leo diariamente y me encantan tus art\u00edculos. El Madrid tiene nueve Copas de Europa en sus vitrinas. Pero todas esas Copas de Europa no las consigui\u00f3 creyendo en conspiraciones, ni quej\u00e1ndose de los \u00e1rbitros. \u00bfNo te parece que Mourinho ha convertido a un grande hist\u00f3rico en un peque\u00f1o hist\u00e9rico? <\/p>\n<p>R.- Siempre he dicho que me gusta Mourinho como entrenador, pero me disgustan mucho sus actitudes. No son buenas, dan mala imagen y adem\u00e1s son contraproducentes. <\/p>\n<p>P.- hola alfredo, \u00bfcrees que raul merece mas que cristiano un lugar en el 11 historico del madrid?<\/p>\n<p>R.- Por el momento, s\u00ed. Ya veremos cuando se vaya Cristiano qu\u00e9 queda. Puede que quede m\u00e1s que de Ra\u00fal, puede que no. De momento lleva dos a\u00f1os, Ra\u00fal estuvo quince. Ra\u00fal se hizo carne con el Madrid.<\/p>\n<p>P.- Hola Alfredo. Pregunta directa y creo que sencilla. \u00bfCu\u00e1nto le reporta al Real Madrid al a\u00f1o tener un jugador como Cristiano en la plantilla, o al Bar\u00e7a tener a un jugador como Messi? Cuanto es la ganancia que le sacan al jugador , muchas gracias <\/p>\n<p>R.- Sacan mucho. Sacan quince puntos m\u00e1s por temporada. Los dos han pasado de cincuenta goles. Son una barbaridad. Para m\u00ed son el factor determinante para que Madrid y Bar\u00e7a se queden tan solos en la Liga y para que en Europa tampoco tengan pr\u00e1cticamente otro adversario. <\/p>\n<p>P.- Hola monstruo, mi pregunta es la siguiente: \u00bf No crees que Benzema es un poco &#8220;tronco&#8221; y que no ha demostrado ninguna cualidad especial que nos haga pensar que pueda ser un crack?, pienso que Higuain es mucho mejor futbolista, adem\u00e1s lo ha demostrado con creces\u00b4. Un saludo.<\/p>\n<p>R.- Calidad, para m\u00ed, tiene mucha Benzema. Su problema es de \u00e1nimo. Es inseguro, es poco combativo. Higua\u00edn es lo contrario. No tiene la facilidad con el bal\u00f3n de Benzema, pero es todo fuego. Mi impresi\u00f3n es que Mourinho lo prefiere.<\/p>\n<p>P.- \u00bfC\u00f3mo ve la llegada de Bielsa al Athletic? Cree que puede suponer uns alto adelante de la plantilla rojiblanca?<\/p>\n<p>R.- Bielsa es muy bueno, todo lo que ha hecho lo ha hecho bien. Es un fan\u00e1tico de su trabajo. Es un cambio curioso de modelo, de Capar\u00f3s, que fue un electroshock para un Athletic que tem\u00eda un a\u00f1o y otro bajar, a este hombre. Es una de las grandes novedades de la temporada.<\/p>\n<p>P.- Hola Alfredo, por lo visto hasta le fecha en la Copa Am\u00e9rica, \u00bfes Alexis S\u00e1nchez el jugador m\u00e1s determinante y el mejor en lo que va de torneo? Un saludo.<\/p>\n<p>R.- S\u00ed, est\u00e1 siendo el mejor del partido en cada uno de sus partidos. Hasta ahora es triunfador claro entre los que podr\u00edamos llamar el star system de la Copa Am\u00e9rica.<\/p>\n<p>P.- hola maestro definame con una a palabra a juanito,santillana,benito,camacho,del bosque,pirri y amancio como jugadores claro un saludo<\/p>\n<p>R.- Juanito, pasi\u00f3n; Santillana, salto; Benito, casta; Camacho, valent\u00eda; Del Bosque, temple; Pirri, completo; Amancio, regate.<\/p>\n<p>P.- Hola Alfredo. Me gustar\u00eda saber que hubiese hecho usted si hubiese estado en el pellejo de Florentino con la decisi\u00f3n de echar a Valdano o en su defecto a Mourinho?? Y por qu\u00e9. Gracias crack.<\/p>\n<p>R.- Yo no hubiera echado a Valdano. Creo que el Madrid necesita ese contrapeso. Y creo que darle demasiado poder a Mourinho puede salir mal. Pero me figuro que Mourinho se cuadr\u00f3 y que no hubo manera de convencerle.<\/p>\n<p>P.- saludos. tiene vf, alguna respuesta al hecho que los equipos ingleses tengan una gran tendencia a pescar en la mas\u00eda y apenas se conozcan casos similares en la cantera del madrid??? no le llama la atenci\u00f3n que a pesar de la poca presencia canterana en el Madrid, se hayan producido pocas espantadas como la de Mata????<\/p>\n<p>R.- Es notorio que desde hace alg\u00fan tiempo la escuela buena es la del BAr\u00e7a. En AS venimos soteni\u00e9ndolo desde hace alg\u00fan tiempo. La cantera del Madrid ha ido a menos. Corre la voz y la gente se fija m\u00e1s en La Mas\u00eda. No es extra\u00f1o, si mira usted los primeros equipos de ambos, o si mira a la Selecci\u00f3n Espa\u00f1ola. O al podio del Bal\u00f3n de Oro.<\/p>\n<p>P.- Don Alfredo, \u00bfnos recibir\u00e1 la afici\u00f3n del Atl\u00e9tico con honores y buenas palabras tras no pagar la clausula del Kun? Como se que no va a ser as\u00ed, entiendo menos la postura de mantener las buenas relaciones con los directivos de un equipo, \u00bfen qu\u00e9 cambia eso?<\/p>\n<p>R.- No, la afici\u00f3n del Atl\u00e9tico siempre recibir\u00e1 mal al Madrid, est\u00e1 en el gui\u00f3n. Respecto a lo de la cl\u00e1usula s\u00ed o no, a\u00fan no estamos seguros de qu\u00e9 pasar\u00e1. Ahora mismo lo que yo creo es que se ha cruzado el inter\u00e9s creciente por Neymar.<\/p>\n<p>P.- Hola Alfredo.La pregunta es un poco atipica,pero a ver si te atreves:\u00bfcomo te imaginas a Madrid y Barca dentro de 10 a\u00f1os?Me refiero a nivel de titulos,juego,masa social etc&#8230;.Gracias\u00a1\u00a1<\/p>\n<p>R.- Los imagino codo a codo, como ahora. En principio el Bar\u00e7a tiene una base mejor, pero me cuesta pensar que el Madrid no se reconstruya a medio plazo. <\/p>\n<p>P.- Buenos d\u00edas Alfredo..\u00bfno cree que la intromision de Rosell en el asunto de Neymar es simplemente para &#8220;vengarse&#8221; de las provocaciones del Madrid de la temporada pasada y que en realidad no esta interesado en contratarlo?(para empezar porque no tiene dinero para hacerlo?&#8230;Segunda temporada de Mourinho y con los refuerzos que EL ha pedido&#8230;\u00bfno cree que ahora si que se le han acabado las excusas??Gracias crack.<\/p>\n<p>R.- Neymar es un jugador de futuro brillante y todo gran club tiene derecho a interesarse por \u00e9l. Tambi\u00e9n el Bar\u00e7a puede pensar que el Madrid le enreda o le ha enredado por Cesc o por Alexis. Es parte del juego. Respecto a Mourinho, s\u00ed. Este segundo a\u00f1o se supone que debe ser mejor. El problema para \u00e9l es que el Bar\u00e7a sigue ah\u00ed.<\/p>\n<p>P.- Antes que quejarse de lo que hacen o dejan de hacer el Madrid y el Barcelona con sus recursos, y aceptando que el reparto televisivo deberia ser mas equitativo, no deberian los demas clubes fijarse en lo que hacen los demas con recursos que no tienen? Eso de gastar y luego apelar a la ley concursal es inaceptable. En Inglaterra, si un club de la premier entra en admnistracion (lo mas parecido a la ley concursal) se le sanciona con 9 puntos, y con al menos 10 en el resto de las divisiones. Eso de gastar y no pagar si que adultera la competicion! Gracias<\/p>\n<p>R.- Lo que dice usted es una verdad como un templo. Admitir (incluso alentar) en la Liga el recurso a la Ley Concursal fue un disparate. Cosas de Tebas.<\/p>\n<p>P.- Rela\u00f1o, podra Mou ponerle a Neymar en cintura? Robinho no hubiera durado ni un dia?.<\/p>\n<p>R.- Eso nunca puede saberse. Quiz\u00e1 sea eso lo que le falt\u00f3 a Robinho: un ambiente de trabajo serio. <\/p>\n<p>P.- Hola Alfredo, porqu\u00e9 pagar 40 kilos por Cesc es innecesario y una locura porque no hace falta y pagar 40 kilos por Coentrao y Varane es otra obra maestra de Mou y el Ser Superior?? un saludo<\/p>\n<p>R.- No s\u00e9 qui\u00e9n ha dicho que pagar 40 por Ceontrao y 10 por Varane sea una obra maestra de un ser superior. Desde luego, yo no. Yo escrib\u00ed aqu\u00ed que Coentrao me parece caro y que viene a un puesto que est\u00e1 bien cubierto. Es bueno y tiene intensida,d pero 30 millones es much\u00edsimo y lo relacion\u00e9 con la fuerza creciente dle clan Mendes-Mourinho-Cristiano-etc\u00e9tera. Respecto a Varane, son 18 partidos en primera en un equipo que baj\u00f3. Ahora voy con Cesc: gran jugador, pero tampoco es estrat\u00e9gico para el Bar\u00e7a. Gana m\u00e1s Cesc yendo al Bar\u00e7a que el Bar\u00e7a trayendo a Cesc. Pero ojal\u00e1 lo traiga. Me gustar\u00eda que este jugadores estuviera entre nosotros.<\/p>\n<p>P.- Hola Alfredo. He visto que cada vez m\u00e1s equipo deciden entrar en Ley Concursal y veo equipos que antes de entrar est\u00e1n fichando nuevos jugadores, sin embargo, veo equipos como la UD Almer\u00eda en segunda divisi\u00f3n con las deudas saneadas y unas cuentas magnificas que no se ha endeudado, \u00bfNo ser\u00eda hora de que la federaci\u00f3n hiciera un castigo ejemplar y descendiera a todos estos equipos que se han gestionado tan mal y darle la oportunidad a los que cumplen las condiciones? Un saludo.<\/p>\n<p>R.- Es injusta esa situaci\u00f3n. Hace a\u00f1os que se est\u00e1 dando en nuestro f\u00fatbol. La Liga ha sido un desastre en este sentido como en otros.<\/p>\n<p>P.- Don Alfredo,Nuri Sahin nombrado mejor jugador de su Liga.Ahora Joven con mayor proyeccion de Europa segun Fifa Ser\u00e1 la pareja ideal para Xabi Alonso \u00bfSe puede comparar con Borja Valero? GRACIAS.Saludos cordiales.<\/p>\n<p>R.- A m\u00ed Borja Valero me gusta much\u00edsimo. A Sahin, en lo que le he visto, tambi\u00e9n. Me parece un jugador de buen vuelo, que puede instalarse en el Madrid. Les une un estilo t\u00e9cnico e inteligente.<\/p>\n<p>P.- A\u00f1o 2020: Candidatura a la presidencia del Real Madrid con Sanch\u00eds como Presidente, Hierro como director deportivo y Ra\u00fal de entrenador. \u00bfQu\u00e9 le parecer\u00eda?<\/p>\n<p>R.- No s\u00e9. \u00bfQuieren serlo? \u00bfValdr\u00edan para esos puestos? \u00bfTiene Sanchis tenacidad para ese cargo? \u00bfHierro vale para ese cargo? \u00bfHa entrenado a alguien Ra\u00fal? Grandes futbolistas, pero no tenemos ninguna seguridfad de que hicieran bien esas nuevas funciones.<\/p>\n<p>P.- Se\u00f1or Rela\u00f1o, mis m\u00e1s sincero saludo. Cree usted que en esta temporada que va a comenzar el Madrid puede equilibrar la balanza, o por el contrario, la hegemon\u00eda va a seguir siendo del Barca? \u00bfQu\u00e9 opina de lo que hemos visto de la Copa Am\u00e9rica? <\/p>\n<p>R.- Se jugar\u00e1n la temporada en los partidos entre ellos. No puedo saber qu\u00e9 pasar\u00e1. Les veo muy cerca. En cuatro o cinco partidos siempre hay un gactor de azar. Supongo que el Madrid mejorar\u00e1 y el Bar\u00e7a, desde luego, no va a empeorar, aunque sigo viendo que deben apuntalarse algo mejor en el centro de la defensa.<\/p>\n<p>P.- En el supuesto de q el kun se quede,\u00bfsilvio, miranda, el repescado salvio y el posible adrian seran los unicos fichajes? Sumando estos a la plantilla del a\u00f1o pasado no creo que se pueda aspirar a superar el septimo puesto. \u00bfNo seria mejor venderlo al madrid y traer a borja valero, pastore y cazorla? Podrian salir a 20 por cabeza. los 45 del kun y los 25 de de gea, darian para hacer un mejor equipo<\/p>\n<p>R.- No s\u00e9 si el Kun vale tant\u00edsimo. Ha dicho que se quiere ir y nadie a puesto los 45 hasta ahora. Es verdad que con ese plan el club mejorar\u00eda, pero no s\u00e9 si dar\u00eda para tanto. Lo de De Gea estaba ya en gran parte cobrado (y gastado) de antemano.<\/p>\n<p>P.- Alfredo, Madrid va a tener la temporada que viene cuatro equipos en Primera Divisi\u00f3n, Andaluc\u00eda tambi\u00e9n y la Comunidad Valenciana, tres. En cambio, otras comunidades como Castilla y Le\u00f3n, Castilla la Mancha, Extremadura o Galicia no tendr\u00e1n ninguno. \u00bfNo crees que deber\u00eda haber alg\u00fan criterio territorial a la hora de ascender? Es muy negativo para estos territorios no tener equipo de f\u00fatbol en Primera.<\/p>\n<p>R.- No puede ser otro criterio que el deportivo. Ahora le toca un bache a Galicia, no hace mucho tuvo tres. Eso va y viene. <\/p>\n<p>P.- Alfredo, \u00bfqu\u00e9 opinas de la poca aceptaci\u00f3n (por no decir rechazo) que ha tenido entre los aficionados el fichaje de Pablo Laso como entrenador del Madrid de baloncesto? \u00bfNo te parece que empieza a ser muy preocupante el mal funcionamiento de esta secci\u00f3n hist\u00f3rica? \u00bfQu\u00e9 deber\u00eda hacer Florentino para solucionarlo? Un abrazo.<\/p>\n<p>R.- Hay un desencanto permanente entre la afici\u00f3n del Madrid de baloncesto. Messina result\u00f3 un fiasco. Yo creo que el Madrid necesita una figura como Mariano Jacquotot, aquel vicepresidente de Mendoza, con peso de verdad en el club y con devoci\u00f3n por el baloncesto. Mientras no vuelva una figura as\u00ed no veo remedio. El Madrid gasta dinero en la secci\u00f3n, pero sin fe.<\/p>\n","protected":false},"excerpt":{"rendered":"<p>Alfredo Rela\u00f1o, director de Diario As y una de las firmas m\u00e1s prestigiosas del periodismo deportivo espa\u00f1ol, ha charlado de la actualidad deportiva con los internautas. <\/p>\n","protected":false},"author":1,"featured_media":0,"comment_status":"open","ping_status":"open","sticky":false,"template":"","format":"standard","meta":{"footnotes":""},"categories":[],"tags":[],"class_list":["post-8889","post","type-post","status-publish","format-standard","hentry"],"_links":{"self":[{"href":"https:\/\/intervius.com\/index.html\/wp-json\/wp\/v2\/posts\/8889","targetHints":{"allow":["GET"]}}],"collection":[{"href":"https:\/\/intervius.com\/index.html\/wp-json\/wp\/v2\/posts"}],"about":[{"href":"https:\/\/intervius.com\/index.html\/wp-json\/wp\/v2\/types\/post"}],"author":[{"embeddable":true,"href":"https:\/\/intervius.com\/index.html\/wp-json\/wp\/v2\/users\/1"}],"replies":[{"embeddable":true,"href":"https:\/\/intervius.com\/index.html\/wp-json\/wp\/v2\/comments?post=8889"}],"version-history":[{"count":0,"href":"https:\/\/intervius.com\/index.html\/wp-json\/wp\/v2\/posts\/8889\/revisions"}],"wp:attachment":[{"href":"https:\/\/intervius.com\/index.html\/wp-json\/wp\/v2\/media?parent=8889"}],"wp:term":[{"taxonomy":"category","embeddable":true,"href":"https:\/\/intervius.com\/index.html\/wp-json\/wp\/v2\/categories?post=8889"},{"taxonomy":"post_tag","embeddable":true,"href":"https:\/\/intervius.com\/index.html\/wp-json\/wp\/v2\/tags?post=8889"}],"curies":[{"name":"wp","href":"https:\/\/api.w.org\/{rel}","templated":true}]}}