{"id":8879,"date":"2011-06-22T00:00:00","date_gmt":"2006-11-06T00:00:00","guid":{"rendered":"https:\/\/intervius.com\/index.html\/?p=8879"},"modified":"2006-11-06T00:00:00","modified_gmt":"2006-11-06T00:00:00","slug":"Juanes8879","status":"publish","type":"post","link":"https:\/\/intervius.com\/index.html\/Juanes8879\/","title":{"rendered":"Juanes"},"content":{"rendered":"<p>Pregunta.- Buenos d\u00edas, Me gustar\u00eda preguntarle a que se debi\u00f3 ese concierto en Cuba, por la paz mundial. A priori un pa\u00eds con una dictadura comunista, que priva a la gente de su libertad, no es un marco id\u00f3neo para un concierto por la paz, \u00bfno cree usted?<\/p>\n<p>Respuesta.- Buenas tardes, aqu\u00ed estoy en Barcelona con EL PA\u00cdS. Preg\u00fanten lo que quieran. El arte tiene que estar por encima de cualquier diferencia ideol\u00f3gica. A su vez el arte es un puente para unir los pueblos y las almas.<\/p>\n<p>P.- Hola desde Caracas, es Aily. Te mando un super abrazo. \u00bfPodr\u00edas compartir c\u00f3mo han sido estos \u00faltimos d\u00edas de descanso, de reflexi\u00f3n?<\/p>\n<p>R.- Han sido muy positivos. He tenido la oportunidad de descansar, de pensar, de escribir, de trabajar, de reorganizar mi entorno y de recargar bater\u00edas para seguir.<\/p>\n<p>P.- \u00bfTe parece acertado el Movimiento 15-M de indignados surgido en Madrid? \u00bfTiene seguimiento en tu pa\u00eds?<\/p>\n<p>R.- Es un movimiento inspirador, que no tiene s\u00f3lo su origen en Madrid, es una conciencia universal que viene despertando desde la juventud y qu\u00e9 mejor manera de hacer que usando la no violencia para pedir respeto.<\/p>\n<p>P.- En el cambio que quieres para tu carrera, \u00bfestar\u00e1 m\u00e1s presente de nuevo el rock? \u00bfPodremos escuchar esas maravilllosas canciones de &#8220;F\u00edjate bien&#8221; en esta gira?<\/p>\n<p>R.- Es lo m\u00e1s seguro. Quiero regresar a mi esencia, a lo b\u00e1sico, obviamente sin abandonar otros elementos de la m\u00fasica popular que me gusta.<\/p>\n<p>P.- \u00bfMe gustar\u00eda saber si en su prevista parada art\u00edstica como tiempo sab\u00e1tico lo aprovechar\u00e1 para componer? En tal caso, \u00bfqu\u00e9 le inspira y si es posible que pueda dedicar m\u00e1s canciones al amor enamorado m\u00e1s que a la reconciliaci\u00f3n y la paz. Nos gusta el primer estilo, aunque el segundo es un esfuerzo valorado. Gracias<\/p>\n<p>R.- Mi manera de componer va muy ligada a mi estado de \u00e1nimo, a la maneera de ver la vida y las cosas, asique que quiz\u00e1s haga un poco de todo.<\/p>\n<p>P.- \u00bfNo te apetece sacar un disco recopilacion de tus mejores exitos unplugged? <\/p>\n<p>R.- Tengo muchos deseos. Puede ser un proyecto futuro.<\/p>\n<p>P.- \u00a1\u00a1Hola Juanes!! Ante todo, me encantan todas tus canciones&#8230; son pegadizas. El pr\u00f3ximo 20 ir\u00e9 a tu concierto en Madrid y seguro que ser\u00e1 genial. Me gustar\u00eda preguntarte si te dier\u00e1n a elegir con qui\u00e9n te quedar\u00edas, \u00bfcon Nirvana o los Aerosmith? <\/p>\n<p>R.- Me quedar\u00eda con los dos. Son diferentes y cada uno ocupa un espacio muy valioso en la historia del rock.<\/p>\n<p>P.- Hola. \u00bfAlgunos de tus hijos muestran talento musical? \u00bfDan senales que van a seguir tu camino? \u00bfTe gustar\u00eda? Besos desde Salamanca Te espero en Madrid<\/p>\n<p>R.- Eso parece, todos estan muy conectados con la pintura, la m\u00fasica y el baile. Quiero que sean felices asi que si deciden ser m\u00fasicos estar\u00e9 para apoyarlos.<\/p>\n<p>P.- \u00bfVas a dejar la m\u00fasica por mucho tiempo?<\/p>\n<p>R.- Nunca he pensado dejar la m\u00fasica. Ha sido una interpretaci\u00f3n err\u00f3nea. La m\u00fasica est\u00e1 en m\u00ed para siempre y yo en ella.<\/p>\n<p>P.- Despu\u00e9s de 8 meses desde el lanzamiento oficial de PARCE a\u00fan hay pa\u00edses donde tu disco no fue oficialmente lanzado ni se encuentra en el mercadom, por ejemplo en Rumani\u00eda, lamentablemente. Tampoco vendr\u00e1s con la gira por el resto de Europa. Tienes en plan promoci\u00f3n y algunos conciertos en otros pa\u00edses europeos adem\u00e1s de Espa\u00f1a en el pr\u00f3ximo futuro?<\/p>\n<p>R.- Este a\u00f1o no, pero seguramente en alg\u00fan momento del a\u00f1o entrante retomaremos.<\/p>\n<p>P.- \u00bfC\u00f3mo es un d\u00eda normal en la vida de Juan Esteban?<\/p>\n<p>R.- Muchos viajes&#8230;trabajo.<\/p>\n<p>P.- \u00bfQu\u00e9 es lo que haces justo antes de salir a un escenario?<\/p>\n<p>R.- Agradecer a la vida por la m\u00fasica, y recordar lo importante que es estar cantando para la gente.<\/p>\n<p>P.- \u00bfTe has planteado, en un futuro, dirigir tu m\u00fasica por otras v\u00edas, otros estilos, por ejemplo, hacer un disco Indie rock?<\/p>\n<p>R.- Definitivamente, estoy cambiando el rumbo de mi carrera. No se exactamente hacia donde voy, pero s\u00e9 que me estoy moviendo.<\/p>\n<p>P.- De todas las colaboraciones que hiciste con otros cantantes, \u00bfcu\u00e1l fue la m\u00e1s especial para ti? \u00bfTe gustaria hacer un disco de duetos (colaboraciones)? Si lo haces, escuchate a David DeMaria es un cantante espa\u00f1ol. Me encantar\u00eda que mis cantantes favoritos hicieran un duo, eso s\u00ed, te quiero mas a ti. Muchos besucos de una chiquitaja de Cordoba que te quiere mogoll\u00f3. Te vi en concierto con La Vida es con 8 a\u00f1itos y este a\u00f1o repito en Granada Te quiero.<\/p>\n<p>R.- Los duetos siempre traen nuevos aportes a la creaci\u00f3n. Conetarse con otro artista genera una fricci\u00f3n muy positiva. De igual manera es algo que se tiene que manejar muy naturalmente, por lo que se har\u00e1 en su momento.<\/p>\n<p>P.- Hola Juanes! \u00bfQu\u00e9 es lo m\u00e1s gratificante de tu profesi\u00f3n? \u00bfY lo que menos?<\/p>\n<p>R.- Lo m\u00e1s gratificante es el cari\u00f1o del a gente y la posibilidad de expresar tus sentimientos a trav\u00e9s de la m\u00fasica. Lo m\u00e1s difil es estar lejos de tus seres queridos y en algunas ocasiones tener que lidiar con especulaciones falsas. En otras palabras, casi perder la intimidad, pero es parte del proceso.<\/p>\n<p>P.- Juanes, gracias por tu m\u00fasica. Qu\u00e9 piensas sobre el maltrato a las mujeres, a prop\u00f3sito de todas las muertes que se han presentado en Colombia?<\/p>\n<p>R.- El maltrato de un ser humano a otro ser humano es lo m\u00e1s bajo que existe. El maltrato a la mujer no tiene ninguna explicaci\u00f3n. Es muy preocupante que esto est\u00e9 sucediendo y una se\u00f1al m\u00e1s para que quienes gobiernan inviertan mucho m\u00e1s presupuesto en educaci\u00f3n que en armas.<\/p>\n<p>P.- \u00bfC\u00f3mo te podemos ayudar tus fans para que seas m\u00e1s feliz?<\/p>\n<p>R.- Soy muy feliz, con su cari\u00f1o me basta. Estoy en un momento maravilloso a todo nivel. No hagan caso a tantas especulaciones que salen.<\/p>\n<p>P.- \u00a1Buenas tardes! \u00bfQu\u00e9 opinas sobre un tema tan complicado y actual como Internet y su repercusi\u00f3n en el \u00e1mbito musical?<\/p>\n<p>R.- Es necesario y transformador en la medida en la que se pueda regular el uso. Para los artistas nuevos es una gran herramienta al igual que para cualquier otro artista consolidado. Internet es el futuro.<\/p>\n<p>P.- Me intriga saber \u00bfqu\u00e9 o qui\u00e9n influy\u00f3 en ser qui\u00e9n eres hoy y qu\u00e9 te inspira?<\/p>\n<p>R.- Mis padres han tenido todo que ver con lo que soy hoy. Colombia por supuesto y todo tipo de m\u00fasica desde el folcklore hasta el rock.<\/p>\n<p>P.- Estas entre los mejores de Latinoam\u00e9rica y de la lengua espa\u00f1ola y la gente te quiere mucho, en especial en Colombia. Sin embargo hay rumores de que te tomas un descanso, \u00bfPor qu\u00e9 y por cuanto tiempo? \u00bfEs verdaderamente un descanso o dejas la m\u00fasica? Se te va a extra\u00f1ar mientras tanto.<\/p>\n<p>R.- Despu\u00e9s de la gira en Espa\u00f1a, tomar\u00e9 el resto del a\u00f1o para seguir componiendo nuevas canciones y entrar al estudio. Se han generado muchos rumores que son simples especulaciones. Jam\u00e1s dejar\u00e9 la m\u00fasica ni la m\u00fasica me dejar\u00e1. Ha sido mi forma de expresarme desde mi infancia.<\/p>\n<p>P.- \u00bfCu\u00e1l ser\u00eda tu dia ideal?<\/p>\n<p>R.- \u00c9ste.<\/p>\n<p>P.- Juanes, \u00bfPara cu\u00e1ndo, un d\u00fao con Luis Fonsi?<\/p>\n<p>R.- No lo se realmente. Le deseo mucha suerte a Luis en su nuevo trabajo, es un gran tipo y un gran cantante.<\/p>\n<p>P.- Hola PACERO moi, un gran saludo de Francia. \u00bfQu\u00e9 canci\u00f3n de tu maravilloso nuevo \u00e1lbum, te emociona m\u00e1s? <\/p>\n<p>R.- Me gusta mucho &#8220;Todos los d\u00edas&#8221;. Es una de mis preferidas para tocar en vivo.<\/p>\n<p>P.- Buenos dias Juanes, con muchas ganas de verte en Barcelona. Tengo ganas de aprender a tocar la guitarra el\u00e9ctrica, \u00bfalg\u00fan consejo para empezar? Gracias, besos mil.<\/p>\n<p>R.- En youtube hay miles de videos de diferentes guitarristas ense\u00f1ando a tocar la guitarra. Tambi\u00e9n hay much\u00edsima informaci\u00f3n en internet sobre escalas&#8230; incluso aplicaciones para m\u00f3viles que te ense\u00f1an la teor\u00eda b\u00e1sica. Lo ideal comprarte una guitarra y contratar a un profesor.<\/p>\n<p>P.- Es un honor, Juanes Desde Colombia, los que hemos podido seguir tu carrera desde el principio sabemos de tu calidad art\u00edstica y humana. A estas alturas y despu\u00e9s del tremendo \u00e9xito obtenido, me pregunto \u00bfsi todav\u00eda te preocupa las ventas de tus discos y las audiencias de tus conciertos o solo estar interesado en producir la m\u00fasica que te sale del alma? Un saludo de un admirador desde &#8220;Ni\u00f1o Gigante&#8221; &#8220;Solo&#8221;&#8230; Gracias por tu Musica.<\/p>\n<p>R.- Me interesa much\u00edsimo hacer la m\u00fasica del alma. Ha sido as\u00ed desde el principio, cada uno de mis discos ha respondido a ese sentimiento honesto. A veces he sido v\u00edctima del sistema pero siempre he regresado al lugar que pertenezco.<\/p>\n<p>P.- \u00bfCu\u00e1ndo tomas la decisi\u00f3n del retiro temporal, se da tal ves cuando sientes literalmente lo que tu canci\u00f3n &#8220;No creo en el jam\u00e1s&#8221; dice en sus primeros versos? Un abrazo fuerte desde Monterrey, M\u00e9xico \ud83d\ude42<\/p>\n<p>R.- As\u00ed es. Hay momentos en la vida en los que es bueno hacerte a un lado de la carretera, revisar tus frenos, aceite, aire en las llantas&#8230; para seguir.<\/p>\n<p>P.- \u00bfDe d\u00f3nde sacas las ideas para componer tus canciones?<\/p>\n<p>R.- De la vida, de la cotidianidad, de las historias, de mi vida personal&#8230;<\/p>\n<p>P.- Cual es tu frase celebre o frase favorita?<\/p>\n<p>R.- &#8220;La vida es una canci\u00f3n que hay que cantar todos los d\u00edas&#8221;.<\/p>\n<p>P.- \u00bfSueles esconder tus emociones en p\u00fablico?<\/p>\n<p>R.- En mis canciones estoy desnudo. La m\u00fasica me protege y me permite dejar ver el interior. Sin la guitarra y sin el cante soy un poco m\u00e1s t\u00edmido.<\/p>\n<p>P.- Juanes que tal,algun consejo para componer (letra y musica) soy de Peru y me gustaria mejor que recomienda un grande como ud??,bendiciones Parce,<\/p>\n<p>R.- Juanes que tal,algun consejo para componer (letra y musica) soy de Peru y me gustaria mejor que recomienda un grande como ud??,bendiciones Parce,<\/p>\n<p>P.- Cual es tu recuerdo mas memorable de la Infancia? Que quieres que tus hijos recuerden de su ni\u00f1ez cuando crezcan?<\/p>\n<p>R.- Quiero que recuerden el cari\u00f1o de sus padres y el amor y la seguridad que al final es todo lo que les prepara para el d\u00eda de ma\u00f1ana.<\/p>\n<p>P.- Juan, que conservas hasta ahora de lo q aprendiste desde q tocabas con ekhymosis?<\/p>\n<p>R.- Conservo todo, cada momento, cada concierto, cada canci\u00f3n, cada experiencia&#8230; Han sido una especie de universidad para m\u00ed.<\/p>\n<p>P.- \u00bfSi no hubieras sido cantante que te hubiera gustado ser?<\/p>\n<p>R.- Tuve la oportunidad de estudiar Dise\u00f1o Industrial en la Universidad Pontificia Bolivariana, asi qu\u00e9 seguramente estar\u00eda en alguna agencia de publicidad o en alguna empresa, no lo s\u00e9.<\/p>\n<p>P.- Hola \u00bfQu\u00e9 te da fuerzas para seguir adelante cuando sientes que todo esta en tu contra? Un saludo con much\u00edsimo cari\u00f1o desde Ruman\u00eda. \u00a1Te queremos mucho!<\/p>\n<p>R.- La fuerza interior, la f\u00e9, la familia, y las ganas de vivir.<\/p>\n<p>P.- Siendo recokero de coraz\u00f3n, \u00bfQu\u00e9 te parece el panorama del Rock actual?<\/p>\n<p>R.- Foofighters me parece una banda increible, Artic Monkeys tambi\u00e9n, Kings of Lion&#8230;etc. Asi que en medio de la dificultad siguen inspirando y lo mantienen vivo. En la vida omo en la m\u00fasica todo son ciclos, seguramente el rock volver\u00e1 otra vez con m\u00e1s potencia.<\/p>\n<p>P.- \u00a1Buenas tardes! Una curiosidad: \u00bfQu\u00e9 cree usted que es m\u00e1s dificil: cantar al amor cuando se est\u00e1 pasando por una ruptura, o hablar de desamor cuando se est\u00e1 enamorado y feliz? \u00a1Muchas gracias por sus canciones!<\/p>\n<p>R.- En general componer canciones en momentos de duelo personal resulta m\u00e1s f\u00e1cil para m\u00ed. Cuando estoy muy tranquilo lo que m\u00e1s me preocupa es qu\u00e9 voy a comer, tomar, dormir&#8230;<\/p>\n<p>P.- Hola, es Aily desde Venezuela. \u00bfQu\u00e9 personaje de la historia que admiras te gustar\u00eda que te siguiera en twitter?<\/p>\n<p>R.- Jes\u00fas, Buda, Bob Marley&#8230;<\/p>\n","protected":false},"excerpt":{"rendered":"<p>El cantante Juan Esteban Aristiz\u00e1bal V\u00e1squez (Medell\u00edn, 1972), art\u00edsticamente conocido como Juanes, estar\u00e1 de gira por Espa\u00f1a este mes de julio con su nuevo disco P.A.R.C.E. Empieza su ronda el pr\u00f3ximo 15 de julio en Gij\u00f3n. En total nueve conciertos entre los que figuran las ciudades Barcelona, el 19 de julio, y Madrid, el 20 de julio.<\/p>\n","protected":false},"author":1,"featured_media":0,"comment_status":"open","ping_status":"open","sticky":false,"template":"","format":"standard","meta":{"footnotes":""},"categories":[],"tags":[],"class_list":["post-8879","post","type-post","status-publish","format-standard","hentry"],"_links":{"self":[{"href":"https:\/\/intervius.com\/index.html\/wp-json\/wp\/v2\/posts\/8879","targetHints":{"allow":["GET"]}}],"collection":[{"href":"https:\/\/intervius.com\/index.html\/wp-json\/wp\/v2\/posts"}],"about":[{"href":"https:\/\/intervius.com\/index.html\/wp-json\/wp\/v2\/types\/post"}],"author":[{"embeddable":true,"href":"https:\/\/intervius.com\/index.html\/wp-json\/wp\/v2\/users\/1"}],"replies":[{"embeddable":true,"href":"https:\/\/intervius.com\/index.html\/wp-json\/wp\/v2\/comments?post=8879"}],"version-history":[{"count":0,"href":"https:\/\/intervius.com\/index.html\/wp-json\/wp\/v2\/posts\/8879\/revisions"}],"wp:attachment":[{"href":"https:\/\/intervius.com\/index.html\/wp-json\/wp\/v2\/media?parent=8879"}],"wp:term":[{"taxonomy":"category","embeddable":true,"href":"https:\/\/intervius.com\/index.html\/wp-json\/wp\/v2\/categories?post=8879"},{"taxonomy":"post_tag","embeddable":true,"href":"https:\/\/intervius.com\/index.html\/wp-json\/wp\/v2\/tags?post=8879"}],"curies":[{"name":"wp","href":"https:\/\/api.w.org\/{rel}","templated":true}]}}