{"id":8871,"date":"2011-06-20T00:00:00","date_gmt":"2006-11-06T00:00:00","guid":{"rendered":"https:\/\/intervius.com\/index.html\/?p=8871"},"modified":"2006-11-06T00:00:00","modified_gmt":"2006-11-06T00:00:00","slug":"Juan_Mora8871","status":"publish","type":"post","link":"https:\/\/intervius.com\/index.html\/Juan_Mora8871\/","title":{"rendered":"Juan Mora"},"content":{"rendered":"<p>Pregunta.- hola juan, \u00bfpau gasol a minnesota? \u00bfno ser\u00e1 una mal\u00edsima noticia?<\/p>\n<p>Respuesta.- Seg\u00fan para quien. Para Minnesota es buen\u00edsima. En fin, son los movimientos t\u00edpicos que se producen cada verano. Posibilidades hay ciertamente, pero a\u00fan son lejanas. Hay que ver el proyecto que plantean los Lakers para la pr\u00f3xima temporada.<\/p>\n<p>P.- Hola Juan, \u00bfc\u00f3mo cree que afectar\u00e1 la derrota de ayer ante Montenegro a la selecci\u00f3n femenina de baloncesto? \u00bfHasta d\u00f3nde cree que puede llegar en este Eurobasket?<\/p>\n<p>R.- Por supuesto que le va a afectar&#8230; pero espero que positivamente. Montenegro es una selecci\u00f3n que ha crecido much\u00edsimo y nosotros, en cuanto bajamos el nivel de juego, concentraci\u00f3n y ambici\u00f3n, somos un equipo del mont\u00f3n. Y cuando no est\u00e1 Amaya bajamos muchos escalones. Hay que ponerse las pilas. Si es as\u00ed, veo a la Selecci\u00f3n jugando por las medallas. \u00a1Como siempre!<\/p>\n<p>P.- Hola Juan. Javier Guill\u00e9n ha manifestado esta semana su &#8220;inter\u00e9s&#8221; en que La Vuelta suba al Teide. \u00bfCree que este puerto tendr\u00eda cabida en la filosof\u00eda unip\u00fablica (etapas unipuerto con final en puerto tipo muro)? Personalmente creo que este puerto, y otros muchos &#8220;olvidados&#8221;, dar\u00edan mucho juego como &#8220;puerto de paso&#8221; pero Unipublic y sus afines parecen desconocer el juego que dan este tipo de puertos.<\/p>\n<p>R.- Por supuesto que el Teide es un puerto v\u00e1lido para la Vuelta. Al ser una de las ascensiones mayores que hay, ya tiene mucho ganado. Sobre todo en cuanto a imagen. Se puede vender bien. Otra cosa es que al ser muy tendido y con un buen asfalto, no presente grandes dificultades.<\/p>\n<p>P.- \u00bfC\u00f3mo ve la marcha de Ricky Rubio a Minnesota? Cree usted que triunfar\u00e1? A m\u00ed, particularmente,m me llama mucho la atenci\u00f3n la de detalles que est\u00e1n teniendo en esa franquicia con Ricky&#8230; \u00bfNo cree que quiz\u00e1 lo sobrevaloran un poco?<\/p>\n<p>R.- No le veo ahora mismo en la NBA. Se encuentra en su momento m\u00e1s bajo de juego y a la NBA no se va a aprender, sino a jugar (ve\u00e1se el caso de Sergio Rodr\u00edguez). Espero que el baj\u00f3n que registra sea psicol\u00f3gico y all\u00ed se pueda recuperar.<\/p>\n<p>P.- hola juan ya estamos en wimbledon, \u00bfpor quien apostarias si te jugaras tu dinero en una casa de apuestas? yo vi a federer muy bien en paris, imponiendose a djokovic en su terreno menos favorable. un saludo<\/p>\n<p>R.- Pues te voy a dar una sorpresa, Cordob\u00e9s. Puestos a apostar ser\u00eda para ganar alg\u00fan dinerillo, no unos c\u00e9ntimos, y entonces me inclinar\u00eda por Murray.<\/p>\n<p>P.- \u00bfTienes alguna noticia sobre el futuro del balonmano Ciudad Real? No te miento si te digo que en la ciudad tenemos una gran preocupaci\u00f3n por el futuro del club.<\/p>\n<p>R.- Pues las que ya hemos publicado. El tema se encuentra a la espera de encontrar patrocinadores con el equipo en Madrid. La cosa est\u00e1 mal, pero se trabaja en ello. Yo no descartar\u00eda que el equipo siguiera en Ciudad Real, eso s\u00ed, con mayor apoyo de la afici\u00f3n. Y me refiero al econ\u00f3mico.<\/p>\n<p>P.- Cual sebe de ser el director y el entrenador de la secci\u00f3n de baloncesto del Real Madrid. Anda Mojate. Yo pienso que por el mismo orden Corbalan con plenos poderes y Pesic<\/p>\n<p>R.- \u00a1Hombre, Juanlu! Yo soy periodista del AS, no presidente ni directivo del Madrid. Me parece una osad\u00eda dar nombres, porque ser\u00eda simplemente una opini\u00f3n. Cuando en la profesi\u00f3n los damos es porque hay movimientos detr\u00e1s de ellos, pero proponerlos as\u00ed como as\u00ed no creo que sea nuestra misi\u00f3n. Ahora bien y dicho esto, ya que propones unos nombres concretos, no voy a ser yo quien diga que no.<\/p>\n<p>P.- \u00bfQui\u00e9n cree que va a ganar Wimbledon?<\/p>\n<p>R.- Ya he dicho que si es para apostar, Murray me parece una opci\u00f3n muy rentable. Si es para acertar, dir\u00eda que la cosa va a estar entre Djokovic y Nadal.<\/p>\n<p>P.- Buenos d\u00edas Sr. Mora. En primer lugar, elogiar sus amplios conocimientos sobre m\u00faltiples deportes. Esta semana La Vuelta ha presentado el trofeo de la edici\u00f3n 2011, el a\u00f1o pasado fue el maillot. Creo que LA Vuelta debia centrar sus esfuerzos en promocionar aspectos inherentes al recorrido para tratar de acercar al p\u00fablico a la prueba y no darle tanta &#8220;bola&#8221; a cuestiones secundarias como el trofeo o el maillot. \u00bfQu\u00e9 opina usted al respecto? \u00bfTan mal est\u00e1 La Vuelta que tiene que recurrir a estos temas para ganar algo de presencia en los medios?<\/p>\n<p>R.- Una cosa no quita la otra. Son aspectos perfectamente complementarios.<\/p>\n<p>P.- Gran victoria de Higuero en Estocolmo \u00bfBrotes verdes en el &#8220;sospechoso&#8221; equipo espa\u00f1ol de atletismo tras la operaci\u00f3n Galgo?<\/p>\n<p>R.- En absoluto. El Campeonato de Europa de selecciones llega muy pronto en la temporada y suelen darse sorpresas, porque el estado de forma de la gente a\u00fan no es el \u00f3ptimo. Es cierto que los espa\u00f1oles han competido con ganas, como queriendo demostrar algo, y tambi\u00e9n que esta vez ha habido competencia para entrar en el equipo, porque esta prueba era v\u00e1lida para la concesi\u00f3n de becas. La gente ha espabilado, ha acelerado la preparaci\u00f3n y los resultados han sido mejores de lo esperado.<\/p>\n<p>P.- no entiendo que con toda la costa que tenemos seamos tan flojos en volley playa <\/p>\n<p>R.- Una cosa es jugar en la playa y otra competir. De todas maneras tan flojos no somos. Llevamos medio siglo jugando al voleibol y a\u00fan no hemos conseguido ninguna medalla en los Juegos Ol\u00edmpicos; empezamos a jugar al voley-playa y a las primeras de cambio subimos al podio. <\/p>\n<p>P.- \u00bfQu\u00e9 opina de las declaraciones de Sampras en las que dice que federer es el favorito para Wimbledon? \u00bfCree que se ha acabado el empuje de Nole? \u00bfVe a Nadal capaz de volver a doblegar a todos sus rivales en hierba?<\/p>\n<p>R.- Pues sus motivos tendr\u00e1. Cada uno tiene su opini\u00f3n y la de \u00e9l es de peso, pero, la verdad, no veo a Federer ganando en Wimbledon cuando Nadal est\u00e1 recuperado, Djokovic descansado y teniendo en cuenta, adem\u00e1s, que la hierba de Wimbledon suele deparar sorpresas. Berdych y Roddick han sido, sin ir m\u00e1s lejos, los \u00faltimos finalistas.<\/p>\n<p>P.- Buenos d\u00edas ctasck mni pregunta es clara. Tras el fracaso de los Lakers esta temporada que cree usted que necesitan incorporar a la plantilla para volver a la lucha por el anillo. A quien ficharia uested??? un saludo<\/p>\n<p>R.- No s\u00f3lo es cuesti\u00f3n de fichajes. Miami apost\u00f3 por un equipo gal\u00e1ctico y perdi\u00f3 ante el veterano Nowitzki y otros treinta\u00f1eros. Pero puestos a fichar a alguien ser\u00eda a Rose para montar el equipo a su alrededor.<\/p>\n<p>P.- \u00bfCu\u00e1l es el quinteto ideal del Real Madrid Baloncesto de todos los tiempos?. Y del Bar\u00e7a? y respectivos entrenadores?<\/p>\n<p>R.- Ufff&#8230; Es dif\u00edcil hacer un quinteto a vuela pluma. Pero en \u00e9l no deber\u00edan faltar Corbal\u00e1n, Emiliano, Herreros, Petrovic y Sabonis. Y en el Barcelona, pues Djorjdevic (aunque tambi\u00f1\u00e9n jugara en el Madrid), Epi, Navarro, Gasol y Norris. Pero seguro que me dejo a alguien, que conste. Y entrenadores, pues Ferr\u00e1ndiz y Aito.<\/p>\n<p>P.- \u00bfQu\u00e9 opina de la irrupci\u00f3in de Rory MCIlroy en el Golf? \u00bfEstamos ante un nuevo tiger?<\/p>\n<p>R.- Un jugador que a los 22 a\u00f1os gana el US Open es como para tenerle en cuenta. Es la misma edad a la que Woods gan\u00f3 su primer grande.<\/p>\n<p>P.- \u00bfqu\u00e9 te parece lo del Ciudad Real y el Atletico de Madrid? no cree que con la situaci\u00edon actual de la gesti\u00f3n coclhonera esto roza el esperpento?<\/p>\n<p>R.- Es algo que se ven\u00eda hablando desde hac\u00eda tiempo, y que la crisis ha acelerado. Las ayudas p\u00fablicas se han acabado y cada equipo ha de buscarse la vida. El Ciudad Real cree que tiene m\u00e1s posibilidades de seguir como Atl\u00e9tico que en Ciudad Real. La condici\u00f3n del Atl\u00e9tico es clara: pone el nombre, pero que el balonmano no le cueste un duro. En ese sentido no veo mal su posici\u00f3n.<\/p>\n","protected":false},"excerpt":{"rendered":"<p>Porque el deporte va m\u00e1s all\u00e1 del f\u00fatbol, Juan Mora, subdirector del diario AS, ha charlado con los internautas sobre las diversas disciplinas deportivas al margen del f\u00fatbol.<\/p>\n","protected":false},"author":1,"featured_media":0,"comment_status":"open","ping_status":"open","sticky":false,"template":"","format":"standard","meta":{"footnotes":""},"categories":[],"tags":[],"class_list":["post-8871","post","type-post","status-publish","format-standard","hentry"],"_links":{"self":[{"href":"https:\/\/intervius.com\/index.html\/wp-json\/wp\/v2\/posts\/8871","targetHints":{"allow":["GET"]}}],"collection":[{"href":"https:\/\/intervius.com\/index.html\/wp-json\/wp\/v2\/posts"}],"about":[{"href":"https:\/\/intervius.com\/index.html\/wp-json\/wp\/v2\/types\/post"}],"author":[{"embeddable":true,"href":"https:\/\/intervius.com\/index.html\/wp-json\/wp\/v2\/users\/1"}],"replies":[{"embeddable":true,"href":"https:\/\/intervius.com\/index.html\/wp-json\/wp\/v2\/comments?post=8871"}],"version-history":[{"count":0,"href":"https:\/\/intervius.com\/index.html\/wp-json\/wp\/v2\/posts\/8871\/revisions"}],"wp:attachment":[{"href":"https:\/\/intervius.com\/index.html\/wp-json\/wp\/v2\/media?parent=8871"}],"wp:term":[{"taxonomy":"category","embeddable":true,"href":"https:\/\/intervius.com\/index.html\/wp-json\/wp\/v2\/categories?post=8871"},{"taxonomy":"post_tag","embeddable":true,"href":"https:\/\/intervius.com\/index.html\/wp-json\/wp\/v2\/tags?post=8871"}],"curies":[{"name":"wp","href":"https:\/\/api.w.org\/{rel}","templated":true}]}}