{"id":8866,"date":"2011-06-16T00:00:00","date_gmt":"2006-11-06T00:00:00","guid":{"rendered":"https:\/\/intervius.com\/index.html\/?p=8866"},"modified":"2006-11-06T00:00:00","modified_gmt":"2006-11-06T00:00:00","slug":"Javier_G-_Matallanas8866","status":"publish","type":"post","link":"https:\/\/intervius.com\/index.html\/Javier_G-_Matallanas8866\/","title":{"rendered":"Javier G. Matallanas"},"content":{"rendered":"<p>Pregunta.- hola javier,creo que cuando empiece la temporada vamos a tener un equipazo,hazme caso,lo que me parece que con el dinero de los traspasos debemos debilitar a un rival directo nuestro y ese rival es el villarreal,crees que va haber un trasbase de jugadores entre el villareal y el atleti? <\/p>\n<p>Respuesta.- Las pretensiones econ\u00f3micas que pone por traspasar a sus jugadores el Villarreal son muy altas&#8230; Pero entre Diego L\u00f3pez, Nilmar, Borja Valero y Rossi, alguno puede ser jugador del Atl\u00e9tico la pr\u00f3xima temporada. Un abrazo!!!<\/p>\n<p>P.- hola javier,tu crees que con xabi alonso y sahin,el madrid podra plantar cara al centro del campo del bar\u00e7a.un saludo. <\/p>\n<p>R.- Si Mourinho les pone juntos de titulares ganar\u00e1 mucho f\u00fatbol en su centro del campo. Abrazo!!<\/p>\n<p>P.- que te parece bielsa como entrenador? va con urrutia en las elecciones. crees que encajara en el athletic? <\/p>\n<p>R.- Me parece un gran entrenador, aunque lleva m\u00e1s de una d\u00e9cada sin entrenar a un club. Pero si va al Athletic de Bilbao, y parece que s\u00ed despu\u00e9s de decir que no al Sevilla y a la Real Sociedad, adem\u00e1s de a la selecci\u00f3n de Estados Unidos y otros equipos, va al equipo vizca\u00edno, Urrut\u00eda tiene una bala de plata con el argentino para ganar las elecciones de calle&#8230;<\/p>\n<p>P.- Muy buenas Mata!!Ahora que sale Etoo diciendo que estudiara ofertas seria descabellado que acabase en el Madrid?Y para acabar..habra alguien en el mundo mas inepto que JCS y Herreros?A estas alturas y no sabemos ni quien nos entrenara&#8230;Gracias!!<\/p>\n<p>R.- Todo puede ocurrir en f\u00fatbol, pero no cre\u00f3 que el Madrid, de momento, se lo haya planteado&#8230; <\/p>\n<p>P.- Hola Javier: Soy socio del Barcelona, y acabo de leer las declaraciones del Sr Rosell, y siceramente para mi gusto se ha quedado muy corto, yo soy de los muchos socios que piensan que hay que cortar con todos los estamentos del Madrid, ya estamos cansados de Florentino, Mourinho, directivos del madrid, y parte de la prensa, como bien dijo Guardiola &#8220;La Central Lechera&#8221; Un saludo<\/p>\n<p>R.- Para m\u00ed el presidente del Bar\u00e7a ha estado bastante correcto. Un abrazo!<\/p>\n<p>P.- \u00a1Hola,buenas tardes! Es en relaci\u00f3n con el art\u00edculo de hoy de I\u00f1ako D\u00edaz-Guerra.Es necesario por lo menos que denunci\u00e9is, lo que dice el art\u00edculo, es increible lo de fichar a Diego del Villarreal, cuando va para a\u00f1os que el problema del Atleti es el estar partido, y el f\u00fatbol moderno, no va s\u00f3lo de extremos y delanteros.Es un enga\u00f1o, con unos buenos centrocampista defiende el Bar\u00e7a. Por lo menos que la denuncia que aparece en ese art\u00edculo se extienda, ya se ver\u00e1.No s\u00e9 si estar\u00e1s de acuerdo, pero se ha destapado un clar\u00edsimo enga\u00f1o con lo de la cantera y Manzano. \u00a1Un abrazo!<\/p>\n<p>R.- Gastarse 12 millones en un portero es un gasto excesivo a mi juicio. Un abrazo<\/p>\n<p>P.- matallanas no entiendo tanta desilusion, reyes mario tiago valero (dime que extremo te gustaria) y forlan. y tiki-taka<\/p>\n<p>R.- Me alegro que no caigas en el desasosiego y mantengas el optimismo. Ojal\u00e1 funcione el Atleti de Manzano.<\/p>\n<p>P.- \u00bfC\u00f3mo quedar\u00e1 el Atleti despu\u00e9s de su venta (seg\u00fan anunciaste la semana pasada)? \u00bfHay alguna esperanza de salir alg\u00fan d\u00eda de la mediocridad en la que sus dirigentes han convertido nuestro club, como venimos denunciando, desgraciadamente s\u00f3lo en los foros, desde hace mucho tiempo? \u00bfAlguna posibilidad real?<\/p>\n<p>R.- La venta se est\u00e1 negociando (hay tres alternativas, pero no concretan la oferta) y dije que podr\u00eda producirse en tres meses o en un a\u00f1o (Angel Torres estuvo 15 meses negociando la venta del Getafe), o incluso no producirse. Hay posibilidad de que el Atl\u00e9tico vuelva a ser el club que era, sobre todo si se produce esa venta.<\/p>\n<p>P.- hola mata hace 29 a\u00f1os por estas fechas se jugaba el mundial espa\u00f1a 82 que hacias tu por esa epoca y como vivistes el mundial a quien veias campeon antes de empezar seguro que a italia no verdad saludos hala madrid y forza atleti<\/p>\n<p>R.- Ten\u00eda diez a\u00f1os. Mi padre compr\u00f3 entradas para la segunda fase para ver a Espa\u00f1a en el Vicente Calder\u00f3n. Deb\u00eda jugar en el estadio del Manzanares porque deb\u00eda ser primera, pero como no se clasific\u00f3 como se esperaba, jug\u00f3 en el Bernab\u00e9u y nunca utilizamos aquellas entradas. Lo viv\u00ed con la ilusi\u00f3n de un ni\u00f1o de diez a\u00f1os, convencido de que \u00edbamos a ser campeones del mundo. La misma ilusi\u00f3n con la que viv\u00ed todos los mundiales posteriores como aficionado, primero, y luego como periodista. Y esa ilusi\u00f3n, ese sue\u00f1o se convirti\u00f3 en realidad el 11 de julio de 2010 en Sud\u00e1frica, en el estadio Soccer City de Johanesburgo. Y yo tuve la inmensa fortuna de estar all\u00ed presente all\u00ed llorando como un ni\u00f1o de alegr\u00eda, cumpliendo el sue\u00f1o de aquel ni\u00f1o de 10 a\u00f1os y de millones de ni\u00f1os que lo so\u00f1aron tantos a\u00f1os en Espa\u00f1a.<\/p>\n<p>P.- Hola campe\u00f3n , no entiendo el derrotismo que hay alrededor del Atleti , con el dinero de Kun Godin y Degea se puede hacer un equipazo(si mejor\u00f3 con los 40 kilos de Torres \u00bfcomo no va a mejorar con 80 Kilos?como dice Antic con estos hemos quedado 7\u00ba , por cierto lo de no venderlo al Madrid es mas que l\u00f3gico no veo porque tienen que comprar lo que les de la gana si no se lo quieren vender, por cierto \u00bfque me recomendarias que hiciera en ese caso con la camiseta del Kun de mi hijo?un saludo<\/p>\n<p>R.- Espero que aciertes y, sobre todo, que acierten los dirigentes del Atl\u00e9tico y reinviertan bien el dinero de las posibles ventas. Yo que tu guardar\u00eda la camiseta del Kun con cari\u00f1o porque no deja de ser uno de los grandes futbolistas que ha tenido el Atl\u00e9tico en su historia, se marche o no. Un saludo!<\/p>\n<p>P.- Mata, te planteo una duda importante ya que me pareces un ejemplo de periodismo comprometido. Cesc es un gran jugador, sobre todo de cara al futuro. Pero lo cul\u00e9s (muchos m\u00e1s de lo que la gente cree, y si no recordar la pitada en el Camp Nou cuando le sustituyeron este a\u00f1o) no estamos de acuerdo con su fichaje. Se trata de un chaval que se fue con 16 a\u00f1os porque quiso, se van a recortar los presupuestos en las secciones para pagar cerca de 40 millones por \u00e9l, y sobre todo, se ha manchado la camiseta centenaria del Bar\u00e7a primero por Unicef (fant\u00e1stico), pero luego con Catar (dictadura donde no se respetan muchos derechos que aqu\u00ed se consideran b\u00e1sicos). Y adem\u00e1s, se le est\u00e1 cortando la progresi\u00f3n a los chavales como Thiago, Sergi Roberto, Romeu, Espinosa, Rafinha&#8230;todos ellos internacionales en categor\u00edas inferiores. \u00bfno te parece un fichaje que, adem\u00e1s de que no es prioritario, pues no ser\u00eda ni titular ahora mismo, enfrenta demasiadas cuestiones en el seno cul\u00e9? Muchas gracias por estas charlas<\/p>\n<p>R.- Creo que Cesc ser\u00eda un acierto para reforzar al Bar\u00e7a. Explicaba esta ma\u00f1ana Mart\u00ed Perarnau en la presentaci\u00f3n de su libro Senda de campeones que entre Xavi e Iniesta hay un salto muy grande generacional con Thiago y Sergio Roberto, y hay encaja Cesc. Si el Bar\u00e7a ficha a Cesc ser\u00e1 mucho m\u00e1s fuerte todav\u00eda. Gracias a ti por participar!!! Un abrazo!!!<\/p>\n<p>P.- Javier,\u00bfNo crees que lo de CESC ya cansa?.Yo creo que su comportamiento no es el adecuado,se est\u00e1 burlando de todos,dice que quiere ir al Barca,se deja querer por el Madrid y en todo eso falta al respeto al Arsenal,que es quien le dio la oportunidad.Yo desde luego para el MAdrid no lo quiero.<\/p>\n<p>R.- Cesc est\u00e1 siendo elegante, a mi juicio. Su deseo es jugar en el Bar\u00e7a y espero que lo cumpla. Es un crack mundial y nos dar\u00e1 muchas alegr\u00edas en la Selecci\u00f3n. Un abrazo!!!<\/p>\n<p>P.- Hola Mata, como siempre, un placer. Me estoy llevando una grata sorpresa con Ander Herrera. En el Zaragoza no me causaba una gran impresi\u00f3n, pero cuando se ha juntado con gente que toca m\u00e1s el bal\u00f3n en la rojita, el chaval ha demostrado ser un gran jugadorazo. pero se lo ha llevado el Athletic. \u00bfCrees que en diciembre ten\u00eda que haber pujado por \u00e9l el Atleti? Yo creo que si. Gracias<\/p>\n<p>R.- El placer es m\u00edo!! Coincido contigo. Ander Herrera est\u00e1 rindiendo a un nivel espectacular en el europeo sub 21. En el Athletic se va a salir. Su preferencia era jugar en San Mam\u00e9s. Un abrazo!!! <\/p>\n<p>P.- Buenas tardes. Mi pregunta es sobre la Eurocopa sub-21 concretamente me centro en la defensa.Milla juega con estos cuatro: Montoya Botia Dominguez Didac. Ok mi pregunta es usted noi cree que jgente como San Jos\u00e9 o Jose Angel que gozaron de mas minutos en la temporada que Didac y Dominguez y que por ejemplo Azpilicueta con mas experiencia que Montoya. Noi se merecerian ellos la titularidad? Un saludo<\/p>\n<p>R.- Todos los que nombras est\u00e1n capacitados para jugar, si Milla elige a esos ser\u00e1 porque los cree los m\u00e1s convenientes. Pero todos son muy buenos!!! San Jos\u00e9 me encanta y Jos\u00e9 Angel es muy bueno. Y Azpilicueta, tambi\u00e9n, pero Montoya, Botia, Dom\u00ednguez y Didac son los titulares y lo est\u00e1n haciendo muy bien. Un abrazo!!!<\/p>\n<p>P.- Hola Javier. No te parece que se le est\u00e1 dando demasiado bombo a Neymar? a m\u00ed me recuerda un poco al caso Robinho, seg\u00fan dec\u00edan iba a ser el pr\u00f3ximo Pel\u00e9, y al final ha vuelto al Santos con el propio Neymar&#8230; No te parecen demasiados los 45 millones de los que se hablan, por un chico de 19 a\u00f1os? Gracias<\/p>\n<p>R.- Neymar es un proyecto de superclase. Tiene todo para triunfar. Pero debe seguir su progresi\u00f3n y quiz\u00e1s ser\u00eda mejor que se hiciera unos a\u00f1os en Brasil. Un saludo!!!!<\/p>\n<p>P.- hola mata!! dame animos,\u00bfdejare de ver con la elastica colchonera a Perea,Valera y R. Garcia?tiene opciones Cedric de formar parte dela plantilla? creo que es muy bueno.\u00bfque fue de el chaval Pacheco?lo poco que le vi,me gusto mucho.Gracias<\/p>\n<p>R.- Perea parece que seguir\u00e1. Valera y Ra\u00fal Garc\u00eda est\u00e1n en el mercado. Cedric no creo que regrese, aunque alguna opci\u00f3n podr\u00eda tener, pero escasa. Pacheco a\u00fan pertenece al Atl\u00e9tico y podr\u00eda entrar en alguna operaci\u00f3n. Muchas gracias!!!<\/p>\n<p>P.- mata, crees que Arteta seria una solucion valida para el aleti.Y cual seria tu delantero preferido.Gracias y un saludo<\/p>\n<p>R.- A mi gustar\u00eda mucho ver a Arteta de rojiblanco, creo que ser\u00eda un gran refuerzo. Es una de las estrellas de la Premier y triunfar\u00eda en la Liga. Como delantero me gustan Negredo, G\u00fciza, Rossi o Nilmar. Un abrazo!!!<\/p>\n<p>P.- Javier; solo una pregunta ?crees que Manzano el entrenador que necesita el Atleti en estos momentos\u00bf Un saludo<\/p>\n<p>R.- Yo hubiese apostado por Simeone o Luis, pero creo que Manzano puede hacer un buen trabajo al frente del Atl\u00e9tico de Madrid.<\/p>\n","protected":false},"excerpt":{"rendered":"<p>Javier G. Matallanas, adjunto a la direcci\u00f3n de AS, charlar\u00e1 con los lectores sobre la actualidad deportiva.<\/p>\n","protected":false},"author":1,"featured_media":0,"comment_status":"open","ping_status":"open","sticky":false,"template":"","format":"standard","meta":{"footnotes":""},"categories":[],"tags":[],"class_list":["post-8866","post","type-post","status-publish","format-standard","hentry"],"_links":{"self":[{"href":"https:\/\/intervius.com\/index.html\/wp-json\/wp\/v2\/posts\/8866","targetHints":{"allow":["GET"]}}],"collection":[{"href":"https:\/\/intervius.com\/index.html\/wp-json\/wp\/v2\/posts"}],"about":[{"href":"https:\/\/intervius.com\/index.html\/wp-json\/wp\/v2\/types\/post"}],"author":[{"embeddable":true,"href":"https:\/\/intervius.com\/index.html\/wp-json\/wp\/v2\/users\/1"}],"replies":[{"embeddable":true,"href":"https:\/\/intervius.com\/index.html\/wp-json\/wp\/v2\/comments?post=8866"}],"version-history":[{"count":0,"href":"https:\/\/intervius.com\/index.html\/wp-json\/wp\/v2\/posts\/8866\/revisions"}],"wp:attachment":[{"href":"https:\/\/intervius.com\/index.html\/wp-json\/wp\/v2\/media?parent=8866"}],"wp:term":[{"taxonomy":"category","embeddable":true,"href":"https:\/\/intervius.com\/index.html\/wp-json\/wp\/v2\/categories?post=8866"},{"taxonomy":"post_tag","embeddable":true,"href":"https:\/\/intervius.com\/index.html\/wp-json\/wp\/v2\/tags?post=8866"}],"curies":[{"name":"wp","href":"https:\/\/api.w.org\/{rel}","templated":true}]}}