{"id":8849,"date":"2011-06-09T00:00:00","date_gmt":"2006-11-06T00:00:00","guid":{"rendered":"https:\/\/intervius.com\/index.html\/?p=8849"},"modified":"2006-11-06T00:00:00","modified_gmt":"2006-11-06T00:00:00","slug":"Javier_G-_Matallanas8849","status":"publish","type":"post","link":"https:\/\/intervius.com\/index.html\/Javier_G-_Matallanas8849\/","title":{"rendered":"Javier G. Matallanas"},"content":{"rendered":"<p>Pregunta.- Buenos d\u00edas desde Canad\u00e1. 3 preguntas en 1: \u00bfIntentar\u00e1 el Madrid fichar a Thiago Alc\u00e1ntara? \u00bfA qui\u00e9n dejar\u00e1 Pep en el banquillo si se fichan a Cesc y Rossi? \u00bfY Mourinho si fichana Ag\u00fcero?<\/p>\n<p>Respuesta.- No creo que el Madrid intente ese fichaje, aunque ser\u00eda un gran refuerzo. Lo pudo fichar hace dos temporadas y no quiso abrir un conflicto con el Bar\u00e7a. Thiago Alcantar\u00e1 es el futuro de La Roja. Si llegan Cesc y Rossi, Pep har\u00e1 m\u00e1s rotaciones. Mourinho alternar\u00eda a Ag\u00fcero con Benzema e Higuain, aunque uno de los dos tendr\u00e1n que salir si el Madrid ficha al Kun, Un saludo candiense!!! <\/p>\n<p>P.- hola Javier, como crees que ser\u00e1 la temporada que viene para el Real Zaragoza? crees que con su politica de austeridad conseguir\u00e1 situarse en la parte alta de la tabla? es mejor o peor que siga Agapito?<\/p>\n<p>R.- Su pol\u00edtica de austeridad es obligada porque ha entrado en concurso de acreedores. Creo con Javier Aguirre desde el principio en el banquillo no pasar\u00e1 apuros para la permanencia. Agapito es el due\u00f1o y \u00e9l decidir\u00e1 si debe vender, pero los pol\u00edticos no le han dejado vender a quien el quer\u00eda vender hace dos meses. Un abrazo!!!<\/p>\n<p>P.- Lo habesi conseguiso Gil y Cerezo, tras 30 a\u00f1os de socio\/abonado, me doy de baja. Me voy, pero os espero en la puerta, cunado salgais volvere \u00bfTendre que esperar mucho?<\/p>\n<p>R.- El Atl\u00e9tico de Madrid est\u00e1 en proceso de venta, pero a\u00fan ni lo han auditado, puede tardar tres meses, un a\u00f1o o dos en venderse, pero yo creo que al final lo vender\u00e1n. <\/p>\n<p>P.- hola javi, cortita y al pie, \u00bfneymar o santi cazorla? un saludo<\/p>\n<p>R.- No son comparables. Cazorla es un fen\u00f3meno pero ya es un futbolista maduro. Neymar es una promesa con pinta de convertirse en crack mundial. En mi equipo tendr\u00eda a los dos. Salu2!!!<\/p>\n<p>P.- mata soy salvadore\u00f1o y quisiera que me hablaras un poco de jorge el magico gonzales y su etapa con el cadiz que incluso jugo una pretemporada con el barcelona. un abrazo<\/p>\n<p>R.- Y tambi\u00e9n jug\u00f3 en el Valladolid. El Mago fue un adelantado, un superclase, un crack mundial, s\u00e9 mucho de \u00e9l por Kiko Nav\u00e1ez, que estaba en la cantera del C\u00e1diz cuando M\u00e1gico Gonz\u00e1lez deslumbraba en el primer equipo. Hac\u00eda rabonas cuando en Europa no se hab\u00eda visto esa suerte, colas de vaca, era un prodigio t\u00e9cnico. Yo le vi jugar en el CAlder\u00f3n y era maravilloso. Estuvo a la altura de Maradona, pero le falt\u00f3 tenacidad y costancia. Con Kiko siempre vemos sus v\u00eddeos y yo alucin\u00f3 por muchas veces que los veamos. Fue, es y ser\u00e1 siempre un mago del bal\u00f3n. Un genio!!! Un abrazo!!!<\/p>\n<p>P.- Que jugadores tiene en mente Caminero para este nuevo proyecto?<\/p>\n<p>R.- Negredo, Borja Valero y un portero. Eso es prioritario y tambi\u00e9n muy complicado. <\/p>\n<p>P.- Hola crack, como siempre, un placer estas charlas. Siempre se ha dicho que la capacidad de Guardiola de fichar es cuestionable. Pero de los fichajes de la primera temporada, ni Henrique, ni Keirrison, ni Caceres fueron fichajes suyos. si lo fue Hleb, pero raro era que un jugador que ven\u00eda del arsenal como titular no se adaptase. De la segunda fue un error lo de Ibrahimovic, que \u00e9l mismo ha asumido y lo de Chygrynskiy (que se recuperaron 15). Pero \u00bfy Alves, Piqu\u00e9, Keita, Mascherano, Maxwell, Adriano, Afellay o Villa? Vale, eran buenos, pero \u00e9l sab\u00eda que pod\u00edan dar un nivel aun mayor que en sus equipos y apost\u00f3 por ellos. Yo creo que ha tenido apuestas malas (las 2 de hace dos veranos) pero que en lo dem\u00e1s hay que repartir culpa con los directivos. Gracias y un saludo<\/p>\n<p>R.- Coincido contigo en tu an\u00e1lisis. Pero Pep debe afinar este a\u00f1o porque si ficha bien el Madrid lo tendr\u00e1 complicado para plantarle cara al Bar\u00e7a. Un saludo!!!<\/p>\n<p>P.- Hola Mata, eres un grande! \u00bfTe imaginas un Madrid con Filipe Luis (antes de la lesi\u00f3n), Valero acompa\u00f1ando a Alonso, a Mata por Di Maria y a Negredo peleando por un puesto en punta? Pues los que somos asiduos al Alfredo Distefano lo estar\u00edamos deseando de no ser por una directiva que no apuesta por la cantera, y que dentro de 5 a\u00f1os nos estaremos tirando de los pelos de nuevo por no haber apostado por lo que ahora est\u00e1n en el filial. Gracias y a ver si dais m\u00e1s ca\u00f1a a los dirigentes con el tema de los canteranos que es lo que queremos ver el aficionado. <\/p>\n<p>R.- Pues ser\u00eda un gran Real Madrid!!! Lo que me extra\u00f1a es que ahora no quieran recuperar a Negredo con el nivel que tiene y sigue en progresi\u00f3n. Acabar\u00e1 en el Atl\u00e9tico. Creo que el Madrid no ha utilizado bien su cantera. y con Mourinho la va a utilizar poco. Si no puso ni un minuto a Morata en la vuelta de Copa ante el Levante y ven\u00eda de un 8-0 en la ida!!!! Un saludo!!!<\/p>\n<p>P.- Hola Enrique!Tengo una pregunta sobre Mourinho.De los equipos en los que ha estado Mourinho estos ultimos a\u00f1os(Chelsea,Inter,Madrid) hay algun canterano de estos equipos el cual este triunfando hoy en Europa y el cual este triunfando gracias a Mourinho?? Es por saber si Mourinho es asi con la cantera en general o es asi porque no le gusta la cantera del Madrid.Saludos y un abrazo<\/p>\n<p>R.- No tengo constancia de que haya sacado ning\u00fan canterano en esos tres equipos que est\u00e9 triunfando. En general, utiliza muy poco la cantera, prefiere pagar 25 millones por Di Mar\u00eda o 30 ahora por Coentrao&#8230; Un saludo!!!<\/p>\n<p>P.- Hola t\u00edo\u00a1\u00a1 Acabo de leer el art\u00edculo de Juan Lu\u00eds Cano, y, sinceramente, me siento igual. Me cans\u00e9 de milongas, de ver como todo lo que se puede hacer mal, se hace peor que mal, de como MA Gil y Cerezo juegan a ver quien mea mas lejos, de ver que los buenos se quieren ir y no llegan m\u00e1s que 2\u00ba platos como Caminero que para agradecerle a su agente el puesto le coloca tambi\u00e9n a un 4\u00ba plato que no convence a nadie. Podr\u00eda seguir toda la tarde, pero supongo que hasta t\u00fa que siempre te leo optimista tienes que empezar a decaer tambi\u00e9n. Porqu\u00e9 el M\u00e1laga tiene un jeque con pasta y nosotros unos bic\u00e9falos que no ponen un duro???? Algo para animarme Mata??i<\/p>\n<p>R.- El art\u00edculo de Juan Luis Cano describe a la perfecci\u00f3n lo que sienten actualmente muchos atl\u00e9ticos. Me gustar\u00eda animarte, pero es complicado&#8230;. El club est\u00e1 en venta y lo mejor es que llegara pronto un comprador que no aparece a\u00fan&#8230; Un abrazo!!!<\/p>\n<p>P.- Hola. El pasado verano no par\u00f3 de ser portada de todos los peri\u00f3dicos que el alem\u00e1n Swanstaiger llegar\u00eda al Real Madrid esta temporada. \u00bfD\u00f3nde quedo todo ese humo que se vendi\u00f3? A d\u00eda de hoy nadie recuerda estas portadas ni parece que haya inter\u00e9s en fichar a este crack. Respecto al fichaje de Concentrao, \u00bfvale la pena gastarse 30kilos en un suplente (o 22 a las mejores)? \u00bfvale la pena sentar a Marcelo que ha despertado? Un saludo, espero su respuesta!<\/p>\n<p>R.- Pues hab\u00eda inter\u00e9s por el centrocampista del Bayern y no se concret\u00f3. Ahora podr\u00eda volver a interesar. Me parece que es mucho dinero ese para fichar a Coentrao ese dinero. Un abrazo!!!<\/p>\n<p>P.- Hola Javier, un placer participar en tu charla interactiva. Me gustaria que nos dieses tu opini\u00f3n sobre la temporada que ha hecho el Alcorc\u00f3n este a\u00f1o en segunda divisi\u00f3n, teniendo en cuenta que su ascenso estuvo envuelto en una gran pol\u00e9mica, catalog\u00e1ndose de robo la \u00faltima eliminatoria. Muchas gracias!<\/p>\n<p>R.- Ha sido una gran temporada. Despu\u00e9s de haber jugado bastantes veces de infantil y juvenil en Santo Domingo me gusta much\u00edsimo ver al Alcorc\u00f3n en Segunda!!! No recuerdo como ascendi\u00f3, pero me encanta que un equipo de mi tierra est\u00e9 en SEgunda&#8230; El placer es m\u00edo!! Un saludo!!!<\/p>\n<p>P.- Hola Mata. \u00bfQui\u00e9n abandonar\u00e1 seguro el Atleti la pr\u00f3xima temporada? \u00bfSabes que pasar\u00e1 con Cedric? Un saludo.<\/p>\n<p>R.- De Cedric no hay noticias de que vaya a ser repescado y varios Primeras le siguen. Se ir\u00e1n el Kun, De Gea y Assun\u00e7ao seguro y queda la duda de Forl\u00e1n, que deber\u00eda quedarse, desde mi punto de vista, porque con Negredo formar\u00eda una gran delantera. Un saludo!<\/p>\n<p>P.- Hola se\u00f1or Javier, a ver si tengo suerte. Me podr\u00eda definir estos jugadores (que son mis preferidos): Redondo, Michel, Zidane, Hierro, Butrague\u00f1o y Don Ra\u00fal Gonz\u00e1lez Blanco (para mi el n\u00famero 1). Muchas gracias y un saludo.<\/p>\n<p>R.- Redondo: elegancia, equilibrio y oficio. Un grande. Michel: Los mejores centros desde la derecha que vi nunca. Zidane: Uno de los cinco grandes de la historia. Hierro: De los mejores futbolistas que ha habido en Espa\u00f1a. Butrague\u00f1o: Un genio. Ra\u00fal: Uno de los cinco mejores delanteros espa\u00f1oles de la historia. Un abrazo!!!<\/p>\n<p>P.- Hola Javi. Al final ni Luis Enrique, ni Benitez, ni Caparr\u00f3s, llega Manzano, entrenador por el que siento aprecio, pero entrenador que llega siendo la cuarta opci\u00f3n y tras el no de los anteriores. \u00bfQue credibilidad tiene un proyecto que, una vez m\u00e1s, comienza de aquella manera? <\/p>\n<p>R.- Poca credibilidad, pero deber\u00e1 ganarla seg\u00fan se desarrolle&#8230;<\/p>\n<p>P.- hola! \u00bfcree que a sido aceptable la marcha de valdano del real madrid?<\/p>\n<p>R.- Me parece que ha sido un error de Florentino P\u00e9rez. Valdano representa los valores del Madrid y Mourinho ha pedido que le eche y Florentino le ha echado. Es muy peligroso para el Madrid que todo el poder lo tenga el entrenador, como est\u00e1 sucediendo.<\/p>\n<p>P.- Hola buenas, crees que el RMadrid deber\u00eda ver m\u00e1s hacia el f\u00fatbol suramericano para suplir algunos puestos, cual es su opini\u00f3n sobre el colombiano Giovani Moreno 10 de Racing de Avellaneda, tendr\u00eda puesto en el equipo dirigido por Mou. Muchas gracias, saludos un abrazo <\/p>\n<p>R.- Le he visto en alg\u00fan partido y es bueno. Pero no s\u00e9 si tendr\u00eda ahora mismo sitio en el Madrid. A\u00fan es joven, quiza m\u00e1s adelante dar\u00e1 el salto a un grande de Europa. Un abrazo!!!<\/p>\n<p>P.- Hola Matador, por ciertos foros de habla atl\u00e9tica en la red, se rumorea que Gil Mar\u00edn ya tiene muy encarrilada la venta del club, pero que muy encarrilada. \u00bfSabes algo del tema o es otro bulo on-line? Un abrazo.<\/p>\n<p>R.- Est\u00e1 en proceso de venta, pero no est\u00e1 ni mucho menos encarrilado. A\u00fan queda, pero creo que se har\u00e1&#8230; Un abrazo!!!<\/p>\n<p>P.- Buenas tardes crack. De ser cierto o parecido a lo que se publica hoy en As, 45 kilos mas Nedredo y Lass por Kun, teniendo en cuenta que lo de Lass no creo que fuera posible, pero pudiendo meter a otro par de jugadores jugadores (Granero, Canales, Callej\u00f3n, Pedro Le\u00f3n&#8230;), \u00bfno crees que ser\u00eda un ofert\u00f3n que habr\u00eda que sopesar muy bien? Yo ya me he mentalizado de la marcha de Kun, ahora toca pensar en el Atleti y hacerlo friamente.<\/p>\n<p>R.- Cuesta mucho a los atl\u00e9ticos ver al Kun de blanco, pero con esa oferta deber\u00eda negociar el Atl\u00e9tico, sobre todo si Ag\u00fcero declara p\u00fablicamente su deseo de jugar en el Madrid.<\/p>\n<p>P.- Hola Mata. \u00bfQue porcentaje le dar\u00edas a las posibles llegadas de Osvaldo y Borja Valero?. Un saludo crack.<\/p>\n<p>R.- Osvaldo un 70 por ciento, Borja un 50 por ciento&#8230; Abrazo fuerte!!!<\/p>\n<p>P.- hola javier solo una de recuerdos que bonitos eran esos derbis de los 70 y los 80 con santillana,garate,benito,arteche,juanito y extranjeros como cacho heredia,stilike,raton ayala o breitner eso con la ley bosman y todo eso se ha perdido ya un saludo amigo de un madridista que tambien quire al tu atleti <\/p>\n<p>R.- Eran preciosos. Ahora el Atleti est\u00e1 muy lejos del Madrid&#8230; Un abrazo fuerte!!!<\/p>\n<p>P.- Hola Javi.Me gustaria saber que piensas de la Liga Francesa,hay jugadores muy buenos este a\u00f1o como es el caso de Eden Hazard,que piensas de el?y si le ves en el Madrid?<\/p>\n<p>R.- El belga es muy bueno. A\u00fan joven. Podr\u00eda entrar en ese proyecto de futuro que est\u00e1 haciendo el Madrid, pero le veo m\u00e1s en el Liverpool o en Inglaterra&#8230;<\/p>\n<p>P.- Hola Javier; como estas? Aquien ve como favorito para ganar la copa america? saludos desde Venezuela..<\/p>\n<p>R.- A Argentina. Sin descartar nunca a Brasil. Y Colombia me parece una buena selecci\u00f3n&#8230; Igual que Uruguay&#8230;<\/p>\n<p>P.- Buenas tardes Javier, \u00bfDe verdad crees que un jugador de cierta calidad, llamese Negredo o Borja Valero, va a cambiar su club actual para ir al \u00c1tletico? El \u00c1tletico creo que ya no es apetitoso. <\/p>\n<p>R.- El Atl\u00e9tico sigue siendo apetitoso para cualquier jugador, aunque es evidente que no pasa por sus mejores momentos&#8230;<\/p>\n<p>P.- Hola Javier,desde Chile un saludo coordial&#8230; Mi pregunta es la siguiente y casi obvia? Como ve la hinchada y el periodismo cule por un posible traspaso de nuestro querido Alexis Sanchez al Barca? Salu2 y un abrazo de gol&#8230;<\/p>\n<p>R.- Alexis S\u00e1nchez es un crack y triunfar\u00e1 en el Bar\u00e7a o en el Madrid. Le quieren los mejores de Europa y donde vaya marcar\u00e1 una \u00e9poca. Tengo familia en Chile y nunca fui!! Tengo muchas ganas!!! Abrazo de gol!!!<\/p>\n","protected":false},"excerpt":{"rendered":"<p>Javier G. Matallanas, adjunto a la direcci\u00f3n de AS, ha charlado con los lectores sobre la actualidad deportiva.<\/p>\n","protected":false},"author":1,"featured_media":0,"comment_status":"open","ping_status":"open","sticky":false,"template":"","format":"standard","meta":{"footnotes":""},"categories":[],"tags":[],"class_list":["post-8849","post","type-post","status-publish","format-standard","hentry"],"_links":{"self":[{"href":"https:\/\/intervius.com\/index.html\/wp-json\/wp\/v2\/posts\/8849","targetHints":{"allow":["GET"]}}],"collection":[{"href":"https:\/\/intervius.com\/index.html\/wp-json\/wp\/v2\/posts"}],"about":[{"href":"https:\/\/intervius.com\/index.html\/wp-json\/wp\/v2\/types\/post"}],"author":[{"embeddable":true,"href":"https:\/\/intervius.com\/index.html\/wp-json\/wp\/v2\/users\/1"}],"replies":[{"embeddable":true,"href":"https:\/\/intervius.com\/index.html\/wp-json\/wp\/v2\/comments?post=8849"}],"version-history":[{"count":0,"href":"https:\/\/intervius.com\/index.html\/wp-json\/wp\/v2\/posts\/8849\/revisions"}],"wp:attachment":[{"href":"https:\/\/intervius.com\/index.html\/wp-json\/wp\/v2\/media?parent=8849"}],"wp:term":[{"taxonomy":"category","embeddable":true,"href":"https:\/\/intervius.com\/index.html\/wp-json\/wp\/v2\/categories?post=8849"},{"taxonomy":"post_tag","embeddable":true,"href":"https:\/\/intervius.com\/index.html\/wp-json\/wp\/v2\/tags?post=8849"}],"curies":[{"name":"wp","href":"https:\/\/api.w.org\/{rel}","templated":true}]}}