{"id":878,"date":"2006-11-08T00:00:00","date_gmt":"2006-11-06T00:00:00","guid":{"rendered":"https:\/\/intervius.com\/index.html\/?p=878"},"modified":"2006-11-06T00:00:00","modified_gmt":"2006-11-06T00:00:00","slug":"Florentino_Lopez878","status":"publish","type":"post","link":"https:\/\/intervius.com\/index.html\/Florentino_Lopez878\/","title":{"rendered":"Florentino L\u00f3pez"},"content":{"rendered":"<p>Pregunta.- \u00bfPor qu\u00e9 se busca la destituci\u00f3n del gobernador de Oaxaca?<\/p>\n<p>Respuesta.- La destituci\u00f3n de Ulises Ruiz se plante\u00f3 a partir de que se han rebasado los l\u00edmites de agresi\u00f3n y repressi\u00f3n contra el pueblo. Durante su a\u00f1o y medio se desviaron millones de pesos a la campa\u00f1a presidencial del PRD. Adem\u00e1s, Ulises Ruiz OPrtiz trat\u00f3 de eliminar las garant\u00edas individuales y los derechos humanos en Oaxaca. En a\u00f1o y medio se llegaron a cometer cerca de 40 asesinatos por motivos polk\u00edticos, con m\u00e1s de 50 presos pol\u00edticos. no se permiti\u00f3 la libre manifestaci\u00f3n, el centro hist\u00f3rico de Oaxaca fue militarizado.<br \/>\nPensamos que este incremento de la agresividad del gobierno del estado tiene la finalidad de incluir proytectos del BM y del FMI. Por ejemplo tenemos el plan Puebla-Panam\u00e1, la Ruta Dominica (en una de las regiones con mayor \u00edndice de pobreza pero gran riqueza minera), el gran Proyecto Urbano, &#8230; Se busca despojar a las comunidades de sus tierras sin compensaci\u00f3n. Pasa lo mismo con el Corredor Tur\u00edstico, que pretende unificar 13 destinos tur\u00edsticos convirtiendo todo el litoral en un gran destino tur\u00edstico, as\u00ed como construir un gran tren de alta velocida. Se pretende tambi\u00e9n construir un sistema de transporte de ferrocarril entre los dos oc\u00e9anos, as\u00ed como un &#8220;corredor seco&#8221;, con grandes maquiladoras y grandes almacenes internacionales.<br \/>\nNo estamos en contra de toda la infraestructura, sino de las formas, de la imposici\u00f3n sin ninguna consulta. Estas son algunas razones para las jornadas de lucha que se iniciaron el 22 de mayo y, con m\u00e1s fuerza, a partir del 14 de junio.<\/p>\n<p>P.- \u00bfSe sabe cu\u00e1nta gente apoya la destituci\u00f3n del gobernador?<\/p>\n<p>R.- Lo que hemos logrado movilizar en las calles de manera activa en las diferentes ciudades del estado son cerca de un mill\u00f3n y medio, aunque sabemos que en muchas comunidades no pueden salir a manifestarse. M\u00e1s o menos pensamos que de manera activa participan cerca de 2 millones, de un estado que tiene tres millones y medio.<\/p>\n<p>P.- \u00bfA qu\u00e9 atribuyes la f\u00e9rrea resistencia del gobernador Ulises Ruiz a dejar la gobernaci\u00f3n de Oaxaca a pesar de las m\u00faltiples voces que as\u00ed se lo demandan, incluso desde su mismo partido?<\/p>\n<p>R.- Nos parece que es una actitud enfermiza de aferrarse al poder, a pesar de que la gran mayor\u00eda de los pol\u00edticos de M\u00e9xico y Oaxaca le han pedido que salga para desenquistar la situaci\u00f3n. Es un grupo mafioso de poder que pretende sostenerse ah\u00ed a toda costa.<\/p>\n<p>P.- \u00bfCu\u00e1l es el papel del Estado para evitar ese tipo de problema? \u00bfQu\u00e9 se debe hacer? <\/p>\n<p>R.- El estado y sus instituciones tienen que resolver estos problemas. Sin embargo, el Estado mexicano piensa que el cambio de gobernador disminuye el poder de las instituciones; sin embargo, nosotros pensamos que si \u00e9stas son capaces de aceptar que las personas que est\u00e1n a su frente no son los indicados para cumplir el papel que tienen, entonces las instituciones no nos sirven. No existen por una obra divina, sino porque tienen que resolver toda la problem\u00e1tica social, econ\u00f3mica, educativa,&#8230; As\u00ed, planteamos cambiar las instituciones porque no nos sirven; en el Estado mexicano pasa igual y podr\u00eda derivar a nivel nacional lo mismo que ha pasado en Oaxaca, pues no atienden a la b\u00fasqueda de una soluci\u00f3n que parta de la salida del gobernador.<\/p>\n<p>P.- \u00bfPodr\u00eda explicarnos el papel de la jerarqu\u00eda eclesi\u00e1stica mexicana en la superaci\u00f3n del conflicto?<\/p>\n<p>R.- La iglesia, como reflejo de la sociedad, tiene diferentes visiones. Hay una posici\u00f3n conservadora del Cardenal Norberto Rivera Carrera, que defiende a ultranza las instituciones. Sin embargo recibimos apoyo de muchos sacerdotes de diferentes estados del pa\u00eds que han manifestado la justeza de nuestras reivindicaciones. La jerarqu\u00ed no, pero los sacerdotes de base que conocen la situaci\u00f3n, reconocen que tenemos demandas justas; parte de la jerarqu\u00eda est\u00e1 empezando a cambiar de opini\u00f3n, pero no la m\u00e1s alta jerarqu\u00eda.<\/p>\n<p>P.- \u00bfEs viable mantener la situaci\u00f3n actual de bipolaridad en M\u00e9xico?<\/p>\n<p>R.- Es algo que debemos superar. Pensamos que es un reflejo de una polarizaci\u00f3n econ\u00f3mica, con millones de trabajadores, campesinos y estudiantes que tienen gran cantidad de necesidades no cubiertas; y por otro lado un peque\u00f1o c\u00edrculo de poder que se enriquece. Es importante superar esta bipolaridad, con una nueva Constituci\u00f3n, Asamblea constituyente, un nuevo contrato social&#8230;<\/p>\n<p>P.- \u00bfSe han quebrantado las leyes federales o el respeto a los derechos de las personas cuando desde el estado federal se han tomado medidas para estabilizar la situaci\u00f3n?<\/p>\n<p>R.- Obviamente que s\u00ed. Desde el momento de que el gobierno estatal y federal pretenden evitar las manifestaciones del pueblo, est\u00e1n violando las garant\u00edas. En el art\u00edculo 6\u00ba a 9\u00ba de la Constituci\u00f3n nos permitimos manifestar nuestras ideas; incluso en el 39\u00aa nos arrogamos el derecho de cambiar el modelo de gobierno. Como no nos permiten ejercer nuestros derechos, atentan contra los m\u00e1s elemental de nuestra libertad.<\/p>\n<p>P.- Buenas tardes, \u00bfc\u00f3mo afronta el gobierno alternativo del izquierdista L\u00f3pez Obrador el conflicto de Oaxaca?<\/p>\n<p>R.- L\u00f3pez Obrador se ha pronunciado por la salida de Ulises Ruiz. Sin embargo no hay v\u00ednculo org\u00e1nico con L\u00f3pez Obrador. Hay organizaciones dentro de la Asamblea Popular de los Pueblos de Oaxaca que s\u00ed mantienen v\u00ednculos, pero no la Asamblea en s\u00ed. Somos totalmente independientes.<\/p>\n<p>P.- \u00bfQu\u00e9 consecuencias tiene, tanto positivas como negativas, para el progreso y el porvenir de su pa\u00eds, ser vecinos de Estados Unidos? <\/p>\n<p>R.- Por un lado es dif\u00edcil, ya que tan s\u00f3lo cruzando la frontera hay condiciones diferentes para los trabajadores, mientras en este lado hay pobreza, atraso cultural y pol\u00edtico&#8230; 20 millones de mexicanos viven en los Estados Unidos, de ellos muchos oaxaque\u00f1os. Puede ser una posibilidad para emigrar, pero tambi\u00e9n all\u00e1 a los ciudadanos latinos tienen que vivir como si fueran delincuentes o esclavos; los tratan como ajenos a la sociedad norteamericana y en el trabajo, como no tienen documentos legales, aprovechan los grandes empresarios para sobreexplotar su mano de obra. En materia de seguridad tambi\u00e9n nos afecta, en materia de lucha contra el terrorismo, que est\u00e1 en manos de la CIA en M\u00e9xico, con la excusa de la lucha contra el terrorismo.<\/p>\n<p>P.- \u00bfC\u00f3mo se est\u00e1n organizando para poder resisitir?\u00bfHay alg\u00fan tipo de medio que les este ayudando con capital? Si consiguen hacer dimitir al gobernador \u00bfque pasar\u00e1? Gracias y suerte<\/p>\n<p>R.- el pueblo se organiza por cada colonia, cada comunidad o instituci\u00f3n en el caso de las universidades. Estamos en el proceso de fortalecer internamente la organizaci\u00f3n, para que en todas partes haya un comit\u00e9 de la Asamblea, para que desde all\u00ed se discutan las formas de lucha del pueblo. Esta lucha y resistencia queremos que sea civil y pac\u00edfica.<br \/>\nNo tenemos apoyo espec\u00edfico con dinero. Ha sido la solidaridad de los trabajadores de M\u00e9xico y de otros pa\u00edses quienes han colaborado con la lucha.<br \/>\nA partir de la ca\u00edda del Gobernador debemos iniciar una nueva etapa de lucha, discutiendo c\u00f3mo transformar la vida pol\u00edtica, de las leyes que tienen que ver con las diversas materias de la vida social y cultural del Estado, pero tambi\u00e9n la necesidad de una nueva constituci\u00f3n para cambiar la forma de gobernar el Estado, el papel que juegan las instituciones&#8230; <\/p>\n<p>P.- \u00bfQu\u00e9 se requiere espec\u00edficamente para que haya aut\u00e9ntica democracia en M\u00e9xico? muchas gracias<\/p>\n<p>R.- tomar en cuenta los intereses de la mayor\u00eda. Que las leyes, instituciones, que todo el pacto social se amolde a los intereses de la mayor\u00eda y no de un peque\u00f1o grupo como nos parece a nosotros que ha ocurrido hasta ahora.<\/p>\n<p>P.- Entiendo que es usted vocero de la APPO. Parece que la situaci\u00f3n actual se precipita a partir de ciertos hechos relacionados con la huelga de maestros. M\u00e1s de un mill\u00f3n de alumnos han quedado oficialmente sin clases. \u00bfSe est\u00e1 debatiendo una soluci\u00f3n a este problema en el seno de la Asamblea? \u00bfCu\u00e1les son los puntos de vista que han se han expuesto? \u00bfExiste alg\u00fan tipo de plan en este sentido?<\/p>\n<p>R.- S\u00ed, as\u00ed es. El magisterio democr\u00e1tico ha decidido volver a clase una vez que haya las condiciones de seguridad en cada lugar, ya que el PRI ha llamado a la violencia contra los maestros que vuelvan al trabajo&#8230; En algunos sitios ya se han reiniciado las clases, pero en otros no. Somos conscientes de la necesidad de sacar adelante la educaci\u00f3n en Oaxaca, pero no es posiblemientras persista la violencia contra los trabajadores. En cuanto se den las condiciones, volver\u00e1n. Pero mientras se siga agrediendo a las escuelas con gases lacrim\u00f3genos, o detengan a la gente, no es posible restablecer el servicio educativo.<\/p>\n<p>P.- Florentino, \u00bfcree que existe el riesgo de que la situaci\u00f3n en Oaxaca sea la mecha de un conflicto de mayor alcance, digamos, a nivel federal o en otros estados?<\/p>\n<p>R.- S\u00ed nos parece que Oaxaca forme parte de una cadena. Por lo tanto, lo que suceda aqu\u00ed tiene resonancia en todo el pa\u00eds y si no se resuelve la situaci\u00f3n y no logramos avanzar en la salida del Gobernador, creemos que se complircar\u00e1 la situaci\u00f3n y, como dec\u00eda antes, el propio estado mexicano se pone en peligro a s\u00ed mismo. En otros lugares hay tambi\u00e9n asambleas populares que toman diversas formas y con diversas demandas.<\/p>\n<p>P.- \u00bf cree usted que la poblacion civil se esta empezando a desmoralizar o preteden permanecer hasta conseguir los objetivos? <\/p>\n<p>R.- Nos parece que no hay desmoralizaci\u00f3n, por el contrario cada d\u00eda que pasa y no se resuelve la situaci\u00f3n se incrementa el coraje de la gente. Anteayer cerca de 800.00 personas se manifestaron para pedir la salida de la polic\u00eda federal y del Gobernador.<\/p>\n<p>P.- \u00bfPor qu\u00e9 no respetan el Imperio de la Ley?<\/p>\n<p>R.- Porque la Ley no se respet\u00f3 desde que se inici\u00f3 la aagresi\u00f3n contra el pueblo de Oaxaca, solo hemos respondidoa a uuna agresi\u00f3n que se inici\u00f3 anteriormente por parte del equipo del Gobernador, quien viol\u00f3 la ley y los derechos m\u00e1s fundamentales. El pueblo hace uso del derecho a manifestarse.<\/p>\n<p>P.- Florentino, \u00bfcu\u00e1l ser\u00e1 la estrategia de la APPO si Calder\u00f3n, a partir de diciembre, ordena ataques con armas de fuego en Oaxaca?\u00bfEst\u00e1n preparados ante ese escenario?<\/p>\n<p>R.- No hemos revisado ese escenario, sin embargo vamos a discutirlo en su momento en la asamblea cuando se den esas condiciones.<\/p>\n","protected":false},"excerpt":{"rendered":"<p>El estado mexicano de Oaxaca vive tiempos revueltos. El pasado 22 de mayo, una huelga del magisterio comenz\u00f3 el conflicto ciudadano. Los habitantes de Oaxaca piden la dimisi\u00f3n del gobernador, Ulises Ruiz, y la retirada de las fuerzas federales del centro de la ciudad. Florentino L\u00f3pez, Portavoz de la Asamblea Popular de Oaxaca, ha explicado a los lectores las claves del conflicto.<\/p>\n","protected":false},"author":1,"featured_media":0,"comment_status":"open","ping_status":"open","sticky":false,"template":"","format":"standard","meta":{"footnotes":""},"categories":[],"tags":[],"class_list":["post-878","post","type-post","status-publish","format-standard","hentry"],"_links":{"self":[{"href":"https:\/\/intervius.com\/index.html\/wp-json\/wp\/v2\/posts\/878","targetHints":{"allow":["GET"]}}],"collection":[{"href":"https:\/\/intervius.com\/index.html\/wp-json\/wp\/v2\/posts"}],"about":[{"href":"https:\/\/intervius.com\/index.html\/wp-json\/wp\/v2\/types\/post"}],"author":[{"embeddable":true,"href":"https:\/\/intervius.com\/index.html\/wp-json\/wp\/v2\/users\/1"}],"replies":[{"embeddable":true,"href":"https:\/\/intervius.com\/index.html\/wp-json\/wp\/v2\/comments?post=878"}],"version-history":[{"count":0,"href":"https:\/\/intervius.com\/index.html\/wp-json\/wp\/v2\/posts\/878\/revisions"}],"wp:attachment":[{"href":"https:\/\/intervius.com\/index.html\/wp-json\/wp\/v2\/media?parent=878"}],"wp:term":[{"taxonomy":"category","embeddable":true,"href":"https:\/\/intervius.com\/index.html\/wp-json\/wp\/v2\/categories?post=878"},{"taxonomy":"post_tag","embeddable":true,"href":"https:\/\/intervius.com\/index.html\/wp-json\/wp\/v2\/tags?post=878"}],"curies":[{"name":"wp","href":"https:\/\/api.w.org\/{rel}","templated":true}]}}