{"id":876,"date":"2006-11-08T00:00:00","date_gmt":"2006-11-06T00:00:00","guid":{"rendered":"https:\/\/intervius.com\/index.html\/?p=876"},"modified":"2006-11-06T00:00:00","modified_gmt":"2006-11-06T00:00:00","slug":"Isaias_Lafuente876","status":"publish","type":"post","link":"https:\/\/intervius.com\/index.html\/Isaias_Lafuente876\/","title":{"rendered":"Isa\u00edas Lafuente"},"content":{"rendered":"<p>Pregunta.- Hola Isa\u00edas, se te echa de menos en el Hoy por Hoy. No es dificil pasar de ser subdirector a un colaborador de 20 minutos el viernes, creo que te mereces m\u00e1s. \u00bfQu\u00e9 proyectos tienes en la SER? Muy bien con Ana Pastor en 59 seg.<\/p>\n<p>Respuesta.- Un minuto en la SER es mucho. En estos momentos estoy preparando un libro de estilo para la Cadena SER, para que lo que hacemos los viernes, gracias a los oyentes, nos ayude a mejorar en el manejo de nuestro instrumento fundamental que es el idioma. Gracias, de todas las maneras, por echarme de menos. <\/p>\n<p>P.- \u00bfQu\u00e9 causa defender\u00eda Clara Campoamor en la actualidad en Espa\u00f1a?<\/p>\n<p>R.- Creo que Clara Campoamor no consentir\u00eda que la modificaci\u00f3n de la Constituci\u00f3n en lo que se refiere a la discriminaci\u00f3n de la mujer en la sucesi\u00f3n al Trono se posponga por motivos de oportunidad pol\u00edtica, porque ahora no est\u00e1 el horno para bollos. Ella defendi\u00f3 siempre el principio por encima de los criterios de oportunidad, a\u00fan jug\u00e1ndose su carrera pol\u00edtica por hacerlo. Ella defender\u00eda lo evidente, que lo que se debate no es un problema que tenga Leonor sino el \u00faltimo resquicio de discriminaci\u00f3n legal de la mujer en Espa\u00f1a. Y ya estamos tardando demasiado en corregirlo. <\/p>\n<p>P.- Buenas Tardes Isaias, no he tenido el placer de leer el libro, pero en esta semana lo tendr\u00e9 en mi particular biblioteca. Mi pregunta es esta \u00bfCree usted que a estas alturas de la vida, las mujeres, despu\u00e9s de que en muchos pa\u00edses puedan votar, siguen siendo marginadas tanto en la sociedad Occidental como en otras Sociedades? \u00bfCrre usted que hace falta mas Clara Campoamor en la sociedades actuales? Muchas Gracias.<\/p>\n<p>R.- Es evidente que la discriminaci\u00f3n contin\u00faa. No porque lo diga yo, sino porque lo dicen las estad\u00edsticas. Sigue funcionando el cuello de embudo, sigue manteni\u00e9ndose el techo de cristal. La igualdad real a\u00fan est\u00e1 por llegar. Ayer o\u00ed a la vicepresidenta una reflexi\u00f3n muy interesante: la sociedad se sofistica y la discriminaci\u00f3n tambi\u00e9n. <\/p>\n<p>P.- \u00bfPara cu\u00e1ndo un libro sobre la discriminaci\u00f3n del hombre en la Sociedad actual?<\/p>\n<p>R.- Si tienes datos, Santiago, te animo a escribirlo. Escribir es duro, pero muy gratificante. <\/p>\n<p>P.- \u00bfLas mujeres espa\u00f1olas viv\u00edan como las isl\u00e1micas viven hoy?<\/p>\n<p>R.- Eran ciudadanas de segunda, sin derechos civiles ni pol\u00edticos, que eran asumidos por el marido. Hasta el a\u00f1o 1963, un marido pod\u00eda matar a su mujer si consideraba que le estaba siendo infiel, con una pena m\u00ednima. Hasta los a\u00f1os 70 un padre pod\u00eda dar en adopci\u00f3n a sus hijos sin contar con su mujer. Hasta el a\u00f1o 75 exist\u00eda la licencia marital, un permiso que las mujeres necesitaban para hacer cualquier cosa. Despu\u00e9s de morir Franco a\u00fan hubo espa\u00f1olas que fueron juzgadas por ad\u00falteras o encarceladas por abortar. T\u00fa dir\u00e1s&#8230; <\/p>\n<p>P.- \u00bfD\u00f3nde hay ahora una Clara Campoamor? <\/p>\n<p>R.- Supongo que debe haber muchas, pero no las conocemos. En la pol\u00edtica ser\u00eda dif\u00edcil encontrar a una mujer &#8211; tambi\u00e9n a un hombre &#8211; que defendiera hoy un principio oponi\u00e9ndose en las Cortes a los criterios marcados por el aparato de su partido. <\/p>\n<p>P.- Isa\u00edas, en primer lugar felicitarte por tus an\u00e1lisis pol\u00edticos en 59 segundos que son de una gran profundidad y sentido com\u00fan que es lo que hace falta hoy en d\u00eda, sobre todo en estos tiempos con una derecha tan feroz y manipuladora que incluso hacen huelga por las calles para recriminar, y me parece muy bien, al gobierno de Zapatero. Leer\u00e9 tu libro porque la tem\u00e1tica me apasiona. Es un placer oirte hablar en los debates televisivos. En la radio no puedo porque me coge en horario lectivo. <\/p>\n<p>R.- En la radio es raro que me oigas debatir, porque no debato. Lee el libro, creo que te gustar\u00e1. Y si te gusta, \u00a1p\u00e1salo!<\/p>\n<p>P.- \u00bfNo se siente a veces frustrado en el debate de 59 segundos ante los argumentos demagogos de sus compa\u00f1eros? A veces le veo como el \u00fanico sensato del grupo&#8230;<\/p>\n<p>R.- No. La frustraci\u00f3n me llega cuando no encuentro en el momento adecuado el argumento oportuno para rebatirlos. Lo dif\u00edcil no es expresar una idea en 59 segundos, lo realmente complicado es tener la idea para despu\u00e9s poderla expresar. En todo caso la demagogia no me frustra, me da asco&#8230; y miedo. <\/p>\n<p>P.- Hola Isa\u00edas. Enhorabuena por tu libro. Mi pregunta es esta: a lo largo del siglo XX, \u00bfcu\u00e1l ha sido la valoraci\u00f3n de Clara Campoamor? Da la sensaci\u00f3n de que ha estado olvidada durante d\u00e9cadas&#8230;<\/p>\n<p>R.- Lo ha estado. Ha sido reivindicada por mujeres, por organizaciones de mujeres, por el movimiento feminista, pero no ha recibido a\u00fan el reconocimiento que merece por parte de todo el pa\u00eds. En algunas enciclopedias ni figura su nombre. Creo que la Espasa la incluy\u00f3 en 1996. Si Clara Campoamor hubiera sido hombre seguramente habr\u00edamos quitado uno de los leones de las Cortes para hacerle un monumento. Y si hubiera sido una sufragista americana o brit\u00e1nica habr\u00edamos visto alguna p\u00e8l\u00edcula sobre su apasionante vida. <\/p>\n<p>P.- Hola Isa\u00edas. Soy Jos\u00e9 \u00c1ngel de Moncada (Valencia). Mi pregunta es: \u00bfEn qu\u00e9 mejora este libro al de Agrup\u00e9monos todas, en el que tambi\u00e9n hablas de Clara Campoamor? Me pareci\u00f3 un libro perfecto que me atrap\u00f3 de principio a fin y quisiera que con este me ocurriera lo mismo<\/p>\n<p>R.- Creo que te ocurrir\u00e1. En todo caso, lo que he pretendido es cerrar el zoom sobre la imagen de Clara. El anterior libro era una foto de familia de mujeres pioneras. Este es un primer plano. La figura imponente de Clara lo merec\u00eda. <\/p>\n<p>P.- \u00bfPor qu\u00e9 crees que luchar\u00eda hoy d\u00eda Clara Campoamor?<\/p>\n<p>R.- Por lo evidente, por la democracia y por la igualdad, sin la que no puede haber democracia. Me imagino a Clara debatiendo con los responsables de las grandes empresas en las que s\u00f3lo hay un 4% de mujeres en sus consejos de administraci\u00f3n. Ser\u00eda apasionante&#8230;<\/p>\n<p>P.- Muy buenas. Para empezar es un placer saludarte, ya que ahora no podemos escucharte como nos gustar\u00eda. Me gustar\u00eda saber qu\u00e9 piensas de la llamada igualdad actual, si se ha conseguido, si las mujeres estamos perdiendo m\u00e1s que ganar terreno, y qu\u00e9 aport\u00f3 Clara Campoamor para esa igualdad. Tambi\u00e9n me gustar\u00eda saber los proyectos que tienes entre manos, y si la radio la has apartado de momento. Muchas gracias y suerte <\/p>\n<p>R.- En estos momentos la igualdad legal existe &#8211; salvo en lo de Leonor, asunto pendiente &#8211; pero a\u00fan nos queda un trecho para lograr la igualdad real. No creo que las mujeres est\u00e9is perdiendo terreno. Pero la lentitud con la que llegan algunas conquistas es extraordinaria. En estos momentos los proyectos profesionales que tengo entre manos son todos p\u00fablicos, no tengo ninguno secreto. Me gustar\u00eda no tardar mucho tiempo antes de enfrentarme a otro libro. <\/p>\n<p>P.- D\u00f3nde y Cu\u00e1ndo firmar\u00e1 vd. \u00e9ste libro? Suerte y un abrazo jluis<\/p>\n<p>R.- El viernes estar\u00e9 en C\u00e1ceres, al siguiente en Badajoz, el 20 en Albacete&#8230; Y si no te cuadra, me env\u00edas el libro a la SER y te lo devuelvo firmado. <\/p>\n<p>P.- \u00bfQu\u00e9 postura mantuvo el radical-socialista JAEN MORENTE sobre el sufragio femenino en las Cortes? Gracias.<\/p>\n<p>R.- El partido Radical Socialista, en el que militaba Victoria Kent, opt\u00f3 por la postura de aplazar el voto femenino, como lo hizo el partido de Aza\u00f1a o el Partido Radical, el de Clara Campoamor. Much\u00edsimos diputados, ni siquera votaron. Los abstencionistas fueron a\u00fan m\u00e1s que los que votaron a favor o en contra. La cosa no iba con ellos. <\/p>\n<p>P.- \u00bfTiene noticias de que &#8220;Mi pecado mortal&#8221;, la obra capital de Clara Campoamor, vaya a ser reeditada? <\/p>\n<p>R.- No tengo noticias, pero intuyo que se reeditar\u00e1. Ahora tambi\u00e9n acaba de reeditarse la \u00fanica biograf\u00eda escrita hasta ahora sobre Clara Campoamor, de las profesoras Concha Fagoaga y Paloma Saavedra. <\/p>\n<p>P.- Eres un tio genial. Te doy la enhorabuena por defender tanto a las mujeres. Necesitamos muchos como t\u00fa. <\/p>\n<p>R.- Gracias. Muchas gracias. O te llamas como una de mis hermanas, o eres mi hermana&#8230; Espero que sea lo primero, porque del cari\u00f1o de mi hermana ya ten\u00eda noticias. <\/p>\n<p>P.- Hola Isa\u00edas, soy una extreme\u00f1a de 26 a\u00f1os, inmigrante, estoy en Londres, me gano la vida limpiando y cuidando ni\u00f1os, pero soy Licenciada en Filologia Inglesa! tengo que decir ke siento la discriminaci\u00f3n y el miedo por ser mujer e inmigrante a la vez, no puedo ni sacar libros de la biblioteca, a veces pienso en volver, en rendirme, qu\u00e9 crees ke me dir\u00eda Clara Campoamor? Gracias por todo tu trabajo!<\/p>\n<p>R.- Yo, entre Extremadura y Londres, para vivir, me quedo con Extremadura. Pero creo que si para ti el regreso es una rendici\u00f3n, no debes volver. Supongo que Clara, que nunca se rindi\u00f3, te dir\u00eda algo parecido. <\/p>\n<p>P.- Cuando se plantea la participaci\u00f3n de las mujeres en la pol\u00ectica se habla de &#8220;cuotas&#8221;, &#8220;discriminaci\u00f3n positiva&#8221;, etc. Ahora, 70 a\u00f1os despu\u00e9s del reconocimiento del derecho de sufragio a la mujer, \u00bfno ser\u00eda hora de que la mujer accediera a la pol\u00edtica en funci\u00f3n de sus m\u00e9ritos personales y no por ser integrante de un colectivo?<\/p>\n<p>R.- Las mujeres que acceden a la pol\u00edtica por la cuota tambi\u00e9n lo hacen en funci\u00f3n de sus m\u00e9ritos. \u00d3jala que no hubiera que plantear el sistema de cuotas. Yo creo que las cuotas son como la quimioterapia, a nadie le gusta, pero es imprescindible para combatir algunas enfermedades. La de la discriminaci\u00f3n de las mujeres en los \u00f3rganos de poder es una enfermedad enquistada que requiere a\u00fan tratamientos de choque que se han demostrado eficaces en donde se han aplicado. Mira el Congreso de los Diputados y compara el datos con los consejos de administraci\u00f3n de las grandes empresas. Prefiero la cuota 40\/60 que la cuota 4\/96.<\/p>\n<p>P.- \u00bfAsume que su imagen tras los debates de 59 segundos, compartiendo criterios con Enric Sopena y Margarita S\u00e1enz, no hacen nada atractivo leerle?. \u00bfEs usted un periodista de partido?. \u00bfEscribe como tal tambi\u00e9n?. <\/p>\n<p>R.- Nunca he militado en un partido, ni lo har\u00e9. Siempre he procurado mantener la independencia en mi trabajo como periodista, aunque si me haces esta pregunta, seguramente en algo me habr\u00e9 equivocado. En este caso he escrito sobre una mujer que milit\u00f3 en partidos que ya no existen. Es dif\u00edcil que nadie me haya encargado el trabajo. <\/p>\n<p>P.- \u00bfCu\u00e1l fue el peor hecho que el franquismo hizo la mujer?<\/p>\n<p>R.- Devolverla a la Edad Media cuando ya hab\u00eda conquistado la modernidad. <\/p>\n<p>P.- \u00bfQu\u00e9 supus\u00f3 para la mujer espa\u00f1ola obtener el derecho a voto?<\/p>\n<p>R.- Ser ciudadana con plenos derechos, y hacerlo cuando no muchas mujeres lo hab\u00edan logrado a\u00fan en el mundo. Con el sufragio femenino s\u00ed que salimos de los rincones de la Historia. <\/p>\n<p>P.- \u00bfC\u00f3mo se puede explicar la creciente participaci\u00f3n de los periodistas en el escenario pol\u00edtico y el relativo fracaso? <\/p>\n<p>R.- Se lo deber\u00edas preguntar a los periodistas que han dado el paso desde la profesi\u00f3n a la pol\u00edtica. En todo caso me preocupan menos \u00e9stos que aquellos que pretenden hacer pol\u00edtica desde el periodismo. <\/p>\n<p>P.- \u00bfCu\u00e1l es tu opini\u00f3n sobre la vida de la mujer en la sociedad? \u00bfQu\u00e9 ha cambiado? <\/p>\n<p>R.- Creo que ha conquistado todos los derechos sin abandonar la exclusividad de algunos deberes que la sociedad machista consider\u00f3 &#8220;propios de su sexo&#8221;. Creo que la igualdad y la conciliaci\u00f3n se logran con leyes y con decisiones pol\u00edticas, pero la igualdad real s\u00f3lo se consigue con decisiones que se toman en el cuarto de estar de casa. Si ah\u00ed siempre es la mujer la que cede, siempre ser\u00e1 la que acabe perdiendo. <\/p>\n<p>P.- Buenas tardes, si tuviese que recomendar un libro sobre la igualdad de oportunidades \u00bfcu\u00e1l ser\u00eda? \u00bfy si tuviese que apostar por una autora?. Gracias<\/p>\n<p>R.- Leete Agrup\u00e9monos todas. Ya s\u00e9 que es m\u00edo, pero as\u00ed todo queda en casa. Sobre la autora, estoy siguiendo con inter\u00e9s los primeros pasos de Inma Chac\u00f3n. Creo que hay algo gen\u00e9tico en esa familia&#8230;<\/p>\n","protected":false},"excerpt":{"rendered":"<p>Isa\u00edas Lafuente rescata en su nueva novela la memoria de Clara Campoamor. El libro, bajo el t\u00edtulo de La mujer olvidada, retrata la lucha de esta mujer por lograr el voto femenino en los inicios de los a\u00f1os 30. Lafuente ha charlado con los lectores.<\/p>\n","protected":false},"author":1,"featured_media":0,"comment_status":"open","ping_status":"open","sticky":false,"template":"","format":"standard","meta":{"footnotes":""},"categories":[],"tags":[],"class_list":["post-876","post","type-post","status-publish","format-standard","hentry"],"_links":{"self":[{"href":"https:\/\/intervius.com\/index.html\/wp-json\/wp\/v2\/posts\/876","targetHints":{"allow":["GET"]}}],"collection":[{"href":"https:\/\/intervius.com\/index.html\/wp-json\/wp\/v2\/posts"}],"about":[{"href":"https:\/\/intervius.com\/index.html\/wp-json\/wp\/v2\/types\/post"}],"author":[{"embeddable":true,"href":"https:\/\/intervius.com\/index.html\/wp-json\/wp\/v2\/users\/1"}],"replies":[{"embeddable":true,"href":"https:\/\/intervius.com\/index.html\/wp-json\/wp\/v2\/comments?post=876"}],"version-history":[{"count":0,"href":"https:\/\/intervius.com\/index.html\/wp-json\/wp\/v2\/posts\/876\/revisions"}],"wp:attachment":[{"href":"https:\/\/intervius.com\/index.html\/wp-json\/wp\/v2\/media?parent=876"}],"wp:term":[{"taxonomy":"category","embeddable":true,"href":"https:\/\/intervius.com\/index.html\/wp-json\/wp\/v2\/categories?post=876"},{"taxonomy":"post_tag","embeddable":true,"href":"https:\/\/intervius.com\/index.html\/wp-json\/wp\/v2\/tags?post=876"}],"curies":[{"name":"wp","href":"https:\/\/api.w.org\/{rel}","templated":true}]}}