{"id":8517,"date":"2009-10-16T00:00:00","date_gmt":"2006-11-06T00:00:00","guid":{"rendered":"https:\/\/intervius.com\/index.html\/?p=8517"},"modified":"2006-11-06T00:00:00","modified_gmt":"2006-11-06T00:00:00","slug":"Eduardo_Sanchez8517","status":"publish","type":"post","link":"https:\/\/intervius.com\/index.html\/Eduardo_Sanchez8517\/","title":{"rendered":"Eduardo S\u00e1nchez"},"content":{"rendered":"<p>Pregunta.- El a\u00f1o pasado estuve en la manifestaci\u00f3n contra la pobreza (Pobreza cero ) y me sorprendi\u00f3 no ver a nadie de la Iglesia en algo en lo que se supone tendr\u00edan que estar. Este a\u00f1o voy a ir otra vez y creo que no estar\u00e1n tampoco, sin embargo ir\u00e1n muchos a la de ma\u00f1ana contra el aborto. Yo no lo veo normal \u00bfque opina al respecto?<\/p>\n<p>Respuesta.- Hola Genaro. Las organizaciones de la Iglesia participan activamente en la Alianza Espa\u00f1ola contra la Pobreza, donde est\u00e1 la Conferencia Espa\u00f1ola de Religiosos (CONFER), la Federaci\u00f3n de Entidades Evangelistas de Espa\u00f1a (FEREDE), o la Iglesia Evang\u00e9lica Espa\u00f1ola. Adem\u00e1s hay organizaciones de la Coordinadora de ONG para el Desarrollo vinculadas a la Iglesia cat\u00f3lica como Manos Unidas o C\u00e1ritas. Por eso la presencia de personas vinculadas a la Iglesia es muy importante y este a\u00f1o tambi\u00e9n lo ser\u00e1. <\/p>\n<p>P.- Hola Eduardo, me alegro que haya este espacio para visibilizar este gran problema \u00bfCu\u00e1l crees que es el papel de las ONGD en la lucha contra la pobreza? \u00bfCu\u00e1les crees que son los aspectos m\u00e1s urgentes a mejorar en las ONGD para contribuir efectivamente a la erradicaci\u00f3n de la pobreza y la desigualdad?<\/p>\n<p>R.- Las ONG adem\u00e1s de estar en el sur junto a las personas m\u00e1s vulnerables, tenemos que trabajar en nuestros pa\u00edses para sensibilizar a la opini\u00f3n p\u00fablica sobre lo que est\u00e1 pasando en el mundo y exigir a quienes toman las decisiones que pongan los medios para erradicar la pobreza. El trabajo aqu\u00ed es tan importante como puede ser el que realizamos en un pa\u00eds de \u00c1frica o de Am\u00e9rica Latina. En cuanto a qu\u00e9 debemos mejorar, creo que las ONG, al canalizar el sentir ciudadano hacia la problem\u00e1tica del desarrollo, debemos esforzarnos m\u00e1s por estrechar el v\u00ednculo con la ciudan\u00eda y tener una visi\u00f3n m\u00e1s pol\u00edtica para dar respuesta a los grandes retos que s\u00f3lo se podr\u00e1n responder desde posicionamientos pol\u00edticos. <\/p>\n<p>P.- Este s\u00e1bado ser\u00e1 el d\u00eda contra la pobreza. \u00bfY luego? \u00bfqu\u00e9 pasa al d\u00eda siguiente?<\/p>\n<p>R.- Pues despu\u00e9s de la manifestaci\u00f3n, el lunes seguiremos trabajando. Miles de ciudadanos y organizaciones trabajamos cada d\u00eda en proyectos, programas, campa\u00f1as&#8230; es un trabajo que se extiende a lo largo de todo el a\u00f1o pero se visualiza especialmente durante esta semana que coincide con el d\u00eda internacional de lucha contra la pobreza. Estos d\u00edas nos sirve para que la gente nos conozca, para dar un impulso a nuestro trabajo, llegar a los medios de comunicaci\u00f3n y a los \u00e1mbitos pol\u00edticos y retormar de esta manera con m\u00e1s \u00edmpetu nuestro trabajo diario. <\/p>\n<p>P.- \u00bfNo cree que se deberia obligar a que todos los productos que se comercializan est\u00e9n dentro del denominado &#8220;Comercio Justo&#8221;?<\/p>\n<p>R.- El comercio justo es la punta de lanza de un movimiento que exige unas relaciones m\u00e1s equitativas entre los productores y consumidores, independientemente de su pa\u00eds de origen. En Espa\u00f1a cada vez tiene un mayor peso y est\u00e1 sirviendo como un veh\u00edculo excelente para que la ciudadan\u00eda sea consciente de que detr\u00e1s de cada producto hay una persona con derecho a una vida digna, a un empleo decente, a recursos que le permitan educar a sus hijos e hijas y acceder a la salud. Poco a poco esta conciencia va calando y desde los consumidores cada vez se exige m\u00e1s a los distribuidores una responsabilidad en este sentido y tambi\u00e9n se asume que el consumo y el despilfarro no pueden continuar. A nivel mundial, las reglas comerciales deben cambiar y ser m\u00e1s justas en la distribuci\u00f3n de los costes y beneficios. Y desde Espa\u00f1a se tiene que avanzar en la regulaci\u00f3n de algunas pr\u00e1cticas comerciales inaceptables. <\/p>\n<p>P.- \u00bfC\u00f3mo podemos ayudar a luchar contra la pobreza? \u00bf por qu\u00e9 aumenta las diferencias entre pobres y ricos?<\/p>\n<p>R.- Hola Nuria. Como ciudadanos y ciudadanas podemos hacer mucho y por ello tenemos tambi\u00e9n una responsabilidad. Tenemos que replantearnos nuestros estilos de vida para que sean universalizables a los 7 mil millones de personas que habitamos el mundo. Adem\u00e1s, podemos participar activamente en miles de iniciativas ya puestas en marcha por organizaciones y movimientos sociales. Y por \u00faltimo, no tenemos que olvidar nuestra condici\u00f3n pol\u00edtica: en las democracias no s\u00f3lo podemos elegir a nuestros representantes &#8211; y en ese sentido, debemos analizar sus posiciones sobre estos temas- sino que adem\u00e1s, debemos exigirles que cumplan los compromisos asumidos en sus programas electorales y en los foros internacionales. En cuanto al aumento de las diferencias entre pobres y ricos, el tema es muy complejo aunque lo que es evidente es que hay unas reglas econ\u00f3micas y comerciales que favorecen la acumulaci\u00f3n de riqueza para unos pocos en detrimento de la inmensa mayor\u00eda. Por eso, mientras no cambiemos las reglas del juego, los perdedores siempre ser\u00e1n los mismos. <\/p>\n<p>P.- \u00bfQu\u00e9 va a pasar en los presupuesto de este a\u00f1o con la Cooperaci\u00f3n? \u00bfSe va a llegar al 0,7% alg\u00fan d\u00eda?<\/p>\n<p>R.- La negociaci\u00f3n de los presupuestos generales de este a\u00f1o est\u00e1 siendo muy complicada. La propuesta que ha hecho el gobierno al parlamento es dedicar a la cooperaci\u00f3n al desarrollo en torno al 0,50% de la Renta Nacional Bruta, cifra muy alejada del compromiso asumido de llegar al 0,56% en el 2010. Esto es ya por s\u00ed mismo preocupante, aunque el peligro real es que dificultar\u00e1 que compromiso de legislatura de llegar al 0,7% en 2012. En la discusi\u00f3n de los presupuestos generales en el parlamento estamos dirigi\u00e9ndonos a todos los partidos pol\u00edticos que han firmado el pacto de estado contra la pobreza para que mejore la propuesta del gobierno y se aumente sustancialmente el presupuesto para la cooperaci\u00f3n. M\u00e1s all\u00e1 de las dificultades presupuestarias de este a\u00f1o, el presidente del gobierno deber\u00eda renovar su compromiso de legislatura y marcar metas concretas y en 2011 dedicar al menos el 0,6% para que sea cre\u00edble que vamos a alcanzar el 0,7% al final de la legislatura. <\/p>\n<p>P.- Hola Eduardo, me gustar\u00eda saber si vais a invitar a pol\u00edticos a la manifestaci\u00f3n. \u00bfNo son ellos\/as quienes mas deber\u00edan comprometerse? <\/p>\n<p>R.- La convocatoria de la manifestaci\u00f3n es de la sociedad civil y por eso son sus representantes quienes encabezan la manifestaci\u00f3n. Por supuesto, invitamos a todos los representantes pol\u00edticos a que se sumen a nuestras reivindicaciones. De hecho, todos los a\u00f1os acude y participa una buena representaci\u00f3n de los miembros de los partidos pol\u00edticos m\u00e1s sensibles y cercanos a nuestra visi\u00f3n, que son luego quienes dentro de sus partidos defienden internamente nuestra posici\u00f3n. Somos muy conscientes que muchos afiliados y afiliadas de partidos de diversas ideolog\u00edas est\u00e1n de acuerdo con nosotros, aunque lamentablemente todav\u00eda no tienen la influencia que nos gustar\u00eda. <\/p>\n<p>P.- \u00bfNo cree que el hecho de que haya tantas ONG puede perjudicarles? \u00bfno ser\u00eda m\u00e1s f\u00e1cil actuar uni\u00e9ndose? <\/p>\n<p>R.- Hola Luis. Efectivamente, hay muchas ONG porque las necesidades y los puntos de vista son muchos. Esto en realidad es una riqueza y permite canalizar de una forma efectiva las distintas sensibilidades y formas de entender la acci\u00f3n. Sin embargo, que existan muchas ONG no significa que no trabajemos juntos en algunas causas o campa\u00f1as. Y un buen ejemplo de ello es la Semana de lucha contra la Pobreza, donde m\u00e1s de 1.000 organizaciones aunamos esfuerzos y compartimos la misma posici\u00f3n. <\/p>\n<p>P.- Me han animado a ir a la manifestaci\u00f3n contra la pobreza que organiza la campa\u00f1a Pobreza Cero pero, me surge una pregunta: \u00bf Quienes forman la campa\u00f1a, con que objetivos surgi\u00f3 y que actividades realizan a lo largo del a\u00f1o? Gracias por contestar.<\/p>\n<p>R.- Hola Luis. Las manifestaciones de estos d\u00edas las convoca la Alianza Espa\u00f1ola contra la Pobreza que a\u00fana m\u00e1s de 1.000 organizaciones de diversos \u00e1mbitos, como desarrollo, juveniles, educaci\u00f3n, medioambiente, sindicatos, etc. Es una plataforma muy amplia cuyo objetivo es movilizar a la sociedad espa\u00f1ola a favor de la erradicaci\u00f3n de la pobreza. A lo largo del a\u00f1o se realizan cientos de actividades en todo el territorio espa\u00f1ol. Puedes encontrar toda la informaci\u00f3n sobre la campa\u00f1a y la Alianza en la siguiente web: www.rebelatecontralapobreza.org <\/p>\n","protected":false},"excerpt":{"rendered":"<p>Este s\u00e1bado se celebra el D\u00eda Internacional para la Erradicaci\u00f3n de la Pobreza. Por este motivo, las Organizaciones No Gubernamentales tratan de su visibilidad durante toda la semana con una serie de actividades que pretenden concienciar a la poblaci\u00f3n sobre esta causa. Eduardo S\u00e1nchez, presidente de la Coordinadora Espa\u00f1ola de ONG para el Desarrollo de Espa\u00f1a, ha charlado con los lectores el d\u00eda en que se celebra una manifestaci\u00f3n en Madrid para luchar contra esta lacra.<br \/>\nWeb de Rebelate contra la pobreza<\/p>\n","protected":false},"author":1,"featured_media":0,"comment_status":"open","ping_status":"open","sticky":false,"template":"","format":"standard","meta":{"footnotes":""},"categories":[],"tags":[],"class_list":["post-8517","post","type-post","status-publish","format-standard","hentry"],"_links":{"self":[{"href":"https:\/\/intervius.com\/index.html\/wp-json\/wp\/v2\/posts\/8517","targetHints":{"allow":["GET"]}}],"collection":[{"href":"https:\/\/intervius.com\/index.html\/wp-json\/wp\/v2\/posts"}],"about":[{"href":"https:\/\/intervius.com\/index.html\/wp-json\/wp\/v2\/types\/post"}],"author":[{"embeddable":true,"href":"https:\/\/intervius.com\/index.html\/wp-json\/wp\/v2\/users\/1"}],"replies":[{"embeddable":true,"href":"https:\/\/intervius.com\/index.html\/wp-json\/wp\/v2\/comments?post=8517"}],"version-history":[{"count":0,"href":"https:\/\/intervius.com\/index.html\/wp-json\/wp\/v2\/posts\/8517\/revisions"}],"wp:attachment":[{"href":"https:\/\/intervius.com\/index.html\/wp-json\/wp\/v2\/media?parent=8517"}],"wp:term":[{"taxonomy":"category","embeddable":true,"href":"https:\/\/intervius.com\/index.html\/wp-json\/wp\/v2\/categories?post=8517"},{"taxonomy":"post_tag","embeddable":true,"href":"https:\/\/intervius.com\/index.html\/wp-json\/wp\/v2\/tags?post=8517"}],"curies":[{"name":"wp","href":"https:\/\/api.w.org\/{rel}","templated":true}]}}