{"id":8505,"date":"2009-10-19T00:00:00","date_gmt":"2006-11-06T00:00:00","guid":{"rendered":"https:\/\/intervius.com\/index.html\/?p=8505"},"modified":"2006-11-06T00:00:00","modified_gmt":"2006-11-06T00:00:00","slug":"Alfredo_Relano8505","status":"publish","type":"post","link":"https:\/\/intervius.com\/index.html\/Alfredo_Relano8505\/","title":{"rendered":"Alfredo Rela\u00f1o"},"content":{"rendered":"<p>Pregunta.- Hola don Alfredo. Se dice que el madrid no domina los partidos porqu\u00e9 no tiene jugadores para la retneci\u00f3n del esf\u00e9rico. (x.alonso, granero, kak\u00e1) \u00bfEl Xerez, el Tenerife, el sevilla, el valladolid, todos estos han dominado al madrid. \u00bfTienen mejores jugadores en el centro del campo que el madrid? No le encuentro explicaci\u00f3n. Saludos. Y Gracias.<\/p>\n<p>Respuesta.- Las explicaciones hay que buscarlas en que los delanteros presionan poco a los defensas contrariuos, que empiezan a elaborar c\u00f3modamente desde atr\u00e1s, asoci\u00e1ndose con sus medios. Y eso se hace m\u00e1s palpable si el Madrid juega con s\u00f3lo dos medios y cuatro delanteros, como ocurre con frecuencia. (Kak\u00e1 es und elantero qeu arranca de atr\u00e1s). Y m\u00e1s a\u00fan: Cristiano y Kak\u00e1 arrancan siempre, no son jugadores de combinar. Todo eso da lugar a esa mezcla extra\u00f1a.<\/p>\n<p>P.- Hola Alfredo,\u00bfde verdad crees que CR tiene opciones sobre Messi en el bal\u00f3n de oro? yo soy madridista pero este a\u00f1o Messi ha estado espectacular y aunque tiene la mancha negra de la selecci\u00f3n (con maradona no se puede ir a ning\u00fan sitio!) creo que se lo merece, adem\u00e1s, prefiero que CR lo gane el a\u00f1o proximo por ss eritos de blanco! \u00bfque opinas?<\/p>\n<p>R.- A Messi le puede perjudicar algo su mala fase de clasificaci\u00f3n, pero Cristiano va a estar borrado, por su lesi\u00f3n, el mes decisivo. Por ejemplo, pasado ma\u00f1ana, ante el Mil\u00e1n. No s\u00e9. Lo veo igualado. <\/p>\n<p>P.- Alfredo def\u00edneme en 5 palabras a Fernando Torres.Gracias<\/p>\n<p>R.- Delantero que mejora con espacios. <\/p>\n<p>P.- Hola \u00bfC\u00f3mo le parece a usted un posible fichaje de Robinho al bar\u00e7a? \u00bfes qu\u00e9 ser\u00eda una venganza al madrid?.<\/p>\n<p>R.- Yo creo que Robinho est\u00e1 echado a perder. Si viniera al Bar\u00e7a (y me parece que a Guardiola no le entusiasmaq) quiz\u00e1 tuviera un primer arre\u00f3n de vago arrepentido, pero no creo que fuese de verdad un jugador consistente a la larga.<\/p>\n<p>P.- \u00bf Qu\u00e9 opina del duelo Messi-Xavi por el Bal\u00f3n de Oro y el FIFA World Player ? Este a\u00f1o Messi, Xavi e Iniesta podr\u00edan ser los tres primeros de los trofeos individuales.\u00bfNo le parece lamentable qu\u00e9 por no llamarse Iniestinha y ser una persona humilde pueda ser superado en el tercer puesto por otros de menos m\u00e9ritos; pero m\u00e1s impacto medi\u00e1tico ?<\/p>\n<p>R.- Tiran m\u00e1s los jugadores de m\u00e1s arriba, que tienen m\u00e1s brillo. Xavi mismo lo sbe: &#8220;Yo no gano balones de oro, yo los fabrico&#8221;. Con \u00e9l cerca, todos son mejores. Con Iniesta pasa algo igual. Pero a m\u00ed me sorprender\u00eda que el Bal\u00f3n de Oro fuese para alguien distinto de Messi o Cristiano. <\/p>\n<p>P.- Ayer tuve dificultad en seguir el partido en Canal entre Osasuna y Atletico de Madrid. El color de ambos equipos era muy parecido y solo cambiaba que unos lo llevaban en la camiseta y otros en el calzon. \u00bf No deberia haber jugado el Atletico con su tercera equipacion?<\/p>\n<p>R.- O con la primera y pantal\u00f3n blanco. Se hacen muchas tonter\u00edas con los cambiso de camisetas, cada vez m\u00e1s. Me pas\u00f3 como a usted, vi un embadurne de colores invertidos.<\/p>\n<p>P.- Hola Alfredo. Se que la pregunta dar\u00eda para escribir un par de tesis por lo menos, pero \u00bfc\u00f3mo ves el futuro de la prensa escrita en general y de la deportiva en particular?<\/p>\n<p>R.- El inmediato, bien. Se ve cerca la ca\u00edda del papel por el tr\u00e1nsito a internet, que se va produciendo, pero m\u00e1s lento de lo que se preve\u00eda. Quiz\u00e1 en alg\u00fan momento se acelere, es de suponer. En cuanto a la prensa deportiva, cada vez ser\u00e1 m\u00e1s audiovisual y cada vez m\u00e1s fuerte, al menos a medio plazo. El deporte crece en prestigio social continuamente.<\/p>\n<p>P.- Don Alfredo, no se que pensaras de Cara Cortada (Ribery), pero para mi por mucho que diga Florentino de que le sacas rentabilidad al dinero gastado porque es crack mundial (y no discuto que sea verdad, ojo) yo iria a por Don David Silva, es un pedazo de futbolista y por el estaria dispuesto a pagar casi lo que por ribery, porque se lo merece, a ver cu\u00e1ndo se entera de que los espa\u00f1oles saben jugar al futbol, y mas si son del pueblo de Valeron. \u00bfque piensas?<\/p>\n<p>R.- Prefiero llamarle Rib\u00e9ry. Cara Cortada era Capone. Y a m\u00ed tambi\u00e9n me gusta m\u00e1s Silva que Rib\u00e9ry, aunque \u00e9ste no me disgusta. La pega con Silva es que cada vez que el Madrid se acerca al Valencia se agita un avispero.<\/p>\n<p>P.- Hola Alfedo, \u00bfque le esta pasando a Valverde en el Villareal? \u00bfCuanto crees que aguantara Roig? \u00bfQuien seria su sustituto?<\/p>\n<p>R.- Me parece que en lo del Villarreal hay un punto de mala suerte, que podr\u00eda estar mejor con el f\u00fatbol que ha hecho. La pega \u00b4ser\u00eda que los jugadores perdieran la confianza. El lado bueno es que en ese club hay mucha serenidad. Yo creo que Roig va a aguantarle a Valverde y que poco a poco la cosa ir\u00e1 a mejor.<\/p>\n<p>P.- Saludos Alfredo. Me gustar\u00eda saber tu opini\u00f3n sobre Benzema. A mi me parece un chico con unas posibilidades tremendas, pero con una apat\u00eda a veces insoportable. El otro d\u00eda escuch\u00e9 a Lama decir que le recordaba a Anelka, y estoy empezando a asustarme. \u00bfNo crees que Pellegrini deber\u00eda sentarle contra el Milan como toque de atenci\u00f3n? (atendiendo a lo que es el Milan actualmente).<\/p>\n<p>R.- Pienso exactamente lo mismo que usted. Lo que no s\u00e9 es si el tratamiento es sentarle. Pero necesita reaccionar seriamente o se esfumar\u00e1. <\/p>\n<p>P.- \u00bfSera Mata uno de los jugadores clave de esta liga o a\u00fan esta un escalon por debado de las grandes estrellas?<\/p>\n<p>R.- Claves en esta Liga ser\u00e1n Cristiano y Messi. Y Xavi y Casillas. Y en el siguiente nivel Villa y Silva. Pero Mata est\u00e1 ah\u00ed cerca.<\/p>\n<p>P.- Hola Alfredo, t\u00fa crees que el barsa de este a\u00f1o juega como el barsa del a\u00f1o pasado?<\/p>\n<p>R.- No, por ahora no. Parec\u00eda, a partir de Santander, peor all\u00ed tuvo muchas facilidades. Quiz\u00e1 ahora con Iniesta consigan coger la onda. Messi no est\u00e1 muy bien y eso influye. Y Etoo taponaba m\u00e1s la salida del rival y puede que se note.<\/p>\n<p>P.- \u00bfSabe usted si Negredo podria negarse a volver al Madrid si este ejecuta la clausula de recompra? Porque se de muy buena mano (muy cercana al futbolista) que ahora mismo no tiene ninguna intencion de volver al Madrid&#8230;<\/p>\n<p>R.- S\u00ed podr\u00eda negarse. Si \u00e9l no quiere el traspaso no se har\u00e1. Y el Sevilla intentar\u00e1 hacerle all\u00ed feliz y que no se vuelva. <\/p>\n<p>P.- En el partido entre Barcelona y Valencia, el Valencia tuvo las mejores oportunidades y pudo ganar. Sin embargo, en los 10 ultimos minutos, dejaron de intentar de marcar y pudimos notar que el empate les bastaba y el Bar\u00e7a crecio y tuvo sus mejores 10 minutos del partido. Muchos equipos empezan sus partidos con este planteamiento y eso explica porque el Bar\u00e7a siempre gana por goleadas. Usted que opina?<\/p>\n<p>R.- No entiendo el razonamiento final. Creo que el Valencia pudo ganar y corri\u00f3 hasta que se agot\u00f3. Lo mismo hizo el Getafe, al que tampoco le entr\u00f3 el gol en la primera parte, y luego se desfond\u00f3. El Bar\u00e7a golea con frecuencia porque es muy bueno y no hay f\u00f3rmula f\u00e1cil ante eso.<\/p>\n<p>P.- Buenas tardes Sr. Rela\u00f1o. \u00bfNo cree usted que se puede ser un poco m\u00e1s ecu\u00e1nime con Ra\u00fal?. Si mete dos goles es eterno, si no mete goles en dos partidos es la pieza clave que hay que arreglar para que el Madrid juegue bien. Gracias por su respuesta. <\/p>\n<p>R.- Tiene usted raz\u00f3n. El f\u00fatbol produce sensaciones exageradas, y en el caso de Ra\u00fal, m\u00e1s. Como llevamos quince a\u00f1os vi\u00e9ndole, tendemos a hartarnos de \u00e9l; pero como llevamos quince a\u00f1os aplaudi\u00e9ndole, cada vez que est\u00e1 bien nos arrepentimos de nuestras dudas. A m\u00ed me pasa. <\/p>\n<p>P.- Hola Alfredo, mi pregunta la hago en referencia al Valencia-Bar\u00e7a. \u00bfNo crees que Emery se rindi\u00f3 a Guardiola desde el inicio t\u00e1cticamente? Salir sin un delantero centro pese a la baja de Villa me pareci\u00f3 muy cobarde por su parte sobretodo teniendo a Nikola Zigic y a un buen jugador como es Miku Flores.<\/p>\n<p>R.- No, no se rindi\u00f3. Creo que plante\u00f3 bien el partido y pudo ganarlo, a base de la velocidad de sus avispas. Tuvo ocasiones reales.<\/p>\n<p>P.- Es necesario seguir dandole bola al personajillo de Pepe &#8220;El brujo\u00b4\u00b4 ?? lo \u00fanico que hace es molestar y preocupar en cierta medida a los madridistas, no ser\u00eda mejor dejar de hablar de \u00e9l y de su estupida maldici\u00f3n? Un Saludo!<\/p>\n<p>R.- Es una curiosidad inofensiva, un poco rid\u00edcula, la verdad.<\/p>\n<p>P.- Buenas don Alfredo, mi pregunta es muy sencilla&#8230; \u00bfcu\u00e1nto va a tardar el Madrid en adoptar un sistema de juego? Porque pasan las semanas y en t\u00e9rminos colectivos, el juego me sigue recordando al de temporadas pasadas. <\/p>\n<p>R.- Todo el mundo est\u00e1 de acuerdo en eso. Pellegrini est\u00e1 en una b\u00fasqueda que no culmina y crece la impaciencia.<\/p>\n<p>P.- Hola D.Alfredo, nueva goleada del Madrid, pero mismo gui\u00f3n, y creo que el problema es de actitud, no se presiona arriba, no se ayuda al mediocampo, y sigo viendo a Ra\u00fal (a pesar de los 2 goles) que ralentiza el juego y frena tanto a Higua\u00edn como a Benzem\u00e1, pero si que veo que es el \u00fanico que echa el resto, pero no contagio a los dem\u00e1s. As\u00ed que tenemos falta actitud y que Pellegrini me est\u00e1 decepcionando. \u00bfQue opina de mi valoraci\u00f3n?<\/p>\n<p>R.- Que est\u00e1 bien, y que hay que elegir a dos de entre esos tres, y que Benzema est\u00e1 cada vez menos fuerte. <\/p>\n<p>P.- Buenas, Sr. Rela\u00f1o. Esto, m\u00e1s que una pregunta, es una cosa que vengo pensando desde la Eurocopa pasada, y que volvi\u00f3 a florecer en la \u00faltima Copa de Confederaciones, a raiz del, para m\u00ed, rid\u00edculo debate Ra\u00fal-Villa. Se dice que con Ra\u00fal no se ha ganado nunca nada (como si \u00e9l fuese el \u00fanico culpable y antes lo gan\u00e1semos todo). Sin embargo, con Villa en el campo (y sin Ra\u00fal) nos fuimos a casa en Alemania y la Confecup. Y en la Eurocopa, s\u00f3lo marc\u00f3 en la fase previa, contra Italia B no hizo gran cosa (pasamos por penaltys), y en semis y la final no hizo nada porque se lesion\u00f3. Adem\u00e1s, Villa no ha jugado nunca en un equipo grande de verdad \u00bfQu\u00e9 opina?\u00bfNo ser\u00e1 gafe?<\/p>\n<p>R.- No, no dude de Villa. Villa es un goleador tremendo que ha ganado much\u00edsimos partidos con Espa\u00f1a. Ahora est\u00e1 por delante de Ra\u00fal. Creo que el siete que fue de Ra\u00fal est\u00e1 en la mejor espalda posible.<\/p>\n<p>P.- Sr Roncero \u00bfcu\u00e1l ser\u00eda la f\u00f3rmula m\u00e1gica para qu\u00e9 el Madrid deje de despistarse en los tiros a balon parado? Saludo y gracias.<\/p>\n<p>R.- No soy Roncero, soy Rela\u00f1o. En cuanto a los despistes, trabajo (conviene saber qu\u00e9 jugadas suelen hacer los rivales) y atenci\u00f3n.<\/p>\n<p>P.- El Mil\u00e1n viene de hacer un soberbio partido contra la Roma remont\u00e1ndoles con un 2-1 con un centro del campo con Pirlo y Ambrosisini m\u00e1s Pato y el siempre efectivo Inzaghi arriba \u00bfPor qu\u00e9 hay tanto optimismo para el Mi\u00e9rcoles en Champions?<\/p>\n<p>R.- No s\u00e9 si hay tanto optimismo, pero en todo caso el optimismo es bueno, siempre que no se traduzca en confianza.<\/p>\n<p>P.- Hola Alferdo, no me gust\u00f3 nada como anoche en el Larguero fuisteis tan duros con Abel por no aparecer en el programa, no creo que ese sea el problema del Atleti ni que sea lo que interesa escuchar a los oyentes.\u00bfcual crees que es el mal del Atleti?Los entrenadores est\u00e1 visto que no, aqui han pasado 100 y todos igual. un saludo<\/p>\n<p>R.- Yo ya hab\u00eda escrito lo que he publicado hoy antes de saber nada de si iba o no iba al Larguero. Por otra parte, Ortego le defendi\u00f3, no todo fueron ataques. Yo le tengo gran aprecio, pero s\u00ed creo que tiene una buena cuota parte de responsabilidad si el equipo sale dormido. Un entrenador tiene que ser, casi antes que nada, un motivador.<\/p>\n<p>P.- Hola Alfredo, noto que no hay un optimismo generalizado con &#8220;LA ROJA&#8221; de cara al mundial y a lo mejor es bueno,pero si hubiera sido otra selecci\u00f3n la que hubiera ganado 10 partidos en fase de clasificaci\u00f3n como Italia o Brasil ya dir\u00edamos que era una m\u00e1quina etc&#8230; Hay que valorar m\u00e1s lo nuestro que esto sera muy dificil que vuelva a ocurrir. \u00bfQu\u00e9 opinas?<\/p>\n<p>R.- Pues que soy muy optimista. Si vamos con todos (particularmente con Xavi, Silva e Iniesta) podemos ganar ese campeonato. No veo nadie que sea mejor. No hay nada seguro, porque un partido se puede ir por cualquier circunstancia, pero este equipo es el mejor que hay ahora en la Tierra.<\/p>\n<p>P.- Sr Rela\u00f1o \u00bfQu\u00e9 piensa de las buenas maneras de Miguel de las Cuevas? \u00bfPor qu\u00e9 dan tanto bombo a Maradona si en realidad mancha la imagen del f\u00fatbol?<\/p>\n<p>R.- Me gusta Miguel de las Cuevas. Hace tiempo que me gusta y cada vez va a mejor. En cuanto a Maradona, es el selecccionador de Argentina, es inevitable que aparezca. Y tome su ejemplo en positivo: nos muestra lo que ciertos malos h\u00e1bitos pueden hacer con un hombre que podr\u00eda tenerlo todo.<\/p>\n<p>P.- hola alfredo,como ves el partido de lazio-villareal para el jueves.<\/p>\n<p>R.- Creo que el cambio de aires (cambio de competici\u00f3n) le tiene que sentar bien al Villarreal. Estoy deseando comprobar eso.<\/p>\n<p>P.- Buenas don Alfredo, \u00bfDonde cree usted que estara la clave en el Real Madrid &#8211; AC Milan?<\/p>\n<p>R.- En el medio campo, como en casi todos los partidos. <\/p>\n<p>P.- Hola Don Alfredo. \u00bfEs verdad que Florentino quiere vender a Ramos?<\/p>\n<p>R.- No me suena. Me parece impensable.<\/p>\n<p>P.- Sr Rela\u00f1o \u00bfcree usted qu\u00e9 el Real Madrid actualmente tiene mejor delantera que el Sevilla? Gracias por su respuesta.<\/p>\n<p>R.- Hay que contar con Cristiano, y s\u00ed. De hecho marca bastantes m\u00e1s goles.<\/p>\n<p>P.- Hola Alfredo, soy un gran fan tuyo, mi pregunta es original a mi parecer, \u00bfqu\u00e9 puesto ocupar\u00eda la selecci\u00f3n espa\u00f1ola sub 21 en la liga nacional espa\u00f1ola? Porque, aunque son muy jovenes y buenos, yo creo que tiene mejor equipo y mas equilibrado que el sobrevalorado Atl\u00e9tico de Madrid, salu2<\/p>\n<p>R.- Hola Alfredo, soy un gran fan tuyo, mi pregunta es original a mi parecer, \u00bfqu\u00e9 puesto ocupar\u00eda la selecci\u00f3n espa\u00f1ola sub 21 en la liga nacional espa\u00f1ola? Porque, aunque son muy jovenes y buenos, yo creo que tiene mejor equipo y mas equilibrado que el sobrevalorado Atl\u00e9tico de Madrid, salu2<\/p>\n<p>P.- \u00bfQu\u00e9 opinion tienes de la labor de M\u00edchel como entrenador? \u00bfC\u00f3mo nos pudimos ir a segunda B con Granero, Negredo, Mata, De La Red&#8230;?<\/p>\n<p>R.- Aquello fue un gran chasco. En la segunda vuelta los jugadores ten\u00edan muy llena de p\u00e1jaros la cabeza, pensando en sus destinos, y no consigui\u00f3 encarrilarles. Pero creo que va a ser un buen entrenador. Tiene fuerte vocaci\u00f3n y buen estilo. Y con el tiempo mejorar\u00e1, cuando modere un puntito un poco picajoso de su car\u00e1cter, que a veces le ofusca.<\/p>\n<p>P.- Alfredo, el fallecimiento de Andr\u00e9s Montes me dej\u00f3 helado. Creo que, con todas sus cosas, era especial, diferente y un espect\u00e1culo. \u00bfQu\u00e9 recuerdo tienes de \u00e9l? Muchas gracias por contestarme <\/p>\n<p>R.- Estupendos. Le contrat\u00e9 para Canal +, para la NBA, a ra\u00edz de un video que le hicieron para El D\u00eda Despu\u00e9s, en el que narraba f\u00fatbol. &#8220;Algo se mueve al Sur de la ciudad&#8221;, dec\u00eda ensalzando al Atl\u00e9tico. Recuerdo maravillado mis primeras conversaciones con \u00e9l, sobre todo un viaje a Toledo que nunca olvidar\u00e9. En la primera transmisi\u00f3n de la NBA un jefe bastante marmolillo que tuve pretend\u00eda que le echara, y no le hice caso. A la semana vino y me dijo: &#8220;No le eches, que a mis hijos les gusta&#8221;. Cuando se fue a La Sexta me gust\u00f3 tambi\u00e9n en el f\u00fatbol. Aunque s\u00e9 que a mucha gente le desagradaba, a m\u00ed me gustaba. \u00c9l implant\u00f3 el t\u00e9rmino tiqui-taca, alababa a los jugones, mezclaba el f\u00fatbol con una cultura muy contempor\u00e1nea, me gustaba c\u00f3mo daba paso a Salinas y al Capit\u00e1n Narv\u00e1ez. Entiendo que le quitaran por tantas cr\u00edticas, pero ha dejado una gran huella. <\/p>\n<p>P.- Hola Alfredo. \u00bfCree que tal y como est\u00e1 jugando el Real Madrid puede hacer un buen papel en la Champions?\u00bfO cree que equipos m\u00e1s f\u00edsicos como el Chelsea o el resto de ingleses puede hacerle mucho da\u00f1o al juego roto y sin bal\u00f3n del Madrid? Gracias<\/p>\n<p>R.- El Madrid puede hacer un buen papel en la Champions si mejora la fluidez de su juego y el control de los partidos. Si no, no. <\/p>\n<p>P.- Hola Rela\u00f1o mi pregunta es sencilla, \u00bfpiensa el real madrid en fichar un jugador en el lateral izquierdo ya sea en diciembre o la pr\u00f3xima temporada? Gracias y un saludo<\/p>\n<p>R.- En invierno, no. En el verano seguramente s\u00ed.<\/p>\n<p>P.- Don Alfredo, no le parece gracioso que el Sevilla le de vueltas al Madrid pero que en la proxima fecha pierda contra el Depor? Es como si solo contra el Madrid salen inspirados?<\/p>\n<p>R.- Desde que sigo el f\u00fatbol, ante el Madrid todos los equipos dan lo m\u00e1ximo. No es de ahora. Eso es un halago al Madrid, en el fondo. <\/p>\n","protected":false},"excerpt":{"rendered":"<p>Alfredo Rela\u00f1o, director del Diario As, ha charlado con los internautas sobre la actualidad deportiva. <\/p>\n<p>ARCHIVO DE ENTREVISTAS:<\/p>\n<p>13 de octubre &#8211; 05 de octubre &#8211; 28 de septiembre &#8211; 21 de septiembre &#8211; 16 de septiembre &#8211; 07 de septiembre &#8211; 31 de agosto &#8211; 24 de agosto &#8211; 29 de junio &#8211; 24 de junio &#8211; 16 de junio &#8211; 08 de junio &#8211; 01 de junio &#8211; 25 de mayo &#8211; 18 de mayo &#8211; 11 de mayo &#8211; 4 de mayo &#8211; 27 de abril &#8211; 20 de abril &#8211; 13 de abril &#8211; 30 de marzo &#8211; 23 de marzo &#8211; 16 de marzo &#8211; 9 de marzo &#8211; 2 de marzo &#8211; 23 de febrero &#8211; 16 de febrero &#8211; 9 de febrero &#8211; 2 de febrero &#8211; 26 de enero &#8211; 19 de enero &#8211; 12 de enero &#8211; 15 de diciembre &#8211; 10 de diciembre &#8211; 1 de diciembre &#8211; 24 de noviembre &#8211; 17 de noviembre &#8211; 10 de noviembre &#8211; 7 de noviembre &#8211; 27 de octubre &#8211; 21 de octubre &#8211; 13 de octubre &#8211; 6 de octubre &#8211; 30 de septiembre &#8211; 22 de septiembre &#8211; 15 de septiembre &#8211; 8 de septiembre &#8211; 1 de septiembre <\/p>\n","protected":false},"author":1,"featured_media":0,"comment_status":"open","ping_status":"open","sticky":false,"template":"","format":"standard","meta":{"footnotes":""},"categories":[],"tags":[],"class_list":["post-8505","post","type-post","status-publish","format-standard","hentry"],"_links":{"self":[{"href":"https:\/\/intervius.com\/index.html\/wp-json\/wp\/v2\/posts\/8505","targetHints":{"allow":["GET"]}}],"collection":[{"href":"https:\/\/intervius.com\/index.html\/wp-json\/wp\/v2\/posts"}],"about":[{"href":"https:\/\/intervius.com\/index.html\/wp-json\/wp\/v2\/types\/post"}],"author":[{"embeddable":true,"href":"https:\/\/intervius.com\/index.html\/wp-json\/wp\/v2\/users\/1"}],"replies":[{"embeddable":true,"href":"https:\/\/intervius.com\/index.html\/wp-json\/wp\/v2\/comments?post=8505"}],"version-history":[{"count":0,"href":"https:\/\/intervius.com\/index.html\/wp-json\/wp\/v2\/posts\/8505\/revisions"}],"wp:attachment":[{"href":"https:\/\/intervius.com\/index.html\/wp-json\/wp\/v2\/media?parent=8505"}],"wp:term":[{"taxonomy":"category","embeddable":true,"href":"https:\/\/intervius.com\/index.html\/wp-json\/wp\/v2\/categories?post=8505"},{"taxonomy":"post_tag","embeddable":true,"href":"https:\/\/intervius.com\/index.html\/wp-json\/wp\/v2\/tags?post=8505"}],"curies":[{"name":"wp","href":"https:\/\/api.w.org\/{rel}","templated":true}]}}