{"id":8463,"date":"2009-10-09T00:00:00","date_gmt":"2006-11-06T00:00:00","guid":{"rendered":"https:\/\/intervius.com\/index.html\/?p=8463"},"modified":"2006-11-06T00:00:00","modified_gmt":"2006-11-06T00:00:00","slug":"Constantino_Mendez8463","status":"publish","type":"post","link":"https:\/\/intervius.com\/index.html\/Constantino_Mendez8463\/","title":{"rendered":"Constantino M\u00e9ndez"},"content":{"rendered":"<p>Pregunta.- \u00bfTiene alg\u00fan futuro razonablemente positivo la intervenci\u00f3n de la OTAN en Afganist\u00e1n?<\/p>\n<p>Respuesta.- La Otan est\u00e1 reorientando su estrategia en Afganist\u00e1n. Estamos, junto a otros 41 pa\u00edses al amparo de la Resoluci\u00f3n de la ONU en una operaci\u00f3n de asistencia a la seguridad para conseguir la reconstrucci\u00f3n de Afganist\u00e1n, la seguridad de sus ciudadanos y consolidar las instituciones. Nuestra presencia all\u00ed tiene un objetivo: garantizar nuestra seguridad colectiva. <\/p>\n<p>P.- Tras la reciente muerte de un soldado all\u00ed, \u00bfse sigue pensando en aumentar el contingente de tropas espa\u00f1olas en Afganist\u00e1n?<\/p>\n<p>R.- El Parlamento aprob\u00f3 el incremento de los efectivos en Afganist\u00e1n. Mantenemos nuestras previsiones porque van a ayudar a aumentar la seguridad en los movimientos de nuestras tropas y el desarrollo de las actividades de reconstrucci\u00f3n del pa\u00eds que llevamos a cabo.<\/p>\n<p>P.- \u00bfCree que se pueden seguir aumentando las tropas en los escenarios en el extranjero sin aumentar los medios ni la seguridad con la que realizan su labor? Faltan blindados, armamento&#8230; <\/p>\n<p>R.- El Gobierno y la sociedad espa\u00f1ola desarrollan un gran esfuerzo en la modernizaci\u00f3n de las Fuerzas Armadas. El presupuesto prioriza la seguridad y la capacidad operativa. En los \u00faltimos a\u00f1os hemos priorizado la inversi\u00f3n en medios de protecci\u00f3n como los nuevos veh\u00edculos blindados Lince y RG-31, los inhibidores de frecuencia, los aviones no tripulados (UAVs) y nuestras tropas cada vez est\u00e1n m\u00e1s entrenadas y cualificadas para trabajar en estos escenarios. <\/p>\n<p>P.- \u00bfNo cree usted que ahora ser\u00eda conveniente reforzar con m\u00e1s MRAP de pelot\u00f3n a las tropas? Thales Espa\u00f1a les ha ofrecido 30 MRAP de pelot\u00f3n Bushmaster para entrar en servicio en un plazo de seis meses desde la firma del contrato ya en campo. No como GD Santa B\u00e1rbara que han tardado mas de una a\u00f1o<\/p>\n<p>R.- El Gobierno aprob\u00f3 a finales de 2007 una estrategia de renovaci\u00f3n de veh\u00edculos blindados. Hemos adquirido los 120 veh\u00edculos Lince y estamos recibiendo los 100 veh\u00edculos RG-31 previstos en la primera fase de ese plan. El veh\u00edculo Bushmaster, del cual tenemos las mejores referencias t\u00e9cnicas, no lleg\u00f3 a presentarse al concurso. Estamos ya iniciando la segunda fase de renovaci\u00f3n. Recientemente hemos adquirido 15 nuevos Linces y ya hemos lanzado la petici\u00f3n de informaci\u00f3n para comprar nuevos veh\u00edculos 8&#215;8, que estaban previstos para el 2017. Este equipamiento es prioritario para nosotros. <\/p>\n<p>P.- \u00bfPedir\u00e1n responsabilidad civil por no cumplir con los plazos de entrega de los veh\u00edculos RG-31 al ex jefe del Estado Mayor del Ej\u00e9rcito de Tierra, general Carlos Villar Turrau, actual vicepresidente de estrategia de negocios de la empresa General Dynamic Santa B\u00e1rbara Sistemas (GDSBS), por no estar los veh\u00edculos mencionados en zona de guerra? <\/p>\n<p>R.- Aplicaremos lo previsto en el contrato. Y ya hemos advertido la aplicaci\u00f3n de posibles sanciones a la empresa. Nuestro calendario inmediato prev\u00e9 proyectar los primeros nuevos veh\u00edculos a la zona de operaciones a finales de este mismo mes. <\/p>\n<p>P.- Francia escolta con soldados a bordo sus barcos de pesca. \u00bfQu\u00e9 opina de esta iniciativa? \u00bfse podr\u00eda estudiar en nuestro caso?<\/p>\n<p>R.- Ya hemos se\u00f1alado que nuestra legislaci\u00f3n no permite embarcar infantes de marina a bordo de los buques pesqueros. Tambi\u00e9n hemos se\u00f1alado que no ser\u00eda operativo ni funcional. Otros muchos pa\u00edses europeos tienen las mismas dificultades jur\u00eddicas que nosotros. Estamos permanentemente en contacto con las empresas pesqueras para mejorar sistem\u00e1ticamente su seguridad y facilitar su autoprotecci\u00f3n, en coordinaci\u00f3n con los medios que tenemos desplegados en la zona nosotros y nuestros aliados en el marco de la Operaci\u00f3n Atalanta, entre ellos Francia. <\/p>\n<p>P.- Acaba de decir que se mantiene la previsi\u00f3n del aumento de tropas en Afganist\u00e1n. \u00bfNo temen un retroceso electoral por esta cuesti\u00f3n? <\/p>\n<p>R.- Tenemos que evitar el rechazo de la sociedad afgana a la presencia de los efectivos militares que trabajan en el marco de la Operaci\u00f3n ISAF (ONU). La presencia militar ISAF va dirigida a garantizar la seguridad de los ciudadanos afganos y permitir la reconstrucci\u00f3n del pa\u00eds. Nuestro esfuerzo principal tiene que ser percibido positivamente por la sociedad afgana en tanto que apoyo de la comunidad internacional para que tengan un futuro en paz. Los ciudadanos espa\u00f1oles saben las dificultades a las que hacemos frente en un escenario de riesgo y valoran el esfuerzo de nuestras Fuerzas Armadas como una contribuci\u00f3n solidaria.<\/p>\n<p>P.- Se\u00f1or Mendez, tengo una pregunta clara y corta. \u00bfEs una guerra lo que hay en Afganist\u00e1n? Muchas gracias<\/p>\n<p>R.- Espa\u00f1a no est\u00e1 en guerra con Afganist\u00e1n. Espa\u00f1a participa en una operaci\u00f3n impulsada por Naciones Unidas, junto con otros 41 pa\u00edses. Ciertamente, trabajamos en un escenario de alto riesgo, pero nuestra estrategia, la que compartimos en ISAF es una estrategia para la seguridad, la reconstrucci\u00f3n, el desarrollo social y humano en Afganist\u00e1n. El objetivo final es lograr transferir la responsabilidad a Afganist\u00e1n. Se trata del proceso que llamamos afganizaci\u00f3n, en el que la sociedad afgana sea due\u00f1a de su propio destino. <\/p>\n<p>P.- \u00bfEst\u00e1 usted contento con el Presupuesto que le ha correspondido a Defensa para el pr\u00f3ximo a\u00f1o? Es de los que m\u00e1s bajan&#8230;<\/p>\n<p>R.- En la anterior legislatura, en medio de una situaci\u00f3n econ\u00f3mica que lo permit\u00eda, el presupuesto de Defensa creci\u00f3 considerablemente para impulsar el proceso de modernizaci\u00f3n y profesionalizaci\u00f3n de las Fuerzas Armadas. En una situaci\u00f3n de crisis como la que vivimos, la reducci\u00f3n del presupuesto de Defensa contribuye a la financiaci\u00f3n de las pol\u00edticas dirigidas a fomentar la reactivaci\u00f3n y de protecci\u00f3n social. Nadie entender\u00eda que las inversiones de Defensa se mantuvieran en los mismos t\u00e9rminos incrementalistas de otros a\u00f1os. Estamos aplazando los compromisos de gasto que afectan a los grandes sistemas de armas y dando prioridad a los gastos que afectan a la mejora de la seguridad, la capacidad operativa y el mantenimiento. <\/p>\n<p>P.- \u00bfPara cu\u00e1ndo esta previsto el retorno a Espa\u00f1a del destacamento especial de las elecciones afganas? <\/p>\n<p>R.- Una vez que conozcamos los resultados definitivos de las elecciones del pasado 20 de agosto, sabremos si el destacamento destinado a la protecci\u00f3n de las elecciones debe regresar o mantener su presencia para una segunda vuelta electoral. <\/p>\n<p>P.- Si usted para trabajar necesita seguridad y tiene escoltas, \u00bfpor qu\u00e9 los marineros no? \u00bfse plantean enviar a los militares a patrullar en aguas de Somalia? <\/p>\n<p>R.- No debemos hacer demagogia con este tema. Estamos sensibilizados y preocupados con la seguridad de nuestros pescadores. Aportamos todos los medios posibles y razonables para asegurar su trabajo. En la actualidad tenemos en la zona una fragata con dos helic\u00f3pteros e infantes de marina, un avi\u00f3n de patrulla mar\u00edtima incorporados a los medios de la Operaci\u00f3n europea, Atalanta. <\/p>\n<p>P.- Respecto a que nuestra legislaci\u00f3n no permite la presencia de soldados a bordo de buques pesqueros, \u00bfNo hay posibilidad de cambiar la legislaci\u00f3n vigente para salvar vidas humanas?<\/p>\n<p>R.- No se trata de cambiar las leyes, sino de aplicar las que tenemos. Nuestra legislaci\u00f3n prev\u00e9 distintos niveles en materia de seguridad: la misi\u00f3n de las Fuerzas Armadas es la garant\u00eda del orden constitucional y el ejercicio de la soberan\u00eda, entre otras funciones. Los cuerpos y fuerzas de seguridad del Estado se ocupan de la protecci\u00f3n de vida y bienes de los ciudadanos y finalmente, la Ley de Seguridad Privada permite, y en algunos casos exige, en ciertos sectores de actividad econ\u00f3mica, la autoprotecci\u00f3n con medios privados, supervisado siempre por las autoridades competentes. <\/p>\n<p>P.- \u00bfConoce usted la actual situaci\u00f3n de los suboficiales? \u00bfpiensa colaborar para que se arregle la situaci\u00f3n de los suboficiales anteriores a la Ley 17\/89? Gracias. Un saludo<\/p>\n<p>R.- Estamos desarrollando las previsiones de la Ley de Carrera Militar y somos conscientes de que su aplicaci\u00f3n es compleja, pero analizaremos cuidadosamente su aplicaci\u00f3n a la pr\u00e1ctica para corregir las disfunciones que se presenten. <\/p>\n<p>P.- \u00bfPiensan pagar el rescate exigido por los piratas? \u00bfComo piensan solucionar ese tema?<\/p>\n<p>R.- Pensamos resolve este tema con prudencia y siempre teniendo en cuenta la seguridad de los tripulantes del AlaKrana. <\/p>\n<p>P.- \u00bf Cree realmente que las tropas espa\u00f1olas est\u00e1n lo suficientemente preparadas desde el punto de vista instrumental para defenderse de posibles ataques ?<\/p>\n<p>R.- No tengo ninguna duda. Disponemos de unas Fuerzas Armadas altamente profesionales, con el m\u00e1ximo nivel de preparaci\u00f3n, perfectamente comparables con los ej\u00e9rcitos m\u00e1s modernos del mundo, como se ha venido demostrando en los \u00faltimos 6 a\u00f1os en Afganist\u00e1n. No obstante no existe el riesgo cero y estamos en una misi\u00f3n compleja y peligrosa. <\/p>\n<p>P.- Se\u00f1or M\u00e9ndez. Ha comentado que se ha priorizado la partida de mantenimiento en los presupuestos. \u00bfComo es posible qu ese haya inmovilizado una tercera parte de los veh\u00edculos del Ej\u00e9rcito de Tierra? <\/p>\n<p>R.- Su informaci\u00f3n no se correponde con la realidad. El nivel de operatividad de los veh\u00edculos desplegados en zona de operaciones sobrepasa el 90 por ciento. Como ya dije, est\u00e1 en marcha la estrategia de renovaci\u00f3n de los veh\u00edculos cuyo parque est\u00e1 pr\u00f3ximo a finalizar su vida \u00fatil. Estamos adquiriendo los equipamientos m\u00e1s modernos y m\u00e1s eficaces con el objeto de poner a disposici\u00f3n de las Fuerzas Armadas los mejores medios en todo momento. <\/p>\n","protected":false},"excerpt":{"rendered":"<p>Un soldado espa\u00f1ol ha muerto y otros cinco han resultado heridos en un atentado en Afganist\u00e1n, mientras el Gobierno mantiene que aumentar\u00e1 la presencia espa\u00f1ola en el pa\u00eds. Por su parte, desde el pasado jueves, los 36 tripulantes del atunero Alakrana, 16 de ellos espa\u00f1oles, permanecen secuestrados por piratas cerca de la costa de Somalia. \u00bfQu\u00e9 postura tomar\u00e1 el Ejecutivo ante estos problemas? El secretario de Estado de Defensa, Constantino M\u00e9ndez, ha charlado con los lectores acerca de estos temas y de otros que ata\u00f1en a su departamento. <\/p>\n","protected":false},"author":1,"featured_media":0,"comment_status":"open","ping_status":"open","sticky":false,"template":"","format":"standard","meta":{"footnotes":""},"categories":[],"tags":[],"class_list":["post-8463","post","type-post","status-publish","format-standard","hentry"],"_links":{"self":[{"href":"https:\/\/intervius.com\/index.html\/wp-json\/wp\/v2\/posts\/8463","targetHints":{"allow":["GET"]}}],"collection":[{"href":"https:\/\/intervius.com\/index.html\/wp-json\/wp\/v2\/posts"}],"about":[{"href":"https:\/\/intervius.com\/index.html\/wp-json\/wp\/v2\/types\/post"}],"author":[{"embeddable":true,"href":"https:\/\/intervius.com\/index.html\/wp-json\/wp\/v2\/users\/1"}],"replies":[{"embeddable":true,"href":"https:\/\/intervius.com\/index.html\/wp-json\/wp\/v2\/comments?post=8463"}],"version-history":[{"count":0,"href":"https:\/\/intervius.com\/index.html\/wp-json\/wp\/v2\/posts\/8463\/revisions"}],"wp:attachment":[{"href":"https:\/\/intervius.com\/index.html\/wp-json\/wp\/v2\/media?parent=8463"}],"wp:term":[{"taxonomy":"category","embeddable":true,"href":"https:\/\/intervius.com\/index.html\/wp-json\/wp\/v2\/categories?post=8463"},{"taxonomy":"post_tag","embeddable":true,"href":"https:\/\/intervius.com\/index.html\/wp-json\/wp\/v2\/tags?post=8463"}],"curies":[{"name":"wp","href":"https:\/\/api.w.org\/{rel}","templated":true}]}}