{"id":8442,"date":"2009-10-08T00:00:00","date_gmt":"2006-11-06T00:00:00","guid":{"rendered":"https:\/\/intervius.com\/index.html\/?p=8442"},"modified":"2006-11-06T00:00:00","modified_gmt":"2006-11-06T00:00:00","slug":"Juanma_Trueba8442","status":"publish","type":"post","link":"https:\/\/intervius.com\/index.html\/Juanma_Trueba8442\/","title":{"rendered":"Juanma Trueba"},"content":{"rendered":"<p>Pregunta.- hola juanma como ves al tenerife en su vuelta a 1\u00ba division , que jugador del tenerife llevarias a la seleccion espa\u00f1ola. <\/p>\n<p>Respuesta.- La impresi\u00f3n que caus\u00f3 el equipo en el Bernab\u00e9u fue excelente, pero temo que lo irregular del comienzo afecte a la confianza del grupo. Y aqu\u00ed importa tanto la confianza como el talento. Creo que es fundamental que el Tenerife no perdone partidos contra rivales directos por la salvaci\u00f3n y a partir de ah\u00ed se podr\u00e1 so\u00f1ar con otras cosas. Que vuelva el mejor Nino y que Rom\u00e1n no baje el tono.<\/p>\n<p>P.- buenos d\u00edas Juanma, \u00bfes cosa m\u00eda o el buen rendimiento que est\u00e1 dando Guti esta temporada se debe a la posici\u00f3n de medio centro que ocupa? Al ser otro el que juega de mediapunta liberado de trabajo, parece que, por primera vez en mucho tiempo, Guti siente la responsabilidad y no pierde la cabeza&#8230;.aunque tambi\u00e9n pienso que se tapona un poquito con Xabi Alonso cuando juegan juntos. Gracias\u00a1\u00a1<\/p>\n<p>R.- En general, comparto todas tus impresiones. Creo que Guti mejora sin obligaciones defensivas y tambi\u00e9n me parece que Xabi se tropieza en ocasiones con \u00e9l. Pero no me disgusta la pareja, conste. Yo les dar\u00eda minutos en com\u00fan y entiendo que los delanteros lo agradecer\u00edan.<\/p>\n<p>P.- Sinceramente Juanma&#8230;no te parece que lo de Marcelo s\u00f3lo ha sido la gota que colma el vaso. El a\u00f1o pasado le sucedi\u00f3 en varios partidos lo mismo que con Navas, adem\u00e1s de su lamentable comportamiento en el partido contra el Getafe. Yo creo que no deber\u00eda estar en la plantilla y el a\u00f1o que viene un Clichy o un Evra (junto a Ribery) dejar\u00edan la banda como nueva&#8230;.\u00bft\u00fa ves a Marcelo en el Madrid?<\/p>\n<p>R.- A m\u00ed lo de Marcelo no me sorprende y no deber\u00eda sorprender a nadie que haya seguido al Madrid en las \u00faltimas temporadas. S\u00f3lo Juande le rescat\u00f3 al colocarlo como centrocampista, pero como lateral jam\u00e1s fue fiable. Lo extra\u00f1o es que la direcci\u00f3n deportiva no hiciera este an\u00e1lisis al principio de la temporada. La conclusi\u00f3n es que, iniciada la competici\u00f3n, el equipo se encuentra con una v\u00eda de agua y no ser\u00e1 f\u00e1cil taponarla.<\/p>\n<p>P.- Me encanta el deporte y me encantar\u00edan unas olimpiadas en Madrid. \u00bfCrees que deber\u00eda intentarse para 2020? \u00bfNo piensas que, casi siempre, la carrera ol\u00edmpica es a largo plazo y pocas la obtienen a la primera o segunda? Digo esto porque me parece que, a pesar de todo lo que se dice, el COI podr\u00eda optar por Madrid<\/p>\n<p>R.- Hay quien dice que el COI no ver\u00eda con buenos ojos una tercera candidatura seguida, pero si se ignoro antes la rotaci\u00f3n de continentes con m\u00e1s raz\u00f3n se podr\u00e1 ignorar esta impresi\u00f3n, rumor o leyenda. Yo, llegados a este punto, ser\u00eda partidario de intentarlo otra vez, pues de otro modo se perder\u00e1 en el limbo lo hecho hasta ahora. El problema ser\u00e1 reactivar la ilusi\u00f3n despu\u00e9s de dos fracasos.<\/p>\n<p>P.- hola crack,piensas como yo que sandro rosell como presidente y guardiola como manager general el bar\u00e7a sera impecable y mucho mas fuerte ?<\/p>\n<p>R.- S\u00ed. Creo que Rosell mejora en mucho el conocimiento y la imagen de Laporta. Lo de Guardiola no lo tengo tan claro. No siempre el buen entrenador tiene \u00e9xito en otras facetas, nos sobran los ejemplos.<\/p>\n<p>P.- hola, sinceramente pienso que benzema sera una eterna promesa y no sera un verdadero crack y por favor no debemos buscar escusas como aun es joven porque messi tambien tiene la misma edad del !!!nuevo ronaldo!!! pero mira lo que ha ganado y lo que esta haciendo en el campo .<\/p>\n<p>R.- Disiento. Es posible que no llegue al nivel de Ronaldo, porque \u00e9ste fue un jugador \u00fanico, de los mejores de la historia (fue, digo), pero yo apostar\u00eda a que Benzema cuajar\u00e1 en el Madrid. Admito que es un futbolista especial, muchas veces desconectado del juego, como indolente (en eso se parece al \u00faltimo Ronaldo), pero veo en \u00e9l much\u00edsimas virtudes: es directo, potente, agresivo y entiende el juego. No merece un plazo por joven, estoy de acuerdo; lo merece por reci\u00e9n llegado a un equipo y a un pa\u00eds.<\/p>\n<p>P.- Juanma,existe alg\u00fan problema entre Granedo y Pellegrini? por qu\u00e9 no juega ahora?<\/p>\n<p>R.- No creo que haya problemas entre ellos, m\u00e1s all\u00e1 de los roces entre un jugador que ya no juega y un entrenador que ya no le pone. Entiendo, m\u00e1s bien, que Granero no ha cumplido en los \u00faltimos partidos. As\u00ed de simple. <\/p>\n<p>P.- Muchos medios han criticado severamente el marcaje de Chico a Xavi en el Camp Nou, tach\u00e1ndolo de antiespect\u00e1culo y antideportivo. Si ese mismo marcaje lo sufre Xabi Alonso o Guti, todo el mundo hablar\u00eda de un marcaje antol\u00f3gico, y se criticar\u00eda a Xabi, Guti o Pellegrini por no haber sido capaces de contrarrestarlo. \u00bfPor qu\u00e9 hay un periodismo que est\u00e1 empe\u00f1ado en que todos los equipos dejen al Bar\u00e7a jugar a su gusto?<\/p>\n<p>R.- El buen juego, en este caso del Barcelona, despierta un impulso proteccionista en los medios, algo as\u00ed como un deseo de conservar el patrimonio est\u00e9tico. No me parece mal, como tampoco que un entrenador ejerza el derecho a marcar al hombre al mejor futbolista del equipo rival. Lo que no me gust\u00f3 fue cierta gesticulaci\u00f3n de Xavi durante el partido, como denunciando una aberraci\u00f3n. Y no hab\u00eda ninguna. S\u00f3lo f\u00fatbol.<\/p>\n<p>P.- Buenas Trueba: &#8220;ad kalendas graecas&#8221; dec\u00edan los romanos cuando ten\u00edan el convecimiento de que un acontecimiento no se iba a producir nunca, y me gustar\u00eda saber si estas de acuerdo que eso pasar\u00e1 con el juego del Madrid, que nunca podr\u00e1 jugar bien por las limitaciones que tiene, en cuanto a laterales carrileros, ausencia de alas centrocampistas, y un medio del campo sin chispa, lento y previsible <\/p>\n<p>R.- Pienso que, a pesar de las limitaciones y restricciones en la plantilla (los lateras, principalmente, las alas, en general), el Real Madrid terminar\u00e1 por jugar bien al f\u00fatbol, y a ratos, muy bien. Porque le pesa m\u00e1s el talento que los defectos. Me declaro, en este sentido, absolutamente optimista en relaci\u00f3n a sus posibilidades.<\/p>\n<p>P.- Trueba, me encanta la elecci\u00f3n s\u00fabita entre futbolistas. Te pongo a prueba: \u00bfReina o Diego L\u00f3pez? \u00bfRamos o Alves? \u00bfTerry o Piqu\u00e9? \u00bfJoaqu\u00edn o Savio Bortolini? \u00bfEl mejor Figo o el mejor Messi? Gracias!<\/p>\n<p>R.- Reina (por poco, \u00faltimamente por algo m\u00e1s), Alves (por favor), Piqu\u00e9 (por joven), Joaqu\u00edn (por menos fr\u00e1gil) y la \u00faltima es dif\u00edcil&#8230; quiz\u00e1 el mejor Messi (porque lo dicen los dados).<\/p>\n<p>P.- \u00bfCu\u00e1ndo crees que empezaremos a ver al verdadero Real Madrid? \u00bfCu\u00e1l crees que ser\u00e1 el 11 tipo cuando empiecen los partidos importantes?<\/p>\n<p>R.- Es complicado poner fecha, pero espero que dentro de un mes est\u00e9n muchos problemas resueltos. Y el equipo ser\u00e1, creo: Casillas, Ramos, Albiol, Pepe, Marcelo; Xabi, Lass; Cristiano, Kak\u00e1, Ra\u00fal (o Higua\u00edn); y Benzema.<\/p>\n<p>P.- Buenos d\u00edas Juanma. \u00bfNo crees que existe cierto af\u00e1n en la prensa por justificar el regular juego de X. Alonso hasta la fecha? Se dice que deber\u00eda jugar menos acompa\u00f1ado, cuando yo estimo que en el Liverpool estaba mucho m\u00e1s arropado, en cunato a n\u00famero de jugadores, en el centro del campo (Mascherano, Gerard, Benayoun..) y jugaba a las mil maravillas. Gracias por tus cr\u00f3nicas, y muy especialmente por las ciclistas.<\/p>\n<p>R.- Acepto que Xabi tiene un grupo de fans entre los periodistas y yo me reconozco como uno de los promotores del club. Y tambi\u00e9n advierto que como contestaci\u00f3n ha surgido un grupo de cr\u00edticos de Xabi que son excesivamente severos con \u00e9l. \u00daltimamente, Xabi no est\u00e1 tan brillante como al principio (quiz\u00e1 por la lesi\u00f3n), pero nunca es un jugador mediocre, siempre aporta. Estoy seguro de que el tiempo nos dar\u00e1 la raz\u00f3n al club de fans.<\/p>\n<p>P.- No entiendo el &#8220;Caso Jes\u00fas Navas&#8221; y todo lo que le cuelga. De hecho parece empe\u00f1ado en tapiarse \u00e9l mismo la puerta a la selecci\u00f3n, con tanto marear la perdiz. No imagino qu\u00e9 motivo podr\u00eda llevar a un seleccionador a contar con alguien tan inestable como \u00e9l para un Mundial. Salvo que se nos est\u00e9 escamoteando alguna informaci\u00f3n, claro. Si no quiere ir, magn\u00edfico: Le Tissier prefiri\u00f3 jugar toda su vida en el Southampton porque no se imaginaba tomando una pinta de cerveza en otra ciudad, en otro pa\u00eds, cuesti\u00f3n de prioridades. Pero lo explic\u00f3 tan s\u00f3lo una vez, y a otra cosa. <\/p>\n<p>R.- Hay que ser comprensivo con Navas y con los problemas (del tipo que sean, psicol\u00f3gicos, personales) que le han llevado a renunciar a la Selecci\u00f3n. Ahora bien, superados esos problemas, es muy l\u00f3gico que Del Bosque espere una declaraci\u00f3n rotunda y sin ambig\u00fcedades, que no parezca que el chico hace un favor a nadie. Espero y conf\u00edo en que el asunto se resuelva porque ganaremos todos.<\/p>\n<p>P.- Buenos d\u00edas Juanma! No te parecen excesivas las criticas a Pellegrini?? Si fuese marzo&#8230;aun. Por cierto, dile a Roncero que si Albiol no rota es porque ha sido el \u00fanico central que ha estado disponible siempre. Un saludo<\/p>\n<p>R.- Ya dice hoy Valdano que la paciencia no se lleva bien con el Real Madrid&#8230; Yo propongo el t\u00e9rmino medio: admitir que ha pasado poco tiempo, pero a la vez criticar los errores y el mal funcionamiento del equipo, la falta de automatismos. Y le transmitir\u00e9 tu mensaje a Roncero, descuida.<\/p>\n<p>P.- Hola Juanma que tal?Tu como valoras el ofrecimiento de Roberto Carlos para volver en Enero?Saludos!<\/p>\n<p>R.- Lo entiendo como un brindis al sol muy propio de Roberto Carlos. Imagino tambi\u00e9n que el comentario no le habr\u00e1 hecho mucha gracia a Marcelo.<\/p>\n<p>P.- Hola Juanma, \u00bfpor qu\u00e9 ahora que la selecci\u00f3n espa\u00f1ola absoluta brilla tanto estamos teniendo malos resultados en las categor\u00edas inferiores?<\/p>\n<p>R.- Un cient\u00edfico dir\u00eda que algo se est\u00e1 haciendo mal que antes se hac\u00eda bien. Y un entrenador explicar\u00e1 que no siempre se dan generaciones de genios. Apostemos de nuevo por el t\u00e9rmino medio.<\/p>\n<p>P.- (es posible que esta pregunta est\u00e9 fuera de contexto y tiempo. Pero como madridista no le quisiera ver jugando en el Madrid. Gracias por la informaci\u00f3n que leo frecuentemente de AS.Esta es mi pregunta. Vaya por delante que Pepe es un gran futbolista, pero recordando la acci\u00f3n agresiva hacia Casquero. \u00bfContinuar\u00eda en el Madrid en \u00e9poca de D. Santiago Bernab\u00e9u?<\/p>\n<p>R.- C\u00f3mo saberlo&#8230; pero creo que s\u00ed, que seguir\u00eda. No tengo a Bernab\u00e9u por un justiciero, sino por un hombre justo, que admiti\u00f3 en el equipo personalidades distintas, m\u00e1s o menos estables. Pepe tuvo un momento de enajenaci\u00f3n, pero no falt\u00f3 al respeto, al menos no conscientemente, al honor del club. Y despu\u00e9s pidi\u00f3 perd\u00f3n, lo recuerdo&#8230;<\/p>\n<p>P.- Hola Juanma, no crees que con lo que falta a\u00fan para el Mundial y ya clasificados era un momento idoneo para llevar gente nueva y verlos con algunos veteranos??? Gracias <\/p>\n<p>R.- Es un modo de verlo. Otro indica que cualquier encuentro sirve para fortalecer al grupo. Personalmente, me parece bien que se mantenga la base y jueguen los menos habituales.<\/p>\n<p>P.- Hola Juanma: Una sola pregunta, \u00bfno crees que el Real Madrid deber\u00eda jugar con un solo pivote en el centro del campo (Lass o Alonso) para no atascarse tanto en la salida del bal\u00f3n? \u00bfPor qu\u00e9 crees que se ha puesto tan de moda el doble pivote? \u00a1El Madrid de Valdano jugaba con uno solo (Milla o Redondo) y funcionaba a las mil maravillas!<\/p>\n<p>R.- No lo tengo claro. Quiz\u00e1 el doble pivote se puso de moda el d\u00eda que desaparecieron los centrocampistas que lo sab\u00edan hacer todo, crear y cortar. En el Madrid lo veo \u00fatil porque no hay m\u00e1s centrocampistas puros que los que forman el pivote; los dem\u00e1s se suman al ataque sin recato.<\/p>\n<p>P.- Hola Juanma, buenos d\u00edas. Admiro mucho tu trabajo y me gustan, mucho, tus cierres de funci\u00f3n de El Larguero. Dinos: \u00bfCu\u00e1nto tardas en prepararlas? \u00bfC\u00f3mo las preparas? \u00bfAlguna vez te quedas sin ideas? Enhorabuena por tu trabajo en As, estais haciendo una gran labor. Un saludo.<\/p>\n<p>R.- Empiezo por la \u00faltima pregunta. Soy una m\u00e1quina de quedarme sin ideas. Eso es, de hecho, lo que mejor hago. Lo dem\u00e1s es artificial, impostado y sudado. Dicho esto, la colaboraci\u00f3n la preparo durante los primeros 40 minutos de programa, escuchando entrevistas e intervenciones diversas. Y alrededor de la una lo grabamos, siempre y cuando el programa no sea en directo, en cuyo caso tengo m\u00e1s tiempo para escribir y ponerme nervioso.<\/p>\n<p>P.- Hola Juanma, cada dia que pasa tengo mas claro que la candidatura de Madrid 2016 fue en error, y no me vale eso que solo por la ilusi\u00f3n que genero val\u00eda la pena, si yo llevo a Bisbal gratis a la plaza de mi pueblo seguro que tb la lleno, y el dia de la elecci\u00f3n antes de caer Chicago no hab\u00eda nadie en la plaza. Nos ha costado mucho dinero y sinceramente creo que nos ha restado posibilidades para el 2020 donde Paris ir\u00e1 con toda la artilleria, \u00bfque opinas? gracias maestro<\/p>\n<p>R.- Opino, como dec\u00eda antes en otra pregunta, que apostar\u00eda por volver a presentar la candidatura, pese a todo lo que apuntas y compartiendo algunas cosas. La raz\u00f3n es aprovechar lo construido (f\u00edsica y moralmente) hasta ahora. Y no creo que Par\u00eds vaya a ser peor rival que R\u00edo. El problema, m\u00e1s bien, ser\u00e1 que se presente una buena candidatura africana.<\/p>\n<p>P.- Estimado Juanma, Dando por sentado que el Sevilla es un buen equipo pero el RM tiene mejores jugadores y entrenador, \u00bflo del domingo pasado lo habr\u00eda arreglado Cristiano Ronaldo o es que seguimos sin equipo? En el segundo caso, \u00bfpara cu\u00e1ndo se le espera?<\/p>\n<p>R.- Uff, el mundo de las especulaciones&#8230; Es obvio que hubiera mejorado el Madrid con Cristiano, pero ni eso hubiera asegurado un resultado distinto. Y sobre su regreso, se espera que sea para el pr\u00f3ximo partido de Liga, contra el Valladolid, all\u00e1 por el 18 de octubre, siempre y cuando no recaiga de su lesi\u00f3n con Portugal, y ya estoy cruzo los dedos.<\/p>\n<p>P.- Buenos d\u00edas. Memorable la frase que acabo de leer de Guti: &#8220;Hay clubes en los que un madridista no puede estar y Atl\u00e9tico y Bar\u00e7a son dos de ellos&#8221; Podr\u00eda ser el \u00faltimo en decir algo as\u00ed. \u00bfQu\u00e9 opini\u00f3n tiene sobre esto?<\/p>\n<p>R.- Son frases para la hinchada, encendidas y respetables, pero que tienen poco que ver con el f\u00fatbol profesional, donde todo es posible siempre que favorezca a las partes y mejor el negocio.<\/p>\n","protected":false},"excerpt":{"rendered":"<p>El subdirector del Diario AS, Juanma Trueba ha charlado con los lectores sobre la actualidad que rodea al deporte en general y al f\u00fatbol en particular. <\/p>\n<p>ARCHIVO DE ENTREVISTAS:<\/p>\n<p>30 de septiembre &#8211; 23 de septiembre &#8211; 16 de septiembre &#8211; 09 de septiembre &#8211; 02 de septiembre &#8211; 29 de Julio &#8211; 22 de Julio &#8211; 15 de Julio &#8211; 8 de Julio &#8211; 1 de Julio &#8211; 24 de junio &#8211; 17 de junio &#8211; 10 de junio &#8211; 03 de junio &#8211; 27 de mayo &#8211; 20 de mayo &#8211; 13 de mayo &#8211; 06 de mayo &#8211; 29 de abril &#8211; 22 de abril &#8211; 15 de abril- 8 de abril &#8211; 1 de abril &#8211; 25 de marzo &#8211; 18 de marzo &#8211; 11 de marzo &#8211; 4 de marzo &#8211; 25 de febrero &#8211; 11 de febrero &#8211; 28 de enero &#8211; 22 de enero &#8211; 14 de enero &#8211; 7 de enero &#8211; 17 de diciembre &#8211; 3 de diciembre &#8211; 26 de Noviembre &#8211; 20 de Noviembre &#8211; 13 de Noviembre &#8211; 6 de Noviembre &#8211; 30 de Octubre &#8211; 22 de Octubre &#8211; 16 de Octubre &#8211; 8 de Octubre &#8211; 1 de Octubre &#8211; 24 de Septiembre &#8211; 17 de Septiembre &#8211; 11 de Septiembre &#8211; 3 de Septiembre<\/p>\n","protected":false},"author":1,"featured_media":0,"comment_status":"open","ping_status":"open","sticky":false,"template":"","format":"standard","meta":{"footnotes":""},"categories":[],"tags":[],"class_list":["post-8442","post","type-post","status-publish","format-standard","hentry"],"_links":{"self":[{"href":"https:\/\/intervius.com\/index.html\/wp-json\/wp\/v2\/posts\/8442","targetHints":{"allow":["GET"]}}],"collection":[{"href":"https:\/\/intervius.com\/index.html\/wp-json\/wp\/v2\/posts"}],"about":[{"href":"https:\/\/intervius.com\/index.html\/wp-json\/wp\/v2\/types\/post"}],"author":[{"embeddable":true,"href":"https:\/\/intervius.com\/index.html\/wp-json\/wp\/v2\/users\/1"}],"replies":[{"embeddable":true,"href":"https:\/\/intervius.com\/index.html\/wp-json\/wp\/v2\/comments?post=8442"}],"version-history":[{"count":0,"href":"https:\/\/intervius.com\/index.html\/wp-json\/wp\/v2\/posts\/8442\/revisions"}],"wp:attachment":[{"href":"https:\/\/intervius.com\/index.html\/wp-json\/wp\/v2\/media?parent=8442"}],"wp:term":[{"taxonomy":"category","embeddable":true,"href":"https:\/\/intervius.com\/index.html\/wp-json\/wp\/v2\/categories?post=8442"},{"taxonomy":"post_tag","embeddable":true,"href":"https:\/\/intervius.com\/index.html\/wp-json\/wp\/v2\/tags?post=8442"}],"curies":[{"name":"wp","href":"https:\/\/api.w.org\/{rel}","templated":true}]}}