{"id":8432,"date":"2009-10-06T00:00:00","date_gmt":"2006-11-06T00:00:00","guid":{"rendered":"https:\/\/intervius.com\/index.html\/?p=8432"},"modified":"2006-11-06T00:00:00","modified_gmt":"2006-11-06T00:00:00","slug":"Inako_Diaz_Guerra8432","status":"publish","type":"post","link":"https:\/\/intervius.com\/index.html\/Inako_Diaz_Guerra8432\/","title":{"rendered":"I\u00f1ako D\u00edaz Guerra"},"content":{"rendered":"<p>Pregunta.- hola i\u00f1ako, \u00bfque opinas de la afici\u00f3n en el tema reyes?, \u00bfentiendes el paso del juicio sumario al indulto? <\/p>\n<p>Respuesta.- Opino lo de siempre con las aficiones de f\u00fatbol, que son la cosa m\u00e1s inestable que he visto desde Jack Nicholson en mejor&#8230;imposible. Y como meta un gol el pr\u00f3ximo partido, le sacan a hombros. pero si falla un pase, otra vez con el dichoso Reyes, mu\u00e9rete. Por eso no tengo mucha fe en las revolucines como la \u00faltima si nacen en tiempos de crisis, que desaparecen con los goles, Personalmente, creo que Reyes se ha ganado las cr\u00edticas, que su actitud ha sido horrible desde que lleg\u00f3 al Atleti. pero parte de la grada se pas\u00f3 tres pueblos con \u00e9l. Creo en la redenci\u00f3n, pero en que hay que gan\u00e1rsela, no regalarla. As\u00ed que si hace dos o tres meses buenos, chapeau. Pero por ahora cautela. <\/p>\n<p>P.- Hi moustro un saludo dese M\u00e9xico, soy del madrid pero admiro tu forma de pensar y quiero saber si sabes de nuestra futbol y si hay algun jugador mexicano que te gustaria para los colchoneros&#8230; <\/p>\n<p>R.- S\u00e9 m\u00e1s de t\u00fa pa\u00eds que de t\u00fa f\u00fatbol porque pas\u00e9 viajando por \u00e9l uno de los mejores meses de mi vida. De los que siguen all\u00ed, me parece que Ochoa es un portero de nivel. Y siempre que se rumore\u00f3 que M\u00e1rquez pod\u00eda fichar por el Atleti, esper\u00e9 que fuera cierto. Ahora ya no tengo tan claro si ser\u00eda una cierto, pero cada vez que veo al BAr\u00e7a me asalta el mismo pensamiento: la mayor\u00eda de sus centrales, M\u00e1rquez, Piqu\u00e9, Chygrynskiy, ser\u00edan el mediocentro de m\u00e1s calidad del Atleti. Qu\u00e9 cosas.<\/p>\n<p>P.- I\u00f1ako, ya que no podemos hablar de baloncesto en t\u00e9rminos colchoneros, dinos al menos cu\u00e1l ser\u00e1 el quinteto ideal de la ACB este a\u00f1o, oh gur\u00fa<\/p>\n<p>R.- Como a\u00fan no he hecho mi equipo en el ACB MAnager, no me he empollado mucho las novedades de los equipos menos importantes. Tentado estoy a poner el del BAr\u00e7a y ya est\u00e1 porque Ricky, Navarro, Mickael, Lorbek, V\u00e1zquez o Ndong, suena ya de lujo. Pero tambi\u00e9n me encanta Eliyahu, del Baskonia. y nunca cconviene dejar fuera a Felipe.<\/p>\n<p>P.- Como se explica que el Sevilla que bajo a Segunda Divisi\u00f3n el mismo a\u00f1o que el Atleti consiga titulos, tenga un equipo que debe ser la envidia de los atl\u00e9ticos. Ah! y todo con menos seguidores, menos gente que pague por PPV, menos ingresos en general. <\/p>\n<p>R.- Porque ha acertado en los fichajes y ha hecho las cosas con mucha m\u00e1s sensatez. Eso s\u00ed, el Sevilla vende a Ramos, Baptista, Alves&#8230; y no pasa nada. Y si el Ateti vende a Kun o Forl\u00e1n, quemamos el Calder\u00f3n. Es una reflexi\u00f3n a hacer.<\/p>\n<p>P.- Hola campe\u00f3n!!S\u00e9 que te gusta la cerveza, se te nota en la cara, pero \u00bfcu\u00e1l es tu marca internacional favorita?Ummm ese zumito de cebada&#8230;jejejeje Un saludo!!!<\/p>\n<p>R.- Yo soy de Mahou Cl\u00e1sica Es internacional, mundial, universal. Pero vamos, me encantan otras: la Negra Modelo, la Grimbergen, la Bock&#8230;<\/p>\n<p>P.- Buenas I\u00f1ako, discrepo de la sensible mejor\u00eda que detectaste en el Atleti el s\u00e1bado. La defensa sigue penosa, el mediocampo hace aguas por el desequilibrio y distancia entre l\u00edneas, los delanteros luchan pero les cuesta &#8220;enchufarla&#8221; (Forl\u00e1n m\u00e1s retrasado). Defend\u00eda a Abel, pero ya dudo&#8230;bastante. Otra vez el rival jug\u00f3 con criterio, tocando bastante m\u00e1s y mejor que los colchoneros. Lo mejor, la ag\u00f3nica victoria. A pesar del brillante Jurado, sigo vi\u00e9ndolo difuso&#8230;Abrazos. <\/p>\n<p>R.- A m\u00ed el Zaragoza me decepcion\u00f3. Y el Atleti sigue mal enfermo, pero ya no le veo cr\u00edtico. Vi mejor a la defensa, me gust\u00f3 el experimento de Cl\u00e9ber a la derecha para dar libertad a Jurado. Y con los delanteros, que est\u00e1n claramente mal, estoy poco preocupado, porque s\u00e9 que eso se les pasar\u00e1. No vi un buen Atl\u00e9tico, sencillamente uno mejo que el de d\u00edas anteriores. A\u00fan le queda mucho<\/p>\n<p>P.- Saludos. Reflexion; si el atletico juega con defensa adelantada como hasta ahora, es IMPRESCINDIBLE que medios y delanteros hagan una presion ordenada y fuerte a los rivales solo asi se evitaran tantos goles en contra. A dia de hoy, esa presi\u00f3n es casi inexistente \u00bfcual es tu opinion? gracias <\/p>\n<p>R.- Am\u00e9n. Esa es la clave. HAce un par de semanas Jorge Garc\u00eda hizo un reportaje sobre ese tema y la conclusi\u00f3n era clara: en casi todos los goles que se han recibido por la defensa adelantada, el pasador tuvo dos horas para dar el pase. Y no eran cualquieras, eran Xavi, Silva, Banega&#8230; Si a esos jugadores les das tiempo para mirar y pensar van a destrozar la l\u00ednea. Solucionar eso es vital, aunque tampoco estar\u00eda mal que Abel les explicase a algunos en qu\u00e9 consiste el fuera de juego.<\/p>\n<p>P.- Hola I\u00f1ako.Bojan, Busquets, Pedrito&#8230;. \u00bfde donde y como se puede sacar gentecilla as\u00ed?\u00bfno podr\u00edan salir aqui?\u00bfque te parecen cada uno de estos tres muchachillos?\u00bfcrees que pueden servir como buen fondo de armario al Bar\u00e7a o crees que ser\u00e1 insuficiente?muchas gracias<\/p>\n<p>R.- El BAr\u00e7a lleva a\u00f1os trabajando de maravilla la cantera, porque tiene un plan, una filosof\u00eda y sabe qu\u00e9 tipo de jugadores quiere para el primer equipo y a convertirles en eso dedica todo el esfuerzo. por eso le salen mediocentros y atacantes de banda como churros (aunque Pedrito es importado). Luego, en un equipo que funciona as\u00ed de buien es mucho m\u00b4s sencillo ir metiendo a los chicos y que salga bien, entrando poco a poco, sin muhc responsabilidad y con las espaldas bien cubiertas. En cuanto a los tres que nombras, mi favorito hoy es Busquets (\u00a1c\u00f3mo le vendr\u00eda al Atleti1? que me parece un jugador extraordinariamente inteligente, que todo lo hace sencillo y con sentido. Bojan me decepcion\u00f3 algo el a\u00f1o pasado, pero la sensaci\u00f3n es que va a explotar en este y que el sitio de Henry ser\u00e1 suyo para febrero. En cuanto a Pedrito. el a\u00f1o pasado me pareci\u00f3 una extravagancia de Guardiola, pero, una vez m\u00e1s, he aprendido que no tomar\u00e1s el nombre de Pep en vano. Estoy convencido que el Bar\u00e7a tiene suficiente plantilla para volver a ganarlo todo<\/p>\n<p>P.- Hola, I\u00f1ako. \u00bfSi tuvieras que escoger a un solo futbolista de la actualidad en torno al cual empezar a hacer un equipo cual ser\u00eda?Un saludo y gracias por el tiempo que dedicas a responder nuestras preguntas.<\/p>\n<p>R.- Si tuviera 4 a\u00f1os menos, Xavi. Con sus edades reales, Messi<\/p>\n<p>P.- Buenas i\u00f1ako,\u00bfque 3 peliculas de superheroes marvel o dc,son tus favoritas? las mias las 2 de batman de Bale y las de Ironman o spiderman las 2 primeras claro, que la tercera con el Peter bailon es de risa&#8230;Un saludo<\/p>\n<p>R.- 1. El Caballero Oscuro. 2 Batman begins. 3. X Men 2 Las peores, Daredevil, Spiderman 3 y X-Men 3<\/p>\n<p>P.- Hola I\u00f1ako eres un crack.. Tal y como se v\u00edo el otro d\u00eda en la segunda parte con el zaragoza, \u00bfno crees que es una buena manera de dosificar a forlan o a kun jugar con un 4-2-3-1 con asunsao, cleber, reyes (maxi), simao, jurado y arriba uno de los dos? Pienso que es un equipo de garantias y que permite dosificar para afrontar las 3 competiciones.<\/p>\n<p>R.- Por el tipo de centrocampistas que tiene el Atleti, el 4-2-3-1 ser\u00eda el ideal para ellos. pero cualquier cosa que implique sacrificar a Forl\u00e1n o Ag\u00fcero es delito en este equipo. eso s\u00ed, el d\u00eda que cualquiera de ellos no est\u00e9, prefiero lo que tu planteas a mantener el 4-4-2 con Sinama<\/p>\n<p>P.- Buenas Crack; Reyes y Cl\u00e9ber: Con el primero, hasta estoy empezando a tener esperanzas, creo que si le dan minutos y las cosas le empiezan a salir bien, puede jugar a gran nivel, y ser\u00eda el mejor extremo (por potencial) de la plantilla, con todo el respeto al gran jugador que es Simao (cosa que al principio tras verlo con Portugal no pensaba). C\u00f3mo lo ves? En cuanto al segundo, creo que est\u00e1 m\u00e1s suelto, empieza a tener m\u00e1s llegada, se suelta m\u00e1s en el regate y el disparo, todav\u00eda le falta consistencia\u00a8en 90 minutos, pero creo que tambi\u00e9n est\u00e1 aportando&#8230; c\u00f3mo ves su papel en este equipo? Pd: un consejo, HOT HOT HEAT, buen grupo.<\/p>\n<p>R.- Respecto a Reyes, lo que he comentado antes. por cualidades, deber\u00eda ser uno de los mejores jugadores del mundo. en serio. Pero hace ya muchos a\u00f1os decidi\u00f3 que pasaba. Necesito ver varios esfuerzos m\u00e1s como el del Zaragoza antes de recuperarle la fe. Ojal\u00e1 resucite, porque el jugador del Sevilla y el principio en el Arsenal era fabuloso. En cuanto a Cl\u00e9ber, a m\u00ed tembi\u00e9n me va convenciendo. ierde demasiados pases cortos en mediocampo, pero es cierto que se va soltando y se le ven cositas de buen centrocampista. Nunca va a ser una estrella, pero ahora mismo no tengo claro si Ra\u00fal Garc\u00eda va a recuperar el puesto o no. <\/p>\n<p>P.- Asenjo llega ya. \u00bfQu\u00e9 hacemos ahora con nuestros tres porteros? \u00bfy de cara al a\u00f1o que viene? \u00bfCleber o Raul Garcia?<\/p>\n<p>R.- La l\u00f3gica por talento ser\u00eda Asenjo titular, De Gea segundo y Roberto tercero, pero supongo que Abel seguir\u00e1 considerando a Roberto segundo de cara a jugar en Copa y eso. Yo, viendo lo visto, le buscar\u00eda una cesi\u00f3n a De Gea en enero, para que juegue porque ahora mismo no lo hace ni en el filial y no tiene sentido tenerle entrenado y viendo los partidos en el palco. El a\u00f1o que viene, competici\u00f3n entre Asenjo y De Gea, decidirse por uno y sacar un buen dinero por el otro. Ra\u00fal Garc\u00eda por mil\u00edmetros<\/p>\n<p>P.- Hola I\u00f1ako, 2 preguntas: 1\/\u00bfEn qu\u00e9 afectar\u00e1 al atleti en cuanto a su traslado a la peineta la no consecuci\u00f3n por Madrid de los juegos de 2016? \u00bfVariar\u00e1 el coste para el atleti? 2\/\u00bfVas a actualizar el blog?<\/p>\n<p>R.- 1. No deber\u00eda afectar en nada, porque est\u00e1 firmado y el coste no cambia. Lo que pasa es que ahora ya no tendr\u00e1 que jugar un a\u00f1o en Alcorc\u00f3n mientras se pon\u00eda y se quitaba la pista de atletismo de cara a los Juegos. 2. S\u00ed, y en breve, espero. He tenido una serie de problemas que me han quitado tiempo y ganas. Pero espero volver esta semana.<\/p>\n<p>P.- Hola I\u00f1ako, aunque no es lo que m\u00e1s me gusta, con lo que tenemos no ser\u00eda mejor no jugar con trivote (Raul-Assun\u00c7ao-Cleber) Jurado por delante y los 2 puntas (Kun y Forlan) y seg\u00fan vaya el partido ir sacando a Maxi, Simao o Reyes. Para la defensa no tengo soluci\u00f3n.<\/p>\n<p>R.- Yo a tanto no llego, tambi\u00e9n creo en lo de los tres centrocampistas, pero los m\u00edos ser\u00edan Assun\u00e7ao, Jurado y Ra\u00fal o Cl\u00e9ber. Y arriba, Simao, Kun y Forl\u00e1n.<\/p>\n<p>P.- \u00bfCharles Chaplin o Buster Keaton?<\/p>\n<p>R.- Buster Keaton<\/p>\n<p>P.- 45 a\u00f1os de existencia y 40 del Atleti. Abonado. Y resulta que no me gusta mi equipo. Eso es lo que me pasa. Ha habido mejores y regulares jugadores y siempre les he sacado cosas positivas. En estos momentos te puedo asegurar que ning\u00fan jugador de la defensa y del centro del campo me produce una sensaci\u00f3n positiva. No son buenos, no son duros, no destacan por algo especial. Como ves no es una pregunta, supongo que necesito compartir algo que yo veo evidente. Un Atleti que no me ilusiona. Y he necesitado siempre poco. Saludos<\/p>\n<p>R.- Normal. El f\u00fatbol es ilusi\u00f3n y el Atleti lleva sin ilusionar siglos. <\/p>\n<p>P.- Hola, \u00bfPorque todo el mundo se mete con Amorrortu? Desde que esta \u00e9l, los jugadores son verdaderamente de la cantera. Antes, todos venian con talonario y encima no salia ninguno Para m\u00ed, su labor es m\u00e1s que aceptable. <\/p>\n<p>R.- Creo que Amorrortu anduvo un poco despistado al principio, pero coincido contigo en que, ahora mismo, la cantera goza de una salud que no ten\u00eda hace a\u00f1os. Hay muchos futbolistas con pinta de servir para el primer equipo y varios para, incluso, ser estrellas. Amorrortu lo est\u00e1 haciendo bien.<\/p>\n<p>P.- \u00bfHay opci\u00f3n de recompra de Mario Su\u00e1rez? Espero que este a\u00f1o madure y se le pueda traer al que viene porque, digas lo que digas, no creo que sea un destructor igual que Assuncao o Camacho&#8230;<\/p>\n<p>R.- Te hablo de memoria, pero creo que firm\u00f3 cuatro temporadas con opci\u00f3n de recompra las dos primeras, as\u00ed que s\u00ed, el Aleti podr\u00eda recuperarle en junio. Ojal\u00e1 tengas raz\u00f3n t\u00fa, porque a m\u00ed me gusta pero no me parece el mediocentro creativo que necesita el equipo. Hoy por hoy, prefiero a otro centrocampista del Mallorca, Borja Valero, aunque sea de la cantera de enfrente.<\/p>\n<p>P.- Hola campe\u00f3n!!Una de baloncesto!!!En la supercopa gan\u00f3 el bar\u00e7a al madrid, pero \u00bfcu\u00e1l tiene para t\u00ed mejor equipo? No s\u00e9 si eres del estu, pero \u00bfqu\u00e9 opinas del plantel de este a\u00f1o?Un abrazo!!<\/p>\n<p>R.- Soy del Estu a muerte y auguro otro a\u00f1o complicado. No entiendo la obsesi\u00f3n en fichar p\u00edvots americanos peque\u00f1os y blancos. Pinone s\u00f3lo hay uno. As\u00ed que volveremos a sufrir en rebote, aunque Popovic me gusta. Pero al menos, salvo lo de Oliver, este a\u00f1o el equipo es joven y de la casa, as\u00ed que caigamos o ganemos ser\u00e1 con las armas adecuadas. Ah, y es el a\u00f1o de Su\u00e1rez. Al fin. Para m\u00ed, la plantilla del Bar\u00e7a es la mejor del Europa con bastante diferencia. <\/p>\n<p>P.- Hola campe\u00f3n!!No se si te gusta o te entretiene m\u00e1s en f\u00fatbol ingl\u00e9s que el espa\u00f1ol, pero me gustar\u00eda saber cu\u00e1l es tu equipo en la premier. Un saludo desde Wigan, que este a\u00f1o Mr. Bob Mart\u00ednez nos hace grandes.<\/p>\n<p>R.- Es mi Liga preferida desde hace muchos a\u00f1os. Ahora es mejor, pero menos entretenida. Soy muy del Liverpool desde que vi jugar a John Barnes, uno de mis futbolistas favoritos de siempre. Ya que fuera Torres para all\u00e1 fue la puntilla.<\/p>\n<p>P.- Leyendo el As el s\u00e1bado v\u00ed un dato que me hizo tirar el peri\u00f3dico: los tres jugadores de la plantilla con m\u00e1s partidos en el Atl\u00e9tico son Perea (152), Pablo (151) y Antonio L\u00f3pez (150). \u00bfEstos hombres tienen contrato vitalicio?, \u00bfnadie en el club sabe que no es obligatorio renovar un contrato que se acaba?<\/p>\n<p>R.- Jajajaja, la verdad es que es terror\u00edfico. Pero si lo piensas no son tantos partidos, m\u00e1s escalofriante que los partidos que han jugado ellos tres es que no haya ning\u00fan futbolista en la plantilla que lleve m\u00e1s que esos partidos, que son los equivalentes a cuatro temporadas.<\/p>\n<p>P.- Hola I\u00f1ako, a\u00fan habiendo llegado la primera derrota, sigo insistiendo que este equipo sin refuerzos, no entrar\u00e1 en UEFA. Lo del s\u00e1bado de pena, gracias que se puso ganas, es lo \u00fanico que nos queda y se consigui\u00f3 la victoria. No creo que Abel sea el culpable, ni que la posible contrataci\u00f3n de Schuster o Quique S\u00e1nchez pueda solucionar nada. Un saludo. <\/p>\n<p>R.- Yo no veo al equipo tan mal. Con todos sus errores, que han sido muchos, tuvo todas las opciones del mundo para ganar al APOEL, al Racing, al M\u00e1laga y al Valencia. Y en Oporto no fue inferior. Todo eso estando mal, que lo est\u00e1. Como creo que el equipo va a mejorar en la medida en que vayan desperatndo Forl\u00e1n, Kun y Simao, auguro un futro mejor. Al final estar\u00e1 peleando arriba<\/p>\n<p>P.- buenas crak,sabes si algo se mueve en la sombra de la oposicion,yo creo que si pero se lleva muy en secreto.y por otro lado no crees que amenabar con ese talento que tiene para el suspense no crees que tiene que &#8220;scorcesearse&#8221; un poco gracias<\/p>\n<p>R.- Hay mil rumores y ning\u00fan hecho, como lleva pasando a\u00f1os. Yo con lo de los posibles compradores soy agn\u00f3stico: no lo niego, pero hasta que no vea una prueba tangible no creer\u00e9. Estoy cansado de palabras sin actos<\/p>\n<p>P.- El madridismo se las promet\u00eda muy felices con los primeros 5 prtidos pero no repara en el hecho de que el partido de Sevilla representa un ciclo de 5 partidos que acaba en el Calder\u00f3n. En dicho ciclo el Valencia perdi\u00f3 el 50% de los puntos a pesar de jugar en casa con Sevilla, Sporting y Atleti. El Madrid tiene a estos 3 rivales fuera. \u00bfNo es hora de cruzar apuestas con Roncero que este a\u00f1o s\u00ed el Atleti gana el derbi del Calder\u00f3n y que a lo mejor el que se tiene que ir es Pellegrini?<\/p>\n<p>R.- Bueno, tampoco creo yo que estemos nosotros para apuestas. Pero s\u00ed que el MAdrid va a sufrir en este tramo uy que, lo que hab\u00eda apsado hasta ahora con sus victorias sin juego, ten\u00eda bastante de ficiticio. Tiene muchos mimbres y el cesto sin hacer<\/p>\n","protected":false},"excerpt":{"rendered":"<p>El redactor del Diario AS I\u00f1ako D\u00edaz-Guerra analiza cada semana la situaci\u00f3n del Atl\u00e9tico de Madrid. El periodista ha charlado con los lectores sobre la dif\u00edcil situaci\u00f3n deportiva que atraviesa Atl\u00e9tico de Madrid as\u00ed como del resto de novedades que afectan al club colchonero, tanto en la Liga como en Europa.<\/p>\n<p>ARCHIVO DE ENTREVISTAS:<\/p>\n<p>29 de septiembre &#8211; 22 de septiembre &#8211; 15 de septiembre &#8211; 08 de septiembre &#8211; 01 de septiembre &#8211; 25 de agosto &#8211; 18 de agosto &#8211; 11 de agosto &#8211; 27 de julio &#8211; 21 de julio &#8211; 14 de julio &#8211; 07 de julio &#8211; 30 de junio &#8211; 23 de junio &#8211; 16 de junio &#8211; 09 de junio &#8211; 02 de junio -26 de mayo -19 de mayo &#8211; 12 de mayo &#8211; 05 de mayo &#8211; 28 de abril &#8211; 21 de abril &#8211; 14 de abril &#8211; 07 de abril &#8211; 24 de marzo &#8211; 17 de marzo &#8211; 10 de marzo &#8211; 3 de marzo &#8211; 24 de febrero &#8211; 10 de febrero &#8211; 17 de febrero &#8211; 13 3 de enero &#8211; 2 3 de diciembre &#8211; 2 de diciembre &#8211; 25 de noviembre &#8211; 4 de noviembre &#8211; 18 de noviembre &#8211; 4 de noviembre &#8211; 11 de noviembre &#8211; 4 de noviembre &#8211; 24 de octubre &#8211; 7 de octubre &#8211; 30 de septiembre &#8211; 23 de septiembre &#8211; 16 de septiembre <\/p>\n","protected":false},"author":1,"featured_media":0,"comment_status":"open","ping_status":"open","sticky":false,"template":"","format":"standard","meta":{"footnotes":""},"categories":[],"tags":[],"class_list":["post-8432","post","type-post","status-publish","format-standard","hentry"],"_links":{"self":[{"href":"https:\/\/intervius.com\/index.html\/wp-json\/wp\/v2\/posts\/8432","targetHints":{"allow":["GET"]}}],"collection":[{"href":"https:\/\/intervius.com\/index.html\/wp-json\/wp\/v2\/posts"}],"about":[{"href":"https:\/\/intervius.com\/index.html\/wp-json\/wp\/v2\/types\/post"}],"author":[{"embeddable":true,"href":"https:\/\/intervius.com\/index.html\/wp-json\/wp\/v2\/users\/1"}],"replies":[{"embeddable":true,"href":"https:\/\/intervius.com\/index.html\/wp-json\/wp\/v2\/comments?post=8432"}],"version-history":[{"count":0,"href":"https:\/\/intervius.com\/index.html\/wp-json\/wp\/v2\/posts\/8432\/revisions"}],"wp:attachment":[{"href":"https:\/\/intervius.com\/index.html\/wp-json\/wp\/v2\/media?parent=8432"}],"wp:term":[{"taxonomy":"category","embeddable":true,"href":"https:\/\/intervius.com\/index.html\/wp-json\/wp\/v2\/categories?post=8432"},{"taxonomy":"post_tag","embeddable":true,"href":"https:\/\/intervius.com\/index.html\/wp-json\/wp\/v2\/tags?post=8432"}],"curies":[{"name":"wp","href":"https:\/\/api.w.org\/{rel}","templated":true}]}}