{"id":8396,"date":"2011-03-02T00:00:00","date_gmt":"2006-11-06T00:00:00","guid":{"rendered":"https:\/\/intervius.com\/index.html\/?p=8396"},"modified":"2006-11-06T00:00:00","modified_gmt":"2006-11-06T00:00:00","slug":"Juanma_Trueba8396","status":"publish","type":"post","link":"https:\/\/intervius.com\/index.html\/Juanma_Trueba8396\/","title":{"rendered":"Juanma Trueba"},"content":{"rendered":"<p>Pregunta.- Muy buenas Juanma. Creo que el Madrid nunca ha tenido una plantilla de tanta calidad como la actual y la idea futbol\u00edstica de Mourinho (como en sus anteriores equipos) es vencer por intensidad, agresividad y presi\u00f3n; algo as\u00ed com chocar, derribar y vencer. Pero esto permite a equipos de menor calidad (Levante, Mallorca,Osasuna, Lyon) oponer al menos la misma intensidad y entrega e igualar los partidos. \u00bfNo ser\u00eda m\u00e1s inteligente dise\u00f1ar una idea de f\u00fatbol que te permita utilizar el talento que casi nadie m\u00e1s tiene para imponerte; algo as\u00ed como &#8220;moverse como una mariposa y picar como una avispa&#8221;?.<\/p>\n<p>Respuesta.- Te entiendo. Y tiene bastante sentido lo que dices, aunque discrepo con eso de que estamos ante el Madrid m\u00e1s talentoso de la historia, piensa en Zidane y Ronaldo. Es verdad que ganar por intensidad ofrece al contrario la escapatoria de la intesidad, como se vio contra el Deportivo. Mejor el f\u00fatbol, sin duda.<\/p>\n<p>P.- Muy buenas Juanma. \u00bfEst\u00e1 Florentino P\u00e9rez sorprendido?. Supongo que no, porque si te gastas 4 M? en finiquitar a Pellegrini y 8 10 M? en fichar a Mou y resulta que no sabes lo que estas comprando como m\u00ednimo se podr\u00eda decir que eres un mal gestor.<\/p>\n<p>R.- Ni siquiera los muy fan\u00e1ticos de Mourinho esperaban tanto. Tanto ruido, tan constante, tan agudo. Cuesta vivir as\u00ed y todav\u00eda falta mucha temporada. Debieron calcularlo, aunque sospecho que s\u00f3lo calcularon los t\u00edtulos.<\/p>\n<p>P.- Muy buenas Juanma. \u00bfCrees que est\u00e1 justificada en casos extremos como el actual la figura del madridista en excedencia?<\/p>\n<p>R.- Totalmente justificada. Personalmente, soy partidario de los aficionados que piensan y que critican, de los que disienten. No quiere m\u00e1s a un club quien lo defiende pase lo que pase. En ocasiones no hay que defender, sino atacar, cambiar, quejarse. <\/p>\n<p>P.- Muy buenas Juanma. Resulta que Mou a venido a cambiar la LFP, la AFE, la RFEF, los comit\u00e9s, desentra\u00f1ar conspiraciones e iluminar al resto de entrenadores de La Liga, adem\u00e1s de intentar ganar al Bar\u00e7a. \u00bfNo ser\u00e1n pocos 10M? para todo el trabajo que tiene que hacer?.<\/p>\n<p>R.- Visto as\u00ed, es poco, poqu\u00edsimo, una miseria. Habr\u00eda que pagarle m\u00e1s porque nos va a dejar nuevos.<\/p>\n<p>P.- Hola Juanma, un placer estas charlas. \u00bfQu\u00e9 ocurrir\u00e1 antes: que Mou mantenga a Granero con Xabi en el medio, adem\u00e1s de \u00d6zil, o que me quede yo af\u00f3nico de tanto pedirlo delante del televisor?<\/p>\n<p>R.- Para la afon\u00eda te recomiendo g\u00e1rgaras de agua con bicarbonato, zumo de lim\u00f3n y un spray del que no recuerdo su nombre pero en la farmacia sabr\u00e1n. En dos o tres d\u00edas notar\u00e1s la mejor\u00eda, pero la curaci\u00f3n completa no llegar\u00e1 hasta final de temporada.<\/p>\n<p>P.- Saludos, fenomeno. A ver si esta vez obtengo respuesta. Una pequena lista de los 10 mejores libros de futbol que hayas leido o que puedas recomendar. Incluso se valen cuentos como el de Bryce Echenique o libros como los de Galeano.<\/p>\n<p>R.- Veamos, y sin orden alguno: Historias del calcio (de Enric Gonz\u00e1lez), Cuentos de Fontanarrosa (Alfaguara tiene editada una recopilaci\u00f3n con los que son de f\u00fatbol y con lo que no, todos excelentes), cuentos de f\u00fatbol de Alfredo Sacheri, Dios es redondo (Villoro), El f\u00fatbol de Galeano (Eduardo) relatos de Osvaldo Soriano, 366 historias del f\u00fatbol mundial que deber\u00edas saber (de Rela\u00f1o, of course), Cuentos de f\u00fatbol (recopilaci\u00f3n de Alfaguara, dirigida por Valdano), art\u00edculos de Javier Mar\u00edas recogidos en Salvajes y Sentimentales (creo), F\u00fatbol es f\u00fatbol (Carlos Toro), Los once y uno (Gonzalo Su\u00e1rez)&#8230; Por ejemplo.<\/p>\n<p>P.- Es realmente un tema a debatir,que en las otras ligas internacionales los equipos tengan m\u00e1s tiempo para preparar los partidos de Champions que en nuestra liga&#8230;???<\/p>\n<p>R.- No. O para ser m\u00e1s exacto: es el decimocuarto tema a debatir.<\/p>\n<p>P.- Ya que creo que eres un poco transgresor ah\u00ed va mi pregunta transgresora: \u00bfQue porcentaje de culpa ten\u00e9is la prensa en el pimpampum en el que se ha convertido el Madrid en los \u00faltimos a\u00f1os? Desde un tal Pandiani hasta Albelda (desde hace a\u00f1os), desde Alfaro hasta Cruyff. Un saludo<\/p>\n<p>R.- Un 25%. El otro 75% corresponde ineludible y absolutamente al propio Real Madrid, generador de extravagancias y cambios de rumbo como jam\u00e1s se vieron en m\u00e1s de cien a\u00f1os.<\/p>\n<p>P.- hola juanma,a pesar de haber metido algunos goles decisivos,a mi benzema sigue sin convencerme,se le ve frio y desangelado en el campo,creo que no explotara nunca y ademas falla ocasiones clamorosas.tu opinion.un saludo.<\/p>\n<p>R.- Por lo visto hasta ahora, y salvo reacci\u00f3n inesperada, no es delantero para el Real Madrid. Un jugador interesante para otros much\u00edsimos equipos, seguro, pero no para el Madrid.<\/p>\n<p>P.- Buenos dias &#8230;. paso a las preguntas y ojal\u00e1 me las responda todas: Podremos repetir t\u00edtulos este a\u00f1o en motociclismo? C\u00f3mo ve a Alonso este a\u00f1o en Ferrari? Podr\u00e1 correr Contador el tour o la cola que trae pesar\u00e1 mucho? Vi a Borja Valero el otro dia y me gust\u00f3; usted que opina? y por \u00faltimo,, exijir\u00e1 Mouri\u00f1o a su departamento m\u00e9dico o a la federaci\u00f3n que a \u00e9l tambien le de lumbalgia? Muchas gracias y un abrazo.<\/p>\n<p>R.- Veo que me tiene usted mucha fe y se lo agradezco. No obstante, no se f\u00ede demasiado porque ni yo mismo lo hago. All\u00e1 voy. 1. Por el buen \u00e1nimo que veo en la secci\u00f3n de motor: podemos ganar todo, hasta las Superbikes. 2. Contador correr\u00e1 el Tour, aunque como usted indica, con una cola pesada, y enti\u00e9ndasenos. 3. Valero est\u00e1 para el Madrid o lo que sea menester. 4. La petici\u00f3n de Mourinho ya est\u00e1 en tr\u00e1mite: Silvino Louro ser\u00e1 el brazo crujidor.<\/p>\n<p>P.- Sr Trueba, para m\u00ed, detr\u00e1s de los horarios que se queja Mourinho hay algu\u00eden que necesita tener el control de absolutamente todo para encontrar su propia paz, \u00bfeso es personalidad o enfermedad?<\/p>\n<p>R.- Obsesi\u00f3n, probablemente. Pero no creo que alcanzara la paz ni siquiera con el control total. Entonces, habr\u00eda otra queja. Y subsanada esta, otra m\u00e1s. Alguien le debi\u00f3 hacer da\u00f1o de peque\u00f1o.<\/p>\n<p>P.- Hola Juanma, de m\u00fasica no te prodigas mucho. \u00bfCu\u00e1l es tu grupo o solista favorito? Un saludo.<\/p>\n<p>R.- No estoy muy puesto, aunque me gusta, naturalmente. Pero no podr\u00eda presumir, por ejemplo, de ser un gran conocedor de Jimmy Hendrix, o tipos as\u00ed, de los que no faltar\u00edan en la respuesta de un gran conocedor. Y es por eso que me da una cierta verg\u00fcenza&#8230; pero la superar\u00e9. Me gustan Jamie Cullum, Diana Kroll, Bubl\u00e9, Aute, Serrat, Spandau Ballet, Sinatra, Mojinos, La Uni\u00f3n, ABC, ELO, Van Morrison, Rebekka Bakken, Mar\u00eda Dolores Pradera&#8230; En fin, lo que se dice un megamix.<\/p>\n<p>P.- \u00bfPor que le quitan la amarilla a Pepe? Si es de libro!! \u00bfPor que juega Navarro frente al Bar\u00e7a? Si uno de los principios del villarato es eliminar jugadores en los partidos previos de los rivales del bar\u00e7a? \u00bfPor que un solo partido de sancion a Ramos despues de su salvajada en el Camp Nou? Espero que me contestes, ya que hay gente que sigue vuestro diario (para mi el mejor) aunque no est\u00e1 de acuerdo con lo del villarato. Un abrazo Juanma!<\/p>\n<p>R.- Te contesto encantad\u00edsimo, pero mi secci\u00f3n no es la de los \u00e1rbitros. De hecho, cuando hay un bal\u00f3n de por medio me cuesta fijarme en ellos. Ser\u00eda como prestar atenci\u00f3n al decorado en los desfiles de Victoria Secret.<\/p>\n<p>P.- Juanma,\u00bfqu\u00e9 te parece que Mouri\u00f1o se meta de esa forma con Pellegrini?,con lo que ha contestado del M\u00e1laga le ha insultado.\u00bfTiene categor\u00eda humana este se\u00f1or para entrenar al Madrid?,muchos pensamos que no.\u00bftu que opinas?<\/p>\n<p>R.- 1. Me parece lamentable, un desprecio al club y a la ciudad. 2. No se trata de categor\u00eda de humana, sino de simple educaci\u00f3n. Muchos malvados la tienen, no todos.<\/p>\n<p>P.- 2010: Campeones del Mundial de F\u00fatbol, Roland Garros, Wimbledon y Open USA para Rafa Nadal, triplete hist\u00f3rico en motociclismo, segundo anillo de la NBA para Pau Gasol, tercer Tour de Francia consecutivo,&#8230;; 2011: El positivo por clembuterol de Alberto Contador, los malos resultados de la selecci\u00f3n espa\u00f1ola de f\u00fatbol en los \u00faltimos amistosos, las cont\u00ednuas molestas musculares de Nadal, la irregularidad de los Lakers de Gasol,&#8230; \u00bfCree usted que el deporte espa\u00f1ol podr\u00e1 mantener en los pr\u00f3ximos a\u00f1os el alt\u00edsimo nivel de competitividad mostrado durante la \u00faltima d\u00e9cada o, sin embargo, comienza el declive del deporte espa\u00f1ol?<\/p>\n<p>R.- No se pueden plantear las cosas bas\u00e1ndose en los extremos de la gloria o la decadencia. Hay posiciones intermedias, buenos a\u00f1os sin necesidad de que sean tan buenos como 2010. Eso espero esta temporada: un buen a\u00f1o. Apuesto a que nos divertiremos, otra cosa ser\u00e1 lo de ba\u00f1arse en las fuentes.<\/p>\n<p>P.- Con respecto al a\u00f1o pasado a estas alturas, tenemos la liga m\u00e1s lejos, seguimos dependiendo de un partido fundamental contra el Lyon, mismo n\u00famero de rid\u00edculos deportivos (aunque uno en el Camp Nou y la sensaci\u00f3n de que se apiadaron) y en Copa s\u00ed se ha mejorado claramente. Si al final gana Copa y avanza en uno de los otros, pues creo que no compensa tener a Mou. Pero si por un casual caemos ante el Lyon, se gane la Copa o no, la respuesta es m\u00e1s que clara. No se puede tener a alguien que insulta a todo el mundo (el \u00faltimo Pellegrini), que crea odio y que, como bien dijo Rela\u00f1o, est\u00e1 siendo una mala caricatura de s\u00ed mismo. Sinceramente, acabe triunfando o no, ha perdido los papeles. C\u00f3mo lo ves? Gracias <\/p>\n<p>R.- Ser\u00eda triste que los t\u00edtulos lo justificaran todo, especialmente en un club que ya gan\u00f3 nueve Copas de Europa sin necesidad de enemistarse con la galaxia.<\/p>\n<p>P.- Hola Juanma! Tengo un par de preguntas por Parejo&#8230; \u00bfpor qu\u00e9 crees que M\u00edchel no lo saca \u00faltimamente de titular, es posible que sea para alejarle un poco de la presi\u00f3n por todos los rumores que \u00faltimamente le acercan al Madrid? Y otra, \u00bfcrees que de verdad ya est\u00e1 listo o simplemente &#8220;vale&#8221; para jugar en el Madrid? Porque a m\u00ed me parece un jugador buenecillo, pero nada fuera de lo normal, al menos no mejor que Granero y mucho menos que Pedro Le\u00f3n, y as\u00ed los va. Gracias.<\/p>\n<p>R.- Es un jugador interesante, pero confieso que a m\u00ed todav\u00eda me genera dudas, referido al Real Madrid, claro. Lo pondr\u00eda al nivel de Granero y para compararlo con Pedro Le\u00f3n necesitar\u00eda haber visto m\u00e1s a Pedro Le\u00f3n en el Madrid.<\/p>\n<p>P.- Buenos dias. Esto no es una pregunta, sino una observacion : no me entra en la cabeza que un club est\u00e9 dispuesto a pagar 65 millones por un jugador que sale de su propia cantera. No lo entiendo. Encima, los aficionados de dicho equipo se disponen a festejarlo, si eso ocurre. Me pregunto en que mundo me ha tocado vivir.<\/p>\n<p>R.- No le falta raz\u00f3n, pero ya dijo alguien que el f\u00fatbol no tiene memoria; s\u00f3lo ganas de fiesta, a\u00f1adir\u00eda yo. <\/p>\n<p>P.- No creeis que los medios afines al Madrid (AS incluido, por supuesto) teneis una parte de culpa de que Mourinho continue siendo un lloron y dinamitando la imagen del Madrid? Lo digo porque secundais, con portadas y columnas, todas sus &#8220;quejas&#8221;. Si lo pusierais en su sitio, igual se cortaba un poquito, digo yo&#8230;<\/p>\n<p>R.- Lo de poner a la gente en su sitio es una expresi\u00f3n que me asusta un poco. Creo que los peri\u00f3dicos tienen espacio para la noticia y para el comentario y debe ser en el comentario donde se juzgue al entrenador y sus comportamientos.<\/p>\n<p>P.- Hola Juanma. Has visto tu un entrenador mas lloron, quejica, antipatico y maleducado que Mou? Yo desde luego que no&#8230;<\/p>\n<p>R.- Pues lo pensar\u00e9&#8230; La semana que viene te contesto&#8230;<\/p>\n","protected":false},"excerpt":{"rendered":"<p>El subdirector del Diario AS, Juanma Trueba ha analizado toda la actualidad del mundo del deporte en general. <\/p>\n","protected":false},"author":1,"featured_media":0,"comment_status":"open","ping_status":"open","sticky":false,"template":"","format":"standard","meta":{"footnotes":""},"categories":[],"tags":[],"class_list":["post-8396","post","type-post","status-publish","format-standard","hentry"],"_links":{"self":[{"href":"https:\/\/intervius.com\/index.html\/wp-json\/wp\/v2\/posts\/8396","targetHints":{"allow":["GET"]}}],"collection":[{"href":"https:\/\/intervius.com\/index.html\/wp-json\/wp\/v2\/posts"}],"about":[{"href":"https:\/\/intervius.com\/index.html\/wp-json\/wp\/v2\/types\/post"}],"author":[{"embeddable":true,"href":"https:\/\/intervius.com\/index.html\/wp-json\/wp\/v2\/users\/1"}],"replies":[{"embeddable":true,"href":"https:\/\/intervius.com\/index.html\/wp-json\/wp\/v2\/comments?post=8396"}],"version-history":[{"count":0,"href":"https:\/\/intervius.com\/index.html\/wp-json\/wp\/v2\/posts\/8396\/revisions"}],"wp:attachment":[{"href":"https:\/\/intervius.com\/index.html\/wp-json\/wp\/v2\/media?parent=8396"}],"wp:term":[{"taxonomy":"category","embeddable":true,"href":"https:\/\/intervius.com\/index.html\/wp-json\/wp\/v2\/categories?post=8396"},{"taxonomy":"post_tag","embeddable":true,"href":"https:\/\/intervius.com\/index.html\/wp-json\/wp\/v2\/tags?post=8396"}],"curies":[{"name":"wp","href":"https:\/\/api.w.org\/{rel}","templated":true}]}}