{"id":8386,"date":"2011-03-01T00:00:00","date_gmt":"2006-11-06T00:00:00","guid":{"rendered":"https:\/\/intervius.com\/index.html\/?p=8386"},"modified":"2006-11-06T00:00:00","modified_gmt":"2006-11-06T00:00:00","slug":"Tomas_Roncero8386","status":"publish","type":"post","link":"https:\/\/intervius.com\/index.html\/Tomas_Roncero8386\/","title":{"rendered":"Tom\u00e1s Roncero"},"content":{"rendered":"<p>Pregunta.- Relativo a los posibles fichajes, te propongo para tres puestos, la opci\u00f3n que m\u00e1s me gusta y la m\u00e1s econ\u00f3mica o viable. Lateral izquierdo: Bale o Mathieu. Medio centro: Schweisteiger o Valero. Interior: Callej\u00f3n o Sarabia. Delantero (tanque): Llorente o Negredo. Delantero: Ag\u00fcero o Benzem\u00e1 y Morata. \u00bfCon quien te quedabas? \u00bfHay que completar el equipo en alg\u00fan puesto m\u00e1s?<\/p>\n<p>Respuesta.- Bale antes que Mathieu. Borja Valero antes que el alem\u00e1n. Callej\u00f3n y Sarabia. Los dos me gustan mucho. Llorente siempre, aunque Negredo ha mejorado mucho. Morata al lado de Benzema y Adebayor. Kun ni lo veo para gastarse 50 millones en \u00e9l ni mete tantos goles.<\/p>\n<p>P.- Amigo Roncero, siempre tan optimista. Ah\u00ed va la pregunta, \u00bfVes al Bar\u00e7a Campe\u00f3n, o mejor dicho ves al Madrid de ganar tres partidos m\u00e1s que el Bar\u00e7a?<\/p>\n<p>R.- La Liga est\u00e1 decantada a favor del Bar\u00e7a y es absurdo negarlo. Pero no hay nada decidido. Con el Madrid nunca digas nunca jam\u00e1s. Y el Bar\u00e7a es el primero en saberse eso&#8230; <\/p>\n<p>P.- Hola Tom\u00e1s, soy cul\u00e9 (de los que respeta mucho al Real Madrid)y sinceramente siento que este a\u00f1o el R.Madrid est\u00e1 tirando piedras contra su propio tejado, Mourinho no para de quejarse (algo inedito en el Madrid), Ronaldo es extrordinario pero cuando las cosas no le salen bien hace continuos gestos despectivos hacia sus compa\u00f1eros, Pepe pide m\u00e1s dinero cuando en el Madrid ha sido un jugador intermitente, estan destrozando a perlas como son Canales y Pedro Le\u00f3n&#8230;no se no veo ese potencial de uni\u00f3n que siempre ha caracterizado al Madrid donde jugase quien jugase parec\u00eda una estrella ya que eran un bloque capitaneado por el escudo en si, ahora veo mucha m\u00e1s anarqu\u00eda en todos los aspectos.. \u00bfComo ves a tu Madrid? Muchas Gracias<\/p>\n<p>R.- Mourinho se queja mucho y puede sonar raro en el Madrid, pero tambi\u00e9n es cierto que en a\u00f1os anteriores nos las daban todas en el mismo carrillo y nadie en el club se quejaba. Hay cosas que mejorar, pero la temporada del Madrid est\u00e1 siendo complet\u00edsima. <\/p>\n<p>P.- Muy buenas crack!!Soy madridista hasta la m\u00e9dula y me cae bien Mourinho y lo admiro como profesional, pero hace tiempo que ans\u00edo un Madrid presidido por Raul,entrenado por Del Bosque,con Hierro en secretaria t\u00e9cnica y Sanchis con la cantera, por citar un ejemplo.Lo ves factible?Gracias monstruo!!<\/p>\n<p>R.- Leches, vaya p\u00f3ker de ases que has sacado en un momento. Hombre, Ra\u00fal, que es mi \u00eddolo por encima de todos, lo primero que va a hacer es seguir haciendo historia como jugador y luego ser entrenador del Madrid, espero que en tres o cuatro a\u00f1os. El resto es una hip\u00f3tesis que est\u00e1 lejana. Del Bosque deber\u00eda volver alguna vez, eso seguro. Y Fernando Hierro y Sanch\u00eds ojal\u00e1 que tambi\u00e9n. Pero ahora no estamos en eso porque el club est\u00e1 tranquilo institucionalmente y s\u00f3lo falta que lleguen los t\u00edtulos deportivos. Paciencia amigo. <\/p>\n<p>P.- hola tomas, cuando va a fichar el madrid de baloncesto, algun jugador que sea bueno de verdad,&#8230;&#8230;&#8230;<\/p>\n<p>R.- Deber\u00edamos primero apuntalar el proyecto porque ha llegado Begic y resulta que apenas juega. No es cuestion de fichar, sino de apostar por un bloque y darle m\u00e1s minutos. Un quinteto formado por Sergio Rodr\u00edguez, Tomic, Mirotic, Llull y Carlos Su\u00e1rez te da garant\u00edas para varios a\u00f1os en la elite. Y luego acompa\u00f1arlos de buenos americanos. Messina debe sacar m\u00e1 partido del potencial que tiene. Fichar por fichar no conduce a nada. <\/p>\n<p>P.- Bunos dias Tomas, por tercera semana consecutiva la misma pregunta: Con la gran temporada que esta haciendo y su excelnte calidad, no crees que Xabi Prieto est\u00e1 jugando a un mejor nivel que Navas y por lo tanto Vicente Del Bosque debe convocarlo para la seleccion ? Por otra parte, cuales te parecen los equipos revelacion de este a\u00f1o ?<\/p>\n<p>R.- Me consta que Xabi Prieto es un futbolista al que Del Bosque considera mucho. Calidad, personalidad y compromiso. El mejor jugador de la Real y un chaval que lleva a\u00f1os rindiendo a un alt\u00edsimo nivel. Ojal\u00e1 pronto ler veamos en la Selecci\u00f3n.<\/p>\n<p>P.- Adelante Tommy, danos tu alineaci\u00f3n para el partido ante el Olimpic<\/p>\n<p>R.- Casillas, Ramos, Pepe, Carvalho, Marcelo, Xabi Alonso, Khedira, Di Mar\u00eda, \u00d6zil, Cristiano y Benzema.<\/p>\n<p>P.- hola! crees que casillas ya esta por delante de zamora? a que portero crees que se parece mas? yo lo veo mas como a arconada.<\/p>\n<p>R.- S\u00ed, porque el m\u00edtico Zamora no pudo conquistar un Mundial y una Eurocopa y al no existir la Copa de Europa no pudo ganar dos con el Madrid. Fue divino por lo que me dicen, pero Casillas ya es mucho m\u00e1s que una leyenda. <\/p>\n<p>P.- No sera que, si son el unico equipo quejandose de cosas de las que nadie mas se queja, se estan equivocando de estrategia? No sera que realmente estan equivocados? O se equivoca el resto del mundo?<\/p>\n<p>R.- Ni una cosa ni otra. Mourinho objetiviza sus quejas con datos concretos. Otros prefieren no decir nada para evitar represalias. Peo Mourinho hizo la carrera de entrenador, no la diplom\u00e1tica. Y yo estoy de su lado. <\/p>\n<p>P.- Buenos d\u00edas Roncero \u00bfUsted si fuera el presidente del comit\u00e9 de arbitro sancionar\u00eda a David Navarro por sus respectivos codazos a Javi Martinez y Llorente? y si es as\u00ed\u00bf Por cuanto tiempo le sancionar\u00eda? Gracias<\/p>\n<p>R.- Yo no soy juez, pero s\u00ed le aplicar\u00eda una sanci\u00f3n de dos o tres partidos porque es necesario que \u00e9l entienda que no se puede enga\u00f1ar al rival y a la afici\u00f3n. Lo que hizo no es un buen ejemplo para los ni\u00f1os que se incorporan a este bendito invento del f\u00fatbol. Cualquier jugador que enga\u00f1e al \u00e1rbitro debe ser castigado. En Inglaterra son muy estrictos con eso y les va mejor. Nadie simula. <\/p>\n<p>P.- Hola Tomas. Saludos desde Guatemala. Tengo unas preguntas: 1. Que debe hacer el Madrid para que en el futuro no tenga que estar remontando ligas al Barcelona?? 2. Sinceramente no crees que Kaka sea rescatable?? 3. Ha perdido el Madrid definitivamente la liga??<\/p>\n<p>R.- 1) S\u00f3lo llevamos tres temporadas as\u00ed. En mayo del 2008 el Bar\u00e7a nos hizo pasillo en el Bernab\u00e9u. Ya volver\u00e1n esos tiempos amigo. 2) Kak\u00e1 est\u00e1 en una fase complicada porque tras las lesiones que tuvo, f\u00edsicamente no est\u00e1 a la altura de sus compa\u00f1eros. El talento no caduca. Ojal\u00e1 vuelva. 3) No, la Liga est\u00e1 complicada pero no est\u00e1 perdida. Ni mucho menos. <\/p>\n<p>P.- estara mouri\u00f1o toda la temporada buscando toda clase de disculpas sin reconocer que cantidad de veces regala 60 minutos en los partidos y cuando hace los cambios a veces llega tarde,pero claro asi si sale bien se cuelga medallitas<\/p>\n<p>R.- No hay que confundir las quejas objetivas que tiene Mourinho con las cuestiones de campo. Mourinho jam\u00e1s ha dicho que el Madrid pierda o gane un partido por los otros temas. S\u00f3lo quiere que al Madrid se le trate con el mismo rasero que los dem\u00e1s en temas de calendario, arbitrajes, etc.<\/p>\n<p>P.- Hola sr. Roncero, yo soy un chico muy cul\u00e9 de Barcelona q estoy viviendo una \u00e9poca incre\u00edble en cuanto a f\u00fatbol y juego de mi equipo&#8230;pero me doy cuenta el gran m\u00e9rito que tb tiene el Madrid de ser capaz de darnos por saco&#8230;Sino llega a ser por el estado de excepcionalidad cul\u00e9 vosotros llevar\u00edais 4 ligas seguidas&#8230;me pregunto pq ten\u00e9is tan poca paciencia con los canteranos q es la base de todo&#8230;<\/p>\n<p>R.- Eres un gran cul\u00e9 y un caballero chaval. Es cierto que el \u00fanico problema que ha tenido el Madrid estos a\u00f1os ha sido encontrarse al mejor Bar\u00e7a de la historia. Si no, habr\u00eda arrasado a sus rivales. Lo de la cantera es verdad. Necesitamos darles m\u00e1s bola y sacarles m\u00e1s. Que jueguen en el primer equipo. Yo quiero ver pronto a Morata, Sarabia o Jes\u00e9, pero en el Bernab\u00e9u, no en Valdebebas&#8230; Un abrazo caballero. <\/p>\n<p>P.- tomas roncero los aficionados de los equipos peque\u00f1os, en este caso m\u00edo el sporting estamos un poco hartos de esta bipolaridad barsa- madrid, los peque\u00f1os tambi\u00e9n existimos, tenedlo en cuenta.<\/p>\n<p>R.- Entiendo tu queja y tienes raz\u00f3n. No es f\u00e1cil para nosotros no caer en esa bipolaridad porque es la que llena las televisiones, las radios y los peri\u00f3dicos. Pero tomo nota de tu queja porque conlleva muchas injusticias ante equipos que hacen un trabajo enorme y con pocos medios. El Sporting, sin ir m\u00e1s lejos&#8230;<\/p>\n<p>P.- \u00bfquien salio perdiendo mas a tu entender por precio y rendimiento \u00bf el real madrid con kaka o el barsa con ibrahimovic ?<\/p>\n<p>R.- El Bar\u00e7a, porque pag\u00f3 69 millones por \u00e9l, se qued\u00f3 sin Etoo que le hab\u00eda ganado dos Champions y a cambio s\u00f3lo recaud\u00f3 este verano 25 millones. Kak\u00e1 sigue siendo un activo por muy bajo que est\u00e9 de forma. Sigue en el Madrid y aun puede recuperarse para la causa. <\/p>\n<p>P.- saludos roncero eres un crack es un orgullo para nosotros una persona como tu que defiendes el madrid siempre y ahora la pregunta benzema i kaka crees que seguiran el a\u00f1o que viene ,saludos i gracias<\/p>\n<p>R.- Gracias por tus palabras amigo. Creo que Benzema seguir\u00e1 seguro y que Kak\u00e1 depender\u00e1 de como acabe la temporada. Si el brasile\u00f1o remonta el vuelo y acaba con dgnidad, seguir\u00e1. Pero si sigue dando una de cal y otra de cal yo creo que se ir\u00e1 a la Premier. <\/p>\n<p>P.- saludos como verias el fichaje de borja valero?<\/p>\n<p>R.- Por m\u00ed perfecto porque sali\u00f3 de la cantera de Valdebebas y es un crack, como jugador y compo persona. Pero la cl\u00e1usula es de 40 millones de euros y l\u00f3gicamente el Villarreal no lo iba a regalar. Lo veo muy dif\u00edcil, para qu\u00e9 enga\u00f1arte. <\/p>\n<p>P.- Saludos, \u00bfqu\u00e9 opina de las quejas de Mourinho sobre el calendario? Si son ciertas, \u00bfc\u00f3mo es posible que el Barcelona goleara 5-0 al Madrid habiendo descansado un dia menos? Y puestos a preguntar, \u00bfporqu\u00e9 el Madrid tiene la &#8220;suerte&#8221; de jugar el partido de vuelta contra el Barcelona en el Bernabeu desde hace muchos a\u00f1os? La \u00faltima \u00bfcu\u00e1l ser\u00e1 la pr\u00f3xima excusa de Mou? \u00bfla diferencia de altitud entre Barcelona y Madrid? \u00bfla crisis libia? \u00bfla prohibici\u00f3n de fumar?<\/p>\n<p>R.- Lo del Bar\u00e7a tiene trampa. El Madrid descans\u00f3 un d\u00eda m\u00e1s, pero no le conven\u00eda. El Bar\u00e7a jug\u00f3 ese mi\u00e9rcoles en Atenas partido de Champions y tocaba jugar el s\u00e1bado el Cl\u00e1sico. Al tener s\u00f3lo tres d\u00edas por medio forzaron excusas para retrasar el partido no uno, sin dos d\u00edas. As\u00ed el Bar\u00e7a estaba como una rosa. El s\u00e1bado era el d\u00eda elegido y ah\u00ed el Bar\u00e7a s\u00ed hubiera cusado el cansancio. Sin hablar del penalti de Vad\u00e9s a Cristiano y la roja perdonada al portero azulgrana. <\/p>\n","protected":false},"excerpt":{"rendered":"<p>El redactor jefe de la secci\u00f3n del Real Madrid ha analizado la actualidad del club de Concha Espina con los internautas, protagonizada esta vez por el regreso de la Champions y la 25\u00aa jornada de Liga.<\/p>\n","protected":false},"author":1,"featured_media":0,"comment_status":"open","ping_status":"open","sticky":false,"template":"","format":"standard","meta":{"footnotes":""},"categories":[],"tags":[],"class_list":["post-8386","post","type-post","status-publish","format-standard","hentry"],"_links":{"self":[{"href":"https:\/\/intervius.com\/index.html\/wp-json\/wp\/v2\/posts\/8386","targetHints":{"allow":["GET"]}}],"collection":[{"href":"https:\/\/intervius.com\/index.html\/wp-json\/wp\/v2\/posts"}],"about":[{"href":"https:\/\/intervius.com\/index.html\/wp-json\/wp\/v2\/types\/post"}],"author":[{"embeddable":true,"href":"https:\/\/intervius.com\/index.html\/wp-json\/wp\/v2\/users\/1"}],"replies":[{"embeddable":true,"href":"https:\/\/intervius.com\/index.html\/wp-json\/wp\/v2\/comments?post=8386"}],"version-history":[{"count":0,"href":"https:\/\/intervius.com\/index.html\/wp-json\/wp\/v2\/posts\/8386\/revisions"}],"wp:attachment":[{"href":"https:\/\/intervius.com\/index.html\/wp-json\/wp\/v2\/media?parent=8386"}],"wp:term":[{"taxonomy":"category","embeddable":true,"href":"https:\/\/intervius.com\/index.html\/wp-json\/wp\/v2\/categories?post=8386"},{"taxonomy":"post_tag","embeddable":true,"href":"https:\/\/intervius.com\/index.html\/wp-json\/wp\/v2\/tags?post=8386"}],"curies":[{"name":"wp","href":"https:\/\/api.w.org\/{rel}","templated":true}]}}