{"id":8385,"date":"2011-02-28T00:00:00","date_gmt":"2006-11-06T00:00:00","guid":{"rendered":"https:\/\/intervius.com\/index.html\/?p=8385"},"modified":"2006-11-06T00:00:00","modified_gmt":"2006-11-06T00:00:00","slug":"Jose_Samano8385","status":"publish","type":"post","link":"https:\/\/intervius.com\/index.html\/Jose_Samano8385\/","title":{"rendered":"Jos\u00e9 S\u00e1mano"},"content":{"rendered":"<p>Pregunta.- sr samano,usted cree que a florentino le parecera bien todas esas apariciones diarias de mou enfadado con el mundo y sobre todo con lo que tenga que ver con el barca y con guardiola? creo que muchos entrenadores han ganado titulos con el madrid sin tanto protagonismo barato y sin generar crispacion.se le sigue queriendo tanto al madrid??<\/p>\n<p>Respuesta.- Buenas tardes a todos y gracias por compartir este foro. No creo que a Florentino P\u00e9rez le guste mucho esa acidez permanente de su entrenador. De hecho, me consta personalmente que al presidente no le agrada en absoluto que el Madrid destile victimismo, no va con su adn. <\/p>\n<p>P.- Hola Sr. S\u00e1mano. \u00bfCu\u00e1l cree son las razones por el bajo rendimiento de los equipos italianos en Europa? \u00bfPrivilegian la Serie A? Saludos<\/p>\n<p>R.- Al calcio le ir\u00eda bien una profunda revisi\u00f3n de un modelo que le dio muchos \u00e9xitos pero parece algo anticuado. Es sorprendente la eternidad de much\u00edsimos futbolistas italianos y la poca fantas\u00eda con la que juegan. Dicho todo lo cual, recordemos que el actual campe\u00f3n de Europa es el Inter de Mil\u00e1n. En Alemania se ha producido y da gusto ver hoy la Bundesliga, para m\u00ed m\u00e1s atractiva incluso que la Premier. Por algo ser\u00e1 que en Alemania se llenan todos los campos y en Italia, no. <\/p>\n<p>P.- \u00bfNo crees que el problema del Madrid es que Mourinho casi nunca acierta con la alineaci\u00f3n inicial y tiene que cambiar el esquema entrada ya la segunda parte de los partidos?<\/p>\n<p>R.- El problema del Real Madrid es el Bar\u00e7a, que no afloja. Respecto a los sistemas de Mourinho me parecen m\u00e1s bien simples: a falta de gol, cinco delanteros; si el Madrid se adelante, refuerzos defensivos. En Riazor deforest\u00f3 el centro del campo y si el Deportivo hubiera tenido alg\u00fan delantero con chispa podr\u00eda haberlo pagado muy caro. A veces, adem\u00e1s, no entiendo a Mourinho. En Lyon, tras el partido, dijo en el rueda de prensa que hab\u00eda puesto a Adebayor en vez de a Benzema porque el africano juega mejor cuando no hay espacios. En Riazor, donde desde luego no hab\u00eda m\u00e1s espacios que en Lyon, el titular fue Benzema.<\/p>\n<p>P.- Hola Jos\u00e9, quisiera felicitarles por la secci\u00f3n de deportes, disfruto mucho con ustedes especialmente con Carlos Arribas. C\u00f3mo ve la eliminatoria entre Barcelona y Arsenal? Le da muchas opciones al equipo ingl\u00e9s en el camp nou? un saludo<\/p>\n<p>R.- Gracias, trasladar\u00e9 a Arribas sus felicitaciones. El Arsenal es un equipo muy peligroso al contragolpe, pero es bastante irregular, sobre todo fuera de Londres, y sus defensas no me entusiasman. Si el Bar\u00e7a gestiona con paciencia el partido y juega con la m\u00e1xima concentraci\u00f3n en defensa pasar\u00e1 la eliminatoria. <\/p>\n<p>P.- Buenas tardes, don Jos\u00e9. Pregunta cortita y al pie: \u00bfqu\u00e9 opini\u00f3n tiene en general de la prensa deportiva actual y de la manera en que se enfocan la mayor\u00eda de las veces las noticias en los medios m\u00e1s conocidos? Gracias por su trabajo y por su atenci\u00f3n.<\/p>\n<p>R.- Un placer. No creo que la prensa deportiva (la especializada y la generalista) atraviese su mejor momento. Opino que hay demasiada tendencia a ponerse el uniforme lo que hace que muchas veces los intentos de neutralidad acaben bajo sospecha. Pero no se puede generalizar, como en todos los sectores, hay cosas buenas y cosas malas.<\/p>\n<p>P.- \u00bfQu\u00e9 es lo mejor y peor de su trabajo?<\/p>\n<p>R.- Lo mejor, que cada d\u00eda puedes encontrar nuevas emociones y nuevos est\u00edmulos. Lo peor, en el caso de deportes, que la irremediable inmediatez impide muchas veces tener el tiempo necesario para lareflexi\u00f3n.<\/p>\n<p>P.- Buenos d\u00edas Jos\u00e9, ?Podr\u00eda contarnos su visi\u00f3n del rol del portero en el equipo del FC Barcelona? Me parece muy importante su papel para desembarazarse de la presi\u00f3n del oponente cuando \u00e9ste presiona arriba. Cordialmente,<\/p>\n<p>R.- Es una posici\u00f3n muy compleja para un portero. En el Bar\u00e7a hay que tener m\u00e1xima concentraci\u00f3n porque les rematan poco y, muchas veces, se ven en un mano a mano con los rivales. Adem\u00e1s, est\u00e1n obligados a jugar permanente con el pie para dar salida al juego.<\/p>\n<p>P.- Hola Jos\u00e9. Acabo de leer el articulo de Diego Torres &#8220;La anarquia del Madrid&#8221;. Si de verdad el equipo nunca entreno el dicho &#8220;ataque estatico&#8221;, que soluciones le queda frente al Lyon dentro de dos semanas, asumiendo que los franceses se cierren atras y esperan ir a la contra? Gracias, un saludo.<\/p>\n<p>R.- El Madrid jugar\u00e1 como sabe, con intensidad y al toque de corneta en ataque, donde juega a una velocidad muy superior a la de la mayor\u00eda de los equipos. El Lyon, no lo olvidemos, est\u00e1 obligado a marcar en Chamart\u00edn, pero no me espero a un Madrid especulador. Soy un p\u00e9simo pronosticador, pero veo al Madrid muy favorito. No siempre la pelota se le estrellar\u00e1 en los postes y los largueros.<\/p>\n<p>P.- Es posible que tenga raz\u00f3n en su cr\u00edtica a Mouri\u00f1o pero creo que la pierden cuando malinterpretan en su contra cualquier declaraci\u00f3n. \u00bfNo es posible leer sus quejas sobre las patadas a unos y a otros no como una incitaci\u00f3n a que le den a Messi sino como una peici\u00f3n de protecci\u00f3n a Ronaldo? \u00bfO da por hecho que a Ronaldo van a seguir dandole por chulo y portugu\u00e9s?<\/p>\n<p>R.- De verdad no tengo ninguna predisposici\u00f3n a malinterpretar a Mourinho o a quien sea. Pero es \u00e9l quien no lo aclara. Por ejemplo, cuando se le pregunt\u00f3 por la patada de Ujfalusi a Messi fue muy tibio. Cuando dirig\u00eda al Chelsea tampoco se ocup\u00f3 mucho de que Del Horno protegiera a Messi. Cuantas menos patadas, sean a quien sean, mucho mejor. Pero Mou quiere sacar ventaja de todas sus insinuaciones: le gustar\u00eda hacer las alineaciones de Preciado ante el Bar\u00e7a, le gustar\u00eda que los rivales azulgrana jugaran con mayor voltaje, le gustar\u00eda que los arbitrajes fueran m\u00e1s permisivos con sus chicos y menos con los contrarios, le gustar\u00eda decidir \u00e9l solo los fichajes (de verano e invierno), le gustar\u00eda fijar \u00e9l d\u00eda y las horas de los partidos. Es el propio Mou el que se queja de todo y de todos, especialmente, por cierto, desde el 5-0 en el Camp Nou.<\/p>\n<p>P.- Tras leer su articulo de Mourinho no se le queda la sensacion de tomar un punto de vista muy subjetivo? Ha conseguido hacer justo lo que provoca mourinho: una opinion.<\/p>\n<p>R.- Puede que usted tenga raz\u00f3n. Solo pretend\u00eda dar mi sincera opini\u00f3n sobre su victimismo, lo que no comparto en absoluto. <\/p>\n<p>P.- Jose, en mi opini\u00f3n Kak\u00e1 ha sido un fraude para el Madrid, desde que lleg\u00f3 ha estado lesionado y ahora que se reupera no es el crack que se dec\u00eda ni por el que se pagaron tantos millones. Cree usted que hay que darle mas tiempo o se nota que definitivamente no recuperar\u00e1 su forma.<\/p>\n<p>R.- Este Madrid juega a una velocidad a la que no llega el actual Kak\u00e1. Di Mar\u00eda, y ya no digamos \u00d6zil, le han sacado de rueda. <\/p>\n<p>P.- \u00bfTuviste ocasi\u00f3n de ver el codazo de Navarro a Llorente? Es un tema que me molesta, pues en la liga espa\u00f1ola parece que basta con revolverse en el suelo de dolor para librarse del castigo arbitral que uno se merece. \u00bfNo crees que hace falta mano dura contra los cuentistas en esta liga? \u00bfQuiz\u00e1s que la liga castigue despu\u00e9s del partido a los que tiran demasiado de picard\u00edas como estas? Saludos<\/p>\n<p>R.- Fue lamentable, no me gustan los bajos fondos del f\u00fatbol. Pensaba que Navarro se hab\u00eda corregido tras aquel terrible arrebato contra Burdisso&#8230;<\/p>\n<p>P.- \u00bfNo le parece poco coherente quejarse tanto de Mourinho y dedicar tanto espacio a sus declaraciones? (es decir, quejarse de su ruido mediatico y servirle de caja de resonancia) Los aficionados del Real Madrid, que no hemos elegido a nuestro entrenador, les agradeceriamos que hablasen mas de futbol y menos de Mourinho.<\/p>\n<p>R.- Admito que los periodistas abusemos de las ch\u00e1charas de Mourinho, pero cuesta sentirse ajeno a los discursos de un entrenador del Real Madrid, al que la pol\u00edticia de comunicaci\u00f3n del club que \u00e9l mismo ha impuesto le ha convertido en el portavoz permanente de uno de las instituciones con m\u00e1s resonancia del planeta. Tengamos en cuenta que el presidente no habla; Valdano apenas lo hace unos minutos para la televisi\u00f3n de turno tras los partidos y los jugadores no aparecen por la sala de prensa de Valdebebas, donde no se pueden ver los entrenamientos. Personalmente, me encantar\u00eda que predominara el f\u00fatbol, pero no veo esa intenci\u00f3n por parte de Mou, que impone otros discursos y que, la mayor\u00eda de las veces, regatea las preguntas futboleras. <\/p>\n<p>P.- Dec\u00edas a comienzo de a\u00f1o que el Racing ten\u00eda esta temporada dos delanteros (Ariel y Rosemberg) que aportaban m\u00e1s que los anteriores. Estando b\u00e1sicamente de acuerdo, sobre todo en el caso del sueco, lo cierto es que su falta de punter\u00eda ha costado muchos puntos este a\u00f1o. Dos ayer, sin ir m\u00e1s lejos. \u00bfMantienes el jucio que hiciste en septiembre?<\/p>\n<p>R.- Me hab\u00edan hablado bastante bien de Ariel, al que le ha costado mucho entrar en juego. Desde luego Rosenberg no es el jugador que recuerdo a pinceladas del Ajax, ha perdido punter\u00eda y lo suyo ya no parece una mala racha. No hay peor s\u00edntoma para un delantero que su cotizaci\u00f3n baje a medida que se acerca a la porter\u00eda. <\/p>\n<p>P.- Debilidad por Quique Seti\u00e9n, dec\u00edas el otro d\u00eda. Como para no tenerla. Recu\u00e9rdanos por favor c\u00f3mo era este futbolista y, sobre todo, \u00bfcrees que tendr\u00eda futuro hoy como medio centro, visto el sacrificio defensivo que se pide en ese puesto?<\/p>\n<p>R.- S\u00ed, debilidad deportiva y personal. Le vi debutar en el Racing como ariete y, hasta entonces, hab\u00eda visto a muy pocos delanteros con tanta clase. Siempre con la cabeza arriba, con el radar a punto para asistir y con mcuha destreza para el remate. No era r\u00e1pido, pero ten\u00eda mucho talento y procesaba el juego a m\u00e1s velocidad que la mayor\u00eda, lo que hizo que retrasara su posici\u00f3n desde el eje del ataque hacia el medio campo. Que yo haya visto, el jugador criado en el Racing con el que m\u00e1s he disfrutado y una persona con la que da gusto conversar del f\u00fatbol y de la vida. Mucha suerte para el Lugo.<\/p>\n<p>P.- Hola Jos\u00e9, me gustar\u00eda que comentases qu\u00e9 te ha parecido el homenaje a ese gigante del balonmano llamado Barrufet y su influencia en el Barcelona y en la selecci\u00f3n espa\u00f1ola en este deporte en los \u00faltimos 20 a\u00f1os. Un saludo y gracias por la magn\u00edfica secci\u00f3n de Deportes que llevas, de lo mejorcito del panorama nacional.<\/p>\n<p>R.- Un icono del balonmano, un portero superlativo, una versi\u00f3n mejorada incluso del gran Lorenzo Rico. Era intuitivo y ganador. En los grandes partidos era de sus jugadores que se crecen. Me impresion\u00f3 en Pek\u00edn, creo recordar que en el partido que permiti\u00f3 a Espa\u00f1a pelear por las medallas. Barrufet ha sido algo m\u00e1s que un portero de balonmano. Es lo que tienen los mitos.<\/p>\n<p>P.- Hola Jos\u00e9. Me encanta vuestra secci\u00f3n y, dentro de ella, los reportajes que de vez en cuando nos regal\u00e1is.Pero, no crees que en los \u00faltimos sobre el Madrid y Mourinho os la jug\u00e1is un poco con la informaci\u00f3n? C\u00f3mo podemos estar seguros los lectores de que todo lo que se dice, por ejemplo, en &#8220;El abrazo del pizju\u00e1n&#8221; o &#8220;Solo Chendo&#8230;&#8221; es verdad? Entiendo que el redactor no pueda citar sus fuentes en estos casos, pero me extra\u00f1a que alg\u00fan jugador del madrid comparta esa informaci\u00f3n con vosotros.<\/p>\n<p>R.- No le extra\u00f1e tanto. Los periodistas tienen sus fuentes en el vestuario, por mucho que el Real Madrid (su t\u00e9cnico) quiera que la plantilla viva en un claustro informativo. Eso s\u00ed, en estos tiempos, los jugadores preservan m\u00e1s que nunca su anonimato.<\/p>\n<p>P.- Buenas tardes Jos\u00e9, felicidades por las charlas y por la fant\u00e1stica secci\u00f3n de Deportes de El Pa\u00eds. \u00bfQu\u00e9 demostrar\u00e1 Mourinho a los que invita a Valdebebas a repasar el calendario? \u00bfQue si dos clubes avanzan en Copa y Champions al final juegan y descansan lo mismo? \u00bfSi admite que sus jugadores acaban bien los partidos, porqu\u00e9 sigue quej\u00e1ndose de que no tienen descanso? Es una pena que un entrenador con tantos recursos hable de todo menos del juego<\/p>\n<p>R.- En el balance final seguramente todo estar\u00e1 equilibrado. Mire, hoy mismo juega el M\u00e1laga, que el jueves viene al Bernab\u00e9u. El Sevilla jug\u00f3 el mi\u00e9rcoles en Oporto y le ha tocado abrir esta jornada el s\u00e1bado a las seis de la tarde en el Calder\u00f3n. El Bayern jug\u00f3 el mi\u00e9rcoles en Mil\u00e1n ante el Inter y el s\u00e1bado a media tarde ni m\u00e1s ni menos que contra el Borussia de Dortmund, l\u00edder de la Bundesliga. Otra que se me ocurre: el Atl\u00e9tico jug\u00f3 sus partidos de Copa ante el Madrid habiendo jugado en las dos semanas partido de Liga el lunes, contra el H\u00e9rcules y contra el Mallorca. \u00bfSer\u00e1 que se trata de una conspiraci\u00f3n universal? <\/p>\n","protected":false},"excerpt":{"rendered":"<p>El redactor Jefe de Deportes de EL PA\u00cdS, Jos\u00e9 S\u00e1mano, ha charlado con los lectores sobre la jornada de Liga, as\u00ed como del resto de la actualidad deportiva.<br \/>\n M\u00e1s entrevistas digitales<br \/>\nARCHIVO DE ENTREVISTAS:<br \/>\n 21 de febrero14 de febrero<br \/>\n 7 de febrero 31 de enero<br \/>\n &#8211; 24 de enero 17 de enero<br \/>\n -10 de enero &#8211; 20 de diciembre<br \/>\n &#8211; 13 de diciembre &#8211; 6 de diciembre<br \/>\n &#8211; 30 de noviembre &#8211; 22 de noviembre<br \/>\n &#8211; 15 de noviembre &#8211; 8 de noviembre<br \/>\n &#8211; 1 de noviembre &#8211; 25 de octubre<br \/>\n &#8211; 18 de octubre &#8211; 4 de octubre<br \/>\n &#8211; 27 de septiembre &#8211; 20 de septiembre<br \/>\n &#8211; 13 de septiembre &#8211; 30 de agosto<\/p>\n","protected":false},"author":1,"featured_media":0,"comment_status":"open","ping_status":"open","sticky":false,"template":"","format":"standard","meta":{"footnotes":""},"categories":[],"tags":[],"class_list":["post-8385","post","type-post","status-publish","format-standard","hentry"],"_links":{"self":[{"href":"https:\/\/intervius.com\/index.html\/wp-json\/wp\/v2\/posts\/8385","targetHints":{"allow":["GET"]}}],"collection":[{"href":"https:\/\/intervius.com\/index.html\/wp-json\/wp\/v2\/posts"}],"about":[{"href":"https:\/\/intervius.com\/index.html\/wp-json\/wp\/v2\/types\/post"}],"author":[{"embeddable":true,"href":"https:\/\/intervius.com\/index.html\/wp-json\/wp\/v2\/users\/1"}],"replies":[{"embeddable":true,"href":"https:\/\/intervius.com\/index.html\/wp-json\/wp\/v2\/comments?post=8385"}],"version-history":[{"count":0,"href":"https:\/\/intervius.com\/index.html\/wp-json\/wp\/v2\/posts\/8385\/revisions"}],"wp:attachment":[{"href":"https:\/\/intervius.com\/index.html\/wp-json\/wp\/v2\/media?parent=8385"}],"wp:term":[{"taxonomy":"category","embeddable":true,"href":"https:\/\/intervius.com\/index.html\/wp-json\/wp\/v2\/categories?post=8385"},{"taxonomy":"post_tag","embeddable":true,"href":"https:\/\/intervius.com\/index.html\/wp-json\/wp\/v2\/tags?post=8385"}],"curies":[{"name":"wp","href":"https:\/\/api.w.org\/{rel}","templated":true}]}}