{"id":8384,"date":"2009-09-29T00:00:00","date_gmt":"2006-11-06T00:00:00","guid":{"rendered":"https:\/\/intervius.com\/index.html\/?p=8384"},"modified":"2006-11-06T00:00:00","modified_gmt":"2006-11-06T00:00:00","slug":"Javier_Ruiz8384","status":"publish","type":"post","link":"https:\/\/intervius.com\/index.html\/Javier_Ruiz8384\/","title":{"rendered":"Javier Ruiz"},"content":{"rendered":"<p>Pregunta.- \u00bfQu\u00e9 le lleva a escribir sobre este tema? \u00bfEs periodista especializado? Gracias<\/p>\n<p>Respuesta.- Durante unos a\u00f1os trabaj\u00e9 como analista financiero; despu\u00e9s, como director de Hora 25 de los Negocios (el informativo econ\u00f3mico de la SER). Hoy, todav\u00eda echo de menos la econom\u00eda. \u00c9sta es mi forma de curarme la nostalgia \ud83d\ude42<\/p>\n<p>P.- Seg\u00fan tu teor\u00eda, igual la soluci\u00f3n a la pol\u00edtica econo\u00f3mica del gobierno pasa por el div\u00e1n del terapeuta. \u00bfLe recomendar\u00eda que fuera al psic\u00f3logo al Presidente del Gobierno?<\/p>\n<p>R.- Les recomendar\u00eda un psic\u00f3logo a las cuentas del Presidente. Son cuentas que dicen &#8220;perseguir&#8221; a los ricos, pero que descansan sobre las clases medias; que quieren impulsar la econom\u00eda, pero penalizan la actividad econ\u00f3mica. Creo que hay una esquizofrenia en estos presupuestos que &#8211;sin duda&#8211; requieren algo de div\u00e1n. <\/p>\n<p>P.- Buenos d\u00edas Javier, Me gustar\u00eda saber qu\u00e9 opini\u00f3n te merecen los an\u00e1lisis de economistas como Roberto Centeno, Santiago Ni\u00f1o Becerra, o algunos personajes de internet como PPCC, si lo conoces. Seg\u00fan ellos nos aguarda un futuro muy negro y lo malo es que han acertado bastante en sus an\u00e1lisis desde antes del estallido de la burbuja. Un saludo y gracias<\/p>\n<p>R.- A algunos de ellos les tengo todav\u00eda aprecio. Roberto Centeno fue invitado habitual en la SER durante muchos a\u00f1os. Sin embargo, no comparto del todo sus previsiones. En esto, me remito a una frase de I\u00f1aki Gabilondo que asegura que, en ocasiones, los pesimistas tambi\u00e9n se equivocan<\/p>\n<p>P.- Saludos. Me gustar\u00eda saber si est\u00e1 de acuerdo con la siguiente afirmaci\u00f3n: &#8220;La crisis de la construcci\u00f3n ha sido, en el fondo, como una estafa piramidal&#8221;. S\u00e9 que es una afirmaci\u00f3n pol\u00e9mica, pero tengo mis razones para pensar as\u00ed. Por otra parte, felicitarle por el libro. No es frecuente encontrar un libro de &#8220;psicolog\u00eda de la econom\u00eda&#8221;, y me parece que el suyo viene muy oportunamente a tapar ese agujero.<\/p>\n<p>R.- Mucha gente ha jugado al ladrillo como al casino. Ha comprado un piso peque\u00f1o con el apalancarse para saltar a un piso m\u00e1s grande y as\u00ed sucesivamente. Mucha gente ha quedado atrapada en &#8220;puente&#8221;. No s\u00e9 si es necesariamente una estafa piramidal, pero &#8211;desde luego&#8211; el mercado inmobiliario ha demostrado que puede ser tan irracional como cualquier otro.<\/p>\n<p>P.- \u00bfQu\u00e9 relaciones hay entre la econom\u00eda y la psicolog\u00eda? \u00bfQu\u00e9 cuenta en Psiconomia?<\/p>\n<p>R.- Psiconom\u00eda intenta traducir al castellano una de las nuevas y m\u00e1s apasionantes ramas de la econom\u00eda: la llamada &#8220;econom\u00eda del comportamiento&#8221; (behavioural economics). Es un nuevo paradigma econ\u00f3mico que sostiene que en la econom\u00eda hay tanto de psicolog\u00eda como de matem\u00e1ticas, que no es ciencia pura. Eso explica fen\u00f3menos como las burbujas, las euforias, los p\u00e1nicos. Psiconom\u00eda pretende mezclar las dos cosas: Psicolog\u00eda + Econom\u00eda = PSICONOMIA<\/p>\n<p>P.- Hola Javier, creo que eres valenciano, \u00bfse puede sentir uno orgulloso de la &#8220;clase pol\u00edtica&#8221; valenciana? Me interesa tu libro, a ver si lo compro, saludos<\/p>\n<p>R.- Yo no creo en las &#8220;clases&#8221; en general. No creo que los periodistas seamos una clase&#8230; tampoco creo que lo sean los pol\u00edticos. Hay pol\u00edticos valencianos (como los hay extreme\u00f1os o canarios) que son fant\u00e1sticos y hay otros a los que deber\u00eda tomarse una foto de frente y otra de perfil \ud83d\ude42 <\/p>\n<p>P.- \u00bfQu\u00e9 titular, como periodista de informativos, te gustar\u00eda dar?<\/p>\n<p>R.- El fin de ETA. S\u00e9 que lo dar\u00e9 alg\u00fan d\u00eda&#8230; a no mucho tardar. <\/p>\n<p>P.- Buenas tardes, enhorabuena por el informativo que presentas al mediod\u00eda, y mi pregunta es \u00bfpor qu\u00e9 dejaste el programa de econom\u00eda de media hora que hac\u00edas a diario en la Cadena Ser? Era entretenido, ameno y did\u00e1ctico.<\/p>\n<p>R.- Con la muerte de Carlos Llamas, la cadena decidi\u00f3 hacer algunos cambios entre los que se incluy\u00f3 el programa de econom\u00eda. Es una decisi\u00f3n que respeto ABSOLUTAMENTE y que me permite hacer cosas como escribir libros \ud83d\ude09 Yo sigo, en cualquier caso, escuchando la SER a esa hora y lo recomiendo. <\/p>\n<p>P.- \u00bfPor qu\u00e9 los medios pintan tan terrible una deflacci\u00f3n, por leve que sea? Ya s\u00e9 que la deflacci\u00f3n va contra la naturaleza humana, pero aparte de eso, \u00bfqu\u00e9 problema hay en que ciertos art\u00edculos sean un poco m\u00e1s baratos? Algunos sectores se reajustan, alcanzan un nuevo equilibrio y siguen funcionando. El dinero que nos hemos ahorrado en ciertos art\u00edculos nos lo gastaremos en otras cosas y la m\u00e1quina seguir\u00e1 funcionando. \u00bfD\u00f3nde est\u00e1 el problema?<\/p>\n<p>R.- Que algunos art\u00edculos se abaraten no es un problema&#8230; porque eso equivale a la deflaci\u00f3n. Eso son, simplemente, rebajas temporales de precios. Bienvenidas sean!!!! . La deflaci\u00f3n se produce cuando las ca\u00eddas se generalizan en toda la econom\u00eda. Entonces, nadie consume porque todo el mundo sabe que es preferible esperar a ma\u00f1ana antes de comprar, todo el mundo sabe que ma\u00f1ana ser\u00e1 m\u00e1s barato. As\u00ed que se pospone el consumo&#8230; fruto de ello se pospone la producci\u00f3n&#8230; y fruto de ello se para la econom\u00eda. Eso ha ocurrido durante una d\u00e9cada en Jap\u00f3n y volver a poner en marcha la maquinaria econ\u00f3mica es casi imposible. Es el equivalente a volver a arrancar una m\u00e1quina oxidada. Entonces, el aceite econ\u00f3mico que se necesita es infinito. Sinceramente, no creo que estemos en esa situaci\u00f3n ahora. <\/p>\n<p>P.- Buenas, \u00bfno cree que le falta a la econom\u00eda mundial algo de realidad cotidiana y a sus gobernantes la experiencia de vivir una vida real (sus horas extras, el precio de una ca\u00f1a, etc)? \u00a1Parecen de otro mundo!<\/p>\n<p>R.- Algunos de ellos s\u00ed. A otros, les falta entender la econom\u00eda para poder explicarla \ud83d\ude09 <\/p>\n<p>P.- Hablando de la relaci\u00f3n entre psicolog\u00eda y econom\u00eda. A mi me da la sensaci\u00f3n de que en su informativo de cuatro usted da mucho m\u00e1s a gusto una mala noticia que una buena noticia. \u00bfAcaso ocurre algo parecido a la narrativa, donde un personaje malvado ofrece m\u00e1s atractivo que uno bondadoso?<\/p>\n<p>R.- Los americanos dicen que &#8220;good news is no news&#8221; \ud83d\ude09 Yo &#8211;de verdad&#8211; no me regocijo en las malas noticias. Desafortunadamente, lo que ocurre es que las noticias negativas tienen mucha m\u00e1s carga dram\u00e1tica. . En mi defensa, tengo que decir que hemos abierto los informativos con avances m\u00e9dicos esperanzadores y que intentamos acentuar al m\u00e1ximo lo positivio en ellos. . Dicho eso&#8230; acepto la cr\u00edtica. Prometo hacermelo mirar \ud83d\ude09<\/p>\n<p>P.- Hola! Soy Carolina y en realidad s\u00f3lo quer\u00eda decirle que tiene una de las voces m\u00e1s bonitas de la televisi\u00f3n, me parece un gran profesional y ahora adem\u00e1s demuestra una nueva faceta suya como escritor \u00bfTiene otros proyectos en mente para el futuro? Un saludo desde C\u00e1diz<\/p>\n<p>R.- Ninguno m\u00e1s all\u00e1 de sobornar uno a uno a los que hag\u00e1is comentarios como el tuyo. Un beso y gracias, Carolina <\/p>\n<p>P.- Buenas tardes, Javier. Gracias por el esfuerzo de explicar la econom\u00eda en lenguaje asequible. Considero que el concepto clave de las relaciones econ\u00f3micas es el de &#8220;expectativa razonable&#8221;. \u00bfPiensas que la gente, en general, es consciente de que sus actuaciones en el \u00e1mbito econ\u00f3mico se rigen por dicho concepto? Gracias.<\/p>\n<p>R.- Creo que la crisis econ\u00f3mica nos ha devuelto en buena medida a ellas&#8230; pero nadie tiende a ser razonable consigo mismo. Por lo general, son las expectativas exageradas las que desembocan en lo peor de la econom\u00eda, tanto en un sentido como en otro: las euforias desbocadas nos han regalado las \u00faltimas burbujas (punto.com, inmobiliaria&#8230;) y ahora, los p\u00e1nicos desbocados nos est\u00e1n regalando una crisis m\u00e1s larga de lo que nos merecemos. <\/p>\n<p>P.- Econom\u00eda es una ciencia social y matem\u00e1tica, tiene doble vertiente de por s\u00ed, ya que se estudian mediante modelos matem\u00e1ticos el comportamiento humano. \u00bfNo es reiterativo psiconom\u00eda?<\/p>\n<p>R.- No, porque la econom\u00eda parte de una asunci\u00f3n: el ser humano es racional y siempre busca maximizar su benefici\u00f3n. Piense ahora en un coche usado: >> Si lo vende, probablemente pedir\u00e1 por \u00e9l m\u00e1s de lo que vale (le suma a \u00e9l un valor &#8220;emocional&#8221; que los dem\u00e1s no ven). >> Si lo compra, ver\u00e1 en \u00e9l menos de lo que cuesta (ver\u00e1 en \u00e9l los golpes y rozaduras que no ve el vendedor). Esa &#8220;perspectiva&#8221; o &#8220;psicolog\u00eda&#8221; no ha sido recogida hasta ahora por la econom\u00eda que asum\u00eda &#8220;racionalidad fr\u00eda&#8221; a ambos lados de cada transacci\u00f3n. <\/p>\n<p>P.- Hola Javier, enhorabuena por tu carrera como periodista. \u00bfSe ha planteado Cuatro un programa de Econom\u00eda como el que presentaba en la Cadena Ser, con usted como director? Ser\u00eda una oportunidad para entender todo este problema econ\u00f3mico desde un punto m\u00e1s ameno y did\u00e1ctico. Gracias <\/p>\n<p>R.- Prometo re-enviar tu pregunta a la Alta Direcci\u00f3n aqu\u00ed \ud83d\ude09 Un abrazo <\/p>\n<p>P.- No es una pregunta, s\u00f3lo quer\u00eda dar las gracias a Javier Ruiz porque, cuando era todav\u00eda una adolescente, aprend\u00ed mucho sobre econom\u00eda en el programa que hac\u00eda en la Ser por las noches.<\/p>\n<p>R.- Gracias a ti por escucharlo. Un abrazo<\/p>\n<p>P.- Hola Javier. \u00bfEs Psiconom\u00eda nieto de &#8220;Freakonomics&#8221; e hijo de &#8220;El economista camuflado&#8221;? Acl\u00e1rame d\u00f3nde dice Clint lo de la tostadora, ahora no caigo y no me voy a poner a ver las 5 pelis (por lo de primer comentario en el blog). Gracias y que vaya bien. <\/p>\n<p>R.- Psiconom\u00eda pertenece a la familia pol\u00edtica de esos dos libros. Stephen Levitt y Tim Hardford son dos de las personas que m\u00e1s aportaciones est\u00e1n haciendo al terreno de la econom\u00eda del comportamiento. En cualquier caso, Psiconom\u00eda es el primo peque\u00f1o de esos grandes economistas. \ud83d\ude09<\/p>\n<p>P.- En la facultad de Econ\u00f3micas de Valencia se ha podido o\u00edr hablar a catedr\u00e1ticos en econom\u00eda aplicada y econom\u00eda pol\u00edtica y hacienda p\u00fablica, frases como &#8220;los a\u00f1os 2004 y 2005 ya no volver\u00e1n&#8221;. \u00bf2004 y 2005 pueden reaparecer? Gracias. Un abrazo<\/p>\n<p>R.- Estoy de acuerdo con esa afirmaci\u00f3n. No s\u00e9 donde nos lleva la nueva econom\u00eda, pero &#8211;desde luego&#8211; el ladrillo no volver\u00e1 a ser el motor econ\u00f3mico de este pa\u00eds durante d\u00e9cadas. Si vuelve la prosperidad de 2004 y 2005, ser\u00e1 tirada de otro modelo muy diferente y con un paradigma que nada tendr\u00e1 que ver con la especulaci\u00f3n inmobiliaria&#8230; espero. <\/p>\n<p>P.- Buenas tardes Javier desde Canarias. \u00bfCrees que cuando la econom\u00eda mejore, volveremos a la \u00e9poca del derroche y el gasto alegre, o los gatos se medir\u00e1n m\u00e1s que hasta la fecha? \u00bfEs correcta una reconversi\u00f3n econ\u00f3mica en las islas Canarias? Un saludo, y eres para m\u00ed uno de los mejores profesionales de la comunicaci\u00f3n que existe en nuestro pa\u00eds.<\/p>\n<p>R.- Desafortunadamente, la historia est\u00e1 hecha para repetirse. Hemos de cambiar de paradigma econ\u00f3mico y nuestro pr\u00f3ximo modelo &#8211;como acabo de mencionar&#8211; ya no ser\u00e1 el del ladrillo. Sin embargo, todos los que anunciaron tras el 92 y la explos\u00ed\u00f3n de las punto.com que las burbujas no volver\u00edan tienen que revisar sus palabras hoy. Yo creo que viviremos otras burbujas. Ahora depende de cada uno aplicar lo que hemos aprendido de \u00e9sta. Yo recomiendo sentido com\u00fan y an\u00e1lisis cr\u00edtico antes de comprar o vender masivamente. Es mejor equivocarse s\u00f3lo que seguir a la manada y convertirse en uno de los &#8220;lemmings de la econom\u00eda&#8221;. <\/p>\n<p>P.- Hola Javier, recuerdo que te reconoc\u00ed en televisi\u00f3n tras identificar tu voz, pues te escuchaba siempre por la radio; ahora sigo escuchando la radio y te veo en informativos Cuatro, \u00a1genial! Mi pregunta es si podr\u00edas augurar cu\u00e1ndo saldremos de esta crisis, a tu modo de ver, y cuando se preve un repunte del eur\u00edbor. \u00a1Suerte y saludos!<\/p>\n<p>R.- Siempre cito en estas situaciones a J.P.Morgan que &#8211;cuando hablaba de las predicciones de los analistas&#8211; dec\u00eda: &#8220;Si de verdad supieran lo que va a pasar, estar\u00edan comprando acciones en lugar de estar vendiendo consejos&#8221; \ud83d\ude42 Vaya por delante, pues, que mi respuesta tiene el valor de la especulaci\u00f3n informada. &#8212; El Eur\u00edbor todav\u00eda debe seguir unos meses m\u00e1s en estos niveles. Si la recuperaci\u00f3n se consolida, en 12 meses aproximadamente podemos empezar a o\u00edr hablar de subidas&#8230; que pueden concretarse poco despu\u00e9s. &#8212; Eso implica que la recuperaci\u00f3n debiera producirse poco antes en el resto de Europa. En Espa\u00f1a, con los datos actuales, es imposible saberlo. <\/p>\n<p>P.- Hola Javier, hoy he comprado tu libro. \u00bfTienes previsto seguir escribiendo m\u00e1s libros en el futuro, o ha sido una obra puntual?<\/p>\n<p>R.- Creo que es fruto de la nostalgia econ\u00f3mica que antes mencionaba. No creo que PSICONOMIA sea el primero de una serie&#8230; pero el mercado hace cambiar de opini\u00f3n a tanta gente&#8230; \ud83d\ude42<\/p>\n<p>P.- Las pol\u00edticas econ\u00f3micas, encaminadas a sacar a cada pa\u00eds europeo de la crisis, parecen muy distintas dentro de la Uni\u00f3n Europea. Si se oye en circulos de especialistas econ\u00f3micos que Europa saldr\u00e1 de la crisis dentro de cierto plazo, evidentemente con unos pa\u00edses antes y otros despu\u00e9s, \u00bfno parece que da igual las pol\u00edticas que se apliquen y que salir de la crisis es solo cuesti\u00f3n de tiempo?, \u00bfque los mecanismos de la econom\u00eda de mercado libre se encargar\u00e1 de ello?<\/p>\n<p>R.- La met\u00e1fora de la locomotora es s\u00f3lo cierta hasta un punto. En econom\u00eda, si la locomotora tira y nuestras &#8220;pol\u00edticas de vag\u00f3n&#8221; no nos permiten engancharnos a ella, podemos quedarnos en la estaci\u00f3n, esperando el pr\u00f3ximo tren. Dicho de manera econ\u00f3mica, los est\u00edmulos econ\u00f3micos que se apliquen aqu\u00ed deben permitirnos exportar para que la recuperaci\u00f3n de nuestros socios tire de nosotros. Si no, su despegue no significar\u00e1 necesariamente el nuestro. <\/p>\n<p>P.- Lo primero, enhorabuena por el libro y por tu informativo, has hecho que la econom\u00eda se pueda comprender aun no siendo uno un experto. \u00bfEn tu opini\u00f3n cu\u00e1l crees que ser\u00e1 el eje principal en la econom\u00eda espa\u00f1ola del futuro como lo fue en los 90 la construcci\u00f3n?<\/p>\n<p>R.- Tu pregunta es la forma sutil de plantear \u00bfde qu\u00e9 compro acciones? \ud83d\ude42 En estos momentos, yo no creo el tir\u00f3n de las renovables que tanta literatura est\u00e1 despertando. Apuesto m\u00e1s por la tecnolog\u00eda y la sociedad de la comunicaci\u00f3n. Dicho eso, me remito al dicho de JP Morgan: &#8220;si supiera realmente lo que va a pasar, comprar\u00eda acciones en lugar de vender consejos&#8221; \ud83d\ude09<\/p>\n<p>P.- Hola Javier. Para m\u00ed eres uno de los mejores periodistas de este pa\u00eds. Echo de menos Hora 25 de los Negocios en la Ser. \u00bfQui\u00e9n decidi\u00f3 cerrar ese programa? En la parte econ\u00f3mica, \u00bfqu\u00e9 crees que hace diferente a la econom\u00eda espa\u00f1ola para que nuestra tasa de paro sea siempre tan alta? Gracias.<\/p>\n<p>R.- Espa\u00f1a ha sido siempre un pa\u00eds intensivo en mano de obra. Cuando la actividad tiraba, el empleo despeg\u00f3. Ahora, vivimos el efecto radicalmente contrario. Quiz\u00e1s todav\u00eda falta un impulso tecnol\u00f3gico que permita optimizar las procesos, es decir, producir m\u00e1s con menos gente. Por cierto, eso no significa m\u00e1s paro, sino m\u00e1s riqueza. <\/p>\n<p>P.- Despu\u00e9s de 2 a\u00f1os de crisis&#8230; \u00bfestamos ante un iceberg cuya parte m\u00e1s grande sigue sumergida y no la vemos o la crisis es como un monte y ya vemos todo lo que hay?<\/p>\n<p>R.- Yo creo que estamos en la falda de la monta\u00f1a. Hemos visto ya buena parte de lo que hay y hemos sorteado la parte m\u00e1s escarpada (hemos resuelto una crisis del sistema financiero y otra de confianza). Sin embargo, el camino de bajada todav\u00eda no ha terminado&#8230; y volver a subir nos va a costar. <\/p>\n<p>P.- \u00bfCon un IPC entre 0 y -1% el impacto 2 puntos del IVA no ser\u00e1 escaso? \u00bfNo era peor cuando rond\u00e1bamos un 5% de IPC? Adem\u00e1s el retrasar la medida 9 meses no puede impulsar el consumo, en la gente que se retrae de consumir por la falta de confianza quiz\u00e1s cuando vea que se puede ahorrar ese 2% quiz\u00e1s le impulse a adelantar compras, o a desatascar compras pendientes, \u00bfno?<\/p>\n<p>R.- La subida del IVA con una inflaci\u00f3n negativa es una coartada perfecta para cualquier gobierno, porque &#8211;efectivamente&#8211; hace que los precios suban (genera inflaci\u00f3n) y soluciona &#8220;la macro&#8221;. El problema es que se da\u00f1a &#8220;la microeconom\u00eda&#8221;, es decir, hace m\u00e1s dif\u00edcil comprar. Yo no creo que quien no compra hoy est\u00e9 retrasando la decisi\u00f3n por motivos fiscales, sino que no compra porque no tiene trabajo o dinero. A esa gente, una subida de impuestos le va a doler, por mucho que el problema del IPC puedar quedar arreglado. <\/p>\n<p>P.- Disculpe que me salga del tema por el que hoy est\u00e1 usted aqu\u00ed (su libro), pero me he enterado que usted ha padecido la gripe A. Me gustar\u00eda que nos contara su experiencia si es posible. Muchas gracias y enhorabuena por el libro, el cual me leer\u00e9 en cuanto pueda.<\/p>\n<p>R.- No ha sido nada heroico. Estuve dos d\u00edas con fiebre en la cama. Tras un tratamiento normal, estaba perfectamente. Lo m\u00e1s doloroso ha sido tener que pasar una semana reclu\u00eddo en casa&#8230; porque me sub\u00eda por las paredes!!!! Creo que hemos exagerado todos un punto los efectos de esa gripe. Tambi\u00e9n &#8211;me declaro culpable aqu\u00ed&#8211; los medios de comunicaci\u00f3n. <\/p>\n<p>P.- Buenas, estoy leyendo tu libro y me ha llamado bastante la atenci\u00f3n la portada, \u00bfqu\u00e9 quiere decir? Seguro que habr\u00edan otras portadas posibles jejeje&#8230; xD <\/p>\n<p>R.- PSICONOM\u00cdA era la suma de los dos elementos que componen la teor\u00eda. Como apuntaba antes: ECONOM\u00cdA + PSICOLOG\u00cdA = PSICONOM\u00cdA. La Econom\u00eda de Harry el Sucio, es el nuevo paradigma econ\u00f3mico. Harry dice: &#8220;Si quiere usted garant\u00edas, c\u00f3mprese un tostador&#8221;. \u00c9sta es la nueva econom\u00eda, una econom\u00eda sin garant\u00edas. En cuanto a las gafas&#8230; la verdad es que ha sido casualidad, pero son id\u00e9nticas a las que yo uso!!!<\/p>\n<p>P.- \u00bfQu\u00e9 puede aportar su libro a una persona estandar que lo \u00fanico que entiende de econom\u00eda es la de su hogar? De ello depende que compre su libro \ud83d\ude09<\/p>\n<p>R.- No pretendo venderlo puerta a puerta&#8230; pero le va a servir para entender cu\u00e1ndo le est\u00e1n enga\u00f1ando a la hora de comprar y c\u00f3mo funciona (o no funciona) su cerebro a la hora de pagar facturas, contratar tarjetas de cr\u00e9dito o irse de vacaciones. A eso, puede sumarle algo de alta econom\u00eda y alta finanza que &#8211;le prometo&#8211; no est\u00e1 escrito en &#8220;alto lenguaje econ\u00f3mico&#8221;. Prometo que es castellano del que se entiene&#8230; Si no queda satisfecho, le devuelvo su dinero \ud83d\ude09 No est\u00e1 mal para no ser una venta a domicilio, \u00bfno?<\/p>\n<p>P.- Estoy de acuerdo con &#8220;Carolina&#8221;, y soy un se\u00f1or de 76 a\u00f1os que nunca ha perdido aceite. Una pregunta, \u00bferes de los que ven la botella medio vacia o medio llena?<\/p>\n<p>R.- Estoy de acuerdo con &#8220;Carolina&#8221;, y soy un se\u00f1or de 76 a\u00f1os que nunca ha perdido aceite. Una pregunta, \u00bferes de los que ven la botella medio vacia o medio llena?<\/p>\n<p>P.- A principios de siglo Tarde (1902) se convirti\u00f3 en el primer autor en afirmar que tanto para explicar los procesos econ\u00f3micos como los resultados de los an\u00e1lisis psicol\u00f3gicos era necesaria la colaboraci\u00f3n entre ambas disciplinas. \u00bfQu\u00e9 novedades supone su libro respecto a los pioneros?<\/p>\n<p>R.- Incorpora las aportaciones m\u00e1s recientes en ese campo y abre la puerta al futuro de la disciplina: la neuroeconom\u00eda. Si ya est\u00e1 al tanto de algunos de los padres de esta doctrina, le gustar\u00e1 leer d\u00f3nde la est\u00e1n dirigiendo algunos. An\u00e1lisis neurl\u00f3gicos, TACs, placas cerebrales, etc. comienzan a mostrar que muchas decisiones econ\u00f3micas no pasan por el cerebro, que se toman con nuestras regiones instintivas. Es lo que algunos llaman &#8220;neuro-econom\u00eda&#8221;. Como m\u00ednimo, esa parte le va a resultar provocativa.<\/p>\n<p>P.- \u00bfC\u00f3mo uno puede ser racional en sus decisiones econ\u00f3micas?<\/p>\n<p>R.- Es m\u00e1s complicado de lo que parece en muchas ocasiones. Mis dos mandamientos b\u00e1sicos ser\u00edan: PIENSE Y SEA CR\u00cdTICO. No se f\u00ede de lo que le digan, ni de lo que ha estado asumiendo toda la vida. Antes de comprar analice si, de verdad, le compensa pagar por lo que va a recibir. Tenga cuidado con las manadas&#8230; tambi\u00e9n econ\u00f3micas. <\/p>\n<p>P.- Buenas tardes Javier. Ante todo, enhorabuena por dar a la informaci\u00f3n un tono tan desenfadado y, a la vez, tan formal. Te lanzo una pregunta desde el prisma de un desencantado estudiante de periodismo. \u00bfC\u00f3mo ves el futuro de la profesi\u00f3n? \u00bfEl presente est\u00e1 tan &#8220;empantanado&#8221; como parece? Gracias, y a seguir as\u00ed. \u00a1Suerte!<\/p>\n<p>R.- La crisis econ\u00f3mica se est\u00e1 equiparando a una crisis period\u00edstica. . Yo creo que la crisis &#8220;de las empresas period\u00edsticas&#8221; no significa una &#8220;crisis del periodismo&#8221;. En estos momentos, el esp\u00edritu cr\u00edtico de algunos est\u00e1 m\u00e1s afilado que nunca. Mientras eso siga as\u00ed, mientras no haya sumisi\u00f3n a los poderes, el periodismo seguir\u00e1 cumpliendo su misi\u00f3n de contrapoder y seguir\u00e1 gozando de una mala salud de hierro. Adem\u00e1s, creo que la crisis econ\u00f3mica de las empresas&#8230; tambi\u00e9n pasar\u00e1. <\/p>\n<p>P.- Hola Javier, he visto algunas entrevistas al catedratico Santiago Ni\u00f1o Becerra y el panorama que describe es francamente negro, en mi opinion habla con demasiada exactitud del futuro y por eso no me lo creo demasiado aunque nos deja con la mosca tras la oreja. \u00bfTienes alguna opinion respecto a su libro? Gracias y saludos cordiales<\/p>\n<p>R.- No tengo el gusto. Creo que el Profesor Ni\u00f1o Becerra mezcla astrolog\u00eda y econom\u00eda. Sinceramente, a m\u00ed el c\u00f3ctel econom\u00eda y psicolog\u00eda ya me parece lo suficientemente duro. \ud83d\ude42 <\/p>\n<p>P.- \u00bfPor qu\u00e9 la gente ve el convertirse en funcionario como un premio de la loter\u00eda? \u00bfNo cree que est\u00e1 mal enfocado en cuanto a productividad el hecho de que el puesto de funcionario sea &#8220;vitalicio&#8221;? <\/p>\n<p>R.- Me parece interesante su reflexi\u00f3n. Quiz\u00e1 la estructura salarial est\u00e9 algo mal enfocada: un pago a la productividad probablemente termine con una mala reputaci\u00f3n que, por otra parte, resulta injusta en algunas ocasiones. Insisto, me parece interesante&#8230; pido tiempo para pensarlo. Gracias. <\/p>\n","protected":false},"excerpt":{"rendered":"<p>\u00bfPor qu\u00e9 nos alegramos cuando Hacienda nos devuelve dinero? \u00bfPor qu\u00e9 preferimos pagar con tarjeta de cr\u00e9dito? La econom\u00eda en muchas ocasiones no se comporta como se podr\u00eda esperar, y produce reacciones muy diversas en las personas. Javier Ruiz, subdirector de Informativos de Cuatro y presentador de Noticias Cuatro en su edici\u00f3n de sobremesa, desvela en el libro Psiconom\u00eda los desajustes que se producen en la vida y en la econom\u00eda diarias. Adem\u00e1s, escribe en su blog Psiconom\u00eda acerca de estos temas. El periodista ha charlado con los lectores sobre su nuevo libro y las relaciones entre econom\u00eda y psicolog\u00eda. <\/p>\n","protected":false},"author":1,"featured_media":0,"comment_status":"open","ping_status":"open","sticky":false,"template":"","format":"standard","meta":{"footnotes":""},"categories":[],"tags":[],"class_list":["post-8384","post","type-post","status-publish","format-standard","hentry"],"_links":{"self":[{"href":"https:\/\/intervius.com\/index.html\/wp-json\/wp\/v2\/posts\/8384","targetHints":{"allow":["GET"]}}],"collection":[{"href":"https:\/\/intervius.com\/index.html\/wp-json\/wp\/v2\/posts"}],"about":[{"href":"https:\/\/intervius.com\/index.html\/wp-json\/wp\/v2\/types\/post"}],"author":[{"embeddable":true,"href":"https:\/\/intervius.com\/index.html\/wp-json\/wp\/v2\/users\/1"}],"replies":[{"embeddable":true,"href":"https:\/\/intervius.com\/index.html\/wp-json\/wp\/v2\/comments?post=8384"}],"version-history":[{"count":0,"href":"https:\/\/intervius.com\/index.html\/wp-json\/wp\/v2\/posts\/8384\/revisions"}],"wp:attachment":[{"href":"https:\/\/intervius.com\/index.html\/wp-json\/wp\/v2\/media?parent=8384"}],"wp:term":[{"taxonomy":"category","embeddable":true,"href":"https:\/\/intervius.com\/index.html\/wp-json\/wp\/v2\/categories?post=8384"},{"taxonomy":"post_tag","embeddable":true,"href":"https:\/\/intervius.com\/index.html\/wp-json\/wp\/v2\/tags?post=8384"}],"curies":[{"name":"wp","href":"https:\/\/api.w.org\/{rel}","templated":true}]}}