{"id":8382,"date":"2009-10-02T00:00:00","date_gmt":"2006-11-06T00:00:00","guid":{"rendered":"https:\/\/intervius.com\/index.html\/?p=8382"},"modified":"2006-11-06T00:00:00","modified_gmt":"2006-11-06T00:00:00","slug":"Paco_Plaza_y_Jaume_Balaguero8382","status":"publish","type":"post","link":"https:\/\/intervius.com\/index.html\/Paco_Plaza_y_Jaume_Balaguero8382\/","title":{"rendered":"Paco Plaza y Jaume Balaguer\u00f3"},"content":{"rendered":"<p>Pregunta.- \u00bfHay alg\u00fan tipo de tensi\u00f3n o rivalidad entre vosotros a la hora de hacer cine? \u00bfQui\u00e9n se considera mejor dialoguista de los dos?<\/p>\n<p>Respuesta.- Paco: yo! Jaume: En absoluto. Somos dos grandes amigos que se lo pasan bomba cuando se ponen a hacer una pel\u00edcula como REC. Nunca ha habido rivalidad. Al contrario. Siempre hemos cooperado. <\/p>\n<p>P.- Hola a los dos, no s\u00f3lo sab\u00e9is entretener, sino vender bien las pelis, vuestros trailers incitan a ir a verlas \u00bfCu\u00e1les son vuestras pel\u00edculas favoritas de Ciencia Ficci\u00f3n?\u00bfy de terror?<\/p>\n<p>R.- Paco: El incre\u00edble hombre menguante, La invasi\u00f3n de los ultracuerpos y Se\u00f1ales Jaume: Regreso al futuro, Alien, La semilla del diablo, La cosa&#8230; y much\u00edsimas m\u00e1s&#8230;<\/p>\n<p>P.- \u00a1Hola, Paco y Jaume! Si esta segunda parte funciona (que va a arrasar) \u00bfos planteais una tercera entrega, por ejemplo, en 3D?<\/p>\n<p>R.- Jaume: No. No tenemos la intenci\u00f3n de hacer una tercera. Tenemos cada uno proyectos en la cabeza. Aunque, claro, perdimos toda nuestra credibilidad cuando dijimos que no ibamos a hacer REC2. <\/p>\n<p>P.- Esta pregunta es para Paco. Desde que vi el falso teaser de &#8220;Maldito Viernes&#8221; no veo el momento de que hagas esa pel\u00edcula. \u00bfAlguna novedad respecto al proyecto?<\/p>\n<p>R.- Estoy trabajando en ello ya. A mi tambi\u00e9n me encant\u00f3 hacerlo y agradezco mucho a los amigos de Teaserland.com la oportunidad de que naciera esa peli. <\/p>\n<p>P.- Buenas Tardes. Enhorabuena por &#8220;[Rec] 2&#8221;, excepci\u00f3n rar\u00edsima y placentera en nuestro cine: una secuela dispuesta a dar m\u00e1s y con mejor humor. A m\u00ed me gust\u00f3 mucho que Balaguer\u00f3 y Plaza se unieran para la primera y ahora (os) pregunto: \u00bfencontraremos algo del Balaguer\u00f3 de aquellos cortometrajes fascinantes y per-fec-tos? \u00bfDel Plaza juguet\u00f3n y de sensibilidad teen del &#8220;Cuento de Navidad&#8221;? \u00bfSobreviviremos a esa mezclan?<\/p>\n<p>R.- Por supuesto que encontraremos todos eso que dices. Es una peli de los dos y eso se va a notar. <\/p>\n<p>P.- Hola, soy guionista y me gustar\u00eda saber si el cine de terror y suspense suele tener m\u00e1s salida en Espa\u00f1a que cualquier otro g\u00e9nero, y c\u00f3mo se puede hacer para que un productor te escuche y lea tu gui\u00f3n cuando no tienes muchos contactos en la industria.<\/p>\n<p>R.- Paco: Yo no sabr\u00eda darte un consejo. JAume: Ser\u00eda f\u00e1cil decirte que funciona mejor el cine de terror que cualquier otro cine. Es un cine muy popular y eso es una ventaja. Pero creo que el consejo es que tienes que LUCHAR. Tienes que aceptar los obst\u00e1culos. Cuando hice mi primera pel\u00edcula vi cerradas mil puertas pero al final lo consegu\u00ed. MUCHA FUERZA!!!!<\/p>\n<p>P.- Soy un gran admirador de la cinematograf\u00eda de Balaguer\u00f3 y muy especialmente de la pel\u00edcula &#8220;Los sin nombre&#8221;. Me gustar\u00eda saber si ha pensado en hacer una continuaci\u00f3n, creo que la carga emocional de la historia y el trabajo de Emma Vilarasau merecen satisfacer la curiosidad del espectador. Gracias.<\/p>\n<p>R.- Jaume: No. No tengo pensado hacer una continuaci\u00f3n. Creo que es una pel\u00edcula que se cierra muy bien. En algunos momentos, se ha pensado hacer un remake pero nada que haya dado ning\u00fan fruto ahora mismo. <\/p>\n<p>P.- Hace unos a\u00f1os vi &#8220;La secta&#8221;, una pel\u00edcula ambientada en Barcelona, que como barcelon\u00e9s, me dej\u00f3 una sensaci\u00f3n extra\u00f1a de desasosiego, de cierto parecido con la realidad&#8230; \u00bfpiensan hacer alguna nueva pel\u00edcula ambientada en la Ciudad Condal?. <\/p>\n<p>R.- Jaume: En realidad, REC est\u00e1 ambientada en BCN como REC2. As\u00ed s\u00ed que est\u00e1 pensado y lo hemos hecho. Muchas gracias. <\/p>\n<p>P.- En la primera parte, la historia de la Ni\u00f1a Medeiros (la &#8220;mala&#8221; m\u00e1s desconcertante de la historia del cine) quedaba un poco difusa. \u00bfSe sabr\u00e1 algo m\u00e1s de ella en esta parte? Muchas gracias a los dos por hab\u00e9rmelo hecho pasar tan mal&#8230; Un abrazo.<\/p>\n<p>R.- Paco: Javier es un tipo encantador. Un gran fan del g\u00e9nero. Que disfruta enormemente interpretando este tipo de papeles. Adem\u00e1s de actor, es muy buen dibujante y guionista. UNA JOYA. <\/p>\n<p>P.- Sabemos de vuestra predilecci\u00f3n por el cine de g\u00e9nero, lo cual viene bien para renovar la imagen del cine espa\u00f1ol pero, \u00bfos v\u00e9is capaces de hacer una comedia o un buen dram\u00f3n?<\/p>\n<p>R.- Paco: Yo no podr\u00eda. Aunque Fr\u00e1giles de Jaume tiene mucho de drama&#8230; Jaume: Una puntualizaci\u00f3n. Una pel\u00edcula de Paco, El segundo nombre tambi\u00e9n tiene mucho de drama&#8230; <\/p>\n<p>P.- \u00bfC\u00f3mo se vence al miedo?<\/p>\n<p>R.- Paco: Si no puedes vencerlo&#8230; \u00fanete a \u00e9l.. <\/p>\n<p>P.- Hola a todos! \u00bfPorqu\u00e9 en las pelis de terror siempre hay ni\u00f1os? \u00bfQu\u00e9 tienen los ni\u00f1ios que los hacen tan terrorificos? Enhorabuena y seguid as\u00ed! Sois los mejores directores de Espa\u00f1a y est\u00e1is entre los mejores del mundo! Que aprendan los americanos! <\/p>\n<p>R.- Jaume: Bueno en todas&#8230; hay cierta ambieguedad en la figura del ni\u00f1o. Una dicotom\u00eda entre la inocencia y la maldad&#8230; m\u00e1s puras&#8230; m\u00e1s cruel&#8230; esa ambiguedad es el origen de su fuerza terror\u00edfica.<\/p>\n<p>P.- Enhorabona!! Esta noche voy a ver la pel\u00edcula y espero cagarme de miedo. \u00bfDe los \u00faltimos cinco a\u00f1os con qu\u00e9 pel\u00edcula de terror os quedais? Sort i felictats<\/p>\n<p>R.- Paco: Los extra\u00f1os Jaume: Wolk Greek y Grace<\/p>\n<p>P.- \u00bf Qu\u00e9 tipo de c\u00e1maras hab\u00e9is utilizado para la pel\u00edcula? \u00bfConoc\u00e9is las c\u00e1maras Red One, de las que Soderbergh es usuario declarado?. Gracias.<\/p>\n<p>R.- Paco: Aqu\u00ed hemos utilizado la Sony 3000 y la Panasonic P2. Jaume: La Red One&#8230; es una excelente c\u00e1mera sin duda. Pero hay que tener siempre en cuenta que las c\u00e1maras est\u00e9n muy bien asentadas en el mercado para cuando haya alg\u00fan tipo de incidencia puedas salir del paso&#8230; La Red One era cuando grabamos la peli una producto muy nuevo y por eso no lo utlizamos. <\/p>\n<p>P.- Hola, primero de todo gracias por dar esperanzas a los amantes del g\u00e9nero en Espa\u00f1a y enhorabuena por esa maravilla que es REC y que imagino ser\u00e1 REC 2. Ah\u00ed va mi pregunta: \u00bfEst\u00e1is de acuerdo que el cine de g\u00e9nero y el &#8220;frikismo&#8221; pueden sacar a Espa\u00f1a de \u00e9sta sequ\u00eda de ideas y de productciones interesantes? \u00bfAlg\u00fan consejo para los aspirantes a cineastas? Muchas Gracias<\/p>\n<p>R.- Paco: No creo que haya sequ\u00eda de ideas en Espa\u00f1a. Creo que hay pel\u00edculas magn\u00edficas&#8230; como en Francia o en Estados Unidos. No cometar\u00eda el error de menospreciar nuestra industria. El frikismo es una manera de ver el mundo y creo que apela a la verdadera esencia de quienes somos&#8230; Jaume: Que luchen siempre. Que nunca dejen de grabar&#8230; POR SU PUTA MADRE. <\/p>\n<p>P.- \u00bfQu\u00e9 les pareci\u00f3 el remake americano de &#8220;Rec&#8221;, &#8220;Quarantine&#8221;? \u00bfHabr\u00e1 un nuevo remake para la secuela?<\/p>\n<p>R.- Paco: Creo qu s\u00ed que habr\u00e1 un nuevo remake. En todo caso no depende de nosotros. Sony tiene los derechos y pueden hacer lo que quieran. <\/p>\n","protected":false},"excerpt":{"rendered":"<p>Tras el \u00e9xito de REC, Paco Plaza y Jaume Balaguer\u00f3 vuelven a ponerse detr\u00e1s de la c\u00e1mara para retomar la historia de zombis que les llevara al \u00e9xito. Pocos minutos despu\u00e9s del final de la primera parte, los curiosos se agolpan ante el edificio al que han llegado las fuerzas especiales y el terror vuelve a apoderarse de personajes y espectadores. La pel\u00edcula, que ya se pudo ver en el Festival de Cine de Venecia, es la encargada de abrir el Festival de Sitges. Los directores Paco Plaza y Jaume Balaguer\u00f3 charlar\u00e1n con los lectores sobre REC 2.<br \/>\nMira aqu\u00ed el V\u00cdDEO Zombis berbeneros<\/p>\n","protected":false},"author":1,"featured_media":0,"comment_status":"open","ping_status":"open","sticky":false,"template":"","format":"standard","meta":{"footnotes":""},"categories":[],"tags":[],"class_list":["post-8382","post","type-post","status-publish","format-standard","hentry"],"_links":{"self":[{"href":"https:\/\/intervius.com\/index.html\/wp-json\/wp\/v2\/posts\/8382","targetHints":{"allow":["GET"]}}],"collection":[{"href":"https:\/\/intervius.com\/index.html\/wp-json\/wp\/v2\/posts"}],"about":[{"href":"https:\/\/intervius.com\/index.html\/wp-json\/wp\/v2\/types\/post"}],"author":[{"embeddable":true,"href":"https:\/\/intervius.com\/index.html\/wp-json\/wp\/v2\/users\/1"}],"replies":[{"embeddable":true,"href":"https:\/\/intervius.com\/index.html\/wp-json\/wp\/v2\/comments?post=8382"}],"version-history":[{"count":0,"href":"https:\/\/intervius.com\/index.html\/wp-json\/wp\/v2\/posts\/8382\/revisions"}],"wp:attachment":[{"href":"https:\/\/intervius.com\/index.html\/wp-json\/wp\/v2\/media?parent=8382"}],"wp:term":[{"taxonomy":"category","embeddable":true,"href":"https:\/\/intervius.com\/index.html\/wp-json\/wp\/v2\/categories?post=8382"},{"taxonomy":"post_tag","embeddable":true,"href":"https:\/\/intervius.com\/index.html\/wp-json\/wp\/v2\/tags?post=8382"}],"curies":[{"name":"wp","href":"https:\/\/api.w.org\/{rel}","templated":true}]}}