{"id":8368,"date":"2009-09-28T00:00:00","date_gmt":"2006-11-06T00:00:00","guid":{"rendered":"https:\/\/intervius.com\/index.html\/?p=8368"},"modified":"2006-11-06T00:00:00","modified_gmt":"2006-11-06T00:00:00","slug":"Alfredo_Relano8368","status":"publish","type":"post","link":"https:\/\/intervius.com\/index.html\/Alfredo_Relano8368\/","title":{"rendered":"Alfredo Rela\u00f1o"},"content":{"rendered":"<p>Pregunta.- hola crack\u00bfcrees que madrid sera elegida para los juegos olimpicos 2016? <\/p>\n<p>Respuesta.- Lo veo de verdad muy dif\u00edcil. Me suena que R\u00edo de Janeiro tiene ventaja. Pero yo quiero estar esperanzado hasta el final.<\/p>\n<p>P.- Hola D. Alfredo \u00bfNo le parece normal que Pellegrini de descanso ante el partido del miercoles? Estamos comenzando y ya sabemos que las sobrecargas a esta altura de la temporada son normales. Creo que Cristiano puede comenzar el mal rollo en vestuario \u00bfcomo lo ves? Un saludo y gracias por su respuesta. <\/p>\n<p>R.- Hay dos cosas: el todo y lo de Cristiano. Respecto al todo, creo que son demasiadas rotaciones demasiado pronto, antes de que el equipo est\u00e9 funcionando. Respecto a Cristiano, lo que le quedaba por delante era un aprtido cuesta abajo, se estaba divirtiendo, pod\u00eda marcar alg\u00fan gol. No tivo tacto Pellegrini. Hubiera sido m\u00e1s fino quitar a Benzema, que llevaba dos goles y se hubiera llevado una ovaci\u00f3n. En definitivo, en todo este barullo de Pellegrini me parece que hay mucha confusi\u00f3n. No lo esperaba.<\/p>\n<p>P.- Buenos dias Alfredo se sabe cuanto tiempo le queda a raul garcia para estar en el equipo por que sin el no despegamos? muchas gracias. y un Saludo.<\/p>\n<p>R.- Unas tres semanas. Pero con Assun\u00e7ao, Cl\u00e9ber y Jurado, y un extremo menos, no anduvo mal la cosa en Valencia. Creo que es importante que Abel persevere en ese modelo, si Jurado sigue cumpliendo las espectativas.<\/p>\n<p>P.- Hola?\u00bfno cree que lo que diferencia al Barcelona del Madrid es que al Madrid le hacen ocasiones de gol (Zurich, Jerez, Tenerife?) y al Barcelona no (M\u00e1laga por ejemplo)? Gracias<\/p>\n<p>R.- Yo creo que la diferencia es que el Bar\u00e7a juega ordenadamente, tiene largas posesiones, controla el partido, y el Madrid juega de una forma sincopada, a tirones de sus estrellas. Ver al Bar\u00e7a produce placidez, ver al Madrid produce sobresalto.<\/p>\n<p>P.- Hola D. Alfredo, soy del Mallorca y estoy encantado con Borja Valero, pero ya lo he comentado un par de veces, \u00bfno cree que hubiese sido un gran fichaje para el At. Madrid? No ha costado ni un millon de euros y aporta ese algo que le falta al atleti, me imagino a Kun y Forlan con los pases y la distribuci\u00f3n de Borja \u00bfcual es su opini\u00f3n? Gracias y un saludo<\/p>\n<p>R.- No lo hab\u00eda pensado, pero ya que lo dice, s\u00ed. Es el tipo de jugador que al Atl\u00e9tico le falta, aunque hay que ver si Jurado cuaja en esa funci\u00f3n. <\/p>\n<p>P.- Hola Alfredo,ayer te o\u00ed en el Larguero y muy pesimista.El Madrid juega mal de acuerdo,\u00bfpero no te acuerdas que el a\u00f1o pasado no hab\u00eda mundial? este a\u00f1o si, y el calendario est\u00e1 m\u00e1s ajustado,m\u00e1s rotaciones \u00bfque opinas? gracias.<\/p>\n<p>R.- Opino que s\u00ed, que hay Mundial, que las rotaciones convienen, pero que es un exceso. Y que primero es encontrar el funcionamiento, los automatismos, y luego ir haciendo relevos.<\/p>\n<p>P.- D. Alfredo, no he leido ninguna columna de opini\u00f3n hablando de la espeluznante entrada de Drenthe a Marc Bertran (4 meses de baja), no tiene importancia porque juega en el Tenerife y no es gal\u00e1ctico, o no tiene importancia porque el \u00ednclito de la caricia juega en el Madrid? Estoy indignado, por el trato recibido de la noticia de la jornada, y el triste por el jugador, un currante del f\u00fatbol. Gracias.<\/p>\n<p>R.- En AS de ayer sal\u00eda como El Duro, consignado como tal. Hoy el caso est\u00e1 en las p\u00e1ginas siete (bienq ue de pasada), diecinueve y veinticinco. Con todo, quiz\u00e1 tenga usted raz\u00f3n y hubiera merecido una columna. Fue tremenda y la consecuencia es fatal.<\/p>\n<p>P.- El que parec\u00eda la pieza clave en este R. Madrid, Xabi Alonso, resulta uno m\u00e1s que no mejora ni un \u00e1pice el juego del Madrid. El partido de ayer y en los otros que ha estado, sin desmerecer, no ha aportado m\u00e1s al sopor de un juego que, desde hace tiempo, est\u00e1 ausente en el equipo. Personalmente me parece mucho mejor su excompa\u00f1ero Gerard. La prensa y los distintos medios auparon un fichaje que, personalmente, me parece menor. A fecha de hoy, me parece bastante m\u00e1s imprescindible Lass. \u00bfCual es su opini\u00f3n?<\/p>\n<p>R.- Me gusta Lass mucho, desde luego. Pero no reniego de Xabi Alonso. El s\u00e1bado sal\u00eda de una lesi\u00f3n, y en todo caso est\u00e1 sumido en ese pandem\u00f3nium de cambios que va a retrasar la aparici\u00f3n del equipo. Yo creo que es un buen jugador para una funci\u00f3n en el que la plantilla tiene bastante d\u00e9ficit, y que va a funcionar. <\/p>\n<p>P.- No estoy de acuerdo con algunos cr\u00edticos que critican el affaire entre Cristiano y Pelegrini. La prioridad para m\u00ed incuestionable y por encima de todas, independientemente del error de Pelegrini, es dejar claro que hay que respetar la autoridad y decisi\u00f3n del entrenador, por disciplina, porque es el que manda y por respeto al jugador que entra sustituy\u00e9ndole. El compromiso de un jugador debe ir de la mano de la humildad, y debe aceptar la decisi\u00f3n del que manda. Adem\u00e1s, esta imagen ensombrece la imagen de la plantilla. En una tertulia de ayer pon\u00edan a caldo a Pelegrini por esta cuesti\u00f3n. Me parece que los que lo hacen no tienen muy claras las prioridades de un equipo.<\/p>\n<p>R.- Bueno, en realidad Cristiano no hace nada. S\u00f3lo que en la cara se le nota el disgusto. Tiene un rostro muy expresivo. Pero no hay el menor gesto. En cuanto a Pellegrini, le veo en la desventaja de que hasta ahora no ha puesto nada. Los partidos los est\u00e1n sacando las individualidades. <\/p>\n<p>P.- Buenos dias Don Alfredo,mi pregunta es la siguiente,que soluci\u00f3n le ve usted al Atl\u00e9tico de Madrid o hay un nivel de desquiciamiento en lo que es el plantel,aficionados y directiva que eso no tiene por donde agarrar?muchas gracias<\/p>\n<p>R.- El problema es que hay un importante sector de la afici\u00f3n (no mayoritario, pero s\u00ed importante) que no se resigna a aceptar que el club es de Miguel \u00c1ngel Gil, a aceptar que eso es as\u00ed, aunque en su d\u00eda su padre se hiciera con la propiedad como se hizo. Y de ah\u00ed vienen esos malestares que rebrotan cada poco.<\/p>\n<p>P.- Hola Alfredo, enhorabuena por tu trabajo en el diario AS, me gusto mucho tu forma de comentar los partidos, deber\u00edas prodigarte m\u00e1s. mi pregunta es la siguiente: Si el Barcelona est\u00e1 jugando y ganando como nunca lo hab\u00eda hecho en toda su historia, \u00bfpor qu\u00e9 est\u00e1n tan nerviosos como muestran las declaraciones de las \u00faltimas semanas de Laporta y Guardiola? <\/p>\n<p>R.- Laporta es una cosa, Guardiola es otra. Laporta hace su vida y su carrera, ahora se va del Bar\u00e7a (no puede presentarse otra vez porque los estatutos del club lo proh\u00edben) y est\u00e1 haciendo ruido para colocarse bien en su futuro, me figuro. Respecto a Guardiola, es un perfeccionista y cualquier hilo que se le escapa le hace reaccionar.<\/p>\n<p>P.- \u00bfUsted cree que Zidane es joven para ser director deportivo, que no sabe que jugador es bueno o no para ser fichado, o es que los cargos ya est\u00e1n repartidos, pues Pardeza en el Zaragoza no se luci\u00f3?<\/p>\n<p>R.- Zidane ha sido un futbolista excelso, pero ignoro cu\u00e1les ser\u00e1n sus condiciones para director deportivo. No necesariamente tiene que llevar una cosa a la otra. Ya ve lo bien que lo hace Monchi, que nunca pas\u00f3 de portero suplente.<\/p>\n<p>P.- \u00bfPor qu\u00e9 no se habla de los pesimos arbitrajes que ha recibido el Barca en este arranque de liga? Lo de Wellington, de juzgado de guardia: Si a Pepe le sancionaron por lo de Casquero, a este elemento deber\u00edan de apartarlo de un terreno de juego unas semanitas&#8230;<\/p>\n<p>R.- Lo de Weligton es una cossa disimulada, fuera del plano del juego, artera. Y no fue tanto como lo de Pepe, francamente. Por lo dem\u00e1s, en el segundo gol al M\u00e1laga hay una falta estrepitosa, a mi juicio.<\/p>\n<p>P.- Despu\u00e9s del recital del Sevilla en La Catedral, \u00bfse podr\u00eda decir que tenemos un tercer gallito que disputar\u00e1 todo a Real Madrid y Barcelona?<\/p>\n<p>R.- Me temo que no, aunque todos querr\u00edamos que fuese as\u00ed. Pero bien puede ganar el domingo al Madrid y al menos de momento ponerse ah\u00ed. Desde luego es mejor que el resto. Pero llegar donde los otros dos es dif\u00edcil.<\/p>\n<p>P.- Hola Sr. Rela\u00f1o. Viendo las cr\u00edticas que le empiezan a caer a Pellegrini entiendo porque entrenadores de prestigio como Wenger rechazan venir al Madrid. Es un modelo donde si todo va bien todos los elogios son para el presidente y si las cosas el mal es responsabilidad solo del entrenador (Valdano siempre se va de rositas) y te van fichando figuras a las que tienes que hacer un hueco encajen o no en tu sistema&#8230; \u00bfusted que opina? <\/p>\n<p>R.- Pues no opino exactamente as\u00ed. Esperaba algo m\u00e1s de Pellegrini. Hasta ahora le veo con demasiadas dudas y los partidos se los est\u00e1n resolviendo las individualidades. Por lo dem\u00e1s, si quer\u00eda a Sneijder y no a Van der Vaart deber\u00eda haber impuesto su criterio en algo tan sencillo de entender.<\/p>\n<p>P.- Hola Alfredo. Es Piqu\u00e9 el mejor central del mundo? Teniendo en cuenta su edad, estamos ante un posible central de leyenda? Saludos<\/p>\n<p>R.- Pues por ah\u00ed va. A m\u00ed me gusta m\u00e1s cada d\u00eda que le veo jugar, Me parece algo impresionante en todos los sentidos. La \u00fanica duda es si con ese cuerpo no perder\u00e1 algo de velocidad cuando pasen tres o cuatro a\u00f1os.<\/p>\n<p>P.- \u00bfQue va a pasar con Pellegrini en cuanto se cedan puntos en las proximas salidas en Sevilla, Gijon, Calderon, Barcelona y Pamplona?<\/p>\n<p>R.- Bueno, veremos si se ceden, y cu\u00e1ntos se ceden. Yo creo que a Pellegrini le va a ir bien, pero tiene que recoger los papeles y organizarse mejor.<\/p>\n<p>P.- \u00bfHola Alfredo, no crees que Benzem\u00e1 e Higuain al final de temporada se van a querer ir del Madrid al ver que hacen mucho m\u00e1s que Ra\u00fal y que juegan menos?<\/p>\n<p>R.- No, no creo. Ra\u00fal ir\u00e1 jugando menos poco a poco, supongo. No creo que de este Madrid se quiera ir nadie. Higua\u00edn tiene ahora el bal\u00f3n de ox\u00edgeno de su selecci\u00f3n.<\/p>\n<p>P.- Hola buenos d\u00edas, mi pregunta es sobre su opini\u00f3n sobre el crack del getafe Pedro Le\u00f3n \u00bfle ve usted en un grande? Yo creo que est\u00e1 a la altura de los Granero, Capel, Navas, Busquets&#8230;creo que podr\u00eda ser un jugador perfectamente v\u00e1lido para las rotaciones en un grande. Gracias.<\/p>\n<p>R.- Est\u00e1 a la altura de esos o por encima de algunos de esos. No desentonar\u00eda en un grande, desde luego. <\/p>\n<p>P.- \u00bfcu\u00e1les han sido para usted los mejores l\u00edberos espa\u00f1oles, y si de fuera considera a Scirea como uno de los mejores?<\/p>\n<p>R.- Scirea ha sido formidable. En Espa\u00f1a me gust\u00f3 mucho el Pirri de la \u00faltima \u00e9poca, y tambi\u00e9n Fernando Hierro. Y era un placer ver a Jes\u00fas Mart\u00ednez, del Valencia. <\/p>\n<p>P.- Buenas Alfredo!cual seria tu once inicial de la seleccion espa\u00f1ola de futbol? prefieres 4 0 5 medios?<\/p>\n<p>R.- Prefieron cinco medios, pero si fuera seleccionador no me atrever\u00eda a dejar fuera a Torres. Mi Espa\u00f1a ser\u00eda: Casillas; Sergio Ramos, Puyol, Piqu\u00e9, Capdevila; Senna; Cesc, Xavi, Iniesta, Silva; Villa. Pero si fuera seleccionador a la hora de la verdad me temblar\u00eda la mano y pondr\u00eda a Torres en lugar de Cesc, que ser\u00eda mi primer recambio para la media. <\/p>\n<p>P.- Buenas tardes!Despues de la demostraci\u00f3n que hizo Sergio Ramos el miercoles, (buen paso para empezar a callar bocas) \u00bfQue le diria a todos esos que hicieron le\u00f1a del arbol caido? \u00bfNo crees que deberia quedarse en el centro?<\/p>\n<p>R.- Es que el Madrid (y Espa\u00f1a) tienen muchas solucione spara el centro y pocas para la banda derecha. Y su f\u00edsico exultante tiene m\u00e1s recorrido en la banda. Para m\u00ed, cunado est\u00e1 bien es bueno en tres posiciones: lateral, central y medio de cierre.<\/p>\n<p>P.- Hola Don Alfredo. Cree usted que Diego Forlan hizo bien en renovar por el Atleti ? Gracias.<\/p>\n<p>R.- S\u00ed hizo bien. Le dan dos a\u00f1os m\u00e1s y no le aumentan la cl\u00e1usula. Se ha hecho un seguro. Lo que no s\u00e9 es si la operaci\u00f3n es tan buena para el Atl\u00e9tico. <\/p>\n<p>P.- Buenos d\u00edas Don Alfredo. Me gustar\u00eda consultarle que \u00bfQu\u00e9 hay que hacer para que se cree definitivamente una super liga Europea? Actualmente, todas las grandes ligas de europa son cosa de dos o tres equipos (Espa\u00f1a no es una excepci\u00f3n y este a\u00f1o se va a ver nuevamente). Como bien he le\u00eddo en alg\u00fan periodista, que bien estar\u00eda la liga espa\u00f1ola sin Bar\u00e7a y Madrid.<\/p>\n<p>R.- No crea que estar\u00edan tan bien los dem\u00e1s sin el Madrid y el Bar\u00e7a. Se vendr\u00edan abajo los ingresos. Creo que es pronto para la superliga europea. A\u00fan hay tiempo para que convivan los dos campeonatos.<\/p>\n<p>P.- Hola alfredo como dijistes el mundial sub 20 es para promocionar gente no a los que ya son jugadores consagrados en equipos de primeras ligas.\u00bfes correcto la decision del milla a llevar a esa gente y por donde es televisado dicho mundial? Gracias.<\/p>\n<p>R.- No me gusta que este campeonato debilite la Liga, que debilite a equipos que necesitan a esos jugadores. Respecto a por d\u00f3nde se televisa no tengo queja. Es un buen canal. Ser\u00eda dif\u00edcil que un canal en abierto lo ofreciera.<\/p>\n<p>P.- Buenos d\u00edas Don Alfredo. Comenta en su columna que el cambio de horarios a las tres de las tardes es bueno tanto para Real Madrid como para FC Barcelona, y hace hincapi\u00e9 en ello, se\u00f1alando que tal vez a los equipos medios y bajos eso no les interese demasiado. \u00bfNo cree usted que si se hace este cambio en beneficio de los dos grandes perjudicar\u00eda aun m\u00e1s a la competici\u00f3n en mayor o menor medida? \u00bfNo es un poco un juego a dos bandas?: decimos que no queremos una liga desvirtuada, pero tambi\u00e9n decimos que queremos a los mejores aqu\u00ed.<\/p>\n<p>R.- Esa es la duda. Creo que har\u00eda m\u00e1s fuertes al Madrid y al Bar\u00e7a y a los otros m\u00e1s d\u00e9biles por comparaci\u00f3n. Madrid y Bar\u00e7a grandes dan gran inter\u00e9s al f\u00fatbol de Espa\u00f1a, vienen los mejores, pero el bache me empieza a parecer peligroso. Yo estoy un poco confundido con esto.<\/p>\n<p>P.- Buenos d\u00edas, Sr. Rela\u00f1o. \u00bfSe sabe algo de la candidatura de Espa\u00f1a y Portugal para organizar el Mundial de 2018? En diciembre de 2010 se deciden las sedes de 2018 y 2022 y a\u00fan no hay una web oficial. \u00bfHa echado un vistazo a las de Inglaterra, Australia, B\u00e9lgica-Holanda, Rusia o Estados Unidos?<\/p>\n<p>R.- S\u00e9 poco. Ya sabe que la diligencia de la Federaci\u00f3n no es la deseable. Me crea pesimismo que ahora hay una corriente contra las candidaturas compartidas.<\/p>\n<p>P.- Hola Alfredo; Con respecto al tema de moda (los partidos de futbol a las 3); Creo que no estamos valorando que en inglaterra existe un horario socio-cultural (comida-luz) que permite la disputa de partidos en ese horario. No veo del todo bien que se beneficie al publico extranjero para perjudicar al local&#8230;, Y si el dinero es tan importante, que juegen Madrid y Bar\u00e7a los domingos a las 12 del mediodia como se ace en 2\u00aa; y ver\u00edas como se llenan los estadios de ni\u00f1os y se evita la competencia con la premier. Un saludo desde Las Palmas<\/p>\n<p>R.- S\u00ed, es as\u00ed. Inglaterra tiene otros horarios en todo. O es Espa\u00f1a la que los tiene. La comida del domingo adem\u00e1s tiene entre nosotros un car\u00e1cter familiar. Creo que como horario televisivo es bueno, pero que al abonado que asiste al campo se le parte por el eje. Jugar al mediod\u00eda no ser\u00eda soluci\u00f3n, porque no ser\u00eda horario ideal para China y Jap\u00f3n, que es lo que se busca.<\/p>\n","protected":false},"excerpt":{"rendered":"<p>El director del Diario As, Alfredo Rela\u00f1o ha charlado con los lectores analizando la actualidad deportiva. <\/p>\n<p>ARCHIVO DE ENTREVISTAS:<\/p>\n<p>21 de septiembre &#8211; 16 de septiembre &#8211; 07 de septiembre &#8211; 31 de agosto &#8211; 24 de agosto &#8211; 29 de junio &#8211; 24 de junio &#8211; 16 de junio &#8211; 08 de junio &#8211; 01 de junio &#8211; 25 de mayo &#8211; 18 de mayo &#8211; 11 de mayo &#8211; 4 de mayo &#8211; 27 de abril &#8211; 20 de abril &#8211; 13 de abril &#8211; 30 de marzo &#8211; 23 de marzo &#8211; 16 de marzo &#8211; 9 de marzo &#8211; 2 de marzo &#8211; 23 de febrero &#8211; 16 de febrero &#8211; 9 de febrero &#8211; 2 de febrero &#8211; 26 de enero &#8211; 19 de enero &#8211; 12 de enero &#8211; 15 de diciembre &#8211; 10 de diciembre &#8211; 1 de diciembre &#8211; 24 de noviembre &#8211; 17 de noviembre &#8211; 10 de noviembre &#8211; 7 de noviembre &#8211; 27 de octubre &#8211; 21 de octubre &#8211; 13 de octubre &#8211; 6 de octubre &#8211; 30 de septiembre &#8211; 22 de septiembre &#8211; 15 de septiembre &#8211; 8 de septiembre &#8211; 1 de septiembre <\/p>\n","protected":false},"author":1,"featured_media":0,"comment_status":"open","ping_status":"open","sticky":false,"template":"","format":"standard","meta":{"footnotes":""},"categories":[],"tags":[],"class_list":["post-8368","post","type-post","status-publish","format-standard","hentry"],"_links":{"self":[{"href":"https:\/\/intervius.com\/index.html\/wp-json\/wp\/v2\/posts\/8368","targetHints":{"allow":["GET"]}}],"collection":[{"href":"https:\/\/intervius.com\/index.html\/wp-json\/wp\/v2\/posts"}],"about":[{"href":"https:\/\/intervius.com\/index.html\/wp-json\/wp\/v2\/types\/post"}],"author":[{"embeddable":true,"href":"https:\/\/intervius.com\/index.html\/wp-json\/wp\/v2\/users\/1"}],"replies":[{"embeddable":true,"href":"https:\/\/intervius.com\/index.html\/wp-json\/wp\/v2\/comments?post=8368"}],"version-history":[{"count":0,"href":"https:\/\/intervius.com\/index.html\/wp-json\/wp\/v2\/posts\/8368\/revisions"}],"wp:attachment":[{"href":"https:\/\/intervius.com\/index.html\/wp-json\/wp\/v2\/media?parent=8368"}],"wp:term":[{"taxonomy":"category","embeddable":true,"href":"https:\/\/intervius.com\/index.html\/wp-json\/wp\/v2\/categories?post=8368"},{"taxonomy":"post_tag","embeddable":true,"href":"https:\/\/intervius.com\/index.html\/wp-json\/wp\/v2\/tags?post=8368"}],"curies":[{"name":"wp","href":"https:\/\/api.w.org\/{rel}","templated":true}]}}