{"id":8356,"date":"2009-09-29T00:00:00","date_gmt":"2006-11-06T00:00:00","guid":{"rendered":"https:\/\/intervius.com\/index.html\/?p=8356"},"modified":"2006-11-06T00:00:00","modified_gmt":"2006-11-06T00:00:00","slug":"Luz_Casal8356","status":"publish","type":"post","link":"https:\/\/intervius.com\/index.html\/Luz_Casal8356\/","title":{"rendered":"Luz Casal"},"content":{"rendered":"<p>Pregunta.- \u00bfEste nuevo trabajo te ha supuesto un mayor esfuerzo vocal? Realmente siempre tienes algo bueno y de m\u00e1xima calidad que ofrecer. Siempre es un placer escucharte.<\/p>\n<p>Respuesta.- No, un esfuerzo vocal, no, un esfuezo interpretativo. <\/p>\n<p>P.- Una carrera tan regular de 12 discos es todo un logro hoy dia. Muchas felicidades, ante todo. Tu musica ha ido madurando a lo largo de los a\u00f1os llegando a un nivel de lo que se suele llamar Pop Adulto. Creo que es algo que les pasa a muchos artistas transcurridos tantos a\u00f1os en la brecha. Tus gustos e influencias musicales, \u00bftambi\u00e9n han cambiado paralelamente a tu m\u00fasica? Un abrazo.<\/p>\n<p>R.- No s\u00e9 si han cambiado, me sigue gustando lo mismo, lo que tengo es especial predilecci\u00f3n por escuchar las cosas que se hacen actualmente, pero sigue gust\u00e1ndome el rock, el pop y la m\u00fasica en general que me sorprenda. <\/p>\n<p>P.- \u00bfEn que se piensa cuando se cantan canciones como &#8220;lo mejor de lo peor&#8221; de tu \u00faltimo disco? A mi me hace levantarme de lo m\u00e1s abajo en los dias m\u00e1s grises. Gracias por regalarnos tu luz en todas tus canciones<\/p>\n<p>R.- Yo cuando canto, pienso poco. Podr\u00eda decir que, cuando canto, lo que hago es sentir mucho. <\/p>\n<p>P.- \u00bfPara cuando un CD o DVD en vivo, o alguna edicion especial?<\/p>\n<p>R.- La verdad es que pienso que cualquier d\u00eda deber\u00eda de hacer un disco en directo. <\/p>\n<p>P.- \u00bfC\u00f3mo ha sido la experiencia en Grecia?<\/p>\n<p>R.- Sorprendentemente maravillosa, porque he hecho cuatro conciertos en menos de medio a\u00f1o. <\/p>\n<p>P.- La mayor\u00eda de los cantantes o artistas en general dicen que cuando se suben al escenario ven al p\u00fablico como una &#8220;masa&#8221;. En una entrevista tuya le\u00ed hace poco que para ti lo m\u00e1s emocionante de un concierto es ver la cara de la gente, \u00bfde verdad puede una fijarse en la gente mientras canta? Las canciones nuevas suenan genial en directo, felicidades. <\/p>\n<p>R.- Claro, y puede dedicarle canciones a una persona entre el p\u00fablico. <\/p>\n<p>P.- \u00bfCu\u00e1l es la mayor diferencia que has notado desde la ultima actuaci\u00f3n antes de tu enfermedad y la primera despues de tu recuperaci\u00f3n?<\/p>\n<p>R.- La primera despu\u00e9s de ese periodo de descanso forzoso fue muy emotiva, porque adem\u00e1s fue en la misma ciudad en la que ten\u00eda el concierto que tuve que supender, en Elda, en Alicante. <\/p>\n<p>P.- \u00bfCu\u00e1ndo ser\u00e1 lanzado el disco en Am\u00e9rica Latina y cu\u00e1ndo viene al sur del mundo (Chile)?<\/p>\n<p>R.- No tenemos fecha exacta, pero espero que el a\u00f1o 2010 me de la alegr\u00eda de poder ir a Chile. <\/p>\n<p>P.- Hola Luz, mi pregunta es: Digamos que este disco es como una segunda parte del &#8220;Piensa en mi&#8221;. \u00bfPuede que alg\u00fan d\u00eda veamos una segunda parte del archiconocido &#8220;Rufino&#8221;?. Esto es referente a lo que has comentado que ahora eres m\u00e1s rockera que antes. Mil besos. David Tejada (La Nuc\u00eda &#8211; Alicante)<\/p>\n<p>R.- Otro &#8220;Rufino&#8221; seguro que no hago, pero otro disco u otros trabajos m\u00e1s relacionados con el rock, seguro que s\u00ed. <\/p>\n<p>P.- Dices que el t\u00edtulo La Pasi\u00f3n se te ocurri\u00f3 mientras observabas un edificio de Sevilla. \u00bfQu\u00e9 edificio era? Ser\u00eda un gustazo que me recordara a ti cada vez que pase por all\u00ed.<\/p>\n<p>R.- Un edificio religioso. Dentro de poco, dir\u00e9 exactamente la plaza y la iglesia que es. <\/p>\n<p>P.- \u00bfQu\u00e9 es para ti La pasi\u00f3n?<\/p>\n<p>R.- La actitud que tengo ante la vida. <\/p>\n<p>P.- Hola Luz, soy antonieta de Chile, me pregunta es la siguiente; \u00bfEl titulo del disco, de qu\u00e9 inspiraci\u00f3n sali\u00f3? <\/p>\n<p>R.- Antonieta, te lo contar\u00e9 con m\u00e1s detalle a trav\u00e9s de la p\u00e1gina web. <\/p>\n<p>P.- Felicidades por el disco. Estoy deseando tenerlo en mis manos. \u00bfPara cuando un disco de versiones de canciones cl\u00e1sicas francesas? La de &#8220;18 a\u00f1os&#8221; es sencillamente maravillosa.<\/p>\n<p>R.- Creo que antes de hacer un disco versioneando la canci\u00f3n francesa har\u00eda un disco original en franc\u00e9s. <\/p>\n<p>P.- Soy turca y admiro su canciones. \u00bfHa pensado en venir a Turqu\u00eda para dar un concierto?<\/p>\n<p>R.- S\u00ed, es probable que en el a\u00f1o 2010 vayamos all\u00ed.<\/p>\n<p>P.- Hola Luz, \u00bfqu\u00e9 tema de este disco te gusta m\u00e1s? Espero verte pronto por nuestra ciudad. Saludos.<\/p>\n<p>R.- Me gustan todas las canciones. Son producto de una larga selecci\u00f3n, as\u00ed que todas me gustan. <\/p>\n<p>P.- \u00bfCando vas cantar de novo en galego?<\/p>\n<p>R.- Cuando surja la oportunidad de manera inesperada como ocurri\u00f3 con &#8220;Negra sombra&#8221;.<\/p>\n<p>P.- Hola! Adem\u00e1s de salud, amor y dinero (que ya tienes y deseo que nunca te falten) \u00bfQu\u00e9 otras cosas le pedir\u00edas a la vida?<\/p>\n<p>R.- \u00bfTe parece que hay que pedir m\u00e1s?<\/p>\n<p>P.- \u00bfSueles verte en youtube? \u00bfqu\u00e9 piensas de este portal? desde luego para tus fans es una ventana que siempre muestra agradables sorpresas, nos permite acompa\u00f1arte all\u00ed donde f\u00edsicamente no podemos estar. Ya tengo La Pasion en mis manos, me encanta!<\/p>\n<p>R.- Pienso que gracias a ese portal he podido conocer a muchas int\u00e9rpretes de estas canciones que he elegido. <\/p>\n<p>P.- Hola Luz, soy una apasionada de tu m\u00fasica; me gustar\u00eda saber, \u00bfqu\u00e9 son para t\u00ed tus fans? <\/p>\n<p>R.- Como mi familia. <\/p>\n<p>P.- \u00bfRecuerdas alguna sensaci\u00f3n en especial al cantar por primera vez las caciones del nuevo disco? Muxus fuertes. <\/p>\n<p>R.- La sensaci\u00f3n de plenitud, despu\u00e9s de haber cantado Con mil des\u00f1enga\u00f1os, que es el single del disco. <\/p>\n<p>P.- \u00bf Que se siente al cantar a los pies del Acropolis? He de decirte que escucharte fue una sorpresa y una maravilla. Enhorabuena.<\/p>\n<p>R.- Una sensaci\u00f3n \u00fanica. Era como si el peso de m\u00e1s de 2000 a\u00f1os estuviera rode\u00e1ndonos. <\/p>\n<p>P.- \u00bfC\u00f3mo te quedas despu\u00e9s de cantar temas como Con mil desenga\u00f1os o Te dej\u00e9 marchar? \u00bfPara cu\u00e1ndo Mi memoria en directo? ^^ Gracias por tantos a\u00f1os de Pasi\u00f3n! \ud83d\ude09<\/p>\n<p>R.- En muchos casos, exhausta. En muchas ocasiones, agotada.<\/p>\n<p>P.- ?te ha supuesto mucho esfuerzo cambiar de look tan radicalmente, para vestir un poco mas acorde con este tipo de g\u00e9nero musical?<\/p>\n<p>R.- No. <\/p>\n<p>P.- que es la muerte para usted ? <\/p>\n<p>R.- \u00bfEl principio de algo m\u00e1s?<\/p>\n<p>P.- \u00bfPiensas que la gente se enganchar\u00e1 con este pedazo de disco al bolero, o la gente solo consume aquella m\u00fasica que m\u00e1s suena en &#8220;los medios&#8221;? vente pronto por Cuenca!<\/p>\n<p>R.- No creo que suene en la radio, pero s\u00ed creo que servir\u00e1 para mucha gente. <\/p>\n<p>P.- Como te sientes cuando en tus conciertos ves a generaciones distintas cantando las mismas canciones? Es impresionante que tus canciones, hoy y ayer, conmuevan a hombres \/mujeres de 50 anos y chicos\/cas de 20 anos. Yo las canto todas con mi madre, somos fans incondicionales!<\/p>\n<p>R.- Me produce much\u00edsma alegr\u00eda, porque me parece que la m\u00fasica no debe ser s\u00f3lo el reflejo de una generaci\u00f3n, o de una tribu, o de una moda determinada. <\/p>\n<p>P.- \u00bfC\u00f3mo te sent\u00f3 toda la presi\u00f3n a la que fuiste sometida por lo del manifiesto a favor de la lengua espa\u00f1ola?<\/p>\n<p>R.- Ha sido uno de los momentos m\u00e1s complicados de toda mi vida. Me sent\u00ed manipulada, me sent\u00ed malinterpretada, y me sent\u00ed como una persona que no puede expresarse libremente. <\/p>\n<p>P.- \u00bfTeme que la disminuci\u00f3n proliferante de las ventas discogr\u00e1ficas pueda influir en su futuro profesional? <\/p>\n<p>R.- Influir, influir\u00e1. Lo que espero es que no sea determinante, que no me impida trabajar en un estudio de grabaci\u00f3n. Una cosa es la revoluci\u00f3n de los medios y otra cosa es que sea tan revolucionario que tenga que aprender a hacer otro tipo de carrera. <\/p>\n<p>P.- Hola Luz soy Antonieta de Chile, si dices que tuviste el disco pensado en mucho tiempo, \u00bfcu\u00e1nto discos tienes ahora en mente? Saludos guapa&#8230;<\/p>\n<p>R.- Ahora, dos. <\/p>\n<p>P.- \u00bfTienes predilecci\u00f3n por alg\u00fan artista en particular del siglo XX?<\/p>\n<p>R.- \u00bfTienes predilecci\u00f3n por alg\u00fan artista en particular del siglo XX?<\/p>\n<p>P.- A mi me gustar\u00eda saber de todos los lugares donde has actuado, con que p\u00fablico te quedar\u00eda, es decir, de que nacionalidad es el p\u00fablico m\u00e1s pr\u00f3ximo para ti, ?los espanoles, los franceses o los griegos? gracias <\/p>\n<p>R.- Intento siempre decir que no se puede decir. Cada noche es de una manera, as\u00ed que clasificar el p\u00fablico por nacionalidades me resulta un poco simplista. <\/p>\n<p>P.- \u00bf Que te parece la perdida de Antonio Vega?<\/p>\n<p>R.- Bueno, es la cr\u00f3nica de una desaparici\u00f3n anunciada, pero a\u00fan as\u00ed me dio much\u00edsima pena. Recib\u00ed la noticia en Par\u00eds y me dio una tristeza enorme. Pertenec\u00eda adem\u00e1s a la misma oficina de Managament que yo. <\/p>\n<p>P.- Hola Luz, c\u00f3mo est\u00e1s (no es una pregunta). Felicidades por el nuevo hijo que acabas de parir llamado &#8220;La Pasi\u00f3n&#8221;. He escuchado dos de los temas y me has fascinado. \u00bfTe has planteado con atreverte a crear un segundo \u00e1lbum como \u00e9ste? Sinceramente, si no existieses, tendr\u00edan que inventarte. Mil besos y espero poder verte pronto, y contagiarme de tu alegr\u00eda inmensa. Hasta pronto David Tejada (La Nuc\u00eda &#8211; ALICANTE)<\/p>\n<p>R.- Espero que te emocionen el resto de canciones con la misma intensidad. No creo que repita, de momento. <\/p>\n<p>P.- Qu\u00e9 sabe ahora de la vida que le hubiera gustado saber cuando era m\u00e1s j\u00f3ven?<\/p>\n<p>R.- No echo de menos nada. Cada momento de la vida tiene sus pros y sus contras. Me hubiera gustado, si acaso, haber estudiado de una manera m\u00e1s disciplinada. Dicho de otro modo, me hubiera gustado ir a la Universidad. Pero ya va a tener que ser en la pr\u00f3xima reencarnaci\u00f3n.<\/p>\n<p>P.- ?prefieres este nuevo look con tac\u00f3n de aguja y vestido o el look anterior? Yo pienso que este te queda mejor<\/p>\n<p>R.- Bueno, me agrada saberlo. <\/p>\n<p>P.- \u00bfcomo estas despues de todo lo vivido?<\/p>\n<p>R.- Estoy estupendamente, y con m\u00e1s ilusi\u00f3n que nunca. <\/p>\n<p>P.- \u00bfPara cuando concierto en Madrid? Besos para Luz.<\/p>\n<p>R.- Para el d\u00eda 18 de octubre, que ser\u00e1 un concierto ben\u00e9fico para la Asociaci\u00f3n contra el C\u00e1ncer y para un grupo de investigaci\u00f3n. <\/p>\n","protected":false},"excerpt":{"rendered":"<p>La gallega Luz Casal ha sido protagonista de la m\u00fasica espa\u00f1ola en los \u00faltimos a\u00f1os. Aunque para muchos su nombre va unido al rock, todos recuerdan su gran interpretaci\u00f3n del bolero Piensa en m\u00ed, que apareci\u00f3 en la pel\u00edcula Tacones lejanos de Pedro Almod\u00f3var. Ahora, la cantante publica un nuevo \u00e1lbum -y ya van 12- titulado La pasi\u00f3n en el que se atreve con canciones americanas con el bolero su hilo conductor. Luz Casal ha charlado con los lectores sobre este nuevo trabajo y toda su carrera.<br \/>\nFOTO: CARLOS ROSILLO<\/p>\n","protected":false},"author":1,"featured_media":0,"comment_status":"open","ping_status":"open","sticky":false,"template":"","format":"standard","meta":{"footnotes":""},"categories":[],"tags":[],"class_list":["post-8356","post","type-post","status-publish","format-standard","hentry"],"_links":{"self":[{"href":"https:\/\/intervius.com\/index.html\/wp-json\/wp\/v2\/posts\/8356","targetHints":{"allow":["GET"]}}],"collection":[{"href":"https:\/\/intervius.com\/index.html\/wp-json\/wp\/v2\/posts"}],"about":[{"href":"https:\/\/intervius.com\/index.html\/wp-json\/wp\/v2\/types\/post"}],"author":[{"embeddable":true,"href":"https:\/\/intervius.com\/index.html\/wp-json\/wp\/v2\/users\/1"}],"replies":[{"embeddable":true,"href":"https:\/\/intervius.com\/index.html\/wp-json\/wp\/v2\/comments?post=8356"}],"version-history":[{"count":0,"href":"https:\/\/intervius.com\/index.html\/wp-json\/wp\/v2\/posts\/8356\/revisions"}],"wp:attachment":[{"href":"https:\/\/intervius.com\/index.html\/wp-json\/wp\/v2\/media?parent=8356"}],"wp:term":[{"taxonomy":"category","embeddable":true,"href":"https:\/\/intervius.com\/index.html\/wp-json\/wp\/v2\/categories?post=8356"},{"taxonomy":"post_tag","embeddable":true,"href":"https:\/\/intervius.com\/index.html\/wp-json\/wp\/v2\/tags?post=8356"}],"curies":[{"name":"wp","href":"https:\/\/api.w.org\/{rel}","templated":true}]}}