{"id":8355,"date":"2009-09-23T00:00:00","date_gmt":"2006-11-06T00:00:00","guid":{"rendered":"https:\/\/intervius.com\/index.html\/?p=8355"},"modified":"2006-11-06T00:00:00","modified_gmt":"2006-11-06T00:00:00","slug":"Omar8355","status":"publish","type":"post","link":"https:\/\/intervius.com\/index.html\/Omar8355\/","title":{"rendered":"Omar"},"content":{"rendered":"<p>Pregunta.- Hola Omar \u00bfque sientes cuando Bailas? un beso<\/p>\n<p>Respuesta.- Pasi\u00f3n es la palabra y lo que la m\u00fasica me transmita en ese momento y lo que yo quiera transmitir tambi\u00e9n en ese momento.<\/p>\n<p>P.- \u00bfQue te llevas de Fama?<\/p>\n<p>R.- Me llevo muy buenos recuerdos, una peque\u00f1a formaci\u00f3n, pero muy buena, una experiencia incre\u00edble e inolvidables y grandes amigos.<\/p>\n<p>P.- \u00bf cu\u00e1l ha sido el mejor momento que has pasado dentro de la escuela?<\/p>\n<p>R.- El trato diario con Jonathan q me alegraba el d\u00eda, somos como dos gotas de agua.<\/p>\n<p>P.- \u00bfA qiien hubiieras elegiido t\u00fa, como pareja?<\/p>\n<p>R.- De primeras a Lourdes y de segundas a Leti, porque son parejas ideales para m\u00ed.<\/p>\n<p>P.- Vas a seguir con tu formaci\u00f3n de bailar\u00edn fuera de fama?<\/p>\n<p>R.- Por supuesto, no cabe duda, a\u00fan estoy con el \u2018shock\u2019 del primer d\u00eda fuera de la academia y ahora voy a pensar. Espero que esta sensaci\u00f3n que tengo pase r\u00e1pido.<\/p>\n<p>P.- \u00a1Hola Omar! \u00bfCrees que si te hubieras tenido una pareja distinta a Cris, hubieras permanecido m\u00e1s tiempo en la escuela, o habr\u00eda pasado lo mismo? Saludos y suerte.<\/p>\n<p>R.- Nunca se sabe lo que hubiera pasado, pero quiz\u00e1s hubiera sido distinto, hubiera sido mejor, no solo para m\u00ed.<\/p>\n<p>P.- Omar, h\u00e1blanos de tus compa\u00f1eros, \u00bfa qui\u00e9nes ves favoritos? \u00bfqui\u00e9nes te han ca\u00eddo mejor?<\/p>\n<p>R.- Para m\u00ed, mi favorito es Jonathan el que m\u00e1s y luego considero favoritos tambi\u00e9n a Keko y Leti. El que me ha ca\u00eddo mejor, Jonathan, sin duda <\/p>\n<p>P.- No te merecias perder,Sergio ha sido muy injusto al retarte a ti.Que sentiste cuando te reto?<\/p>\n<p>R.- Pues sent\u00ed impotencia al ver que acababa de salir de una nominaci\u00f3n y que me tuviera que retar cuando hab\u00eda otro compa\u00f1ero al que dijo iba a retar.<\/p>\n<p>P.- cuales eran tu objetivos dentro de fama?<\/p>\n<p>R.- Aprender much\u00edsimo e intentar llegar a la final, pero solo llegue a la primera semana.<\/p>\n<p>P.- hola, soy Junior de Teruel \u00bfCual es el profesor favorito? grax<\/p>\n<p>R.- S\u00f3lo he podido estar con Rafa, Benji y con Lola y los tres me han encantado. Destacar a uno, no s\u00e9, la verdad, son los tres mis favoritos son muy buenos no podr\u00eda elegir s\u00f3l a uno. A Marbelys no la he tenido como profesora, pero s\u00ed que he notado mucho su presencia y me ha ayudado mucho, aunque tan solo fuera con una simple mirada. <\/p>\n<p>P.- a quien de la casa exaras mas d menos ???<\/p>\n<p>R.- A Jonathan, el principal y luego a Keko a Leti, a Wiki\u2026<\/p>\n<p>P.- \u00bfCrees que has demostrado todo lo que podias hacer en fama?<\/p>\n<p>R.- Lo que sab\u00eda, si, lo que puedo demostrar no, porque no se lo pueden ni imaginar. Soy uno de los que m\u00e1s ganas ten\u00eda de trabajar all\u00ed y en una semana he aprendido mucho y lo he demostrado. Si en una semana lo he hecho imag\u00ednate lo que podr\u00eda haber demostrado en un mes dentro de la academia.<\/p>\n<p>P.- \u00bfcu\u00e1l ha sido el mejor momento que has pasado en la academia? 1 besitoo<\/p>\n<p>R.- El trato diario con Jonathan q me alegraba el d\u00eda, somos como dos gotas de agua.<\/p>\n","protected":false},"excerpt":{"rendered":"<p>El perdedor del desaf\u00edo ha charlado con los internautas<\/p>\n","protected":false},"author":1,"featured_media":0,"comment_status":"open","ping_status":"open","sticky":false,"template":"","format":"standard","meta":{"footnotes":""},"categories":[],"tags":[],"class_list":["post-8355","post","type-post","status-publish","format-standard","hentry"],"_links":{"self":[{"href":"https:\/\/intervius.com\/index.html\/wp-json\/wp\/v2\/posts\/8355","targetHints":{"allow":["GET"]}}],"collection":[{"href":"https:\/\/intervius.com\/index.html\/wp-json\/wp\/v2\/posts"}],"about":[{"href":"https:\/\/intervius.com\/index.html\/wp-json\/wp\/v2\/types\/post"}],"author":[{"embeddable":true,"href":"https:\/\/intervius.com\/index.html\/wp-json\/wp\/v2\/users\/1"}],"replies":[{"embeddable":true,"href":"https:\/\/intervius.com\/index.html\/wp-json\/wp\/v2\/comments?post=8355"}],"version-history":[{"count":0,"href":"https:\/\/intervius.com\/index.html\/wp-json\/wp\/v2\/posts\/8355\/revisions"}],"wp:attachment":[{"href":"https:\/\/intervius.com\/index.html\/wp-json\/wp\/v2\/media?parent=8355"}],"wp:term":[{"taxonomy":"category","embeddable":true,"href":"https:\/\/intervius.com\/index.html\/wp-json\/wp\/v2\/categories?post=8355"},{"taxonomy":"post_tag","embeddable":true,"href":"https:\/\/intervius.com\/index.html\/wp-json\/wp\/v2\/tags?post=8355"}],"curies":[{"name":"wp","href":"https:\/\/api.w.org\/{rel}","templated":true}]}}